{"id":42608,"date":"2022-08-09T06:59:22","date_gmt":"2022-08-09T10:59:22","guid":{"rendered":"https:\/\/blog.canadamotorjobs.com\/9-aout-2000-le-rappel-du-siecle-chez-firestone\/"},"modified":"2022-08-09T09:12:35","modified_gmt":"2022-08-09T13:12:35","slug":"9-aout-2000-le-rappel-du-siecle-chez-firestone","status":"publish","type":"post","link":"https:\/\/news.canadamotorjobs.com\/fr\/9-aout-2000-le-rappel-du-siecle-chez-firestone\/","title":{"rendered":"9 ao\u00fbt 2000\u00a0: Le rappel du si\u00e8cle chez Firestone"},"content":{"rendered":"<p>Bridgestone\/Firestone Inc. a annonc\u00e9 qu&#8217;elle rappelait 6,5 millions de ses pneus ATX, ATX II et Wilderness AT. Une mesure prise deux jours apr\u00e8s que la National Highway Traffic Safety Administration a \u00e9tabli un lien entre des centaines d&#8217;accidents et au moins 46 d\u00e9c\u00e8s et des probl\u00e8mes li\u00e9s \u00e0 la bande de roulement des pneus sur des mod\u00e8les Explorer chez Ford.<\/p>\n<h3>Les pneus de Ford Explorer qui perdaient leurs bandes de roulement<\/h3>\n<p>En mai 2000, la National Highway Transportation Safety Administration (NHTSA) a envoy\u00e9 une lettre \u00e0 Ford et \u00e0 Firestone pour demander des informations sur l&#8217;incidence \u00e9lev\u00e9e de d\u00e9faillances de pneus sur le populaire v\u00e9hicule utilitaire sport (VUS) Ford Explorer. Une enqu\u00eate ult\u00e9rieure men\u00e9e par Ford a r\u00e9v\u00e9l\u00e9 que la bande de roulement des mod\u00e8les ATX et ATX II de 15 pouces et des pneus Wilderness AT avait tendance \u00e0 se d\u00e9coller, ce qui entra\u00eenait un taux de d\u00e9faillance tr\u00e8s \u00e9lev\u00e9. Lorsque les pneus se brisaient, les v\u00e9hicules se retournaient, tuant parfois leurs occupants.<\/p>\n<h3>Cet incident a aussi eu des r\u00e9percussions s\u00e9rieuses sur les liens d\u2019amiti\u00e9 entre les familles Ford et Firestone.<\/h3>\n<p>Le texte <a href=\"https:\/\/annuelauto.ca\/9-aout-2000-le-rappel-du-siecle-chez-firestone\/\" rel=\"nofollow\">9 ao\u00fbt 2000\u00a0: Le rappel du si\u00e8cle chez Firestone<\/a> provient de <a href=\"https:\/\/annuelauto.ca\" rel=\"nofollow\">L&#8217;annuel de l&#8217;automobile &#8211; Actualit\u00e9 automobile<\/a><\/p>\n","protected":false},"excerpt":{"rendered":"<p>Bridgestone\/Firestone Inc. a annonc\u00e9 qu&#8217;elle rappelait 6,5 millions de ses pneus ATX, ATX II et Wilderness AT. Une mesure prise deux jours apr\u00e8s que la National Highway Traffic Safety Administration a \u00e9tabli un lien entre des centaines d&#8217;accidents et au moins 46 d\u00e9c\u00e8s et des probl\u00e8mes li\u00e9s \u00e0 la bande de roulement des pneus sur [&hellip;]<\/p>\n","protected":false},"author":8,"featured_media":42612,"comment_status":"close","ping_status":"closed","sticky":false,"template":"","format":"standard","meta":{"_monsterinsights_skip_tracking":false,"_monsterinsights_sitenote_active":false,"_monsterinsights_sitenote_note":"","_monsterinsights_sitenote_category":0,"footnotes":""},"categories":[101],"tags":[],"yoast_head":"<!-- This site is optimized with the Yoast SEO plugin v23.2 - https:\/\/yoast.com\/wordpress\/plugins\/seo\/ -->\n<title>9 ao\u00fbt 2000\u00a0: Le rappel du si\u00e8cle chez Firestone - CanadaMotorJobs.com<\/title>\n<meta name=\"description\" content=\"9 ao\u00fbt 2000\u00a0: Le rappel du si\u00e8cle chez Firestone - Benoit Charette - Annuel automobile - CanadaMotorJobs.com.\" \/>\n<meta name=\"robots\" content=\"index, follow, max-snippet:-1, max-image-preview:large, max-video-preview:-1\" \/>\n<meta property=\"og:locale\" content=\"fr_CA\" \/>\n<meta property=\"og:type\" content=\"article\" \/>\n<meta property=\"og:title\" content=\"9 ao\u00fbt 2000\u00a0: Le rappel du si\u00e8cle chez Firestone - CanadaMotorJobs.com\" \/>\n<meta property=\"og:description\" content=\"9 ao\u00fbt 2000\u00a0: Le rappel du si\u00e8cle chez Firestone - Benoit Charette - Annuel automobile - CanadaMotorJobs.com.\" \/>\n<meta property=\"og:url\" content=\"https:\/\/news.canadamotorjobs.com\/fr\/9-aout-2000-le-rappel-du-siecle-chez-firestone\/\" \/>\n<meta property=\"og:site_name\" content=\"CanadaMotorJobs.com\" \/>\n<meta property=\"article:publisher\" content=\"https:\/\/www.facebook.com\/canadamotorjobs\/\" \/>\n<meta property=\"article:published_time\" content=\"2022-08-09T10:59:22+00:00\" \/>\n<meta property=\"article:modified_time\" content=\"2022-08-09T13:12:35+00:00\" \/>\n<meta property=\"og:image\" content=\"https:\/\/news.canadamotorjobs.com\/wp-content\/uploads\/2022\/08\/a224b47025558e8db7a501c785ee8a5b-1.jpg\" \/>\n\t<meta property=\"og:image:width\" content=\"1200\" \/>\n\t<meta property=\"og:image:height\" content=\"630\" \/>\n\t<meta property=\"og:image:type\" content=\"image\/jpeg\" \/>\n<meta name=\"author\" content=\"Benoit Charette\" \/>\n<meta name=\"twitter:card\" content=\"summary_large_image\" \/>\n<meta name=\"twitter:creator\" content=\"@canadamotorjobs\" \/>\n<meta name=\"twitter:site\" content=\"@canadamotorjobs\" \/>\n<meta name=\"twitter:label1\" content=\"\u00c9crit par\" \/>\n\t<meta name=\"twitter:data1\" content=\"Benoit Charette\" \/>\n\t<meta name=\"twitter:label2\" content=\"Estimation du temps de lecture\" \/>\n\t<meta name=\"twitter:data2\" content=\"1 minute\" \/>\n<!-- \/ Yoast SEO plugin. -->","yoast_head_json":{"title":"9 ao\u00fbt 2000\u00a0: Le rappel du si\u00e8cle chez Firestone - CanadaMotorJobs.com","description":"9 ao\u00fbt 2000\u00a0: Le rappel du si\u00e8cle chez Firestone - Benoit Charette - Annuel automobile - CanadaMotorJobs.com.","robots":{"index":"index","follow":"follow","max-snippet":"max-snippet:-1","max-image-preview":"max-image-preview:large","max-video-preview":"max-video-preview:-1"},"og_locale":"fr_CA","og_type":"article","og_title":"9 ao\u00fbt 2000\u00a0: Le rappel du si\u00e8cle chez Firestone - CanadaMotorJobs.com","og_description":"9 ao\u00fbt 2000\u00a0: Le rappel du si\u00e8cle chez Firestone - Benoit Charette - Annuel automobile - CanadaMotorJobs.com.","og_url":"https:\/\/news.canadamotorjobs.com\/fr\/9-aout-2000-le-rappel-du-siecle-chez-firestone\/","og_site_name":"CanadaMotorJobs.com","article_publisher":"https:\/\/www.facebook.com\/canadamotorjobs\/","article_published_time":"2022-08-09T10:59:22+00:00","article_modified_time":"2022-08-09T13:12:35+00:00","og_image":[{"width":1200,"height":630,"url":"https:\/\/news.canadamotorjobs.com\/wp-content\/uploads\/2022\/08\/a224b47025558e8db7a501c785ee8a5b-1.jpg","type":"image\/jpeg"}],"author":"Benoit Charette","twitter_card":"summary_large_image","twitter_creator":"@canadamotorjobs","twitter_site":"@canadamotorjobs","twitter_misc":{"\u00c9crit par":"Benoit Charette","Estimation du temps de lecture":"1 minute"},"schema":{"@context":"https:\/\/schema.org","@graph":[{"@type":"Article","@id":"https:\/\/news.canadamotorjobs.com\/fr\/9-aout-2000-le-rappel-du-siecle-chez-firestone\/#article","isPartOf":{"@id":"https:\/\/news.canadamotorjobs.com\/fr\/9-aout-2000-le-rappel-du-siecle-chez-firestone\/"},"author":{"name":"Benoit Charette","@id":"https:\/\/news.canadamotorjobs.com\/#\/schema\/person\/51793d1f87d44011d7bcc2ed99269a90"},"headline":"9 ao\u00fbt 2000\u00a0: Le rappel du si\u00e8cle chez Firestone","datePublished":"2022-08-09T10:59:22+00:00","dateModified":"2022-08-09T13:12:35+00:00","mainEntityOfPage":{"@id":"https:\/\/news.canadamotorjobs.com\/fr\/9-aout-2000-le-rappel-du-siecle-chez-firestone\/"},"wordCount":231,"publisher":{"@id":"https:\/\/news.canadamotorjobs.com\/#organization"},"image":{"@id":"https:\/\/news.canadamotorjobs.com\/fr\/9-aout-2000-le-rappel-du-siecle-chez-firestone\/#primaryimage"},"thumbnailUrl":"https:\/\/news.canadamotorjobs.com\/wp-content\/uploads\/2022\/08\/a224b47025558e8db7a501c785ee8a5b-1.jpg","articleSection":["Annuel automobile"],"inLanguage":"fr-CA"},{"@type":"WebPage","@id":"https:\/\/news.canadamotorjobs.com\/fr\/9-aout-2000-le-rappel-du-siecle-chez-firestone\/","url":"https:\/\/news.canadamotorjobs.com\/fr\/9-aout-2000-le-rappel-du-siecle-chez-firestone\/","name":"9 ao\u00fbt 2000\u00a0: Le rappel du si\u00e8cle chez Firestone - CanadaMotorJobs.com","isPartOf":{"@id":"https:\/\/news.canadamotorjobs.com\/#website"},"primaryImageOfPage":{"@id":"https:\/\/news.canadamotorjobs.com\/fr\/9-aout-2000-le-rappel-du-siecle-chez-firestone\/#primaryimage"},"image":{"@id":"https:\/\/news.canadamotorjobs.com\/fr\/9-aout-2000-le-rappel-du-siecle-chez-firestone\/#primaryimage"},"thumbnailUrl":"https:\/\/news.canadamotorjobs.com\/wp-content\/uploads\/2022\/08\/a224b47025558e8db7a501c785ee8a5b-1.jpg","datePublished":"2022-08-09T10:59:22+00:00","dateModified":"2022-08-09T13:12:35+00:00","description":"9 ao\u00fbt 2000\u00a0: Le rappel du si\u00e8cle chez Firestone - Benoit Charette - Annuel automobile - CanadaMotorJobs.com.","breadcrumb":{"@id":"https:\/\/news.canadamotorjobs.com\/fr\/9-aout-2000-le-rappel-du-siecle-chez-firestone\/#breadcrumb"},"inLanguage":"fr-CA","potentialAction":[{"@type":"ReadAction","target":["https:\/\/news.canadamotorjobs.com\/fr\/9-aout-2000-le-rappel-du-siecle-chez-firestone\/"]}]},{"@type":"ImageObject","inLanguage":"fr-CA","@id":"https:\/\/news.canadamotorjobs.com\/fr\/9-aout-2000-le-rappel-du-siecle-chez-firestone\/#primaryimage","url":"https:\/\/news.canadamotorjobs.com\/wp-content\/uploads\/2022\/08\/a224b47025558e8db7a501c785ee8a5b-1.jpg","contentUrl":"https:\/\/news.canadamotorjobs.com\/wp-content\/uploads\/2022\/08\/a224b47025558e8db7a501c785ee8a5b-1.jpg","width":1200,"height":630},{"@type":"BreadcrumbList","@id":"https:\/\/news.canadamotorjobs.com\/fr\/9-aout-2000-le-rappel-du-siecle-chez-firestone\/#breadcrumb","itemListElement":[{"@type":"ListItem","position":1,"name":"Home","item":"https:\/\/news.canadamotorjobs.com\/fr\/blog\/"},{"@type":"ListItem","position":2,"name":"9 ao\u00fbt 2000\u00a0: Le rappel du si\u00e8cle chez Firestone"}]},{"@type":"WebSite","@id":"https:\/\/news.canadamotorjobs.com\/#website","url":"https:\/\/news.canadamotorjobs.com\/","name":"CanadaMotorJobs.com","description":"Automotive Jobs","publisher":{"@id":"https:\/\/news.canadamotorjobs.com\/#organization"},"potentialAction":[{"@type":"SearchAction","target":{"@type":"EntryPoint","urlTemplate":"https:\/\/news.canadamotorjobs.com\/?s={search_term_string}"},"query-input":"required name=search_term_string"}],"inLanguage":"fr-CA"},{"@type":"Organization","@id":"https:\/\/news.canadamotorjobs.com\/#organization","name":"Canada Motor Jobs","url":"https:\/\/news.canadamotorjobs.com\/","logo":{"@type":"ImageObject","inLanguage":"fr-CA","@id":"https:\/\/news.canadamotorjobs.com\/#\/schema\/logo\/image\/","url":"https:\/\/news.canadamotorjobs.com\/wp-content\/uploads\/2022\/10\/logo-canada-motor-jobs-1.png","contentUrl":"https:\/\/news.canadamotorjobs.com\/wp-content\/uploads\/2022\/10\/logo-canada-motor-jobs-1.png","width":800,"height":400,"caption":"Canada Motor Jobs"},"image":{"@id":"https:\/\/news.canadamotorjobs.com\/#\/schema\/logo\/image\/"},"sameAs":["https:\/\/www.facebook.com\/canadamotorjobs\/","https:\/\/x.com\/canadamotorjobs","https:\/\/www.instagram.com\/canadamotorjobs\/","https:\/\/www.linkedin.com\/company\/canadamotorjobs"]},{"@type":"Person","@id":"https:\/\/news.canadamotorjobs.com\/#\/schema\/person\/51793d1f87d44011d7bcc2ed99269a90","name":"Benoit Charette","image":{"@type":"ImageObject","inLanguage":"fr-CA","@id":"https:\/\/news.canadamotorjobs.com\/#\/schema\/person\/image\/","url":"https:\/\/secure.gravatar.com\/avatar\/45f3d2eebcccd909668d7ce7ea7267b6?s=96&d=mm&r=g","contentUrl":"https:\/\/secure.gravatar.com\/avatar\/45f3d2eebcccd909668d7ce7ea7267b6?s=96&d=mm&r=g","caption":"Benoit Charette"},"description":"Benoit Charette \/ Propri\u00e9taire et r\u00e9dacteur en chef Benoit Charette pratique le journalisme automobile depuis bient\u00f4t 30 ans. Il a fait ses classes au c\u00f4t\u00e9 de Daniel H\u00e9raud et au Carnet de route de 1992 \u00e0 2001. Il est fondateur, copropri\u00e9taire et r\u00e9dacteur en chef de L\u2019Annuel de l\u2019automobile, qu\u2019il publie depuis 2001. Il a anim\u00e9 les \u00e9missions RPM et RPM+ sur V et les L\u00e9gendes de la route sur Historia. \u00c0 la radio depuis 1986, il reprend l\u2019antenne cette ann\u00e9e sur les ondes de Cogeco et participe pour la deuxi\u00e8me ann\u00e9e \u00e0 l\u2019\u00e9mission Passion Auto sur RDS en plus de mettre en ligne le site Web officiel de L\u2019Annuel de l\u2019automobile sur annuelauto.ca.","sameAs":["https:\/\/annuelauto.ca\/"],"url":"https:\/\/news.canadamotorjobs.com\/fr\/author\/benoit-charette\/"}]}},"_links":{"self":[{"href":"https:\/\/news.canadamotorjobs.com\/fr\/wp-json\/wp\/v2\/posts\/42608"}],"collection":[{"href":"https:\/\/news.canadamotorjobs.com\/fr\/wp-json\/wp\/v2\/posts"}],"about":[{"href":"https:\/\/news.canadamotorjobs.com\/fr\/wp-json\/wp\/v2\/types\/post"}],"author":[{"embeddable":true,"href":"https:\/\/news.canadamotorjobs.com\/fr\/wp-json\/wp\/v2\/users\/8"}],"replies":[{"embeddable":true,"href":"https:\/\/news.canadamotorjobs.com\/fr\/wp-json\/wp\/v2\/comments?post=42608"}],"version-history":[{"count":0,"href":"https:\/\/news.canadamotorjobs.com\/fr\/wp-json\/wp\/v2\/posts\/42608\/revisions"}],"wp:featuredmedia":[{"embeddable":true,"href":"https:\/\/news.canadamotorjobs.com\/fr\/wp-json\/wp\/v2\/media\/42612"}],"wp:attachment":[{"href":"https:\/\/news.canadamotorjobs.com\/fr\/wp-json\/wp\/v2\/media?parent=42608"}],"wp:term":[{"taxonomy":"category","embeddable":true,"href":"https:\/\/news.canadamotorjobs.com\/fr\/wp-json\/wp\/v2\/categories?post=42608"},{"taxonomy":"post_tag","embeddable":true,"href":"https:\/\/news.canadamotorjobs.com\/fr\/wp-json\/wp\/v2\/tags?post=42608"}],"curies":[{"name":"wp","href":"https:\/\/api.w.org\/{rel}","templated":true}]}}