{"id":42584,"date":"2022-08-07T17:13:17","date_gmt":"2022-08-07T21:13:17","guid":{"rendered":"https:\/\/blog.canadamotorjobs.com\/ferrari-rappelle-presque-tous-ses-modeles-construits-depuis-2005\/"},"modified":"2022-08-07T17:13:38","modified_gmt":"2022-08-07T21:13:38","slug":"ferrari-rappelle-presque-tous-ses-modeles-construits-depuis-2005","status":"publish","type":"post","link":"https:\/\/news.canadamotorjobs.com\/fr\/ferrari-rappelle-presque-tous-ses-modeles-construits-depuis-2005\/","title":{"rendered":"Ferrari rappelle presque tous ses mod\u00e8les construits depuis 2005"},"content":{"rendered":"<\/p>\n<p>Ferrari a d\u00fb proc\u00e9der \u00e0 un rappel pour presque toutes les voitures qu&#8217;elle a fabriqu\u00e9es depuis 2005. Le rappel la majorit\u00e9 des mod\u00e8les, soit environ 17\u00a0000 v\u00e9hicules depuis 20 ans. Ce chiffrre semble petit, mais on ne produit beaucoup de Ferrari chaque ann\u00e9e.<\/p>\n<p> &nbsp;<br \/> Voici la liste des mod\u00e8les touch\u00e9s.<br \/> &nbsp;<\/p>\n<p> &#8211; Ferrari 430 2005-2009<\/p>\n<p> &#8211; Ferrari 488 Pista 2019-2020<\/p>\n<p> &#8211; Ferrari 612 2010-2011<\/p>\n<p> &#8211; Ferrari 612 Scagletti 2005-2011<\/p>\n<p> &#8211; Ferrari 812 2018-2022<\/p>\n<p> &#8211; Ferrari California 2009-2017<\/p>\n<p> &#8211; Ferrari California T 2015-2017<\/p>\n<p> &#8211; Ferrari F12 Berlinetta 2013-2017<\/p>\n<p> &#8211; Ferrari F12 TDF 2017<\/p>\n<p> &#8211; Ferrari F60 America 2016<\/p>\n<p> &#8211; Ferrari F8 Spider 2020-2022<\/p>\n<p> &#8211; Ferrari F8 Tributo 2020-2022<\/p>\n<p> &#8211; Ferrari FF 2012-2016<\/p>\n<p> &#8211; Ferrari GTC4 Lusso 2018-2020<\/p>\n<p> &#8211; Ferrari GTC4 Lusso T 2018-2019<\/p>\n<p> &#8211; Ferrari LaFerrari 2013-2015<\/p>\n<p> &#8211; Ferrari LaFerrari Aperta 2017<\/p>\n<p> &#8211; Ferrari Portofino 2019-2022<\/p>\n<p> &#8211; Ferrari Roma 2021-2022<\/p>\n<p> &nbsp;<\/p>\n<p> Le probl\u00e8me est un bouchon du r\u00e9servoir de liquide de frein qui peut ne pas se purger correctement, ce qui entra\u00eene un vide. Ce vide peut avoir un impact sur les performances de freinage. Il entra\u00eene une perte partielle ou totale de la puissance de freinage. Dans un mod\u00e8le capable de \u00e0 plus de 300 km\/h, c\u2019est une assez mauvaise id\u00e9e. La bonne nouvelle est que la r\u00e9paration est simple. Un technicien doit changer le bouchon du r\u00e9servoir de liquide et de r\u00e9initialiser le message de niveau bas<\/p>\n","protected":false},"excerpt":{"rendered":"<p>Ferrari a d\u00fb proc\u00e9der \u00e0 un rappel pour presque toutes les voitures qu&#8217;elle a fabriqu\u00e9es depuis 2005. Le rappel la majorit\u00e9 des mod\u00e8les, soit environ 17\u00a0000 v\u00e9hicules depuis 20 ans. Ce chiffrre semble petit, mais on ne produit beaucoup de Ferrari chaque ann\u00e9e. &nbsp; Voici la liste des mod\u00e8les touch\u00e9s. &nbsp; &#8211; Ferrari 430 2005-2009 [&hellip;]<\/p>\n","protected":false},"author":8,"featured_media":42588,"comment_status":"close","ping_status":"closed","sticky":false,"template":"","format":"standard","meta":{"_monsterinsights_skip_tracking":false,"_monsterinsights_sitenote_active":false,"_monsterinsights_sitenote_note":"","_monsterinsights_sitenote_category":0,"footnotes":""},"categories":[101],"tags":[],"yoast_head":"<!-- This site is optimized with the Yoast SEO plugin v23.2 - https:\/\/yoast.com\/wordpress\/plugins\/seo\/ -->\n<title>Ferrari rappelle presque tous ses mod\u00e8les construits depuis 2005 - CanadaMotorJobs.com<\/title>\n<meta name=\"description\" content=\"Ferrari rappelle presque tous ses mod\u00e8les construits depuis 2005 - Benoit Charette - Annuel automobile - CanadaMotorJobs.com.\" \/>\n<meta name=\"robots\" content=\"index, follow, max-snippet:-1, max-image-preview:large, max-video-preview:-1\" \/>\n<meta property=\"og:locale\" content=\"fr_CA\" \/>\n<meta property=\"og:type\" content=\"article\" \/>\n<meta property=\"og:title\" content=\"Ferrari rappelle presque tous ses mod\u00e8les construits depuis 2005 - CanadaMotorJobs.com\" \/>\n<meta property=\"og:description\" content=\"Ferrari rappelle presque tous ses mod\u00e8les construits depuis 2005 - Benoit Charette - Annuel automobile - CanadaMotorJobs.com.\" \/>\n<meta property=\"og:url\" content=\"https:\/\/news.canadamotorjobs.com\/fr\/ferrari-rappelle-presque-tous-ses-modeles-construits-depuis-2005\/\" \/>\n<meta property=\"og:site_name\" content=\"CanadaMotorJobs.com\" \/>\n<meta property=\"article:publisher\" content=\"https:\/\/www.facebook.com\/canadamotorjobs\/\" \/>\n<meta property=\"article:published_time\" content=\"2022-08-07T21:13:17+00:00\" \/>\n<meta property=\"article:modified_time\" content=\"2022-08-07T21:13:38+00:00\" \/>\n<meta property=\"og:image\" content=\"https:\/\/news.canadamotorjobs.com\/wp-content\/uploads\/2022\/08\/ferrari-roma-4-1.jpg\" \/>\n\t<meta property=\"og:image:width\" content=\"1920\" \/>\n\t<meta property=\"og:image:height\" content=\"1080\" \/>\n\t<meta property=\"og:image:type\" content=\"image\/jpeg\" \/>\n<meta name=\"author\" content=\"Benoit Charette\" \/>\n<meta name=\"twitter:card\" content=\"summary_large_image\" \/>\n<meta name=\"twitter:creator\" content=\"@canadamotorjobs\" \/>\n<meta name=\"twitter:site\" content=\"@canadamotorjobs\" \/>\n<meta name=\"twitter:label1\" content=\"\u00c9crit par\" \/>\n\t<meta name=\"twitter:data1\" content=\"Benoit Charette\" \/>\n\t<meta name=\"twitter:label2\" content=\"Estimation du temps de lecture\" \/>\n\t<meta name=\"twitter:data2\" content=\"1 minute\" \/>\n<!-- \/ Yoast SEO plugin. -->","yoast_head_json":{"title":"Ferrari rappelle presque tous ses mod\u00e8les construits depuis 2005 - CanadaMotorJobs.com","description":"Ferrari rappelle presque tous ses mod\u00e8les construits depuis 2005 - Benoit Charette - Annuel automobile - CanadaMotorJobs.com.","robots":{"index":"index","follow":"follow","max-snippet":"max-snippet:-1","max-image-preview":"max-image-preview:large","max-video-preview":"max-video-preview:-1"},"og_locale":"fr_CA","og_type":"article","og_title":"Ferrari rappelle presque tous ses mod\u00e8les construits depuis 2005 - CanadaMotorJobs.com","og_description":"Ferrari rappelle presque tous ses mod\u00e8les construits depuis 2005 - Benoit Charette - Annuel automobile - CanadaMotorJobs.com.","og_url":"https:\/\/news.canadamotorjobs.com\/fr\/ferrari-rappelle-presque-tous-ses-modeles-construits-depuis-2005\/","og_site_name":"CanadaMotorJobs.com","article_publisher":"https:\/\/www.facebook.com\/canadamotorjobs\/","article_published_time":"2022-08-07T21:13:17+00:00","article_modified_time":"2022-08-07T21:13:38+00:00","og_image":[{"width":1920,"height":1080,"url":"https:\/\/news.canadamotorjobs.com\/wp-content\/uploads\/2022\/08\/ferrari-roma-4-1.jpg","type":"image\/jpeg"}],"author":"Benoit Charette","twitter_card":"summary_large_image","twitter_creator":"@canadamotorjobs","twitter_site":"@canadamotorjobs","twitter_misc":{"\u00c9crit par":"Benoit Charette","Estimation du temps de lecture":"1 minute"},"schema":{"@context":"https:\/\/schema.org","@graph":[{"@type":"Article","@id":"https:\/\/news.canadamotorjobs.com\/fr\/ferrari-rappelle-presque-tous-ses-modeles-construits-depuis-2005\/#article","isPartOf":{"@id":"https:\/\/news.canadamotorjobs.com\/fr\/ferrari-rappelle-presque-tous-ses-modeles-construits-depuis-2005\/"},"author":{"name":"Benoit Charette","@id":"https:\/\/news.canadamotorjobs.com\/#\/schema\/person\/51793d1f87d44011d7bcc2ed99269a90"},"headline":"Ferrari rappelle presque tous ses mod\u00e8les construits depuis 2005","datePublished":"2022-08-07T21:13:17+00:00","dateModified":"2022-08-07T21:13:38+00:00","mainEntityOfPage":{"@id":"https:\/\/news.canadamotorjobs.com\/fr\/ferrari-rappelle-presque-tous-ses-modeles-construits-depuis-2005\/"},"wordCount":242,"publisher":{"@id":"https:\/\/news.canadamotorjobs.com\/#organization"},"image":{"@id":"https:\/\/news.canadamotorjobs.com\/fr\/ferrari-rappelle-presque-tous-ses-modeles-construits-depuis-2005\/#primaryimage"},"thumbnailUrl":"https:\/\/news.canadamotorjobs.com\/wp-content\/uploads\/2022\/08\/ferrari-roma-4-1.jpg","articleSection":["Annuel automobile"],"inLanguage":"fr-CA"},{"@type":"WebPage","@id":"https:\/\/news.canadamotorjobs.com\/fr\/ferrari-rappelle-presque-tous-ses-modeles-construits-depuis-2005\/","url":"https:\/\/news.canadamotorjobs.com\/fr\/ferrari-rappelle-presque-tous-ses-modeles-construits-depuis-2005\/","name":"Ferrari rappelle presque tous ses mod\u00e8les construits depuis 2005 - CanadaMotorJobs.com","isPartOf":{"@id":"https:\/\/news.canadamotorjobs.com\/#website"},"primaryImageOfPage":{"@id":"https:\/\/news.canadamotorjobs.com\/fr\/ferrari-rappelle-presque-tous-ses-modeles-construits-depuis-2005\/#primaryimage"},"image":{"@id":"https:\/\/news.canadamotorjobs.com\/fr\/ferrari-rappelle-presque-tous-ses-modeles-construits-depuis-2005\/#primaryimage"},"thumbnailUrl":"https:\/\/news.canadamotorjobs.com\/wp-content\/uploads\/2022\/08\/ferrari-roma-4-1.jpg","datePublished":"2022-08-07T21:13:17+00:00","dateModified":"2022-08-07T21:13:38+00:00","description":"Ferrari rappelle presque tous ses mod\u00e8les construits depuis 2005 - Benoit Charette - Annuel automobile - CanadaMotorJobs.com.","breadcrumb":{"@id":"https:\/\/news.canadamotorjobs.com\/fr\/ferrari-rappelle-presque-tous-ses-modeles-construits-depuis-2005\/#breadcrumb"},"inLanguage":"fr-CA","potentialAction":[{"@type":"ReadAction","target":["https:\/\/news.canadamotorjobs.com\/fr\/ferrari-rappelle-presque-tous-ses-modeles-construits-depuis-2005\/"]}]},{"@type":"ImageObject","inLanguage":"fr-CA","@id":"https:\/\/news.canadamotorjobs.com\/fr\/ferrari-rappelle-presque-tous-ses-modeles-construits-depuis-2005\/#primaryimage","url":"https:\/\/news.canadamotorjobs.com\/wp-content\/uploads\/2022\/08\/ferrari-roma-4-1.jpg","contentUrl":"https:\/\/news.canadamotorjobs.com\/wp-content\/uploads\/2022\/08\/ferrari-roma-4-1.jpg","width":1920,"height":1080},{"@type":"BreadcrumbList","@id":"https:\/\/news.canadamotorjobs.com\/fr\/ferrari-rappelle-presque-tous-ses-modeles-construits-depuis-2005\/#breadcrumb","itemListElement":[{"@type":"ListItem","position":1,"name":"Home","item":"https:\/\/news.canadamotorjobs.com\/fr\/blog\/"},{"@type":"ListItem","position":2,"name":"Ferrari rappelle presque tous ses mod\u00e8les construits depuis 2005"}]},{"@type":"WebSite","@id":"https:\/\/news.canadamotorjobs.com\/#website","url":"https:\/\/news.canadamotorjobs.com\/","name":"CanadaMotorJobs.com","description":"Automotive Jobs","publisher":{"@id":"https:\/\/news.canadamotorjobs.com\/#organization"},"potentialAction":[{"@type":"SearchAction","target":{"@type":"EntryPoint","urlTemplate":"https:\/\/news.canadamotorjobs.com\/?s={search_term_string}"},"query-input":"required name=search_term_string"}],"inLanguage":"fr-CA"},{"@type":"Organization","@id":"https:\/\/news.canadamotorjobs.com\/#organization","name":"Canada Motor Jobs","url":"https:\/\/news.canadamotorjobs.com\/","logo":{"@type":"ImageObject","inLanguage":"fr-CA","@id":"https:\/\/news.canadamotorjobs.com\/#\/schema\/logo\/image\/","url":"https:\/\/news.canadamotorjobs.com\/wp-content\/uploads\/2022\/10\/logo-canada-motor-jobs-1.png","contentUrl":"https:\/\/news.canadamotorjobs.com\/wp-content\/uploads\/2022\/10\/logo-canada-motor-jobs-1.png","width":800,"height":400,"caption":"Canada Motor Jobs"},"image":{"@id":"https:\/\/news.canadamotorjobs.com\/#\/schema\/logo\/image\/"},"sameAs":["https:\/\/www.facebook.com\/canadamotorjobs\/","https:\/\/x.com\/canadamotorjobs","https:\/\/www.instagram.com\/canadamotorjobs\/","https:\/\/www.linkedin.com\/company\/canadamotorjobs"]},{"@type":"Person","@id":"https:\/\/news.canadamotorjobs.com\/#\/schema\/person\/51793d1f87d44011d7bcc2ed99269a90","name":"Benoit Charette","image":{"@type":"ImageObject","inLanguage":"fr-CA","@id":"https:\/\/news.canadamotorjobs.com\/#\/schema\/person\/image\/","url":"https:\/\/secure.gravatar.com\/avatar\/45f3d2eebcccd909668d7ce7ea7267b6?s=96&d=mm&r=g","contentUrl":"https:\/\/secure.gravatar.com\/avatar\/45f3d2eebcccd909668d7ce7ea7267b6?s=96&d=mm&r=g","caption":"Benoit Charette"},"description":"Benoit Charette \/ Propri\u00e9taire et r\u00e9dacteur en chef Benoit Charette pratique le journalisme automobile depuis bient\u00f4t 30 ans. Il a fait ses classes au c\u00f4t\u00e9 de Daniel H\u00e9raud et au Carnet de route de 1992 \u00e0 2001. Il est fondateur, copropri\u00e9taire et r\u00e9dacteur en chef de L\u2019Annuel de l\u2019automobile, qu\u2019il publie depuis 2001. Il a anim\u00e9 les \u00e9missions RPM et RPM+ sur V et les L\u00e9gendes de la route sur Historia. \u00c0 la radio depuis 1986, il reprend l\u2019antenne cette ann\u00e9e sur les ondes de Cogeco et participe pour la deuxi\u00e8me ann\u00e9e \u00e0 l\u2019\u00e9mission Passion Auto sur RDS en plus de mettre en ligne le site Web officiel de L\u2019Annuel de l\u2019automobile sur annuelauto.ca.","sameAs":["https:\/\/annuelauto.ca\/"],"url":"https:\/\/news.canadamotorjobs.com\/fr\/author\/benoit-charette\/"}]}},"_links":{"self":[{"href":"https:\/\/news.canadamotorjobs.com\/fr\/wp-json\/wp\/v2\/posts\/42584"}],"collection":[{"href":"https:\/\/news.canadamotorjobs.com\/fr\/wp-json\/wp\/v2\/posts"}],"about":[{"href":"https:\/\/news.canadamotorjobs.com\/fr\/wp-json\/wp\/v2\/types\/post"}],"author":[{"embeddable":true,"href":"https:\/\/news.canadamotorjobs.com\/fr\/wp-json\/wp\/v2\/users\/8"}],"replies":[{"embeddable":true,"href":"https:\/\/news.canadamotorjobs.com\/fr\/wp-json\/wp\/v2\/comments?post=42584"}],"version-history":[{"count":0,"href":"https:\/\/news.canadamotorjobs.com\/fr\/wp-json\/wp\/v2\/posts\/42584\/revisions"}],"wp:featuredmedia":[{"embeddable":true,"href":"https:\/\/news.canadamotorjobs.com\/fr\/wp-json\/wp\/v2\/media\/42588"}],"wp:attachment":[{"href":"https:\/\/news.canadamotorjobs.com\/fr\/wp-json\/wp\/v2\/media?parent=42584"}],"wp:term":[{"taxonomy":"category","embeddable":true,"href":"https:\/\/news.canadamotorjobs.com\/fr\/wp-json\/wp\/v2\/categories?post=42584"},{"taxonomy":"post_tag","embeddable":true,"href":"https:\/\/news.canadamotorjobs.com\/fr\/wp-json\/wp\/v2\/tags?post=42584"}],"curies":[{"name":"wp","href":"https:\/\/api.w.org\/{rel}","templated":true}]}}