{"id":42576,"date":"2022-08-07T11:42:19","date_gmt":"2022-08-07T15:42:19","guid":{"rendered":"https:\/\/blog.canadamotorjobs.com\/les-proprietaires-de-bmw-ix-et-i4-invites-a-cesser-de-conduire-leur-voiture\/"},"modified":"2022-08-07T11:44:24","modified_gmt":"2022-08-07T15:44:24","slug":"les-proprietaires-de-bmw-ix-et-i4-invites-a-cesser-de-conduire-leur-voiture","status":"publish","type":"post","link":"https:\/\/news.canadamotorjobs.com\/fr\/les-proprietaires-de-bmw-ix-et-i4-invites-a-cesser-de-conduire-leur-voiture\/","title":{"rendered":"Les propri\u00e9taires de BMW iX et i4 invit\u00e9s \u00e0 cesser de conduire leur voiture"},"content":{"rendered":"<\/p>\n<p>Encore un risque d\u2019incendie de batteries. Le fabricant vis\u00e9 est encore LG, le m\u00eame qui a fabriqu\u00e9 les batteries de la Chevrolet Bolt et du Hyundai Kona EV. La bonne nouvelle tient au fait que seulement 83 v\u00e9hicules sont concern\u00e9s par ce rappel et la r\u00e9paration est gratuite et facile.<br \/> On doit remplacer les batteries<br \/> La m\u00eame semaine o\u00f9 une Jaguar I-Pace a br\u00fbl\u00e9 en Floride, un autre constructeur automobile de luxe a rappel\u00e9 deux de ses mod\u00e8les \u00e9lectriques pour un risque potentiel d&#8217;incendie. Les BMW iX (xDrive50i et M60) et BMW i4 (eDrive40 et i4 M50) construites entre 2021 et 2022 pourraient avoir des cellules de batterie d\u00e9fectueuses qui pourraient court-circuiter et s&#8217;enflammer. Si cette histoire vous rappelle quelque chose, c\u2019est que le probl\u00e8me est semblable \u00e0 celui de la Chevrolet Bolt. Heureusement, il ne s&#8217;agit pas d&#8217;un rappel majeur et il ne concerne que 83 voitures au total. Environ 56 unit\u00e9s iX et 27 i4 ont \u00e9t\u00e9 construites de mani\u00e8re incorrecte, selon la NHTSA.<br \/> Une plaque mal install\u00e9e<br \/> Au cours de la production des cellules de la batterie chez le fournisseur, une plaque cathodique peut avoir \u00e9t\u00e9 endommag\u00e9e, ce qui pourrait avoir permis \u00e0 des morceaux\/d\u00e9bris de p\u00e9n\u00e9trer dans une cellule de la batterie&#8221;, indique le rappel. &#8220;Par cons\u00e9quent, cela pourrait entra\u00eener un court-circuit. Dans de rares cas, un court-circuit pourrait conduire \u00e0 un \u00e9v\u00e9nement thermique qui pourrait augmenter le risque de blessure.&#8221; BMW informera les propri\u00e9taires et les concessionnaires des v\u00e9hicules d\u00e9fectueux par t\u00e9l\u00e9phone et par courrier,<\/p>\n","protected":false},"excerpt":{"rendered":"<p>Encore un risque d\u2019incendie de batteries. Le fabricant vis\u00e9 est encore LG, le m\u00eame qui a fabriqu\u00e9 les batteries de la Chevrolet Bolt et du Hyundai Kona EV. La bonne nouvelle tient au fait que seulement 83 v\u00e9hicules sont concern\u00e9s par ce rappel et la r\u00e9paration est gratuite et facile. On doit remplacer les batteries [&hellip;]<\/p>\n","protected":false},"author":8,"featured_media":42580,"comment_status":"close","ping_status":"closed","sticky":false,"template":"","format":"standard","meta":{"_monsterinsights_skip_tracking":false,"_monsterinsights_sitenote_active":false,"_monsterinsights_sitenote_note":"","_monsterinsights_sitenote_category":0,"footnotes":""},"categories":[101],"tags":[],"yoast_head":"<!-- This site is optimized with the Yoast SEO plugin v23.2 - https:\/\/yoast.com\/wordpress\/plugins\/seo\/ -->\n<title>Les propri\u00e9taires de BMW iX et i4 invit\u00e9s \u00e0 cesser de conduire leur voiture - CanadaMotorJobs.com<\/title>\n<meta name=\"description\" content=\"Les propri\u00e9taires de BMW iX et i4 invit\u00e9s \u00e0 cesser de conduire leur voiture - Benoit Charette - Annuel automobile - CanadaMotorJobs.com.\" \/>\n<meta name=\"robots\" content=\"index, follow, max-snippet:-1, max-image-preview:large, max-video-preview:-1\" \/>\n<meta property=\"og:locale\" content=\"fr_CA\" \/>\n<meta property=\"og:type\" content=\"article\" \/>\n<meta property=\"og:title\" content=\"Les propri\u00e9taires de BMW iX et i4 invit\u00e9s \u00e0 cesser de conduire leur voiture - CanadaMotorJobs.com\" \/>\n<meta property=\"og:description\" content=\"Les propri\u00e9taires de BMW iX et i4 invit\u00e9s \u00e0 cesser de conduire leur voiture - Benoit Charette - Annuel automobile - CanadaMotorJobs.com.\" \/>\n<meta property=\"og:url\" content=\"https:\/\/news.canadamotorjobs.com\/fr\/les-proprietaires-de-bmw-ix-et-i4-invites-a-cesser-de-conduire-leur-voiture\/\" \/>\n<meta property=\"og:site_name\" content=\"CanadaMotorJobs.com\" \/>\n<meta property=\"article:publisher\" content=\"https:\/\/www.facebook.com\/canadamotorjobs\/\" \/>\n<meta property=\"article:published_time\" content=\"2022-08-07T15:42:19+00:00\" \/>\n<meta property=\"article:modified_time\" content=\"2022-08-07T15:44:24+00:00\" \/>\n<meta property=\"og:image\" content=\"https:\/\/news.canadamotorjobs.com\/wp-content\/uploads\/2022\/08\/2023-bmw-ix-m60-1-1.jpg\" \/>\n\t<meta property=\"og:image:width\" content=\"1920\" \/>\n\t<meta property=\"og:image:height\" content=\"1080\" \/>\n\t<meta property=\"og:image:type\" content=\"image\/jpeg\" \/>\n<meta name=\"author\" content=\"Benoit Charette\" \/>\n<meta name=\"twitter:card\" content=\"summary_large_image\" \/>\n<meta name=\"twitter:creator\" content=\"@canadamotorjobs\" \/>\n<meta name=\"twitter:site\" content=\"@canadamotorjobs\" \/>\n<meta name=\"twitter:label1\" content=\"\u00c9crit par\" \/>\n\t<meta name=\"twitter:data1\" content=\"Benoit Charette\" \/>\n\t<meta name=\"twitter:label2\" content=\"Estimation du temps de lecture\" \/>\n\t<meta name=\"twitter:data2\" content=\"1 minute\" \/>\n<!-- \/ Yoast SEO plugin. -->","yoast_head_json":{"title":"Les propri\u00e9taires de BMW iX et i4 invit\u00e9s \u00e0 cesser de conduire leur voiture - CanadaMotorJobs.com","description":"Les propri\u00e9taires de BMW iX et i4 invit\u00e9s \u00e0 cesser de conduire leur voiture - Benoit Charette - Annuel automobile - CanadaMotorJobs.com.","robots":{"index":"index","follow":"follow","max-snippet":"max-snippet:-1","max-image-preview":"max-image-preview:large","max-video-preview":"max-video-preview:-1"},"og_locale":"fr_CA","og_type":"article","og_title":"Les propri\u00e9taires de BMW iX et i4 invit\u00e9s \u00e0 cesser de conduire leur voiture - CanadaMotorJobs.com","og_description":"Les propri\u00e9taires de BMW iX et i4 invit\u00e9s \u00e0 cesser de conduire leur voiture - Benoit Charette - Annuel automobile - CanadaMotorJobs.com.","og_url":"https:\/\/news.canadamotorjobs.com\/fr\/les-proprietaires-de-bmw-ix-et-i4-invites-a-cesser-de-conduire-leur-voiture\/","og_site_name":"CanadaMotorJobs.com","article_publisher":"https:\/\/www.facebook.com\/canadamotorjobs\/","article_published_time":"2022-08-07T15:42:19+00:00","article_modified_time":"2022-08-07T15:44:24+00:00","og_image":[{"width":1920,"height":1080,"url":"https:\/\/news.canadamotorjobs.com\/wp-content\/uploads\/2022\/08\/2023-bmw-ix-m60-1-1.jpg","type":"image\/jpeg"}],"author":"Benoit Charette","twitter_card":"summary_large_image","twitter_creator":"@canadamotorjobs","twitter_site":"@canadamotorjobs","twitter_misc":{"\u00c9crit par":"Benoit Charette","Estimation du temps de lecture":"1 minute"},"schema":{"@context":"https:\/\/schema.org","@graph":[{"@type":"Article","@id":"https:\/\/news.canadamotorjobs.com\/fr\/les-proprietaires-de-bmw-ix-et-i4-invites-a-cesser-de-conduire-leur-voiture\/#article","isPartOf":{"@id":"https:\/\/news.canadamotorjobs.com\/fr\/les-proprietaires-de-bmw-ix-et-i4-invites-a-cesser-de-conduire-leur-voiture\/"},"author":{"name":"Benoit Charette","@id":"https:\/\/news.canadamotorjobs.com\/#\/schema\/person\/51793d1f87d44011d7bcc2ed99269a90"},"headline":"Les propri\u00e9taires de BMW iX et i4 invit\u00e9s \u00e0 cesser de conduire leur voiture","datePublished":"2022-08-07T15:42:19+00:00","dateModified":"2022-08-07T15:44:24+00:00","mainEntityOfPage":{"@id":"https:\/\/news.canadamotorjobs.com\/fr\/les-proprietaires-de-bmw-ix-et-i4-invites-a-cesser-de-conduire-leur-voiture\/"},"wordCount":288,"publisher":{"@id":"https:\/\/news.canadamotorjobs.com\/#organization"},"image":{"@id":"https:\/\/news.canadamotorjobs.com\/fr\/les-proprietaires-de-bmw-ix-et-i4-invites-a-cesser-de-conduire-leur-voiture\/#primaryimage"},"thumbnailUrl":"https:\/\/news.canadamotorjobs.com\/wp-content\/uploads\/2022\/08\/2023-bmw-ix-m60-1-1.jpg","articleSection":["Annuel automobile"],"inLanguage":"fr-CA"},{"@type":"WebPage","@id":"https:\/\/news.canadamotorjobs.com\/fr\/les-proprietaires-de-bmw-ix-et-i4-invites-a-cesser-de-conduire-leur-voiture\/","url":"https:\/\/news.canadamotorjobs.com\/fr\/les-proprietaires-de-bmw-ix-et-i4-invites-a-cesser-de-conduire-leur-voiture\/","name":"Les propri\u00e9taires de BMW iX et i4 invit\u00e9s \u00e0 cesser de conduire leur voiture - CanadaMotorJobs.com","isPartOf":{"@id":"https:\/\/news.canadamotorjobs.com\/#website"},"primaryImageOfPage":{"@id":"https:\/\/news.canadamotorjobs.com\/fr\/les-proprietaires-de-bmw-ix-et-i4-invites-a-cesser-de-conduire-leur-voiture\/#primaryimage"},"image":{"@id":"https:\/\/news.canadamotorjobs.com\/fr\/les-proprietaires-de-bmw-ix-et-i4-invites-a-cesser-de-conduire-leur-voiture\/#primaryimage"},"thumbnailUrl":"https:\/\/news.canadamotorjobs.com\/wp-content\/uploads\/2022\/08\/2023-bmw-ix-m60-1-1.jpg","datePublished":"2022-08-07T15:42:19+00:00","dateModified":"2022-08-07T15:44:24+00:00","description":"Les propri\u00e9taires de BMW iX et i4 invit\u00e9s \u00e0 cesser de conduire leur voiture - Benoit Charette - Annuel automobile - CanadaMotorJobs.com.","breadcrumb":{"@id":"https:\/\/news.canadamotorjobs.com\/fr\/les-proprietaires-de-bmw-ix-et-i4-invites-a-cesser-de-conduire-leur-voiture\/#breadcrumb"},"inLanguage":"fr-CA","potentialAction":[{"@type":"ReadAction","target":["https:\/\/news.canadamotorjobs.com\/fr\/les-proprietaires-de-bmw-ix-et-i4-invites-a-cesser-de-conduire-leur-voiture\/"]}]},{"@type":"ImageObject","inLanguage":"fr-CA","@id":"https:\/\/news.canadamotorjobs.com\/fr\/les-proprietaires-de-bmw-ix-et-i4-invites-a-cesser-de-conduire-leur-voiture\/#primaryimage","url":"https:\/\/news.canadamotorjobs.com\/wp-content\/uploads\/2022\/08\/2023-bmw-ix-m60-1-1.jpg","contentUrl":"https:\/\/news.canadamotorjobs.com\/wp-content\/uploads\/2022\/08\/2023-bmw-ix-m60-1-1.jpg","width":1920,"height":1080},{"@type":"BreadcrumbList","@id":"https:\/\/news.canadamotorjobs.com\/fr\/les-proprietaires-de-bmw-ix-et-i4-invites-a-cesser-de-conduire-leur-voiture\/#breadcrumb","itemListElement":[{"@type":"ListItem","position":1,"name":"Home","item":"https:\/\/news.canadamotorjobs.com\/fr\/blog\/"},{"@type":"ListItem","position":2,"name":"Les propri\u00e9taires de BMW iX et i4 invit\u00e9s \u00e0 cesser de conduire leur voiture"}]},{"@type":"WebSite","@id":"https:\/\/news.canadamotorjobs.com\/#website","url":"https:\/\/news.canadamotorjobs.com\/","name":"CanadaMotorJobs.com","description":"Automotive Jobs","publisher":{"@id":"https:\/\/news.canadamotorjobs.com\/#organization"},"potentialAction":[{"@type":"SearchAction","target":{"@type":"EntryPoint","urlTemplate":"https:\/\/news.canadamotorjobs.com\/?s={search_term_string}"},"query-input":"required name=search_term_string"}],"inLanguage":"fr-CA"},{"@type":"Organization","@id":"https:\/\/news.canadamotorjobs.com\/#organization","name":"Canada Motor Jobs","url":"https:\/\/news.canadamotorjobs.com\/","logo":{"@type":"ImageObject","inLanguage":"fr-CA","@id":"https:\/\/news.canadamotorjobs.com\/#\/schema\/logo\/image\/","url":"https:\/\/news.canadamotorjobs.com\/wp-content\/uploads\/2022\/10\/logo-canada-motor-jobs-1.png","contentUrl":"https:\/\/news.canadamotorjobs.com\/wp-content\/uploads\/2022\/10\/logo-canada-motor-jobs-1.png","width":800,"height":400,"caption":"Canada Motor Jobs"},"image":{"@id":"https:\/\/news.canadamotorjobs.com\/#\/schema\/logo\/image\/"},"sameAs":["https:\/\/www.facebook.com\/canadamotorjobs\/","https:\/\/x.com\/canadamotorjobs","https:\/\/www.instagram.com\/canadamotorjobs\/","https:\/\/www.linkedin.com\/company\/canadamotorjobs"]},{"@type":"Person","@id":"https:\/\/news.canadamotorjobs.com\/#\/schema\/person\/51793d1f87d44011d7bcc2ed99269a90","name":"Benoit Charette","image":{"@type":"ImageObject","inLanguage":"fr-CA","@id":"https:\/\/news.canadamotorjobs.com\/#\/schema\/person\/image\/","url":"https:\/\/secure.gravatar.com\/avatar\/45f3d2eebcccd909668d7ce7ea7267b6?s=96&d=mm&r=g","contentUrl":"https:\/\/secure.gravatar.com\/avatar\/45f3d2eebcccd909668d7ce7ea7267b6?s=96&d=mm&r=g","caption":"Benoit Charette"},"description":"Benoit Charette \/ Propri\u00e9taire et r\u00e9dacteur en chef Benoit Charette pratique le journalisme automobile depuis bient\u00f4t 30 ans. Il a fait ses classes au c\u00f4t\u00e9 de Daniel H\u00e9raud et au Carnet de route de 1992 \u00e0 2001. Il est fondateur, copropri\u00e9taire et r\u00e9dacteur en chef de L\u2019Annuel de l\u2019automobile, qu\u2019il publie depuis 2001. Il a anim\u00e9 les \u00e9missions RPM et RPM+ sur V et les L\u00e9gendes de la route sur Historia. \u00c0 la radio depuis 1986, il reprend l\u2019antenne cette ann\u00e9e sur les ondes de Cogeco et participe pour la deuxi\u00e8me ann\u00e9e \u00e0 l\u2019\u00e9mission Passion Auto sur RDS en plus de mettre en ligne le site Web officiel de L\u2019Annuel de l\u2019automobile sur annuelauto.ca.","sameAs":["https:\/\/annuelauto.ca\/"],"url":"https:\/\/news.canadamotorjobs.com\/fr\/author\/benoit-charette\/"}]}},"_links":{"self":[{"href":"https:\/\/news.canadamotorjobs.com\/fr\/wp-json\/wp\/v2\/posts\/42576"}],"collection":[{"href":"https:\/\/news.canadamotorjobs.com\/fr\/wp-json\/wp\/v2\/posts"}],"about":[{"href":"https:\/\/news.canadamotorjobs.com\/fr\/wp-json\/wp\/v2\/types\/post"}],"author":[{"embeddable":true,"href":"https:\/\/news.canadamotorjobs.com\/fr\/wp-json\/wp\/v2\/users\/8"}],"replies":[{"embeddable":true,"href":"https:\/\/news.canadamotorjobs.com\/fr\/wp-json\/wp\/v2\/comments?post=42576"}],"version-history":[{"count":0,"href":"https:\/\/news.canadamotorjobs.com\/fr\/wp-json\/wp\/v2\/posts\/42576\/revisions"}],"wp:featuredmedia":[{"embeddable":true,"href":"https:\/\/news.canadamotorjobs.com\/fr\/wp-json\/wp\/v2\/media\/42580"}],"wp:attachment":[{"href":"https:\/\/news.canadamotorjobs.com\/fr\/wp-json\/wp\/v2\/media?parent=42576"}],"wp:term":[{"taxonomy":"category","embeddable":true,"href":"https:\/\/news.canadamotorjobs.com\/fr\/wp-json\/wp\/v2\/categories?post=42576"},{"taxonomy":"post_tag","embeddable":true,"href":"https:\/\/news.canadamotorjobs.com\/fr\/wp-json\/wp\/v2\/tags?post=42576"}],"curies":[{"name":"wp","href":"https:\/\/api.w.org\/{rel}","templated":true}]}}