{"id":42560,"date":"2022-08-06T09:25:56","date_gmt":"2022-08-06T13:25:56","guid":{"rendered":"https:\/\/blog.canadamotorjobs.com\/la-prochaine-rs6-sera-un-modele-hybride-branchable\/"},"modified":"2022-08-06T09:29:50","modified_gmt":"2022-08-06T13:29:50","slug":"la-prochaine-rs6-sera-un-modele-hybride-branchable","status":"publish","type":"post","link":"https:\/\/news.canadamotorjobs.com\/fr\/la-prochaine-rs6-sera-un-modele-hybride-branchable\/","title":{"rendered":"La prochaine RS6 sera un mod\u00e8le hybride branchable"},"content":{"rendered":"<\/p>\n<p>Comme bien d\u2019autres mod\u00e8les sport, l\u2019Audi RS6 prend le chemin de l\u2019\u00e9lectrification. Partielle d\u00a0\u00bbabord et 100\u00a0% \u00e9lectrique d\u2019ici 2026 selon ce qu\u2019a r\u00e9v\u00e9l\u00e9 Audi. La technologie hybride rechargeable devrait se traduire par une plus grande puissance et une meilleure consommation de carburant pour cette familiale \u00e0 r\u00e9action. Souhaitons seulement qu\u2019au passage la m\u00e9lodie du V8 ne soit pas trop sacrifi\u00e9e.<br \/> Le C9 attendu pour 2026<br \/> La prochaine g\u00e9n\u00e9ration de mod\u00e8le A6 sera la C9 enti\u00e8rement \u00e9lectrique pr\u00e9vue pour 2030. Entre-temps, souhaitons que la RS6 hybride enfichable ne sera pas trop lourde. Le mod\u00e8le actuel tourne autour de 2 tonnes m\u00e9triques. L&#8217;ajout d&#8217;une batterie et d&#8217;au moins un moteur \u00e9lectrique pourrait facilement augmenter le poids de 10\u00a0% ou plus. C&#8217;est la mauvaise nouvelle. La bonne nouvelle est que la RS 6 de prochaine g\u00e9n\u00e9ration utilisera probablement toujours le m\u00eame V8 gonfl\u00e9, d\u00e9j\u00e0 \u00e9quip\u00e9 de la technologie de l\u2019hybridation douce 48 volts, et produira bien plus de puissance que les 590 chevaux actuels. Selon les objectifs d&#8217;Audi, l&#8217;autonomie du v\u00e9hicule se situera probablement entre 40 et 50\u00a0km, tandis que la puissance pourrait, nous l&#8217;esp\u00e9rons, atteindre les 700 chevaux.<br \/> Encore deux ans sur la route<br \/> La ravissante Audi RS 6 C8 actuelle restera en production telle quelle jusqu&#8217;en 2025. La nouvelle RS 6 sera lanc\u00e9e l&#8217;ann\u00e9e suivante, co\u00efncidant avec la fin pr\u00e9vue par Audi du d\u00e9veloppement des moteurs \u00e0 combustion interne. La C9 devrait ensuite \u00eatre construite et vendue jusqu&#8217;au d\u00e9but des ann\u00e9es 2030, avant d&#8217;\u00eatre remplac\u00e9e par une version enti\u00e8rement \u00e9lectrique, selon<\/p>\n","protected":false},"excerpt":{"rendered":"<p>Comme bien d\u2019autres mod\u00e8les sport, l\u2019Audi RS6 prend le chemin de l\u2019\u00e9lectrification. Partielle d\u00a0\u00bbabord et 100\u00a0% \u00e9lectrique d\u2019ici 2026 selon ce qu\u2019a r\u00e9v\u00e9l\u00e9 Audi. La technologie hybride rechargeable devrait se traduire par une plus grande puissance et une meilleure consommation de carburant pour cette familiale \u00e0 r\u00e9action. Souhaitons seulement qu\u2019au passage la m\u00e9lodie du V8 [&hellip;]<\/p>\n","protected":false},"author":8,"featured_media":42564,"comment_status":"close","ping_status":"closed","sticky":false,"template":"","format":"standard","meta":{"_monsterinsights_skip_tracking":false,"_monsterinsights_sitenote_active":false,"_monsterinsights_sitenote_note":"","_monsterinsights_sitenote_category":0,"footnotes":""},"categories":[101],"tags":[],"yoast_head":"<!-- This site is optimized with the Yoast SEO plugin v23.2 - https:\/\/yoast.com\/wordpress\/plugins\/seo\/ -->\n<title>La prochaine RS6 sera un mod\u00e8le hybride branchable - CanadaMotorJobs.com<\/title>\n<meta name=\"description\" content=\"La prochaine RS6 sera un mod\u00e8le hybride branchable - Benoit Charette - Annuel automobile - CanadaMotorJobs.com.\" \/>\n<meta name=\"robots\" content=\"index, follow, max-snippet:-1, max-image-preview:large, max-video-preview:-1\" \/>\n<meta property=\"og:locale\" content=\"fr_CA\" \/>\n<meta property=\"og:type\" content=\"article\" \/>\n<meta property=\"og:title\" content=\"La prochaine RS6 sera un mod\u00e8le hybride branchable - CanadaMotorJobs.com\" \/>\n<meta property=\"og:description\" content=\"La prochaine RS6 sera un mod\u00e8le hybride branchable - Benoit Charette - Annuel automobile - CanadaMotorJobs.com.\" \/>\n<meta property=\"og:url\" content=\"https:\/\/news.canadamotorjobs.com\/fr\/la-prochaine-rs6-sera-un-modele-hybride-branchable\/\" \/>\n<meta property=\"og:site_name\" content=\"CanadaMotorJobs.com\" \/>\n<meta property=\"article:publisher\" content=\"https:\/\/www.facebook.com\/canadamotorjobs\/\" \/>\n<meta property=\"article:published_time\" content=\"2022-08-06T13:25:56+00:00\" \/>\n<meta property=\"article:modified_time\" content=\"2022-08-06T13:29:50+00:00\" \/>\n<meta property=\"og:image\" content=\"https:\/\/news.canadamotorjobs.com\/wp-content\/uploads\/2022\/08\/A221157_large-scaled-1-1.jpg\" \/>\n\t<meta property=\"og:image:width\" content=\"2560\" \/>\n\t<meta property=\"og:image:height\" content=\"1441\" \/>\n\t<meta property=\"og:image:type\" content=\"image\/jpeg\" \/>\n<meta name=\"author\" content=\"Benoit Charette\" \/>\n<meta name=\"twitter:card\" content=\"summary_large_image\" \/>\n<meta name=\"twitter:creator\" content=\"@canadamotorjobs\" \/>\n<meta name=\"twitter:site\" content=\"@canadamotorjobs\" \/>\n<meta name=\"twitter:label1\" content=\"\u00c9crit par\" \/>\n\t<meta name=\"twitter:data1\" content=\"Benoit Charette\" \/>\n\t<meta name=\"twitter:label2\" content=\"Estimation du temps de lecture\" \/>\n\t<meta name=\"twitter:data2\" content=\"1 minute\" \/>\n<!-- \/ Yoast SEO plugin. -->","yoast_head_json":{"title":"La prochaine RS6 sera un mod\u00e8le hybride branchable - CanadaMotorJobs.com","description":"La prochaine RS6 sera un mod\u00e8le hybride branchable - Benoit Charette - Annuel automobile - CanadaMotorJobs.com.","robots":{"index":"index","follow":"follow","max-snippet":"max-snippet:-1","max-image-preview":"max-image-preview:large","max-video-preview":"max-video-preview:-1"},"og_locale":"fr_CA","og_type":"article","og_title":"La prochaine RS6 sera un mod\u00e8le hybride branchable - CanadaMotorJobs.com","og_description":"La prochaine RS6 sera un mod\u00e8le hybride branchable - Benoit Charette - Annuel automobile - CanadaMotorJobs.com.","og_url":"https:\/\/news.canadamotorjobs.com\/fr\/la-prochaine-rs6-sera-un-modele-hybride-branchable\/","og_site_name":"CanadaMotorJobs.com","article_publisher":"https:\/\/www.facebook.com\/canadamotorjobs\/","article_published_time":"2022-08-06T13:25:56+00:00","article_modified_time":"2022-08-06T13:29:50+00:00","og_image":[{"width":2560,"height":1441,"url":"https:\/\/news.canadamotorjobs.com\/wp-content\/uploads\/2022\/08\/A221157_large-scaled-1-1.jpg","type":"image\/jpeg"}],"author":"Benoit Charette","twitter_card":"summary_large_image","twitter_creator":"@canadamotorjobs","twitter_site":"@canadamotorjobs","twitter_misc":{"\u00c9crit par":"Benoit Charette","Estimation du temps de lecture":"1 minute"},"schema":{"@context":"https:\/\/schema.org","@graph":[{"@type":"Article","@id":"https:\/\/news.canadamotorjobs.com\/fr\/la-prochaine-rs6-sera-un-modele-hybride-branchable\/#article","isPartOf":{"@id":"https:\/\/news.canadamotorjobs.com\/fr\/la-prochaine-rs6-sera-un-modele-hybride-branchable\/"},"author":{"name":"Benoit Charette","@id":"https:\/\/news.canadamotorjobs.com\/#\/schema\/person\/51793d1f87d44011d7bcc2ed99269a90"},"headline":"La prochaine RS6 sera un mod\u00e8le hybride branchable","datePublished":"2022-08-06T13:25:56+00:00","dateModified":"2022-08-06T13:29:50+00:00","mainEntityOfPage":{"@id":"https:\/\/news.canadamotorjobs.com\/fr\/la-prochaine-rs6-sera-un-modele-hybride-branchable\/"},"wordCount":289,"publisher":{"@id":"https:\/\/news.canadamotorjobs.com\/#organization"},"image":{"@id":"https:\/\/news.canadamotorjobs.com\/fr\/la-prochaine-rs6-sera-un-modele-hybride-branchable\/#primaryimage"},"thumbnailUrl":"https:\/\/news.canadamotorjobs.com\/wp-content\/uploads\/2022\/08\/A221157_large-scaled-1-1.jpg","articleSection":["Annuel automobile"],"inLanguage":"fr-CA"},{"@type":"WebPage","@id":"https:\/\/news.canadamotorjobs.com\/fr\/la-prochaine-rs6-sera-un-modele-hybride-branchable\/","url":"https:\/\/news.canadamotorjobs.com\/fr\/la-prochaine-rs6-sera-un-modele-hybride-branchable\/","name":"La prochaine RS6 sera un mod\u00e8le hybride branchable - CanadaMotorJobs.com","isPartOf":{"@id":"https:\/\/news.canadamotorjobs.com\/#website"},"primaryImageOfPage":{"@id":"https:\/\/news.canadamotorjobs.com\/fr\/la-prochaine-rs6-sera-un-modele-hybride-branchable\/#primaryimage"},"image":{"@id":"https:\/\/news.canadamotorjobs.com\/fr\/la-prochaine-rs6-sera-un-modele-hybride-branchable\/#primaryimage"},"thumbnailUrl":"https:\/\/news.canadamotorjobs.com\/wp-content\/uploads\/2022\/08\/A221157_large-scaled-1-1.jpg","datePublished":"2022-08-06T13:25:56+00:00","dateModified":"2022-08-06T13:29:50+00:00","description":"La prochaine RS6 sera un mod\u00e8le hybride branchable - Benoit Charette - Annuel automobile - CanadaMotorJobs.com.","breadcrumb":{"@id":"https:\/\/news.canadamotorjobs.com\/fr\/la-prochaine-rs6-sera-un-modele-hybride-branchable\/#breadcrumb"},"inLanguage":"fr-CA","potentialAction":[{"@type":"ReadAction","target":["https:\/\/news.canadamotorjobs.com\/fr\/la-prochaine-rs6-sera-un-modele-hybride-branchable\/"]}]},{"@type":"ImageObject","inLanguage":"fr-CA","@id":"https:\/\/news.canadamotorjobs.com\/fr\/la-prochaine-rs6-sera-un-modele-hybride-branchable\/#primaryimage","url":"https:\/\/news.canadamotorjobs.com\/wp-content\/uploads\/2022\/08\/A221157_large-scaled-1-1.jpg","contentUrl":"https:\/\/news.canadamotorjobs.com\/wp-content\/uploads\/2022\/08\/A221157_large-scaled-1-1.jpg","width":2560,"height":1441},{"@type":"BreadcrumbList","@id":"https:\/\/news.canadamotorjobs.com\/fr\/la-prochaine-rs6-sera-un-modele-hybride-branchable\/#breadcrumb","itemListElement":[{"@type":"ListItem","position":1,"name":"Home","item":"https:\/\/news.canadamotorjobs.com\/fr\/blog\/"},{"@type":"ListItem","position":2,"name":"La prochaine RS6 sera un mod\u00e8le hybride branchable"}]},{"@type":"WebSite","@id":"https:\/\/news.canadamotorjobs.com\/#website","url":"https:\/\/news.canadamotorjobs.com\/","name":"CanadaMotorJobs.com","description":"Automotive Jobs","publisher":{"@id":"https:\/\/news.canadamotorjobs.com\/#organization"},"potentialAction":[{"@type":"SearchAction","target":{"@type":"EntryPoint","urlTemplate":"https:\/\/news.canadamotorjobs.com\/?s={search_term_string}"},"query-input":"required name=search_term_string"}],"inLanguage":"fr-CA"},{"@type":"Organization","@id":"https:\/\/news.canadamotorjobs.com\/#organization","name":"Canada Motor Jobs","url":"https:\/\/news.canadamotorjobs.com\/","logo":{"@type":"ImageObject","inLanguage":"fr-CA","@id":"https:\/\/news.canadamotorjobs.com\/#\/schema\/logo\/image\/","url":"https:\/\/news.canadamotorjobs.com\/wp-content\/uploads\/2022\/10\/logo-canada-motor-jobs-1.png","contentUrl":"https:\/\/news.canadamotorjobs.com\/wp-content\/uploads\/2022\/10\/logo-canada-motor-jobs-1.png","width":800,"height":400,"caption":"Canada Motor Jobs"},"image":{"@id":"https:\/\/news.canadamotorjobs.com\/#\/schema\/logo\/image\/"},"sameAs":["https:\/\/www.facebook.com\/canadamotorjobs\/","https:\/\/x.com\/canadamotorjobs","https:\/\/www.instagram.com\/canadamotorjobs\/","https:\/\/www.linkedin.com\/company\/canadamotorjobs"]},{"@type":"Person","@id":"https:\/\/news.canadamotorjobs.com\/#\/schema\/person\/51793d1f87d44011d7bcc2ed99269a90","name":"Benoit Charette","image":{"@type":"ImageObject","inLanguage":"fr-CA","@id":"https:\/\/news.canadamotorjobs.com\/#\/schema\/person\/image\/","url":"https:\/\/secure.gravatar.com\/avatar\/45f3d2eebcccd909668d7ce7ea7267b6?s=96&d=mm&r=g","contentUrl":"https:\/\/secure.gravatar.com\/avatar\/45f3d2eebcccd909668d7ce7ea7267b6?s=96&d=mm&r=g","caption":"Benoit Charette"},"description":"Benoit Charette \/ Propri\u00e9taire et r\u00e9dacteur en chef Benoit Charette pratique le journalisme automobile depuis bient\u00f4t 30 ans. Il a fait ses classes au c\u00f4t\u00e9 de Daniel H\u00e9raud et au Carnet de route de 1992 \u00e0 2001. Il est fondateur, copropri\u00e9taire et r\u00e9dacteur en chef de L\u2019Annuel de l\u2019automobile, qu\u2019il publie depuis 2001. Il a anim\u00e9 les \u00e9missions RPM et RPM+ sur V et les L\u00e9gendes de la route sur Historia. \u00c0 la radio depuis 1986, il reprend l\u2019antenne cette ann\u00e9e sur les ondes de Cogeco et participe pour la deuxi\u00e8me ann\u00e9e \u00e0 l\u2019\u00e9mission Passion Auto sur RDS en plus de mettre en ligne le site Web officiel de L\u2019Annuel de l\u2019automobile sur annuelauto.ca.","sameAs":["https:\/\/annuelauto.ca\/"],"url":"https:\/\/news.canadamotorjobs.com\/fr\/author\/benoit-charette\/"}]}},"_links":{"self":[{"href":"https:\/\/news.canadamotorjobs.com\/fr\/wp-json\/wp\/v2\/posts\/42560"}],"collection":[{"href":"https:\/\/news.canadamotorjobs.com\/fr\/wp-json\/wp\/v2\/posts"}],"about":[{"href":"https:\/\/news.canadamotorjobs.com\/fr\/wp-json\/wp\/v2\/types\/post"}],"author":[{"embeddable":true,"href":"https:\/\/news.canadamotorjobs.com\/fr\/wp-json\/wp\/v2\/users\/8"}],"replies":[{"embeddable":true,"href":"https:\/\/news.canadamotorjobs.com\/fr\/wp-json\/wp\/v2\/comments?post=42560"}],"version-history":[{"count":0,"href":"https:\/\/news.canadamotorjobs.com\/fr\/wp-json\/wp\/v2\/posts\/42560\/revisions"}],"wp:featuredmedia":[{"embeddable":true,"href":"https:\/\/news.canadamotorjobs.com\/fr\/wp-json\/wp\/v2\/media\/42564"}],"wp:attachment":[{"href":"https:\/\/news.canadamotorjobs.com\/fr\/wp-json\/wp\/v2\/media?parent=42560"}],"wp:term":[{"taxonomy":"category","embeddable":true,"href":"https:\/\/news.canadamotorjobs.com\/fr\/wp-json\/wp\/v2\/categories?post=42560"},{"taxonomy":"post_tag","embeddable":true,"href":"https:\/\/news.canadamotorjobs.com\/fr\/wp-json\/wp\/v2\/tags?post=42560"}],"curies":[{"name":"wp","href":"https:\/\/api.w.org\/{rel}","templated":true}]}}