{"id":42544,"date":"2022-08-05T13:23:08","date_gmt":"2022-08-05T17:23:08","guid":{"rendered":"https:\/\/blog.canadamotorjobs.com\/voici-le-porsche-cayenne-decapotable-qui-na-jamais-existe\/"},"modified":"2022-08-05T13:44:35","modified_gmt":"2022-08-05T17:44:35","slug":"voici-le-porsche-cayenne-decapotable-qui-na-jamais-existe","status":"publish","type":"post","link":"https:\/\/news.canadamotorjobs.com\/fr\/voici-le-porsche-cayenne-decapotable-qui-na-jamais-existe\/","title":{"rendered":"Voici le Porsche Cayenne d\u00e9capotable qui n\u2019a jamais exist\u00e9"},"content":{"rendered":"<\/p>\n<p>Un Porsche Cayenne d\u00e9capotable, \u00e7a vous dit quelque chose\u00a0? Eh bien, sachez qu\u2019il y en a eu un. Juste un. Et voici son histoire.<\/p>\n<p> D\u00e8s la fin des ann\u00e9es 80, <a href=\"https:\/\/annuelauto.ca\/19-septembre-1909-naissance-de-ferry-porsche\/\" target=\"_blank\" rel=\"noopener noreferrer\">Ferry Porsche<\/a> (1909-1998) avait flair\u00e9 un potentiel commercial pour un utilitaire portant son nom. En 1989, il affirmait \u00e0 des coll\u00e8gues\u00a0: \u00ab\u00a0Si nous construisons un v\u00e9hicule tout-terrain conforme \u00e0 nos crit\u00e8res de qualit\u00e9 et qu\u2019il arbore un \u00e9cusson <a href=\"https:\/\/annuelauto.ca\/le-patron-de-porsche-est-maintenant-le-patron-de-volkswagen\/\" target=\"_blank\" rel=\"noopener noreferrer\">Porsche<\/a> \u00e0 l\u2019avant, il se vendra.\u00a0\u00bb L\u2019histoire lui a donn\u00e9 raison puisque, depuis son lancement en 2002, le Cayenne est devenu un pilier du succ\u00e8s mondial de la marque. De l\u00e0 naquit l\u2019id\u00e9e de multiplier les variantes de cette vache \u00e0 lait.<\/p>\n<p> En vingt ann\u00e9es d\u2019existence, le <a href=\"https:\/\/annuelauto.ca\/porsche-aura-un-troisieme-vus-et-il-sera-encore-plus-gros\/\" target=\"_blank\" rel=\"noopener noreferrer\">Cayenne<\/a> a vu sa carrosserie changer trois fois. L\u2019actuelle troisi\u00e8me g\u00e9n\u00e9ration a m\u00eame \u00e9t\u00e9 d\u00e9doubl\u00e9e lorsqu\u2019on a cr\u00e9\u00e9 une variante au pavillon plus arrondi qualifi\u00e9e de \u00ab\u00a0coup\u00e9\u00a0\u00bb; une expression du vocabulaire des carrossiers que les gurus du marketing galvaudent \u00e0 qui mieux mieux\u00a0!<\/p>\n<p> Quoi qu\u2019il en soit, d\u00e8s la cr\u00e9ation du Cayenne, son constructeur a \u00e9tudi\u00e9 d\u2019autres formes de carrosserie d\u00e9velopp\u00e9e \u00e0 partir de celle plus classique d\u2019un VUS \u00e0 cinq portes. Peu de temps apr\u00e8s le lancement du mod\u00e8le initial, en d\u00e9cembre 2002, trois variantes ont \u00e9t\u00e9 mises \u00e0 l\u2019\u00e9tude dans ses studios de design\u00a0: un coup\u00e9 \u00e0 3\u00a0portes (un vrai!), une version \u00e0 empattement allong\u00e9 de 20 centim\u00e8tres dot\u00e9e d\u2019une troisi\u00e8me rang\u00e9e de si\u00e8ges et un cabriolet.<\/p>\n<p> Chaque variante a eu droit \u00e0 une maquette en argile \u00e0 l\u2019\u00e9chelle<\/p>\n","protected":false},"excerpt":{"rendered":"<p>Un Porsche Cayenne d\u00e9capotable, \u00e7a vous dit quelque chose\u00a0? Eh bien, sachez qu\u2019il y en a eu un. Juste un. Et voici son histoire. D\u00e8s la fin des ann\u00e9es 80, Ferry Porsche (1909-1998) avait flair\u00e9 un potentiel commercial pour un utilitaire portant son nom. En 1989, il affirmait \u00e0 des coll\u00e8gues\u00a0: \u00ab\u00a0Si nous construisons un [&hellip;]<\/p>\n","protected":false},"author":8,"featured_media":42548,"comment_status":"close","ping_status":"closed","sticky":false,"template":"","format":"standard","meta":{"_monsterinsights_skip_tracking":false,"_monsterinsights_sitenote_active":false,"_monsterinsights_sitenote_note":"","_monsterinsights_sitenote_category":0,"footnotes":""},"categories":[101],"tags":[],"yoast_head":"<!-- This site is optimized with the Yoast SEO plugin v23.2 - https:\/\/yoast.com\/wordpress\/plugins\/seo\/ -->\n<title>Voici le Porsche Cayenne d\u00e9capotable qui n\u2019a jamais exist\u00e9 - CanadaMotorJobs.com<\/title>\n<meta name=\"description\" content=\"Voici le Porsche Cayenne d\u00e9capotable qui n\u2019a jamais exist\u00e9 - Benoit Charette - Annuel automobile - CanadaMotorJobs.com.\" \/>\n<meta name=\"robots\" content=\"index, follow, max-snippet:-1, max-image-preview:large, max-video-preview:-1\" \/>\n<meta property=\"og:locale\" content=\"fr_CA\" \/>\n<meta property=\"og:type\" content=\"article\" \/>\n<meta property=\"og:title\" content=\"Voici le Porsche Cayenne d\u00e9capotable qui n\u2019a jamais exist\u00e9 - CanadaMotorJobs.com\" \/>\n<meta property=\"og:description\" content=\"Voici le Porsche Cayenne d\u00e9capotable qui n\u2019a jamais exist\u00e9 - Benoit Charette - Annuel automobile - CanadaMotorJobs.com.\" \/>\n<meta property=\"og:url\" content=\"https:\/\/news.canadamotorjobs.com\/fr\/voici-le-porsche-cayenne-decapotable-qui-na-jamais-existe\/\" \/>\n<meta property=\"og:site_name\" content=\"CanadaMotorJobs.com\" \/>\n<meta property=\"article:publisher\" content=\"https:\/\/www.facebook.com\/canadamotorjobs\/\" \/>\n<meta property=\"article:published_time\" content=\"2022-08-05T17:23:08+00:00\" \/>\n<meta property=\"article:modified_time\" content=\"2022-08-05T17:44:35+00:00\" \/>\n<meta property=\"og:image\" content=\"https:\/\/news.canadamotorjobs.com\/wp-content\/uploads\/2022\/08\/Porsche-Cayenne-de\u0301capotable-concept-c2002-7-1.jpg\" \/>\n\t<meta property=\"og:image:width\" content=\"1500\" \/>\n\t<meta property=\"og:image:height\" content=\"1000\" \/>\n\t<meta property=\"og:image:type\" content=\"image\/jpeg\" \/>\n<meta name=\"author\" content=\"Benoit Charette\" \/>\n<meta name=\"twitter:card\" content=\"summary_large_image\" \/>\n<meta name=\"twitter:creator\" content=\"@canadamotorjobs\" \/>\n<meta name=\"twitter:site\" content=\"@canadamotorjobs\" \/>\n<meta name=\"twitter:label1\" content=\"\u00c9crit par\" \/>\n\t<meta name=\"twitter:data1\" content=\"Benoit Charette\" \/>\n\t<meta name=\"twitter:label2\" content=\"Estimation du temps de lecture\" \/>\n\t<meta name=\"twitter:data2\" content=\"1 minute\" \/>\n<!-- \/ Yoast SEO plugin. -->","yoast_head_json":{"title":"Voici le Porsche Cayenne d\u00e9capotable qui n\u2019a jamais exist\u00e9 - CanadaMotorJobs.com","description":"Voici le Porsche Cayenne d\u00e9capotable qui n\u2019a jamais exist\u00e9 - Benoit Charette - Annuel automobile - CanadaMotorJobs.com.","robots":{"index":"index","follow":"follow","max-snippet":"max-snippet:-1","max-image-preview":"max-image-preview:large","max-video-preview":"max-video-preview:-1"},"og_locale":"fr_CA","og_type":"article","og_title":"Voici le Porsche Cayenne d\u00e9capotable qui n\u2019a jamais exist\u00e9 - CanadaMotorJobs.com","og_description":"Voici le Porsche Cayenne d\u00e9capotable qui n\u2019a jamais exist\u00e9 - Benoit Charette - Annuel automobile - CanadaMotorJobs.com.","og_url":"https:\/\/news.canadamotorjobs.com\/fr\/voici-le-porsche-cayenne-decapotable-qui-na-jamais-existe\/","og_site_name":"CanadaMotorJobs.com","article_publisher":"https:\/\/www.facebook.com\/canadamotorjobs\/","article_published_time":"2022-08-05T17:23:08+00:00","article_modified_time":"2022-08-05T17:44:35+00:00","og_image":[{"width":1500,"height":1000,"url":"https:\/\/news.canadamotorjobs.com\/wp-content\/uploads\/2022\/08\/Porsche-Cayenne-de\u0301capotable-concept-c2002-7-1.jpg","type":"image\/jpeg"}],"author":"Benoit Charette","twitter_card":"summary_large_image","twitter_creator":"@canadamotorjobs","twitter_site":"@canadamotorjobs","twitter_misc":{"\u00c9crit par":"Benoit Charette","Estimation du temps de lecture":"1 minute"},"schema":{"@context":"https:\/\/schema.org","@graph":[{"@type":"Article","@id":"https:\/\/news.canadamotorjobs.com\/fr\/voici-le-porsche-cayenne-decapotable-qui-na-jamais-existe\/#article","isPartOf":{"@id":"https:\/\/news.canadamotorjobs.com\/fr\/voici-le-porsche-cayenne-decapotable-qui-na-jamais-existe\/"},"author":{"name":"Benoit Charette","@id":"https:\/\/news.canadamotorjobs.com\/#\/schema\/person\/51793d1f87d44011d7bcc2ed99269a90"},"headline":"Voici le Porsche Cayenne d\u00e9capotable qui n\u2019a jamais exist\u00e9","datePublished":"2022-08-05T17:23:08+00:00","dateModified":"2022-08-05T17:44:35+00:00","mainEntityOfPage":{"@id":"https:\/\/news.canadamotorjobs.com\/fr\/voici-le-porsche-cayenne-decapotable-qui-na-jamais-existe\/"},"wordCount":282,"publisher":{"@id":"https:\/\/news.canadamotorjobs.com\/#organization"},"image":{"@id":"https:\/\/news.canadamotorjobs.com\/fr\/voici-le-porsche-cayenne-decapotable-qui-na-jamais-existe\/#primaryimage"},"thumbnailUrl":"https:\/\/news.canadamotorjobs.com\/wp-content\/uploads\/2022\/08\/Porsche-Cayenne-de\u0301capotable-concept-c2002-7-1.jpg","articleSection":["Annuel automobile"],"inLanguage":"fr-CA"},{"@type":"WebPage","@id":"https:\/\/news.canadamotorjobs.com\/fr\/voici-le-porsche-cayenne-decapotable-qui-na-jamais-existe\/","url":"https:\/\/news.canadamotorjobs.com\/fr\/voici-le-porsche-cayenne-decapotable-qui-na-jamais-existe\/","name":"Voici le Porsche Cayenne d\u00e9capotable qui n\u2019a jamais exist\u00e9 - CanadaMotorJobs.com","isPartOf":{"@id":"https:\/\/news.canadamotorjobs.com\/#website"},"primaryImageOfPage":{"@id":"https:\/\/news.canadamotorjobs.com\/fr\/voici-le-porsche-cayenne-decapotable-qui-na-jamais-existe\/#primaryimage"},"image":{"@id":"https:\/\/news.canadamotorjobs.com\/fr\/voici-le-porsche-cayenne-decapotable-qui-na-jamais-existe\/#primaryimage"},"thumbnailUrl":"https:\/\/news.canadamotorjobs.com\/wp-content\/uploads\/2022\/08\/Porsche-Cayenne-de\u0301capotable-concept-c2002-7-1.jpg","datePublished":"2022-08-05T17:23:08+00:00","dateModified":"2022-08-05T17:44:35+00:00","description":"Voici le Porsche Cayenne d\u00e9capotable qui n\u2019a jamais exist\u00e9 - Benoit Charette - Annuel automobile - CanadaMotorJobs.com.","breadcrumb":{"@id":"https:\/\/news.canadamotorjobs.com\/fr\/voici-le-porsche-cayenne-decapotable-qui-na-jamais-existe\/#breadcrumb"},"inLanguage":"fr-CA","potentialAction":[{"@type":"ReadAction","target":["https:\/\/news.canadamotorjobs.com\/fr\/voici-le-porsche-cayenne-decapotable-qui-na-jamais-existe\/"]}]},{"@type":"ImageObject","inLanguage":"fr-CA","@id":"https:\/\/news.canadamotorjobs.com\/fr\/voici-le-porsche-cayenne-decapotable-qui-na-jamais-existe\/#primaryimage","url":"https:\/\/news.canadamotorjobs.com\/wp-content\/uploads\/2022\/08\/Porsche-Cayenne-de\u0301capotable-concept-c2002-7-1.jpg","contentUrl":"https:\/\/news.canadamotorjobs.com\/wp-content\/uploads\/2022\/08\/Porsche-Cayenne-de\u0301capotable-concept-c2002-7-1.jpg","width":1500,"height":1000},{"@type":"BreadcrumbList","@id":"https:\/\/news.canadamotorjobs.com\/fr\/voici-le-porsche-cayenne-decapotable-qui-na-jamais-existe\/#breadcrumb","itemListElement":[{"@type":"ListItem","position":1,"name":"Home","item":"https:\/\/news.canadamotorjobs.com\/fr\/blog\/"},{"@type":"ListItem","position":2,"name":"Voici le Porsche Cayenne d\u00e9capotable qui n\u2019a jamais exist\u00e9"}]},{"@type":"WebSite","@id":"https:\/\/news.canadamotorjobs.com\/#website","url":"https:\/\/news.canadamotorjobs.com\/","name":"CanadaMotorJobs.com","description":"Automotive Jobs","publisher":{"@id":"https:\/\/news.canadamotorjobs.com\/#organization"},"potentialAction":[{"@type":"SearchAction","target":{"@type":"EntryPoint","urlTemplate":"https:\/\/news.canadamotorjobs.com\/?s={search_term_string}"},"query-input":"required name=search_term_string"}],"inLanguage":"fr-CA"},{"@type":"Organization","@id":"https:\/\/news.canadamotorjobs.com\/#organization","name":"Canada Motor Jobs","url":"https:\/\/news.canadamotorjobs.com\/","logo":{"@type":"ImageObject","inLanguage":"fr-CA","@id":"https:\/\/news.canadamotorjobs.com\/#\/schema\/logo\/image\/","url":"https:\/\/news.canadamotorjobs.com\/wp-content\/uploads\/2022\/10\/logo-canada-motor-jobs-1.png","contentUrl":"https:\/\/news.canadamotorjobs.com\/wp-content\/uploads\/2022\/10\/logo-canada-motor-jobs-1.png","width":800,"height":400,"caption":"Canada Motor Jobs"},"image":{"@id":"https:\/\/news.canadamotorjobs.com\/#\/schema\/logo\/image\/"},"sameAs":["https:\/\/www.facebook.com\/canadamotorjobs\/","https:\/\/x.com\/canadamotorjobs","https:\/\/www.instagram.com\/canadamotorjobs\/","https:\/\/www.linkedin.com\/company\/canadamotorjobs"]},{"@type":"Person","@id":"https:\/\/news.canadamotorjobs.com\/#\/schema\/person\/51793d1f87d44011d7bcc2ed99269a90","name":"Benoit Charette","image":{"@type":"ImageObject","inLanguage":"fr-CA","@id":"https:\/\/news.canadamotorjobs.com\/#\/schema\/person\/image\/","url":"https:\/\/secure.gravatar.com\/avatar\/45f3d2eebcccd909668d7ce7ea7267b6?s=96&d=mm&r=g","contentUrl":"https:\/\/secure.gravatar.com\/avatar\/45f3d2eebcccd909668d7ce7ea7267b6?s=96&d=mm&r=g","caption":"Benoit Charette"},"description":"Benoit Charette \/ Propri\u00e9taire et r\u00e9dacteur en chef Benoit Charette pratique le journalisme automobile depuis bient\u00f4t 30 ans. Il a fait ses classes au c\u00f4t\u00e9 de Daniel H\u00e9raud et au Carnet de route de 1992 \u00e0 2001. Il est fondateur, copropri\u00e9taire et r\u00e9dacteur en chef de L\u2019Annuel de l\u2019automobile, qu\u2019il publie depuis 2001. Il a anim\u00e9 les \u00e9missions RPM et RPM+ sur V et les L\u00e9gendes de la route sur Historia. \u00c0 la radio depuis 1986, il reprend l\u2019antenne cette ann\u00e9e sur les ondes de Cogeco et participe pour la deuxi\u00e8me ann\u00e9e \u00e0 l\u2019\u00e9mission Passion Auto sur RDS en plus de mettre en ligne le site Web officiel de L\u2019Annuel de l\u2019automobile sur annuelauto.ca.","sameAs":["https:\/\/annuelauto.ca\/"],"url":"https:\/\/news.canadamotorjobs.com\/fr\/author\/benoit-charette\/"}]}},"_links":{"self":[{"href":"https:\/\/news.canadamotorjobs.com\/fr\/wp-json\/wp\/v2\/posts\/42544"}],"collection":[{"href":"https:\/\/news.canadamotorjobs.com\/fr\/wp-json\/wp\/v2\/posts"}],"about":[{"href":"https:\/\/news.canadamotorjobs.com\/fr\/wp-json\/wp\/v2\/types\/post"}],"author":[{"embeddable":true,"href":"https:\/\/news.canadamotorjobs.com\/fr\/wp-json\/wp\/v2\/users\/8"}],"replies":[{"embeddable":true,"href":"https:\/\/news.canadamotorjobs.com\/fr\/wp-json\/wp\/v2\/comments?post=42544"}],"version-history":[{"count":0,"href":"https:\/\/news.canadamotorjobs.com\/fr\/wp-json\/wp\/v2\/posts\/42544\/revisions"}],"wp:featuredmedia":[{"embeddable":true,"href":"https:\/\/news.canadamotorjobs.com\/fr\/wp-json\/wp\/v2\/media\/42548"}],"wp:attachment":[{"href":"https:\/\/news.canadamotorjobs.com\/fr\/wp-json\/wp\/v2\/media?parent=42544"}],"wp:term":[{"taxonomy":"category","embeddable":true,"href":"https:\/\/news.canadamotorjobs.com\/fr\/wp-json\/wp\/v2\/categories?post=42544"},{"taxonomy":"post_tag","embeddable":true,"href":"https:\/\/news.canadamotorjobs.com\/fr\/wp-json\/wp\/v2\/tags?post=42544"}],"curies":[{"name":"wp","href":"https:\/\/api.w.org\/{rel}","templated":true}]}}