{"id":42536,"date":"2022-08-05T08:33:56","date_gmt":"2022-08-05T12:33:56","guid":{"rendered":"https:\/\/blog.canadamotorjobs.com\/fin-de-carriere-pour-linfiniti-q60-et-la-nissan-maxima\/"},"modified":"2022-08-05T08:44:03","modified_gmt":"2022-08-05T12:44:03","slug":"fin-de-carriere-pour-linfiniti-q60-et-la-nissan-maxima","status":"publish","type":"post","link":"https:\/\/news.canadamotorjobs.com\/fr\/fin-de-carriere-pour-linfiniti-q60-et-la-nissan-maxima\/","title":{"rendered":"Fin de carri\u00e8re pour l\u2019Infiniti Q60 et la Nissan Maxima"},"content":{"rendered":"<\/p>\n<p>L&#8217;Infiniti Q60 \u00e9tait cens\u00e9 prendra la rel\u00e8ve des mod\u00e8les G35 et G37 coup\u00e9. Une t\u00e2che \u00e0 laquelle la voiture a lamentablement \u00e9chou\u00e9. Depuis son lancement en 2017, la voiture n\u2019a jamais trouv\u00e9 preneurs. Le G37 avait pourtant attir\u00e9 pas mal de monde. Son style n\u2019\u00e9tait pas le probl\u00e8me, c\u2019est sans doute sa conduite plus confortable que sportive qui en a d\u00e9\u00e7u plusieurs. Infiniti a donc d\u00e9cid\u00e9 de ne pas ramener le mod\u00e8le sur la route pour 2023.<br \/> Le moteur de 400 chevaux va survivre<br \/> Pour ceux qui appr\u00e9cient la performance du moteur V6 3,0 litres turbo de 400 chevaux de la Q60, il va survivre dans les entrailles de la nouvelle Z ou dans la seule berline survivante chez Infiniti la Q50 qui a besoin d\u2019une mise \u00e0 jour bient\u00f4t si elle ne veut pas subir le m\u00eame sort que la Q60. Les chances que Nissan investisse dans ce mod\u00e8le sont toutefois pratiquement nulles.<br \/> La Maxima s\u2019en va au d\u00e9but 2023<br \/> Apr\u00e8s 40 ans sur la route, la Nissan Maxima va tirer sa r\u00e9v\u00e9rence au milieu de l\u2019ann\u00e9e 2023. Il y a donc un\u00a0 mod\u00e8le 2022 largement inchang\u00e9 sur la route, mais il s\u2019agira de la derni\u00e8re mouture. Sans surprise, les ventes ont chut\u00e9 depuis quelques ann\u00e9es et investir de l\u2019argent pour renouveler un mod\u00e8le dans un cr\u00e9neau moribond n\u2019est pas une bonne id\u00e9e. On va donc laisser le mod\u00e8le mourir de sa belle mort. Il s\u2019est vendu au Canada l\u2019an dernier 487 Maxima, c\u2019est presque la moiti\u00e9 moins que<\/p>\n","protected":false},"excerpt":{"rendered":"<p>L&#8217;Infiniti Q60 \u00e9tait cens\u00e9 prendra la rel\u00e8ve des mod\u00e8les G35 et G37 coup\u00e9. Une t\u00e2che \u00e0 laquelle la voiture a lamentablement \u00e9chou\u00e9. Depuis son lancement en 2017, la voiture n\u2019a jamais trouv\u00e9 preneurs. Le G37 avait pourtant attir\u00e9 pas mal de monde. Son style n\u2019\u00e9tait pas le probl\u00e8me, c\u2019est sans doute sa conduite plus confortable [&hellip;]<\/p>\n","protected":false},"author":8,"featured_media":42540,"comment_status":"close","ping_status":"closed","sticky":false,"template":"","format":"standard","meta":{"_monsterinsights_skip_tracking":false,"_monsterinsights_sitenote_active":false,"_monsterinsights_sitenote_note":"","_monsterinsights_sitenote_category":0,"footnotes":""},"categories":[101],"tags":[],"yoast_head":"<!-- This site is optimized with the Yoast SEO plugin v23.2 - https:\/\/yoast.com\/wordpress\/plugins\/seo\/ -->\n<title>Fin de carri\u00e8re pour l\u2019Infiniti Q60 et la Nissan Maxima - CanadaMotorJobs.com<\/title>\n<meta name=\"description\" content=\"Fin de carri\u00e8re pour l\u2019Infiniti Q60 et la Nissan Maxima - Benoit Charette - Annuel automobile - CanadaMotorJobs.com.\" \/>\n<meta name=\"robots\" content=\"index, follow, max-snippet:-1, max-image-preview:large, max-video-preview:-1\" \/>\n<meta property=\"og:locale\" content=\"fr_CA\" \/>\n<meta property=\"og:type\" content=\"article\" \/>\n<meta property=\"og:title\" content=\"Fin de carri\u00e8re pour l\u2019Infiniti Q60 et la Nissan Maxima - CanadaMotorJobs.com\" \/>\n<meta property=\"og:description\" content=\"Fin de carri\u00e8re pour l\u2019Infiniti Q60 et la Nissan Maxima - Benoit Charette - Annuel automobile - CanadaMotorJobs.com.\" \/>\n<meta property=\"og:url\" content=\"https:\/\/news.canadamotorjobs.com\/fr\/fin-de-carriere-pour-linfiniti-q60-et-la-nissan-maxima\/\" \/>\n<meta property=\"og:site_name\" content=\"CanadaMotorJobs.com\" \/>\n<meta property=\"article:publisher\" content=\"https:\/\/www.facebook.com\/canadamotorjobs\/\" \/>\n<meta property=\"article:published_time\" content=\"2022-08-05T12:33:56+00:00\" \/>\n<meta property=\"article:modified_time\" content=\"2022-08-05T12:44:03+00:00\" \/>\n<meta property=\"og:image\" content=\"https:\/\/news.canadamotorjobs.com\/wp-content\/uploads\/2022\/08\/MY21-Q60-design-hero-1200x600-1-1.jpg\" \/>\n\t<meta property=\"og:image:width\" content=\"1200\" \/>\n\t<meta property=\"og:image:height\" content=\"600\" \/>\n\t<meta property=\"og:image:type\" content=\"image\/jpeg\" \/>\n<meta name=\"author\" content=\"Benoit Charette\" \/>\n<meta name=\"twitter:card\" content=\"summary_large_image\" \/>\n<meta name=\"twitter:creator\" content=\"@canadamotorjobs\" \/>\n<meta name=\"twitter:site\" content=\"@canadamotorjobs\" \/>\n<meta name=\"twitter:label1\" content=\"\u00c9crit par\" \/>\n\t<meta name=\"twitter:data1\" content=\"Benoit Charette\" \/>\n\t<meta name=\"twitter:label2\" content=\"Estimation du temps de lecture\" \/>\n\t<meta name=\"twitter:data2\" content=\"1 minute\" \/>\n<!-- \/ Yoast SEO plugin. -->","yoast_head_json":{"title":"Fin de carri\u00e8re pour l\u2019Infiniti Q60 et la Nissan Maxima - CanadaMotorJobs.com","description":"Fin de carri\u00e8re pour l\u2019Infiniti Q60 et la Nissan Maxima - Benoit Charette - Annuel automobile - CanadaMotorJobs.com.","robots":{"index":"index","follow":"follow","max-snippet":"max-snippet:-1","max-image-preview":"max-image-preview:large","max-video-preview":"max-video-preview:-1"},"og_locale":"fr_CA","og_type":"article","og_title":"Fin de carri\u00e8re pour l\u2019Infiniti Q60 et la Nissan Maxima - CanadaMotorJobs.com","og_description":"Fin de carri\u00e8re pour l\u2019Infiniti Q60 et la Nissan Maxima - Benoit Charette - Annuel automobile - CanadaMotorJobs.com.","og_url":"https:\/\/news.canadamotorjobs.com\/fr\/fin-de-carriere-pour-linfiniti-q60-et-la-nissan-maxima\/","og_site_name":"CanadaMotorJobs.com","article_publisher":"https:\/\/www.facebook.com\/canadamotorjobs\/","article_published_time":"2022-08-05T12:33:56+00:00","article_modified_time":"2022-08-05T12:44:03+00:00","og_image":[{"width":1200,"height":600,"url":"https:\/\/news.canadamotorjobs.com\/wp-content\/uploads\/2022\/08\/MY21-Q60-design-hero-1200x600-1-1.jpg","type":"image\/jpeg"}],"author":"Benoit Charette","twitter_card":"summary_large_image","twitter_creator":"@canadamotorjobs","twitter_site":"@canadamotorjobs","twitter_misc":{"\u00c9crit par":"Benoit Charette","Estimation du temps de lecture":"1 minute"},"schema":{"@context":"https:\/\/schema.org","@graph":[{"@type":"Article","@id":"https:\/\/news.canadamotorjobs.com\/fr\/fin-de-carriere-pour-linfiniti-q60-et-la-nissan-maxima\/#article","isPartOf":{"@id":"https:\/\/news.canadamotorjobs.com\/fr\/fin-de-carriere-pour-linfiniti-q60-et-la-nissan-maxima\/"},"author":{"name":"Benoit Charette","@id":"https:\/\/news.canadamotorjobs.com\/#\/schema\/person\/51793d1f87d44011d7bcc2ed99269a90"},"headline":"Fin de carri\u00e8re pour l\u2019Infiniti Q60 et la Nissan Maxima","datePublished":"2022-08-05T12:33:56+00:00","dateModified":"2022-08-05T12:44:03+00:00","mainEntityOfPage":{"@id":"https:\/\/news.canadamotorjobs.com\/fr\/fin-de-carriere-pour-linfiniti-q60-et-la-nissan-maxima\/"},"wordCount":286,"publisher":{"@id":"https:\/\/news.canadamotorjobs.com\/#organization"},"image":{"@id":"https:\/\/news.canadamotorjobs.com\/fr\/fin-de-carriere-pour-linfiniti-q60-et-la-nissan-maxima\/#primaryimage"},"thumbnailUrl":"https:\/\/news.canadamotorjobs.com\/wp-content\/uploads\/2022\/08\/MY21-Q60-design-hero-1200x600-1-1.jpg","articleSection":["Annuel automobile"],"inLanguage":"fr-CA"},{"@type":"WebPage","@id":"https:\/\/news.canadamotorjobs.com\/fr\/fin-de-carriere-pour-linfiniti-q60-et-la-nissan-maxima\/","url":"https:\/\/news.canadamotorjobs.com\/fr\/fin-de-carriere-pour-linfiniti-q60-et-la-nissan-maxima\/","name":"Fin de carri\u00e8re pour l\u2019Infiniti Q60 et la Nissan Maxima - CanadaMotorJobs.com","isPartOf":{"@id":"https:\/\/news.canadamotorjobs.com\/#website"},"primaryImageOfPage":{"@id":"https:\/\/news.canadamotorjobs.com\/fr\/fin-de-carriere-pour-linfiniti-q60-et-la-nissan-maxima\/#primaryimage"},"image":{"@id":"https:\/\/news.canadamotorjobs.com\/fr\/fin-de-carriere-pour-linfiniti-q60-et-la-nissan-maxima\/#primaryimage"},"thumbnailUrl":"https:\/\/news.canadamotorjobs.com\/wp-content\/uploads\/2022\/08\/MY21-Q60-design-hero-1200x600-1-1.jpg","datePublished":"2022-08-05T12:33:56+00:00","dateModified":"2022-08-05T12:44:03+00:00","description":"Fin de carri\u00e8re pour l\u2019Infiniti Q60 et la Nissan Maxima - Benoit Charette - Annuel automobile - CanadaMotorJobs.com.","breadcrumb":{"@id":"https:\/\/news.canadamotorjobs.com\/fr\/fin-de-carriere-pour-linfiniti-q60-et-la-nissan-maxima\/#breadcrumb"},"inLanguage":"fr-CA","potentialAction":[{"@type":"ReadAction","target":["https:\/\/news.canadamotorjobs.com\/fr\/fin-de-carriere-pour-linfiniti-q60-et-la-nissan-maxima\/"]}]},{"@type":"ImageObject","inLanguage":"fr-CA","@id":"https:\/\/news.canadamotorjobs.com\/fr\/fin-de-carriere-pour-linfiniti-q60-et-la-nissan-maxima\/#primaryimage","url":"https:\/\/news.canadamotorjobs.com\/wp-content\/uploads\/2022\/08\/MY21-Q60-design-hero-1200x600-1-1.jpg","contentUrl":"https:\/\/news.canadamotorjobs.com\/wp-content\/uploads\/2022\/08\/MY21-Q60-design-hero-1200x600-1-1.jpg","width":1200,"height":600},{"@type":"BreadcrumbList","@id":"https:\/\/news.canadamotorjobs.com\/fr\/fin-de-carriere-pour-linfiniti-q60-et-la-nissan-maxima\/#breadcrumb","itemListElement":[{"@type":"ListItem","position":1,"name":"Home","item":"https:\/\/news.canadamotorjobs.com\/fr\/blog\/"},{"@type":"ListItem","position":2,"name":"Fin de carri\u00e8re pour l\u2019Infiniti Q60 et la Nissan Maxima"}]},{"@type":"WebSite","@id":"https:\/\/news.canadamotorjobs.com\/#website","url":"https:\/\/news.canadamotorjobs.com\/","name":"CanadaMotorJobs.com","description":"Automotive Jobs","publisher":{"@id":"https:\/\/news.canadamotorjobs.com\/#organization"},"potentialAction":[{"@type":"SearchAction","target":{"@type":"EntryPoint","urlTemplate":"https:\/\/news.canadamotorjobs.com\/?s={search_term_string}"},"query-input":"required name=search_term_string"}],"inLanguage":"fr-CA"},{"@type":"Organization","@id":"https:\/\/news.canadamotorjobs.com\/#organization","name":"Canada Motor Jobs","url":"https:\/\/news.canadamotorjobs.com\/","logo":{"@type":"ImageObject","inLanguage":"fr-CA","@id":"https:\/\/news.canadamotorjobs.com\/#\/schema\/logo\/image\/","url":"https:\/\/news.canadamotorjobs.com\/wp-content\/uploads\/2022\/10\/logo-canada-motor-jobs-1.png","contentUrl":"https:\/\/news.canadamotorjobs.com\/wp-content\/uploads\/2022\/10\/logo-canada-motor-jobs-1.png","width":800,"height":400,"caption":"Canada Motor Jobs"},"image":{"@id":"https:\/\/news.canadamotorjobs.com\/#\/schema\/logo\/image\/"},"sameAs":["https:\/\/www.facebook.com\/canadamotorjobs\/","https:\/\/x.com\/canadamotorjobs","https:\/\/www.instagram.com\/canadamotorjobs\/","https:\/\/www.linkedin.com\/company\/canadamotorjobs"]},{"@type":"Person","@id":"https:\/\/news.canadamotorjobs.com\/#\/schema\/person\/51793d1f87d44011d7bcc2ed99269a90","name":"Benoit Charette","image":{"@type":"ImageObject","inLanguage":"fr-CA","@id":"https:\/\/news.canadamotorjobs.com\/#\/schema\/person\/image\/","url":"https:\/\/secure.gravatar.com\/avatar\/45f3d2eebcccd909668d7ce7ea7267b6?s=96&d=mm&r=g","contentUrl":"https:\/\/secure.gravatar.com\/avatar\/45f3d2eebcccd909668d7ce7ea7267b6?s=96&d=mm&r=g","caption":"Benoit Charette"},"description":"Benoit Charette \/ Propri\u00e9taire et r\u00e9dacteur en chef Benoit Charette pratique le journalisme automobile depuis bient\u00f4t 30 ans. Il a fait ses classes au c\u00f4t\u00e9 de Daniel H\u00e9raud et au Carnet de route de 1992 \u00e0 2001. Il est fondateur, copropri\u00e9taire et r\u00e9dacteur en chef de L\u2019Annuel de l\u2019automobile, qu\u2019il publie depuis 2001. Il a anim\u00e9 les \u00e9missions RPM et RPM+ sur V et les L\u00e9gendes de la route sur Historia. \u00c0 la radio depuis 1986, il reprend l\u2019antenne cette ann\u00e9e sur les ondes de Cogeco et participe pour la deuxi\u00e8me ann\u00e9e \u00e0 l\u2019\u00e9mission Passion Auto sur RDS en plus de mettre en ligne le site Web officiel de L\u2019Annuel de l\u2019automobile sur annuelauto.ca.","sameAs":["https:\/\/annuelauto.ca\/"],"url":"https:\/\/news.canadamotorjobs.com\/fr\/author\/benoit-charette\/"}]}},"_links":{"self":[{"href":"https:\/\/news.canadamotorjobs.com\/fr\/wp-json\/wp\/v2\/posts\/42536"}],"collection":[{"href":"https:\/\/news.canadamotorjobs.com\/fr\/wp-json\/wp\/v2\/posts"}],"about":[{"href":"https:\/\/news.canadamotorjobs.com\/fr\/wp-json\/wp\/v2\/types\/post"}],"author":[{"embeddable":true,"href":"https:\/\/news.canadamotorjobs.com\/fr\/wp-json\/wp\/v2\/users\/8"}],"replies":[{"embeddable":true,"href":"https:\/\/news.canadamotorjobs.com\/fr\/wp-json\/wp\/v2\/comments?post=42536"}],"version-history":[{"count":0,"href":"https:\/\/news.canadamotorjobs.com\/fr\/wp-json\/wp\/v2\/posts\/42536\/revisions"}],"wp:featuredmedia":[{"embeddable":true,"href":"https:\/\/news.canadamotorjobs.com\/fr\/wp-json\/wp\/v2\/media\/42540"}],"wp:attachment":[{"href":"https:\/\/news.canadamotorjobs.com\/fr\/wp-json\/wp\/v2\/media?parent=42536"}],"wp:term":[{"taxonomy":"category","embeddable":true,"href":"https:\/\/news.canadamotorjobs.com\/fr\/wp-json\/wp\/v2\/categories?post=42536"},{"taxonomy":"post_tag","embeddable":true,"href":"https:\/\/news.canadamotorjobs.com\/fr\/wp-json\/wp\/v2\/tags?post=42536"}],"curies":[{"name":"wp","href":"https:\/\/api.w.org\/{rel}","templated":true}]}}