{"id":42528,"date":"2022-08-04T20:28:07","date_gmt":"2022-08-05T00:28:07","guid":{"rendered":"https:\/\/blog.canadamotorjobs.com\/lauto-volante-samson-switchblade-prendra-bientot-son-envol\/"},"modified":"2022-08-04T20:58:59","modified_gmt":"2022-08-05T00:58:59","slug":"lauto-volante-samson-switchblade-prendra-bientot-son-envol","status":"publish","type":"post","link":"https:\/\/news.canadamotorjobs.com\/fr\/lauto-volante-samson-switchblade-prendra-bientot-son-envol\/","title":{"rendered":"L\u2019auto volante Samson Switchblade prendra bient\u00f4t son envol"},"content":{"rendered":"<\/p>\n<p>Dans un avenir rapproch\u00e9, vous verrez peut-\u00eatre un v\u00e9hicule comme celui-ci vous croiser sur la route\u2026 ou elle vous survolera pendant que vous poirotez dans le trafic de 17h00 ! En juillet, le prototype de la Samson Switchblade a re\u00e7u une certification de la FAA (Federal Aviation Administration) permettant \u00e0 ses concepteurs de commencer les vols d\u2019essai. Apr\u00e8s 14 ann\u00e9es de d\u00e9veloppement, cette <a href=\"https:\/\/annuelauto.ca\/une-premiere-voiture-volante-en-2025\/\" target=\"_blank\" rel=\"noopener noreferrer\">voiture volante<\/a> prendra donc enfin son envol.<\/p>\n<p> Mise au point par la soci\u00e9t\u00e9 Samson\u00a0Sky de Redmond en Or\u00e9gon, la Switchblade est qualifi\u00e9e de \u00ab\u00a0premi\u00e8re voiture sport volante de l\u2019histoire\u00a0\u00bb par son cr\u00e9ateur, Sam Bousfield. Chef de la direction de l\u2019entreprise, il r\u00eave de construire ce genre de v\u00e9hicule depuis son plus jeune \u00e2ge.<\/p>\n<p> Son a\u00e9ronef routier a trois roues, un habitacle biplace comparable \u00e0 celui d\u2019une auto et une motorisation hybride. De plus, ses dimensions conviennent au garage d\u2019une r\u00e9sidence unifamiliale typique d\u2019Am\u00e9rique du Nord, du moins lorsque ses ailes sont repli\u00e9es.<br \/> <strong>Une aile qui se d\u00e9ploie comme une lame de canif<\/strong><br \/> Rang\u00e9e dans un espace situ\u00e9 sous l\u2019habitacle, ses ailes se d\u00e9ploient en moins de trois minutes de l\u2019avant vers l\u2019arri\u00e8re comme la lame d\u2019un couteau \u00e0 cran d\u2019arr\u00eat, un type de canif que les anglophones surnomment justement <em>switchblade<\/em>. Pendant ce temps, \u00e0 l\u2019arri\u00e8re, la d\u00e9rive, l\u2019empennage et les gouvernes se d\u00e9plient et se soul\u00e8vent au bout d\u2019une poutre qui s\u2019\u00e9tirent pour les \u00e9loigner du logement de l\u2019h\u00e9lice \u00e0 cinq pales.<\/p>\n<p> Cette auto volante est dot\u00e9e d\u2019un tricylindre \u00e0 essence de<\/p>\n","protected":false},"excerpt":{"rendered":"<p>Dans un avenir rapproch\u00e9, vous verrez peut-\u00eatre un v\u00e9hicule comme celui-ci vous croiser sur la route\u2026 ou elle vous survolera pendant que vous poirotez dans le trafic de 17h00 ! En juillet, le prototype de la Samson Switchblade a re\u00e7u une certification de la FAA (Federal Aviation Administration) permettant \u00e0 ses concepteurs de commencer les [&hellip;]<\/p>\n","protected":false},"author":8,"featured_media":42532,"comment_status":"close","ping_status":"closed","sticky":false,"template":"","format":"standard","meta":{"_monsterinsights_skip_tracking":false,"_monsterinsights_sitenote_active":false,"_monsterinsights_sitenote_note":"","_monsterinsights_sitenote_category":0,"footnotes":""},"categories":[101],"tags":[],"yoast_head":"<!-- This site is optimized with the Yoast SEO plugin v23.2 - https:\/\/yoast.com\/wordpress\/plugins\/seo\/ -->\n<title>L\u2019auto volante Samson Switchblade prendra bient\u00f4t son envol - CanadaMotorJobs.com<\/title>\n<meta name=\"description\" content=\"L\u2019auto volante Samson Switchblade prendra bient\u00f4t son envol - Benoit Charette - Annuel automobile - CanadaMotorJobs.com.\" \/>\n<meta name=\"robots\" content=\"index, follow, max-snippet:-1, max-image-preview:large, max-video-preview:-1\" \/>\n<meta property=\"og:locale\" content=\"fr_CA\" \/>\n<meta property=\"og:type\" content=\"article\" \/>\n<meta property=\"og:title\" content=\"L\u2019auto volante Samson Switchblade prendra bient\u00f4t son envol - CanadaMotorJobs.com\" \/>\n<meta property=\"og:description\" content=\"L\u2019auto volante Samson Switchblade prendra bient\u00f4t son envol - Benoit Charette - Annuel automobile - CanadaMotorJobs.com.\" \/>\n<meta property=\"og:url\" content=\"https:\/\/news.canadamotorjobs.com\/fr\/lauto-volante-samson-switchblade-prendra-bientot-son-envol\/\" \/>\n<meta property=\"og:site_name\" content=\"CanadaMotorJobs.com\" \/>\n<meta property=\"article:publisher\" content=\"https:\/\/www.facebook.com\/canadamotorjobs\/\" \/>\n<meta property=\"article:published_time\" content=\"2022-08-05T00:28:07+00:00\" \/>\n<meta property=\"article:modified_time\" content=\"2022-08-05T00:58:59+00:00\" \/>\n<meta property=\"og:image\" content=\"https:\/\/news.canadamotorjobs.com\/wp-content\/uploads\/2022\/08\/Samson-Swithblade-4a-1.jpg\" \/>\n\t<meta property=\"og:image:width\" content=\"1500\" \/>\n\t<meta property=\"og:image:height\" content=\"1000\" \/>\n\t<meta property=\"og:image:type\" content=\"image\/jpeg\" \/>\n<meta name=\"author\" content=\"Benoit Charette\" \/>\n<meta name=\"twitter:card\" content=\"summary_large_image\" \/>\n<meta name=\"twitter:creator\" content=\"@canadamotorjobs\" \/>\n<meta name=\"twitter:site\" content=\"@canadamotorjobs\" \/>\n<meta name=\"twitter:label1\" content=\"\u00c9crit par\" \/>\n\t<meta name=\"twitter:data1\" content=\"Benoit Charette\" \/>\n\t<meta name=\"twitter:label2\" content=\"Estimation du temps de lecture\" \/>\n\t<meta name=\"twitter:data2\" content=\"1 minute\" \/>\n<!-- \/ Yoast SEO plugin. -->","yoast_head_json":{"title":"L\u2019auto volante Samson Switchblade prendra bient\u00f4t son envol - CanadaMotorJobs.com","description":"L\u2019auto volante Samson Switchblade prendra bient\u00f4t son envol - Benoit Charette - Annuel automobile - CanadaMotorJobs.com.","robots":{"index":"index","follow":"follow","max-snippet":"max-snippet:-1","max-image-preview":"max-image-preview:large","max-video-preview":"max-video-preview:-1"},"og_locale":"fr_CA","og_type":"article","og_title":"L\u2019auto volante Samson Switchblade prendra bient\u00f4t son envol - CanadaMotorJobs.com","og_description":"L\u2019auto volante Samson Switchblade prendra bient\u00f4t son envol - Benoit Charette - Annuel automobile - CanadaMotorJobs.com.","og_url":"https:\/\/news.canadamotorjobs.com\/fr\/lauto-volante-samson-switchblade-prendra-bientot-son-envol\/","og_site_name":"CanadaMotorJobs.com","article_publisher":"https:\/\/www.facebook.com\/canadamotorjobs\/","article_published_time":"2022-08-05T00:28:07+00:00","article_modified_time":"2022-08-05T00:58:59+00:00","og_image":[{"width":1500,"height":1000,"url":"https:\/\/news.canadamotorjobs.com\/wp-content\/uploads\/2022\/08\/Samson-Swithblade-4a-1.jpg","type":"image\/jpeg"}],"author":"Benoit Charette","twitter_card":"summary_large_image","twitter_creator":"@canadamotorjobs","twitter_site":"@canadamotorjobs","twitter_misc":{"\u00c9crit par":"Benoit Charette","Estimation du temps de lecture":"1 minute"},"schema":{"@context":"https:\/\/schema.org","@graph":[{"@type":"Article","@id":"https:\/\/news.canadamotorjobs.com\/fr\/lauto-volante-samson-switchblade-prendra-bientot-son-envol\/#article","isPartOf":{"@id":"https:\/\/news.canadamotorjobs.com\/fr\/lauto-volante-samson-switchblade-prendra-bientot-son-envol\/"},"author":{"name":"Benoit Charette","@id":"https:\/\/news.canadamotorjobs.com\/#\/schema\/person\/51793d1f87d44011d7bcc2ed99269a90"},"headline":"L\u2019auto volante Samson Switchblade prendra bient\u00f4t son envol","datePublished":"2022-08-05T00:28:07+00:00","dateModified":"2022-08-05T00:58:59+00:00","mainEntityOfPage":{"@id":"https:\/\/news.canadamotorjobs.com\/fr\/lauto-volante-samson-switchblade-prendra-bientot-son-envol\/"},"wordCount":293,"publisher":{"@id":"https:\/\/news.canadamotorjobs.com\/#organization"},"image":{"@id":"https:\/\/news.canadamotorjobs.com\/fr\/lauto-volante-samson-switchblade-prendra-bientot-son-envol\/#primaryimage"},"thumbnailUrl":"https:\/\/news.canadamotorjobs.com\/wp-content\/uploads\/2022\/08\/Samson-Swithblade-4a-1.jpg","articleSection":["Annuel automobile"],"inLanguage":"fr-CA"},{"@type":"WebPage","@id":"https:\/\/news.canadamotorjobs.com\/fr\/lauto-volante-samson-switchblade-prendra-bientot-son-envol\/","url":"https:\/\/news.canadamotorjobs.com\/fr\/lauto-volante-samson-switchblade-prendra-bientot-son-envol\/","name":"L\u2019auto volante Samson Switchblade prendra bient\u00f4t son envol - CanadaMotorJobs.com","isPartOf":{"@id":"https:\/\/news.canadamotorjobs.com\/#website"},"primaryImageOfPage":{"@id":"https:\/\/news.canadamotorjobs.com\/fr\/lauto-volante-samson-switchblade-prendra-bientot-son-envol\/#primaryimage"},"image":{"@id":"https:\/\/news.canadamotorjobs.com\/fr\/lauto-volante-samson-switchblade-prendra-bientot-son-envol\/#primaryimage"},"thumbnailUrl":"https:\/\/news.canadamotorjobs.com\/wp-content\/uploads\/2022\/08\/Samson-Swithblade-4a-1.jpg","datePublished":"2022-08-05T00:28:07+00:00","dateModified":"2022-08-05T00:58:59+00:00","description":"L\u2019auto volante Samson Switchblade prendra bient\u00f4t son envol - Benoit Charette - Annuel automobile - CanadaMotorJobs.com.","breadcrumb":{"@id":"https:\/\/news.canadamotorjobs.com\/fr\/lauto-volante-samson-switchblade-prendra-bientot-son-envol\/#breadcrumb"},"inLanguage":"fr-CA","potentialAction":[{"@type":"ReadAction","target":["https:\/\/news.canadamotorjobs.com\/fr\/lauto-volante-samson-switchblade-prendra-bientot-son-envol\/"]}]},{"@type":"ImageObject","inLanguage":"fr-CA","@id":"https:\/\/news.canadamotorjobs.com\/fr\/lauto-volante-samson-switchblade-prendra-bientot-son-envol\/#primaryimage","url":"https:\/\/news.canadamotorjobs.com\/wp-content\/uploads\/2022\/08\/Samson-Swithblade-4a-1.jpg","contentUrl":"https:\/\/news.canadamotorjobs.com\/wp-content\/uploads\/2022\/08\/Samson-Swithblade-4a-1.jpg","width":1500,"height":1000},{"@type":"BreadcrumbList","@id":"https:\/\/news.canadamotorjobs.com\/fr\/lauto-volante-samson-switchblade-prendra-bientot-son-envol\/#breadcrumb","itemListElement":[{"@type":"ListItem","position":1,"name":"Home","item":"https:\/\/news.canadamotorjobs.com\/fr\/blog\/"},{"@type":"ListItem","position":2,"name":"L\u2019auto volante Samson Switchblade prendra bient\u00f4t son envol"}]},{"@type":"WebSite","@id":"https:\/\/news.canadamotorjobs.com\/#website","url":"https:\/\/news.canadamotorjobs.com\/","name":"CanadaMotorJobs.com","description":"Automotive Jobs","publisher":{"@id":"https:\/\/news.canadamotorjobs.com\/#organization"},"potentialAction":[{"@type":"SearchAction","target":{"@type":"EntryPoint","urlTemplate":"https:\/\/news.canadamotorjobs.com\/?s={search_term_string}"},"query-input":"required name=search_term_string"}],"inLanguage":"fr-CA"},{"@type":"Organization","@id":"https:\/\/news.canadamotorjobs.com\/#organization","name":"Canada Motor Jobs","url":"https:\/\/news.canadamotorjobs.com\/","logo":{"@type":"ImageObject","inLanguage":"fr-CA","@id":"https:\/\/news.canadamotorjobs.com\/#\/schema\/logo\/image\/","url":"https:\/\/news.canadamotorjobs.com\/wp-content\/uploads\/2022\/10\/logo-canada-motor-jobs-1.png","contentUrl":"https:\/\/news.canadamotorjobs.com\/wp-content\/uploads\/2022\/10\/logo-canada-motor-jobs-1.png","width":800,"height":400,"caption":"Canada Motor Jobs"},"image":{"@id":"https:\/\/news.canadamotorjobs.com\/#\/schema\/logo\/image\/"},"sameAs":["https:\/\/www.facebook.com\/canadamotorjobs\/","https:\/\/x.com\/canadamotorjobs","https:\/\/www.instagram.com\/canadamotorjobs\/","https:\/\/www.linkedin.com\/company\/canadamotorjobs"]},{"@type":"Person","@id":"https:\/\/news.canadamotorjobs.com\/#\/schema\/person\/51793d1f87d44011d7bcc2ed99269a90","name":"Benoit Charette","image":{"@type":"ImageObject","inLanguage":"fr-CA","@id":"https:\/\/news.canadamotorjobs.com\/#\/schema\/person\/image\/","url":"https:\/\/secure.gravatar.com\/avatar\/45f3d2eebcccd909668d7ce7ea7267b6?s=96&d=mm&r=g","contentUrl":"https:\/\/secure.gravatar.com\/avatar\/45f3d2eebcccd909668d7ce7ea7267b6?s=96&d=mm&r=g","caption":"Benoit Charette"},"description":"Benoit Charette \/ Propri\u00e9taire et r\u00e9dacteur en chef Benoit Charette pratique le journalisme automobile depuis bient\u00f4t 30 ans. Il a fait ses classes au c\u00f4t\u00e9 de Daniel H\u00e9raud et au Carnet de route de 1992 \u00e0 2001. Il est fondateur, copropri\u00e9taire et r\u00e9dacteur en chef de L\u2019Annuel de l\u2019automobile, qu\u2019il publie depuis 2001. Il a anim\u00e9 les \u00e9missions RPM et RPM+ sur V et les L\u00e9gendes de la route sur Historia. \u00c0 la radio depuis 1986, il reprend l\u2019antenne cette ann\u00e9e sur les ondes de Cogeco et participe pour la deuxi\u00e8me ann\u00e9e \u00e0 l\u2019\u00e9mission Passion Auto sur RDS en plus de mettre en ligne le site Web officiel de L\u2019Annuel de l\u2019automobile sur annuelauto.ca.","sameAs":["https:\/\/annuelauto.ca\/"],"url":"https:\/\/news.canadamotorjobs.com\/fr\/author\/benoit-charette\/"}]}},"_links":{"self":[{"href":"https:\/\/news.canadamotorjobs.com\/fr\/wp-json\/wp\/v2\/posts\/42528"}],"collection":[{"href":"https:\/\/news.canadamotorjobs.com\/fr\/wp-json\/wp\/v2\/posts"}],"about":[{"href":"https:\/\/news.canadamotorjobs.com\/fr\/wp-json\/wp\/v2\/types\/post"}],"author":[{"embeddable":true,"href":"https:\/\/news.canadamotorjobs.com\/fr\/wp-json\/wp\/v2\/users\/8"}],"replies":[{"embeddable":true,"href":"https:\/\/news.canadamotorjobs.com\/fr\/wp-json\/wp\/v2\/comments?post=42528"}],"version-history":[{"count":0,"href":"https:\/\/news.canadamotorjobs.com\/fr\/wp-json\/wp\/v2\/posts\/42528\/revisions"}],"wp:featuredmedia":[{"embeddable":true,"href":"https:\/\/news.canadamotorjobs.com\/fr\/wp-json\/wp\/v2\/media\/42532"}],"wp:attachment":[{"href":"https:\/\/news.canadamotorjobs.com\/fr\/wp-json\/wp\/v2\/media?parent=42528"}],"wp:term":[{"taxonomy":"category","embeddable":true,"href":"https:\/\/news.canadamotorjobs.com\/fr\/wp-json\/wp\/v2\/categories?post=42528"},{"taxonomy":"post_tag","embeddable":true,"href":"https:\/\/news.canadamotorjobs.com\/fr\/wp-json\/wp\/v2\/tags?post=42528"}],"curies":[{"name":"wp","href":"https:\/\/api.w.org\/{rel}","templated":true}]}}