{"id":42519,"date":"2022-08-04T12:08:23","date_gmt":"2022-08-04T16:08:23","guid":{"rendered":"https:\/\/blog.canadamotorjobs.com\/le-circuit-du-mont-tremblant-est-vendu\/"},"modified":"2022-08-04T15:56:41","modified_gmt":"2022-08-04T19:56:41","slug":"le-circuit-du-mont-tremblant-est-vendu","status":"publish","type":"post","link":"https:\/\/news.canadamotorjobs.com\/fr\/le-circuit-du-mont-tremblant-est-vendu\/","title":{"rendered":"Le circuit du Mont-Tremblant est vendu"},"content":{"rendered":"<p>L\u2019ancien propri\u00e9taire du circuit du Mont-Tremblant et actuel copropri\u00e9taire d\u2019Aston Martin, Lawrence Stroll a vendu le circuit du Mont Tremblant \u00e0 Holand Automotive Group \u00e0 la fin du mois de juillet.<\/p>\n<h3>Le m\u00eame propri\u00e9taire que la concession Ferrari<\/h3>\n<p>La personne derri\u00e8re cette transaction est l\u2019homme d\u2019affaires Montr\u00e9alais Gad Bitton qui poss\u00e8de d\u00e9j\u00e0 la concession Rolls-Royce de Montr\u00e9al et avait rachet\u00e9 la concession Ferrari de Lawrence Stroll \u00e0 la fin 2020. Holand Automotive group est aussi propri\u00e9taire de deux concessions BMW et d\u2019une concession Lamborghini en Floride.<\/p>\n<h3>Pr\u00e8s de 20 ans \u00e0 g\u00e9rer le circuit<\/h3>\n<p>Lawrence Stroll a achet\u00e9 le circuit du Mont-Tremblant en 2000 en investissant plusieurs millions pour mettre le circuit conforme aux r\u00e8gles de la FIA en 2004. Le circuit existe depuis 1964 et depuis quelques ann\u00e9es, suite aux plaintes de nombreux citoyens, de nombreuses mesures ont \u00e9t\u00e9 prises par les habitants de Mont-Tremblant pour limiter le bruit. En effet, les nouvelles normes d&#8217;\u00e9mission de bruit sont d\u00e9sormais limit\u00e9es \u00e0 96db. Cette nouvelle r\u00e8gle a effectivement limit\u00e9 le nombre de s\u00e9ries de courses qui peuvent \u00eatre organis\u00e9es sur le circuit. Gad et Meir Bitton sont les administrateurs de cette entreprise qui poss\u00e8de donc d\u00e9sormais les entit\u00e9s Circuit Mont-Tremblant, Club Concours Mont-Tremblant, Piste Mont-Tremblant, \u00c9cole de pilotage Jim Russell, le Circuit et le Sommet des L\u00e9gendes.<\/p>\n<h3>Que nous r\u00e9serve l\u2019avenir<\/h3>\n<p>On peut esp\u00e9rer que certaines formes de courses et d\u2019\u00e9v\u00e9nements continueront \u00e0 se d\u00e9rouler sur ce magnifique circuit gr\u00e2ce aux nouveaux propri\u00e9taires. C&#8217;est une bonne nouvelle pour les amateurs<\/p>\n","protected":false},"excerpt":{"rendered":"<p>L\u2019ancien propri\u00e9taire du circuit du Mont-Tremblant et actuel copropri\u00e9taire d\u2019Aston Martin, Lawrence Stroll a vendu le circuit du Mont Tremblant \u00e0 Holand Automotive Group \u00e0 la fin du mois de juillet. Le m\u00eame propri\u00e9taire que la concession Ferrari La personne derri\u00e8re cette transaction est l\u2019homme d\u2019affaires Montr\u00e9alais Gad Bitton qui poss\u00e8de d\u00e9j\u00e0 la concession Rolls-Royce [&hellip;]<\/p>\n","protected":false},"author":8,"featured_media":42523,"comment_status":"close","ping_status":"closed","sticky":false,"template":"","format":"standard","meta":{"_monsterinsights_skip_tracking":false,"_monsterinsights_sitenote_active":false,"_monsterinsights_sitenote_note":"","_monsterinsights_sitenote_category":0,"footnotes":""},"categories":[101],"tags":[131],"yoast_head":"<!-- This site is optimized with the Yoast SEO plugin v23.2 - https:\/\/yoast.com\/wordpress\/plugins\/seo\/ -->\n<title>Le circuit du Mont-Tremblant est vendu - CanadaMotorJobs.com<\/title>\n<meta name=\"description\" content=\"Le circuit du Mont-Tremblant est vendu - Benoit Charette - Annuel automobile - CanadaMotorJobs.com.\" \/>\n<meta name=\"robots\" content=\"index, follow, max-snippet:-1, max-image-preview:large, max-video-preview:-1\" \/>\n<meta property=\"og:locale\" content=\"fr_CA\" \/>\n<meta property=\"og:type\" content=\"article\" \/>\n<meta property=\"og:title\" content=\"Le circuit du Mont-Tremblant est vendu - CanadaMotorJobs.com\" \/>\n<meta property=\"og:description\" content=\"Le circuit du Mont-Tremblant est vendu - Benoit Charette - Annuel automobile - CanadaMotorJobs.com.\" \/>\n<meta property=\"og:url\" content=\"https:\/\/news.canadamotorjobs.com\/fr\/le-circuit-du-mont-tremblant-est-vendu\/\" \/>\n<meta property=\"og:site_name\" content=\"CanadaMotorJobs.com\" \/>\n<meta property=\"article:publisher\" content=\"https:\/\/www.facebook.com\/canadamotorjobs\/\" \/>\n<meta property=\"article:published_time\" content=\"2022-08-04T16:08:23+00:00\" \/>\n<meta property=\"article:modified_time\" content=\"2022-08-04T19:56:41+00:00\" \/>\n<meta property=\"og:image\" content=\"https:\/\/news.canadamotorjobs.com\/wp-content\/uploads\/2022\/08\/DSCF6991-1.jpg\" \/>\n\t<meta property=\"og:image:width\" content=\"1440\" \/>\n\t<meta property=\"og:image:height\" content=\"960\" \/>\n\t<meta property=\"og:image:type\" content=\"image\/jpeg\" \/>\n<meta name=\"author\" content=\"Benoit Charette\" \/>\n<meta name=\"twitter:card\" content=\"summary_large_image\" \/>\n<meta name=\"twitter:creator\" content=\"@canadamotorjobs\" \/>\n<meta name=\"twitter:site\" content=\"@canadamotorjobs\" \/>\n<meta name=\"twitter:label1\" content=\"\u00c9crit par\" \/>\n\t<meta name=\"twitter:data1\" content=\"Benoit Charette\" \/>\n\t<meta name=\"twitter:label2\" content=\"Estimation du temps de lecture\" \/>\n\t<meta name=\"twitter:data2\" content=\"2 minutes\" \/>\n<!-- \/ Yoast SEO plugin. -->","yoast_head_json":{"title":"Le circuit du Mont-Tremblant est vendu - CanadaMotorJobs.com","description":"Le circuit du Mont-Tremblant est vendu - Benoit Charette - Annuel automobile - CanadaMotorJobs.com.","robots":{"index":"index","follow":"follow","max-snippet":"max-snippet:-1","max-image-preview":"max-image-preview:large","max-video-preview":"max-video-preview:-1"},"og_locale":"fr_CA","og_type":"article","og_title":"Le circuit du Mont-Tremblant est vendu - CanadaMotorJobs.com","og_description":"Le circuit du Mont-Tremblant est vendu - Benoit Charette - Annuel automobile - CanadaMotorJobs.com.","og_url":"https:\/\/news.canadamotorjobs.com\/fr\/le-circuit-du-mont-tremblant-est-vendu\/","og_site_name":"CanadaMotorJobs.com","article_publisher":"https:\/\/www.facebook.com\/canadamotorjobs\/","article_published_time":"2022-08-04T16:08:23+00:00","article_modified_time":"2022-08-04T19:56:41+00:00","og_image":[{"width":1440,"height":960,"url":"https:\/\/news.canadamotorjobs.com\/wp-content\/uploads\/2022\/08\/DSCF6991-1.jpg","type":"image\/jpeg"}],"author":"Benoit Charette","twitter_card":"summary_large_image","twitter_creator":"@canadamotorjobs","twitter_site":"@canadamotorjobs","twitter_misc":{"\u00c9crit par":"Benoit Charette","Estimation du temps de lecture":"2 minutes"},"schema":{"@context":"https:\/\/schema.org","@graph":[{"@type":"Article","@id":"https:\/\/news.canadamotorjobs.com\/fr\/le-circuit-du-mont-tremblant-est-vendu\/#article","isPartOf":{"@id":"https:\/\/news.canadamotorjobs.com\/fr\/le-circuit-du-mont-tremblant-est-vendu\/"},"author":{"name":"Benoit Charette","@id":"https:\/\/news.canadamotorjobs.com\/#\/schema\/person\/51793d1f87d44011d7bcc2ed99269a90"},"headline":"Le circuit du Mont-Tremblant est vendu","datePublished":"2022-08-04T16:08:23+00:00","dateModified":"2022-08-04T19:56:41+00:00","mainEntityOfPage":{"@id":"https:\/\/news.canadamotorjobs.com\/fr\/le-circuit-du-mont-tremblant-est-vendu\/"},"wordCount":283,"publisher":{"@id":"https:\/\/news.canadamotorjobs.com\/#organization"},"image":{"@id":"https:\/\/news.canadamotorjobs.com\/fr\/le-circuit-du-mont-tremblant-est-vendu\/#primaryimage"},"thumbnailUrl":"https:\/\/news.canadamotorjobs.com\/wp-content\/uploads\/2022\/08\/DSCF6991-1.jpg","keywords":["Newsletter"],"articleSection":["Annuel automobile"],"inLanguage":"fr-CA"},{"@type":"WebPage","@id":"https:\/\/news.canadamotorjobs.com\/fr\/le-circuit-du-mont-tremblant-est-vendu\/","url":"https:\/\/news.canadamotorjobs.com\/fr\/le-circuit-du-mont-tremblant-est-vendu\/","name":"Le circuit du Mont-Tremblant est vendu - CanadaMotorJobs.com","isPartOf":{"@id":"https:\/\/news.canadamotorjobs.com\/#website"},"primaryImageOfPage":{"@id":"https:\/\/news.canadamotorjobs.com\/fr\/le-circuit-du-mont-tremblant-est-vendu\/#primaryimage"},"image":{"@id":"https:\/\/news.canadamotorjobs.com\/fr\/le-circuit-du-mont-tremblant-est-vendu\/#primaryimage"},"thumbnailUrl":"https:\/\/news.canadamotorjobs.com\/wp-content\/uploads\/2022\/08\/DSCF6991-1.jpg","datePublished":"2022-08-04T16:08:23+00:00","dateModified":"2022-08-04T19:56:41+00:00","description":"Le circuit du Mont-Tremblant est vendu - Benoit Charette - Annuel automobile - CanadaMotorJobs.com.","breadcrumb":{"@id":"https:\/\/news.canadamotorjobs.com\/fr\/le-circuit-du-mont-tremblant-est-vendu\/#breadcrumb"},"inLanguage":"fr-CA","potentialAction":[{"@type":"ReadAction","target":["https:\/\/news.canadamotorjobs.com\/fr\/le-circuit-du-mont-tremblant-est-vendu\/"]}]},{"@type":"ImageObject","inLanguage":"fr-CA","@id":"https:\/\/news.canadamotorjobs.com\/fr\/le-circuit-du-mont-tremblant-est-vendu\/#primaryimage","url":"https:\/\/news.canadamotorjobs.com\/wp-content\/uploads\/2022\/08\/DSCF6991-1.jpg","contentUrl":"https:\/\/news.canadamotorjobs.com\/wp-content\/uploads\/2022\/08\/DSCF6991-1.jpg","width":1440,"height":960},{"@type":"BreadcrumbList","@id":"https:\/\/news.canadamotorjobs.com\/fr\/le-circuit-du-mont-tremblant-est-vendu\/#breadcrumb","itemListElement":[{"@type":"ListItem","position":1,"name":"Home","item":"https:\/\/news.canadamotorjobs.com\/fr\/blog\/"},{"@type":"ListItem","position":2,"name":"Le circuit du Mont-Tremblant est vendu"}]},{"@type":"WebSite","@id":"https:\/\/news.canadamotorjobs.com\/#website","url":"https:\/\/news.canadamotorjobs.com\/","name":"CanadaMotorJobs.com","description":"Automotive Jobs","publisher":{"@id":"https:\/\/news.canadamotorjobs.com\/#organization"},"potentialAction":[{"@type":"SearchAction","target":{"@type":"EntryPoint","urlTemplate":"https:\/\/news.canadamotorjobs.com\/?s={search_term_string}"},"query-input":"required name=search_term_string"}],"inLanguage":"fr-CA"},{"@type":"Organization","@id":"https:\/\/news.canadamotorjobs.com\/#organization","name":"Canada Motor Jobs","url":"https:\/\/news.canadamotorjobs.com\/","logo":{"@type":"ImageObject","inLanguage":"fr-CA","@id":"https:\/\/news.canadamotorjobs.com\/#\/schema\/logo\/image\/","url":"https:\/\/news.canadamotorjobs.com\/wp-content\/uploads\/2022\/10\/logo-canada-motor-jobs-1.png","contentUrl":"https:\/\/news.canadamotorjobs.com\/wp-content\/uploads\/2022\/10\/logo-canada-motor-jobs-1.png","width":800,"height":400,"caption":"Canada Motor Jobs"},"image":{"@id":"https:\/\/news.canadamotorjobs.com\/#\/schema\/logo\/image\/"},"sameAs":["https:\/\/www.facebook.com\/canadamotorjobs\/","https:\/\/x.com\/canadamotorjobs","https:\/\/www.instagram.com\/canadamotorjobs\/","https:\/\/www.linkedin.com\/company\/canadamotorjobs"]},{"@type":"Person","@id":"https:\/\/news.canadamotorjobs.com\/#\/schema\/person\/51793d1f87d44011d7bcc2ed99269a90","name":"Benoit Charette","image":{"@type":"ImageObject","inLanguage":"fr-CA","@id":"https:\/\/news.canadamotorjobs.com\/#\/schema\/person\/image\/","url":"https:\/\/secure.gravatar.com\/avatar\/45f3d2eebcccd909668d7ce7ea7267b6?s=96&d=mm&r=g","contentUrl":"https:\/\/secure.gravatar.com\/avatar\/45f3d2eebcccd909668d7ce7ea7267b6?s=96&d=mm&r=g","caption":"Benoit Charette"},"description":"Benoit Charette \/ Propri\u00e9taire et r\u00e9dacteur en chef Benoit Charette pratique le journalisme automobile depuis bient\u00f4t 30 ans. Il a fait ses classes au c\u00f4t\u00e9 de Daniel H\u00e9raud et au Carnet de route de 1992 \u00e0 2001. Il est fondateur, copropri\u00e9taire et r\u00e9dacteur en chef de L\u2019Annuel de l\u2019automobile, qu\u2019il publie depuis 2001. Il a anim\u00e9 les \u00e9missions RPM et RPM+ sur V et les L\u00e9gendes de la route sur Historia. \u00c0 la radio depuis 1986, il reprend l\u2019antenne cette ann\u00e9e sur les ondes de Cogeco et participe pour la deuxi\u00e8me ann\u00e9e \u00e0 l\u2019\u00e9mission Passion Auto sur RDS en plus de mettre en ligne le site Web officiel de L\u2019Annuel de l\u2019automobile sur annuelauto.ca.","sameAs":["https:\/\/annuelauto.ca\/"],"url":"https:\/\/news.canadamotorjobs.com\/fr\/author\/benoit-charette\/"}]}},"_links":{"self":[{"href":"https:\/\/news.canadamotorjobs.com\/fr\/wp-json\/wp\/v2\/posts\/42519"}],"collection":[{"href":"https:\/\/news.canadamotorjobs.com\/fr\/wp-json\/wp\/v2\/posts"}],"about":[{"href":"https:\/\/news.canadamotorjobs.com\/fr\/wp-json\/wp\/v2\/types\/post"}],"author":[{"embeddable":true,"href":"https:\/\/news.canadamotorjobs.com\/fr\/wp-json\/wp\/v2\/users\/8"}],"replies":[{"embeddable":true,"href":"https:\/\/news.canadamotorjobs.com\/fr\/wp-json\/wp\/v2\/comments?post=42519"}],"version-history":[{"count":0,"href":"https:\/\/news.canadamotorjobs.com\/fr\/wp-json\/wp\/v2\/posts\/42519\/revisions"}],"wp:featuredmedia":[{"embeddable":true,"href":"https:\/\/news.canadamotorjobs.com\/fr\/wp-json\/wp\/v2\/media\/42523"}],"wp:attachment":[{"href":"https:\/\/news.canadamotorjobs.com\/fr\/wp-json\/wp\/v2\/media?parent=42519"}],"wp:term":[{"taxonomy":"category","embeddable":true,"href":"https:\/\/news.canadamotorjobs.com\/fr\/wp-json\/wp\/v2\/categories?post=42519"},{"taxonomy":"post_tag","embeddable":true,"href":"https:\/\/news.canadamotorjobs.com\/fr\/wp-json\/wp\/v2\/tags?post=42519"}],"curies":[{"name":"wp","href":"https:\/\/api.w.org\/{rel}","templated":true}]}}