{"id":42508,"date":"2022-08-04T08:22:31","date_gmt":"2022-08-04T12:22:31","guid":{"rendered":"https:\/\/blog.canadamotorjobs.com\/le-prix-de-lelectricite-avec-celui-de-lessence\/"},"modified":"2022-08-04T11:28:27","modified_gmt":"2022-08-04T15:28:27","slug":"le-prix-de-lelectricite-avec-celui-de-lessence","status":"publish","type":"post","link":"https:\/\/news.canadamotorjobs.com\/fr\/le-prix-de-lelectricite-avec-celui-de-lessence\/","title":{"rendered":"Le prix de l\u2019\u00e9lectricit\u00e9 avec celui de l\u2019essence"},"content":{"rendered":"<p>Ce n\u2019est pas encore pratique courante, mais souhaitons que cela le devienne. Une station-service de Denver au Colorado exploit\u00e9 par la cha\u00eene Choice Market affiche clairement ses prix, celui de l&#8217;essence et de l&#8217;\u00e9lectricit\u00e9. En plus des pompes \u00e0 essence, la station dispose de deux chargeurs CC rapides de 50 kW. Chacun d&#8217;eux est \u00e9quip\u00e9 d&#8217;un connecteur CCS standard et d&#8217;une prise CHAdeMO. La station utilise elle-m\u00eame une Nissan Leaf comme v\u00e9hicule de livraison, ce qui signifie que la prise CHAdeMO est tr\u00e8s utile. Selon les rapports de PlugShare, les prix de recharge tournent normalement autour de 15 cents par kilowattheure. Il s&#8217;agit d&#8217;un prix tr\u00e8s comp\u00e9titif pour la r\u00e9gion, d&#8217;autres sites voisins facturant beaucoup plus. Quoi qu&#8217;il en soit, gr\u00e2ce au grand panneau num\u00e9rique, vous savez toujours ce que vous allez obtenir avant de vous mettre en charge.<\/p>\n<h3>Une politique qui devrait \u00eatre obligatoire<\/h3>\n<p>Toutes les stations-service affichent le prix au litre de l\u2019essence ordinaire, et du carburant Diesel. Selon nous, on devrait faire la m\u00eame chose avec le prix des recharges \u00e9lectriques. Les prix vont dans certains cas du simple au double selon le r\u00e9seau de recharge visit\u00e9. Les prix ne sont pas non plus les m\u00eames selon que vous rechargiez \u00e0 une borne de 50 KW ou 100\u00a0kW ou 350\u00a0kW. Il serait primordial d\u2019\u00eatre inform\u00e9 avant d\u2019arriver \u00e0 une station de recharge des prix en vigueur. Souhaitons que cette initiative du Colorado fasse boule de neige.<\/p>\n<p>Avec des renseignements de The Drive<\/p>\n<p>Le texte <a href=\"https:\/\/annuelauto.ca\/le-prix-de-lelectricite-avec-celui-de-lessence\/\" rel=\"nofollow\">Le prix de<\/a><\/p>\n","protected":false},"excerpt":{"rendered":"<p>Ce n\u2019est pas encore pratique courante, mais souhaitons que cela le devienne. Une station-service de Denver au Colorado exploit\u00e9 par la cha\u00eene Choice Market affiche clairement ses prix, celui de l&#8217;essence et de l&#8217;\u00e9lectricit\u00e9. En plus des pompes \u00e0 essence, la station dispose de deux chargeurs CC rapides de 50 kW. Chacun d&#8217;eux est \u00e9quip\u00e9 [&hellip;]<\/p>\n","protected":false},"author":8,"featured_media":42512,"comment_status":"close","ping_status":"closed","sticky":false,"template":"","format":"standard","meta":{"_monsterinsights_skip_tracking":false,"_monsterinsights_sitenote_active":false,"_monsterinsights_sitenote_note":"","_monsterinsights_sitenote_category":0,"footnotes":""},"categories":[101],"tags":[131],"yoast_head":"<!-- This site is optimized with the Yoast SEO plugin v23.2 - https:\/\/yoast.com\/wordpress\/plugins\/seo\/ -->\n<title>Le prix de l\u2019\u00e9lectricit\u00e9 avec celui de l\u2019essence - CanadaMotorJobs.com<\/title>\n<meta name=\"description\" content=\"Le prix de l\u2019\u00e9lectricit\u00e9 avec celui de l\u2019essence - Benoit Charette - Annuel automobile - CanadaMotorJobs.com.\" \/>\n<meta name=\"robots\" content=\"index, follow, max-snippet:-1, max-image-preview:large, max-video-preview:-1\" \/>\n<meta property=\"og:locale\" content=\"fr_CA\" \/>\n<meta property=\"og:type\" content=\"article\" \/>\n<meta property=\"og:title\" content=\"Le prix de l\u2019\u00e9lectricit\u00e9 avec celui de l\u2019essence - CanadaMotorJobs.com\" \/>\n<meta property=\"og:description\" content=\"Le prix de l\u2019\u00e9lectricit\u00e9 avec celui de l\u2019essence - Benoit Charette - Annuel automobile - CanadaMotorJobs.com.\" \/>\n<meta property=\"og:url\" content=\"https:\/\/news.canadamotorjobs.com\/fr\/le-prix-de-lelectricite-avec-celui-de-lessence\/\" \/>\n<meta property=\"og:site_name\" content=\"CanadaMotorJobs.com\" \/>\n<meta property=\"article:publisher\" content=\"https:\/\/www.facebook.com\/canadamotorjobs\/\" \/>\n<meta property=\"article:published_time\" content=\"2022-08-04T12:22:31+00:00\" \/>\n<meta property=\"article:modified_time\" content=\"2022-08-04T15:28:27+00:00\" \/>\n<meta property=\"og:image\" content=\"https:\/\/news.canadamotorjobs.com\/wp-content\/uploads\/2022\/08\/FU7CkjQWYAAuKoz-1.jpg\" \/>\n\t<meta property=\"og:image:width\" content=\"904\" \/>\n\t<meta property=\"og:image:height\" content=\"1200\" \/>\n\t<meta property=\"og:image:type\" content=\"image\/jpeg\" \/>\n<meta name=\"author\" content=\"Benoit Charette\" \/>\n<meta name=\"twitter:card\" content=\"summary_large_image\" \/>\n<meta name=\"twitter:creator\" content=\"@canadamotorjobs\" \/>\n<meta name=\"twitter:site\" content=\"@canadamotorjobs\" \/>\n<meta name=\"twitter:label1\" content=\"\u00c9crit par\" \/>\n\t<meta name=\"twitter:data1\" content=\"Benoit Charette\" \/>\n\t<meta name=\"twitter:label2\" content=\"Estimation du temps de lecture\" \/>\n\t<meta name=\"twitter:data2\" content=\"2 minutes\" \/>\n<!-- \/ Yoast SEO plugin. -->","yoast_head_json":{"title":"Le prix de l\u2019\u00e9lectricit\u00e9 avec celui de l\u2019essence - CanadaMotorJobs.com","description":"Le prix de l\u2019\u00e9lectricit\u00e9 avec celui de l\u2019essence - Benoit Charette - Annuel automobile - CanadaMotorJobs.com.","robots":{"index":"index","follow":"follow","max-snippet":"max-snippet:-1","max-image-preview":"max-image-preview:large","max-video-preview":"max-video-preview:-1"},"og_locale":"fr_CA","og_type":"article","og_title":"Le prix de l\u2019\u00e9lectricit\u00e9 avec celui de l\u2019essence - CanadaMotorJobs.com","og_description":"Le prix de l\u2019\u00e9lectricit\u00e9 avec celui de l\u2019essence - Benoit Charette - Annuel automobile - CanadaMotorJobs.com.","og_url":"https:\/\/news.canadamotorjobs.com\/fr\/le-prix-de-lelectricite-avec-celui-de-lessence\/","og_site_name":"CanadaMotorJobs.com","article_publisher":"https:\/\/www.facebook.com\/canadamotorjobs\/","article_published_time":"2022-08-04T12:22:31+00:00","article_modified_time":"2022-08-04T15:28:27+00:00","og_image":[{"width":904,"height":1200,"url":"https:\/\/news.canadamotorjobs.com\/wp-content\/uploads\/2022\/08\/FU7CkjQWYAAuKoz-1.jpg","type":"image\/jpeg"}],"author":"Benoit Charette","twitter_card":"summary_large_image","twitter_creator":"@canadamotorjobs","twitter_site":"@canadamotorjobs","twitter_misc":{"\u00c9crit par":"Benoit Charette","Estimation du temps de lecture":"2 minutes"},"schema":{"@context":"https:\/\/schema.org","@graph":[{"@type":"Article","@id":"https:\/\/news.canadamotorjobs.com\/fr\/le-prix-de-lelectricite-avec-celui-de-lessence\/#article","isPartOf":{"@id":"https:\/\/news.canadamotorjobs.com\/fr\/le-prix-de-lelectricite-avec-celui-de-lessence\/"},"author":{"name":"Benoit Charette","@id":"https:\/\/news.canadamotorjobs.com\/#\/schema\/person\/51793d1f87d44011d7bcc2ed99269a90"},"headline":"Le prix de l\u2019\u00e9lectricit\u00e9 avec celui de l\u2019essence","datePublished":"2022-08-04T12:22:31+00:00","dateModified":"2022-08-04T15:28:27+00:00","mainEntityOfPage":{"@id":"https:\/\/news.canadamotorjobs.com\/fr\/le-prix-de-lelectricite-avec-celui-de-lessence\/"},"wordCount":279,"publisher":{"@id":"https:\/\/news.canadamotorjobs.com\/#organization"},"image":{"@id":"https:\/\/news.canadamotorjobs.com\/fr\/le-prix-de-lelectricite-avec-celui-de-lessence\/#primaryimage"},"thumbnailUrl":"https:\/\/news.canadamotorjobs.com\/wp-content\/uploads\/2022\/08\/FU7CkjQWYAAuKoz-1.jpg","keywords":["Newsletter"],"articleSection":["Annuel automobile"],"inLanguage":"fr-CA"},{"@type":"WebPage","@id":"https:\/\/news.canadamotorjobs.com\/fr\/le-prix-de-lelectricite-avec-celui-de-lessence\/","url":"https:\/\/news.canadamotorjobs.com\/fr\/le-prix-de-lelectricite-avec-celui-de-lessence\/","name":"Le prix de l\u2019\u00e9lectricit\u00e9 avec celui de l\u2019essence - CanadaMotorJobs.com","isPartOf":{"@id":"https:\/\/news.canadamotorjobs.com\/#website"},"primaryImageOfPage":{"@id":"https:\/\/news.canadamotorjobs.com\/fr\/le-prix-de-lelectricite-avec-celui-de-lessence\/#primaryimage"},"image":{"@id":"https:\/\/news.canadamotorjobs.com\/fr\/le-prix-de-lelectricite-avec-celui-de-lessence\/#primaryimage"},"thumbnailUrl":"https:\/\/news.canadamotorjobs.com\/wp-content\/uploads\/2022\/08\/FU7CkjQWYAAuKoz-1.jpg","datePublished":"2022-08-04T12:22:31+00:00","dateModified":"2022-08-04T15:28:27+00:00","description":"Le prix de l\u2019\u00e9lectricit\u00e9 avec celui de l\u2019essence - Benoit Charette - Annuel automobile - CanadaMotorJobs.com.","breadcrumb":{"@id":"https:\/\/news.canadamotorjobs.com\/fr\/le-prix-de-lelectricite-avec-celui-de-lessence\/#breadcrumb"},"inLanguage":"fr-CA","potentialAction":[{"@type":"ReadAction","target":["https:\/\/news.canadamotorjobs.com\/fr\/le-prix-de-lelectricite-avec-celui-de-lessence\/"]}]},{"@type":"ImageObject","inLanguage":"fr-CA","@id":"https:\/\/news.canadamotorjobs.com\/fr\/le-prix-de-lelectricite-avec-celui-de-lessence\/#primaryimage","url":"https:\/\/news.canadamotorjobs.com\/wp-content\/uploads\/2022\/08\/FU7CkjQWYAAuKoz-1.jpg","contentUrl":"https:\/\/news.canadamotorjobs.com\/wp-content\/uploads\/2022\/08\/FU7CkjQWYAAuKoz-1.jpg","width":904,"height":1200},{"@type":"BreadcrumbList","@id":"https:\/\/news.canadamotorjobs.com\/fr\/le-prix-de-lelectricite-avec-celui-de-lessence\/#breadcrumb","itemListElement":[{"@type":"ListItem","position":1,"name":"Home","item":"https:\/\/news.canadamotorjobs.com\/fr\/blog\/"},{"@type":"ListItem","position":2,"name":"Le prix de l\u2019\u00e9lectricit\u00e9 avec celui de l\u2019essence"}]},{"@type":"WebSite","@id":"https:\/\/news.canadamotorjobs.com\/#website","url":"https:\/\/news.canadamotorjobs.com\/","name":"CanadaMotorJobs.com","description":"Automotive Jobs","publisher":{"@id":"https:\/\/news.canadamotorjobs.com\/#organization"},"potentialAction":[{"@type":"SearchAction","target":{"@type":"EntryPoint","urlTemplate":"https:\/\/news.canadamotorjobs.com\/?s={search_term_string}"},"query-input":"required name=search_term_string"}],"inLanguage":"fr-CA"},{"@type":"Organization","@id":"https:\/\/news.canadamotorjobs.com\/#organization","name":"Canada Motor Jobs","url":"https:\/\/news.canadamotorjobs.com\/","logo":{"@type":"ImageObject","inLanguage":"fr-CA","@id":"https:\/\/news.canadamotorjobs.com\/#\/schema\/logo\/image\/","url":"https:\/\/news.canadamotorjobs.com\/wp-content\/uploads\/2022\/10\/logo-canada-motor-jobs-1.png","contentUrl":"https:\/\/news.canadamotorjobs.com\/wp-content\/uploads\/2022\/10\/logo-canada-motor-jobs-1.png","width":800,"height":400,"caption":"Canada Motor Jobs"},"image":{"@id":"https:\/\/news.canadamotorjobs.com\/#\/schema\/logo\/image\/"},"sameAs":["https:\/\/www.facebook.com\/canadamotorjobs\/","https:\/\/x.com\/canadamotorjobs","https:\/\/www.instagram.com\/canadamotorjobs\/","https:\/\/www.linkedin.com\/company\/canadamotorjobs"]},{"@type":"Person","@id":"https:\/\/news.canadamotorjobs.com\/#\/schema\/person\/51793d1f87d44011d7bcc2ed99269a90","name":"Benoit Charette","image":{"@type":"ImageObject","inLanguage":"fr-CA","@id":"https:\/\/news.canadamotorjobs.com\/#\/schema\/person\/image\/","url":"https:\/\/secure.gravatar.com\/avatar\/45f3d2eebcccd909668d7ce7ea7267b6?s=96&d=mm&r=g","contentUrl":"https:\/\/secure.gravatar.com\/avatar\/45f3d2eebcccd909668d7ce7ea7267b6?s=96&d=mm&r=g","caption":"Benoit Charette"},"description":"Benoit Charette \/ Propri\u00e9taire et r\u00e9dacteur en chef Benoit Charette pratique le journalisme automobile depuis bient\u00f4t 30 ans. Il a fait ses classes au c\u00f4t\u00e9 de Daniel H\u00e9raud et au Carnet de route de 1992 \u00e0 2001. Il est fondateur, copropri\u00e9taire et r\u00e9dacteur en chef de L\u2019Annuel de l\u2019automobile, qu\u2019il publie depuis 2001. Il a anim\u00e9 les \u00e9missions RPM et RPM+ sur V et les L\u00e9gendes de la route sur Historia. \u00c0 la radio depuis 1986, il reprend l\u2019antenne cette ann\u00e9e sur les ondes de Cogeco et participe pour la deuxi\u00e8me ann\u00e9e \u00e0 l\u2019\u00e9mission Passion Auto sur RDS en plus de mettre en ligne le site Web officiel de L\u2019Annuel de l\u2019automobile sur annuelauto.ca.","sameAs":["https:\/\/annuelauto.ca\/"],"url":"https:\/\/news.canadamotorjobs.com\/fr\/author\/benoit-charette\/"}]}},"_links":{"self":[{"href":"https:\/\/news.canadamotorjobs.com\/fr\/wp-json\/wp\/v2\/posts\/42508"}],"collection":[{"href":"https:\/\/news.canadamotorjobs.com\/fr\/wp-json\/wp\/v2\/posts"}],"about":[{"href":"https:\/\/news.canadamotorjobs.com\/fr\/wp-json\/wp\/v2\/types\/post"}],"author":[{"embeddable":true,"href":"https:\/\/news.canadamotorjobs.com\/fr\/wp-json\/wp\/v2\/users\/8"}],"replies":[{"embeddable":true,"href":"https:\/\/news.canadamotorjobs.com\/fr\/wp-json\/wp\/v2\/comments?post=42508"}],"version-history":[{"count":0,"href":"https:\/\/news.canadamotorjobs.com\/fr\/wp-json\/wp\/v2\/posts\/42508\/revisions"}],"wp:featuredmedia":[{"embeddable":true,"href":"https:\/\/news.canadamotorjobs.com\/fr\/wp-json\/wp\/v2\/media\/42512"}],"wp:attachment":[{"href":"https:\/\/news.canadamotorjobs.com\/fr\/wp-json\/wp\/v2\/media?parent=42508"}],"wp:term":[{"taxonomy":"category","embeddable":true,"href":"https:\/\/news.canadamotorjobs.com\/fr\/wp-json\/wp\/v2\/categories?post=42508"},{"taxonomy":"post_tag","embeddable":true,"href":"https:\/\/news.canadamotorjobs.com\/fr\/wp-json\/wp\/v2\/tags?post=42508"}],"curies":[{"name":"wp","href":"https:\/\/api.w.org\/{rel}","templated":true}]}}