{"id":42500,"date":"2022-08-04T07:47:18","date_gmt":"2022-08-04T11:47:18","guid":{"rendered":"https:\/\/blog.canadamotorjobs.com\/toyota-propose-de-racheter-les-bz4x\/"},"modified":"2022-08-04T07:59:31","modified_gmt":"2022-08-04T11:59:31","slug":"toyota-propose-de-racheter-les-bz4x","status":"publish","type":"post","link":"https:\/\/news.canadamotorjobs.com\/fr\/toyota-propose-de-racheter-les-bz4x\/","title":{"rendered":"Toyota propose de racheter les bZ4X"},"content":{"rendered":"<\/p>\n<p>Le probl\u00e8me perdure depuis de longues semaines. Toyota n&#8217;a pas trouv\u00e9 de solution au probl\u00e8me depuis l&#8217;annonce du rappel des roues qui peuvent se d\u00e9tacher du v\u00e9hicule en juin. Pour cette raison, Toyota offre maintenant quelques incitatifs pour aider les propri\u00e9taires pendant qu&#8217;ils attendent leurs voitures. Cela inclut un programme de rachat. Mais Toyota souhaite que vous ne conduisiez en aucun cas votre bZ4X 2023 jusqu&#8217;\u00e0 ce qu&#8217;elle trouve une solution.<br \/> Pas encore de solution<br \/> Avec des avertissements continus de ne pas conduire leurs tout nouveaux bZ4X, Toyota met les propri\u00e9taires dans une tr\u00e8s mauvaise position. Ce qui est pire, c&#8217;est que Toyota n&#8217;a pas trouv\u00e9 de solution au probl\u00e8me depuis l&#8217;annonce du rappel en juin. Elle a annonc\u00e9 que les roues de la bZ4X pouvaient potentiellement se d\u00e9tacher. &#8220;Le boulon du moyeu peut se desserrer en courbe serr\u00e9e ou lors de freinages brusques. Par cons\u00e9quent, si vous continuez \u00e0 conduire dans cet \u00e9tat, un bruit anormal sera g\u00e9n\u00e9r\u00e9, et dans le pire des cas, les pneus peuvent tomber.<br \/> Des plans de locations de voitures<br \/> En appelant un concessionnaire Toyota, celui-ci viendra chercher votre bZ4X et le transportera gratuitement jusqu&#8217;\u00e0 ce qu&#8217;il trouve une solution. L\u2019entreposage gratuit est donc la premi\u00e8re option. Toyota fournira \u00e9galement une voiture de pr\u00eat gratuite et paiera \u00e9galement le carburant consomm\u00e9 pendant que vous la conduisez. \u00a0Pour les acheteurs qui ont pay\u00e9 leur Toyota bZ4X en totalit\u00e9, Toyota offre un cr\u00e9dit de 5 000\u00a0$ pour la location mensuelle d&#8217;un autre v\u00e9hicule. Aux \u00c9tats-Unis, les propri\u00e9taires<\/p>\n","protected":false},"excerpt":{"rendered":"<p>Le probl\u00e8me perdure depuis de longues semaines. Toyota n&#8217;a pas trouv\u00e9 de solution au probl\u00e8me depuis l&#8217;annonce du rappel des roues qui peuvent se d\u00e9tacher du v\u00e9hicule en juin. Pour cette raison, Toyota offre maintenant quelques incitatifs pour aider les propri\u00e9taires pendant qu&#8217;ils attendent leurs voitures. Cela inclut un programme de rachat. Mais Toyota souhaite [&hellip;]<\/p>\n","protected":false},"author":8,"featured_media":42504,"comment_status":"close","ping_status":"closed","sticky":false,"template":"","format":"standard","meta":{"_monsterinsights_skip_tracking":false,"_monsterinsights_sitenote_active":false,"_monsterinsights_sitenote_note":"","_monsterinsights_sitenote_category":0,"footnotes":""},"categories":[101],"tags":[],"yoast_head":"<!-- This site is optimized with the Yoast SEO plugin v23.2 - https:\/\/yoast.com\/wordpress\/plugins\/seo\/ -->\n<title>Toyota propose de racheter les bZ4X - CanadaMotorJobs.com<\/title>\n<meta name=\"description\" content=\"Toyota propose de racheter les bZ4X - Benoit Charette - Annuel automobile - CanadaMotorJobs.com.\" \/>\n<meta name=\"robots\" content=\"index, follow, max-snippet:-1, max-image-preview:large, max-video-preview:-1\" \/>\n<meta property=\"og:locale\" content=\"fr_CA\" \/>\n<meta property=\"og:type\" content=\"article\" \/>\n<meta property=\"og:title\" content=\"Toyota propose de racheter les bZ4X - CanadaMotorJobs.com\" \/>\n<meta property=\"og:description\" content=\"Toyota propose de racheter les bZ4X - Benoit Charette - Annuel automobile - CanadaMotorJobs.com.\" \/>\n<meta property=\"og:url\" content=\"https:\/\/news.canadamotorjobs.com\/fr\/toyota-propose-de-racheter-les-bz4x\/\" \/>\n<meta property=\"og:site_name\" content=\"CanadaMotorJobs.com\" \/>\n<meta property=\"article:publisher\" content=\"https:\/\/www.facebook.com\/canadamotorjobs\/\" \/>\n<meta property=\"article:published_time\" content=\"2022-08-04T11:47:18+00:00\" \/>\n<meta property=\"article:modified_time\" content=\"2022-08-04T11:59:31+00:00\" \/>\n<meta property=\"og:image\" content=\"https:\/\/news.canadamotorjobs.com\/wp-content\/uploads\/2022\/08\/BZ4x-blue-1-1.jpg\" \/>\n\t<meta property=\"og:image:width\" content=\"1500\" \/>\n\t<meta property=\"og:image:height\" content=\"627\" \/>\n\t<meta property=\"og:image:type\" content=\"image\/jpeg\" \/>\n<meta name=\"author\" content=\"Benoit Charette\" \/>\n<meta name=\"twitter:card\" content=\"summary_large_image\" \/>\n<meta name=\"twitter:creator\" content=\"@canadamotorjobs\" \/>\n<meta name=\"twitter:site\" content=\"@canadamotorjobs\" \/>\n<meta name=\"twitter:label1\" content=\"\u00c9crit par\" \/>\n\t<meta name=\"twitter:data1\" content=\"Benoit Charette\" \/>\n\t<meta name=\"twitter:label2\" content=\"Estimation du temps de lecture\" \/>\n\t<meta name=\"twitter:data2\" content=\"1 minute\" \/>\n<!-- \/ Yoast SEO plugin. -->","yoast_head_json":{"title":"Toyota propose de racheter les bZ4X - CanadaMotorJobs.com","description":"Toyota propose de racheter les bZ4X - Benoit Charette - Annuel automobile - CanadaMotorJobs.com.","robots":{"index":"index","follow":"follow","max-snippet":"max-snippet:-1","max-image-preview":"max-image-preview:large","max-video-preview":"max-video-preview:-1"},"og_locale":"fr_CA","og_type":"article","og_title":"Toyota propose de racheter les bZ4X - CanadaMotorJobs.com","og_description":"Toyota propose de racheter les bZ4X - Benoit Charette - Annuel automobile - CanadaMotorJobs.com.","og_url":"https:\/\/news.canadamotorjobs.com\/fr\/toyota-propose-de-racheter-les-bz4x\/","og_site_name":"CanadaMotorJobs.com","article_publisher":"https:\/\/www.facebook.com\/canadamotorjobs\/","article_published_time":"2022-08-04T11:47:18+00:00","article_modified_time":"2022-08-04T11:59:31+00:00","og_image":[{"width":1500,"height":627,"url":"https:\/\/news.canadamotorjobs.com\/wp-content\/uploads\/2022\/08\/BZ4x-blue-1-1.jpg","type":"image\/jpeg"}],"author":"Benoit Charette","twitter_card":"summary_large_image","twitter_creator":"@canadamotorjobs","twitter_site":"@canadamotorjobs","twitter_misc":{"\u00c9crit par":"Benoit Charette","Estimation du temps de lecture":"1 minute"},"schema":{"@context":"https:\/\/schema.org","@graph":[{"@type":"Article","@id":"https:\/\/news.canadamotorjobs.com\/fr\/toyota-propose-de-racheter-les-bz4x\/#article","isPartOf":{"@id":"https:\/\/news.canadamotorjobs.com\/fr\/toyota-propose-de-racheter-les-bz4x\/"},"author":{"name":"Benoit Charette","@id":"https:\/\/news.canadamotorjobs.com\/#\/schema\/person\/51793d1f87d44011d7bcc2ed99269a90"},"headline":"Toyota propose de racheter les bZ4X","datePublished":"2022-08-04T11:47:18+00:00","dateModified":"2022-08-04T11:59:31+00:00","mainEntityOfPage":{"@id":"https:\/\/news.canadamotorjobs.com\/fr\/toyota-propose-de-racheter-les-bz4x\/"},"wordCount":286,"publisher":{"@id":"https:\/\/news.canadamotorjobs.com\/#organization"},"image":{"@id":"https:\/\/news.canadamotorjobs.com\/fr\/toyota-propose-de-racheter-les-bz4x\/#primaryimage"},"thumbnailUrl":"https:\/\/news.canadamotorjobs.com\/wp-content\/uploads\/2022\/08\/BZ4x-blue-1-1.jpg","articleSection":["Annuel automobile"],"inLanguage":"fr-CA"},{"@type":"WebPage","@id":"https:\/\/news.canadamotorjobs.com\/fr\/toyota-propose-de-racheter-les-bz4x\/","url":"https:\/\/news.canadamotorjobs.com\/fr\/toyota-propose-de-racheter-les-bz4x\/","name":"Toyota propose de racheter les bZ4X - CanadaMotorJobs.com","isPartOf":{"@id":"https:\/\/news.canadamotorjobs.com\/#website"},"primaryImageOfPage":{"@id":"https:\/\/news.canadamotorjobs.com\/fr\/toyota-propose-de-racheter-les-bz4x\/#primaryimage"},"image":{"@id":"https:\/\/news.canadamotorjobs.com\/fr\/toyota-propose-de-racheter-les-bz4x\/#primaryimage"},"thumbnailUrl":"https:\/\/news.canadamotorjobs.com\/wp-content\/uploads\/2022\/08\/BZ4x-blue-1-1.jpg","datePublished":"2022-08-04T11:47:18+00:00","dateModified":"2022-08-04T11:59:31+00:00","description":"Toyota propose de racheter les bZ4X - Benoit Charette - Annuel automobile - CanadaMotorJobs.com.","breadcrumb":{"@id":"https:\/\/news.canadamotorjobs.com\/fr\/toyota-propose-de-racheter-les-bz4x\/#breadcrumb"},"inLanguage":"fr-CA","potentialAction":[{"@type":"ReadAction","target":["https:\/\/news.canadamotorjobs.com\/fr\/toyota-propose-de-racheter-les-bz4x\/"]}]},{"@type":"ImageObject","inLanguage":"fr-CA","@id":"https:\/\/news.canadamotorjobs.com\/fr\/toyota-propose-de-racheter-les-bz4x\/#primaryimage","url":"https:\/\/news.canadamotorjobs.com\/wp-content\/uploads\/2022\/08\/BZ4x-blue-1-1.jpg","contentUrl":"https:\/\/news.canadamotorjobs.com\/wp-content\/uploads\/2022\/08\/BZ4x-blue-1-1.jpg","width":1500,"height":627},{"@type":"BreadcrumbList","@id":"https:\/\/news.canadamotorjobs.com\/fr\/toyota-propose-de-racheter-les-bz4x\/#breadcrumb","itemListElement":[{"@type":"ListItem","position":1,"name":"Home","item":"https:\/\/news.canadamotorjobs.com\/fr\/blog\/"},{"@type":"ListItem","position":2,"name":"Toyota propose de racheter les bZ4X"}]},{"@type":"WebSite","@id":"https:\/\/news.canadamotorjobs.com\/#website","url":"https:\/\/news.canadamotorjobs.com\/","name":"CanadaMotorJobs.com","description":"Automotive Jobs","publisher":{"@id":"https:\/\/news.canadamotorjobs.com\/#organization"},"potentialAction":[{"@type":"SearchAction","target":{"@type":"EntryPoint","urlTemplate":"https:\/\/news.canadamotorjobs.com\/?s={search_term_string}"},"query-input":"required name=search_term_string"}],"inLanguage":"fr-CA"},{"@type":"Organization","@id":"https:\/\/news.canadamotorjobs.com\/#organization","name":"Canada Motor Jobs","url":"https:\/\/news.canadamotorjobs.com\/","logo":{"@type":"ImageObject","inLanguage":"fr-CA","@id":"https:\/\/news.canadamotorjobs.com\/#\/schema\/logo\/image\/","url":"https:\/\/news.canadamotorjobs.com\/wp-content\/uploads\/2022\/10\/logo-canada-motor-jobs-1.png","contentUrl":"https:\/\/news.canadamotorjobs.com\/wp-content\/uploads\/2022\/10\/logo-canada-motor-jobs-1.png","width":800,"height":400,"caption":"Canada Motor Jobs"},"image":{"@id":"https:\/\/news.canadamotorjobs.com\/#\/schema\/logo\/image\/"},"sameAs":["https:\/\/www.facebook.com\/canadamotorjobs\/","https:\/\/x.com\/canadamotorjobs","https:\/\/www.instagram.com\/canadamotorjobs\/","https:\/\/www.linkedin.com\/company\/canadamotorjobs"]},{"@type":"Person","@id":"https:\/\/news.canadamotorjobs.com\/#\/schema\/person\/51793d1f87d44011d7bcc2ed99269a90","name":"Benoit Charette","image":{"@type":"ImageObject","inLanguage":"fr-CA","@id":"https:\/\/news.canadamotorjobs.com\/#\/schema\/person\/image\/","url":"https:\/\/secure.gravatar.com\/avatar\/45f3d2eebcccd909668d7ce7ea7267b6?s=96&d=mm&r=g","contentUrl":"https:\/\/secure.gravatar.com\/avatar\/45f3d2eebcccd909668d7ce7ea7267b6?s=96&d=mm&r=g","caption":"Benoit Charette"},"description":"Benoit Charette \/ Propri\u00e9taire et r\u00e9dacteur en chef Benoit Charette pratique le journalisme automobile depuis bient\u00f4t 30 ans. Il a fait ses classes au c\u00f4t\u00e9 de Daniel H\u00e9raud et au Carnet de route de 1992 \u00e0 2001. Il est fondateur, copropri\u00e9taire et r\u00e9dacteur en chef de L\u2019Annuel de l\u2019automobile, qu\u2019il publie depuis 2001. Il a anim\u00e9 les \u00e9missions RPM et RPM+ sur V et les L\u00e9gendes de la route sur Historia. \u00c0 la radio depuis 1986, il reprend l\u2019antenne cette ann\u00e9e sur les ondes de Cogeco et participe pour la deuxi\u00e8me ann\u00e9e \u00e0 l\u2019\u00e9mission Passion Auto sur RDS en plus de mettre en ligne le site Web officiel de L\u2019Annuel de l\u2019automobile sur annuelauto.ca.","sameAs":["https:\/\/annuelauto.ca\/"],"url":"https:\/\/news.canadamotorjobs.com\/fr\/author\/benoit-charette\/"}]}},"_links":{"self":[{"href":"https:\/\/news.canadamotorjobs.com\/fr\/wp-json\/wp\/v2\/posts\/42500"}],"collection":[{"href":"https:\/\/news.canadamotorjobs.com\/fr\/wp-json\/wp\/v2\/posts"}],"about":[{"href":"https:\/\/news.canadamotorjobs.com\/fr\/wp-json\/wp\/v2\/types\/post"}],"author":[{"embeddable":true,"href":"https:\/\/news.canadamotorjobs.com\/fr\/wp-json\/wp\/v2\/users\/8"}],"replies":[{"embeddable":true,"href":"https:\/\/news.canadamotorjobs.com\/fr\/wp-json\/wp\/v2\/comments?post=42500"}],"version-history":[{"count":0,"href":"https:\/\/news.canadamotorjobs.com\/fr\/wp-json\/wp\/v2\/posts\/42500\/revisions"}],"wp:featuredmedia":[{"embeddable":true,"href":"https:\/\/news.canadamotorjobs.com\/fr\/wp-json\/wp\/v2\/media\/42504"}],"wp:attachment":[{"href":"https:\/\/news.canadamotorjobs.com\/fr\/wp-json\/wp\/v2\/media?parent=42500"}],"wp:term":[{"taxonomy":"category","embeddable":true,"href":"https:\/\/news.canadamotorjobs.com\/fr\/wp-json\/wp\/v2\/categories?post=42500"},{"taxonomy":"post_tag","embeddable":true,"href":"https:\/\/news.canadamotorjobs.com\/fr\/wp-json\/wp\/v2\/tags?post=42500"}],"curies":[{"name":"wp","href":"https:\/\/api.w.org\/{rel}","templated":true}]}}