{"id":42452,"date":"2022-08-02T08:30:27","date_gmt":"2022-08-02T12:30:27","guid":{"rendered":"https:\/\/blog.canadamotorjobs.com\/2-aout-1964-honda-fait-ses-debuts-en-formule-un\/"},"modified":"2022-08-02T08:44:07","modified_gmt":"2022-08-02T12:44:07","slug":"2-aout-1964-honda-fait-ses-debuts-en-formule-un","status":"publish","type":"post","link":"https:\/\/news.canadamotorjobs.com\/fr\/2-aout-1964-honda-fait-ses-debuts-en-formule-un\/","title":{"rendered":"2 ao\u00fbt 1964\u00a0: Honda fait ses d\u00e9buts en Formule un"},"content":{"rendered":"<\/p>\n<p>La premi\u00e8re voiture de Formule 1 \u00e9quip\u00e9e d&#8217;un moteur douze cylindres mont\u00e9 transversalement, la Honda RA271 de 1,5 litre, a fait ses d\u00e9buts lors du Grand Prix d&#8217;Allemagne de 1964. La Honda RA271 \u00e9tait la deuxi\u00e8me voiture de Formule 1 de Honda, et la premi\u00e8re \u00e0 participer \u00e0 une course. Elle a \u00e9t\u00e9 d\u00e9velopp\u00e9e autour d\u2019un moteur V12 de 1,5 litre (inspir\u00e9 des m\u00e9caniques de motos), \u00e0 une \u00e9poque o\u00f9 les V8 dominaient le paddock de la F1\u00a0 avec BRM, Cooper-Climax et Ferrari.<br \/> Un an seulement apr\u00e8s la premi\u00e8re voiture de route<br \/> La RA271 a fait ses d\u00e9buts en course au cours de la saison 1964 de Formule 1, un an seulement apr\u00e8s que Honda ait commenc\u00e9 \u00e0 produire des voitures de route, et a \u00e9t\u00e9 la premi\u00e8re voiture de fabrication japonaise \u00e0 participer \u00e0 une manche du Championnat du monde de Formule 1 de la FIA. La voiture \u00e9tait initialement inscrite pour le Grand Prix de Belgique \u00e0 Spa-Francorchamps, mais elle n&#8217;\u00e9tait pas pr\u00eate \u00e0 temps. La voiture a donc particip\u00e9 pour la premi\u00e8re fois au Grand Prix d&#8217;Allemagne. En plus des d\u00e9buts de Honda en F1, cette course marque \u00e9galement les d\u00e9buts du pilote am\u00e9ricain Ronnie Bucknum, et pour rendre les choses encore plus difficiles, la course se d\u00e9roule sur le redoutable circuit du N\u00fcrburgring.<br \/> Ensuite aux \u00c9tats-Unis<br \/> La course suivante \u00e9tait le Grand Prix des \u00c9tats-Unis \u00e0 Watkins Glen. Au 51e tour, le joint de culasse de l&#8217;un des douze cylindres de la Honda se rompt et<\/p>\n","protected":false},"excerpt":{"rendered":"<p>La premi\u00e8re voiture de Formule 1 \u00e9quip\u00e9e d&#8217;un moteur douze cylindres mont\u00e9 transversalement, la Honda RA271 de 1,5 litre, a fait ses d\u00e9buts lors du Grand Prix d&#8217;Allemagne de 1964. La Honda RA271 \u00e9tait la deuxi\u00e8me voiture de Formule 1 de Honda, et la premi\u00e8re \u00e0 participer \u00e0 une course. Elle a \u00e9t\u00e9 d\u00e9velopp\u00e9e autour [&hellip;]<\/p>\n","protected":false},"author":8,"featured_media":42456,"comment_status":"close","ping_status":"closed","sticky":false,"template":"","format":"standard","meta":{"_monsterinsights_skip_tracking":false,"_monsterinsights_sitenote_active":false,"_monsterinsights_sitenote_note":"","_monsterinsights_sitenote_category":0,"footnotes":""},"categories":[101],"tags":[],"yoast_head":"<!-- This site is optimized with the Yoast SEO plugin v23.2 - https:\/\/yoast.com\/wordpress\/plugins\/seo\/ -->\n<title>2 ao\u00fbt 1964\u00a0: Honda fait ses d\u00e9buts en Formule un - CanadaMotorJobs.com<\/title>\n<meta name=\"description\" content=\"2 ao\u00fbt 1964\u00a0: Honda fait ses d\u00e9buts en Formule un - Benoit Charette - Annuel automobile - CanadaMotorJobs.com.\" \/>\n<meta name=\"robots\" content=\"index, follow, max-snippet:-1, max-image-preview:large, max-video-preview:-1\" \/>\n<meta property=\"og:locale\" content=\"fr_CA\" \/>\n<meta property=\"og:type\" content=\"article\" \/>\n<meta property=\"og:title\" content=\"2 ao\u00fbt 1964\u00a0: Honda fait ses d\u00e9buts en Formule un - CanadaMotorJobs.com\" \/>\n<meta property=\"og:description\" content=\"2 ao\u00fbt 1964\u00a0: Honda fait ses d\u00e9buts en Formule un - Benoit Charette - Annuel automobile - CanadaMotorJobs.com.\" \/>\n<meta property=\"og:url\" content=\"https:\/\/news.canadamotorjobs.com\/fr\/2-aout-1964-honda-fait-ses-debuts-en-formule-un\/\" \/>\n<meta property=\"og:site_name\" content=\"CanadaMotorJobs.com\" \/>\n<meta property=\"article:publisher\" content=\"https:\/\/www.facebook.com\/canadamotorjobs\/\" \/>\n<meta property=\"article:published_time\" content=\"2022-08-02T12:30:27+00:00\" \/>\n<meta property=\"article:modified_time\" content=\"2022-08-02T12:44:07+00:00\" \/>\n<meta property=\"og:image\" content=\"https:\/\/news.canadamotorjobs.com\/wp-content\/uploads\/2022\/08\/1964-hond-ra271-3-1.jpg\" \/>\n\t<meta property=\"og:image:width\" content=\"1680\" \/>\n\t<meta property=\"og:image:height\" content=\"916\" \/>\n\t<meta property=\"og:image:type\" content=\"image\/jpeg\" \/>\n<meta name=\"author\" content=\"Benoit Charette\" \/>\n<meta name=\"twitter:card\" content=\"summary_large_image\" \/>\n<meta name=\"twitter:creator\" content=\"@canadamotorjobs\" \/>\n<meta name=\"twitter:site\" content=\"@canadamotorjobs\" \/>\n<meta name=\"twitter:label1\" content=\"\u00c9crit par\" \/>\n\t<meta name=\"twitter:data1\" content=\"Benoit Charette\" \/>\n\t<meta name=\"twitter:label2\" content=\"Estimation du temps de lecture\" \/>\n\t<meta name=\"twitter:data2\" content=\"1 minute\" \/>\n<!-- \/ Yoast SEO plugin. -->","yoast_head_json":{"title":"2 ao\u00fbt 1964\u00a0: Honda fait ses d\u00e9buts en Formule un - CanadaMotorJobs.com","description":"2 ao\u00fbt 1964\u00a0: Honda fait ses d\u00e9buts en Formule un - Benoit Charette - Annuel automobile - CanadaMotorJobs.com.","robots":{"index":"index","follow":"follow","max-snippet":"max-snippet:-1","max-image-preview":"max-image-preview:large","max-video-preview":"max-video-preview:-1"},"og_locale":"fr_CA","og_type":"article","og_title":"2 ao\u00fbt 1964\u00a0: Honda fait ses d\u00e9buts en Formule un - CanadaMotorJobs.com","og_description":"2 ao\u00fbt 1964\u00a0: Honda fait ses d\u00e9buts en Formule un - Benoit Charette - Annuel automobile - CanadaMotorJobs.com.","og_url":"https:\/\/news.canadamotorjobs.com\/fr\/2-aout-1964-honda-fait-ses-debuts-en-formule-un\/","og_site_name":"CanadaMotorJobs.com","article_publisher":"https:\/\/www.facebook.com\/canadamotorjobs\/","article_published_time":"2022-08-02T12:30:27+00:00","article_modified_time":"2022-08-02T12:44:07+00:00","og_image":[{"width":1680,"height":916,"url":"https:\/\/news.canadamotorjobs.com\/wp-content\/uploads\/2022\/08\/1964-hond-ra271-3-1.jpg","type":"image\/jpeg"}],"author":"Benoit Charette","twitter_card":"summary_large_image","twitter_creator":"@canadamotorjobs","twitter_site":"@canadamotorjobs","twitter_misc":{"\u00c9crit par":"Benoit Charette","Estimation du temps de lecture":"1 minute"},"schema":{"@context":"https:\/\/schema.org","@graph":[{"@type":"Article","@id":"https:\/\/news.canadamotorjobs.com\/fr\/2-aout-1964-honda-fait-ses-debuts-en-formule-un\/#article","isPartOf":{"@id":"https:\/\/news.canadamotorjobs.com\/fr\/2-aout-1964-honda-fait-ses-debuts-en-formule-un\/"},"author":{"name":"Benoit Charette","@id":"https:\/\/news.canadamotorjobs.com\/#\/schema\/person\/51793d1f87d44011d7bcc2ed99269a90"},"headline":"2 ao\u00fbt 1964\u00a0: Honda fait ses d\u00e9buts en Formule un","datePublished":"2022-08-02T12:30:27+00:00","dateModified":"2022-08-02T12:44:07+00:00","mainEntityOfPage":{"@id":"https:\/\/news.canadamotorjobs.com\/fr\/2-aout-1964-honda-fait-ses-debuts-en-formule-un\/"},"wordCount":269,"publisher":{"@id":"https:\/\/news.canadamotorjobs.com\/#organization"},"image":{"@id":"https:\/\/news.canadamotorjobs.com\/fr\/2-aout-1964-honda-fait-ses-debuts-en-formule-un\/#primaryimage"},"thumbnailUrl":"https:\/\/news.canadamotorjobs.com\/wp-content\/uploads\/2022\/08\/1964-hond-ra271-3-1.jpg","articleSection":["Annuel automobile"],"inLanguage":"fr-CA"},{"@type":"WebPage","@id":"https:\/\/news.canadamotorjobs.com\/fr\/2-aout-1964-honda-fait-ses-debuts-en-formule-un\/","url":"https:\/\/news.canadamotorjobs.com\/fr\/2-aout-1964-honda-fait-ses-debuts-en-formule-un\/","name":"2 ao\u00fbt 1964\u00a0: Honda fait ses d\u00e9buts en Formule un - CanadaMotorJobs.com","isPartOf":{"@id":"https:\/\/news.canadamotorjobs.com\/#website"},"primaryImageOfPage":{"@id":"https:\/\/news.canadamotorjobs.com\/fr\/2-aout-1964-honda-fait-ses-debuts-en-formule-un\/#primaryimage"},"image":{"@id":"https:\/\/news.canadamotorjobs.com\/fr\/2-aout-1964-honda-fait-ses-debuts-en-formule-un\/#primaryimage"},"thumbnailUrl":"https:\/\/news.canadamotorjobs.com\/wp-content\/uploads\/2022\/08\/1964-hond-ra271-3-1.jpg","datePublished":"2022-08-02T12:30:27+00:00","dateModified":"2022-08-02T12:44:07+00:00","description":"2 ao\u00fbt 1964\u00a0: Honda fait ses d\u00e9buts en Formule un - Benoit Charette - Annuel automobile - CanadaMotorJobs.com.","breadcrumb":{"@id":"https:\/\/news.canadamotorjobs.com\/fr\/2-aout-1964-honda-fait-ses-debuts-en-formule-un\/#breadcrumb"},"inLanguage":"fr-CA","potentialAction":[{"@type":"ReadAction","target":["https:\/\/news.canadamotorjobs.com\/fr\/2-aout-1964-honda-fait-ses-debuts-en-formule-un\/"]}]},{"@type":"ImageObject","inLanguage":"fr-CA","@id":"https:\/\/news.canadamotorjobs.com\/fr\/2-aout-1964-honda-fait-ses-debuts-en-formule-un\/#primaryimage","url":"https:\/\/news.canadamotorjobs.com\/wp-content\/uploads\/2022\/08\/1964-hond-ra271-3-1.jpg","contentUrl":"https:\/\/news.canadamotorjobs.com\/wp-content\/uploads\/2022\/08\/1964-hond-ra271-3-1.jpg","width":1680,"height":916},{"@type":"BreadcrumbList","@id":"https:\/\/news.canadamotorjobs.com\/fr\/2-aout-1964-honda-fait-ses-debuts-en-formule-un\/#breadcrumb","itemListElement":[{"@type":"ListItem","position":1,"name":"Home","item":"https:\/\/news.canadamotorjobs.com\/fr\/blog\/"},{"@type":"ListItem","position":2,"name":"2 ao\u00fbt 1964\u00a0: Honda fait ses d\u00e9buts en Formule un"}]},{"@type":"WebSite","@id":"https:\/\/news.canadamotorjobs.com\/#website","url":"https:\/\/news.canadamotorjobs.com\/","name":"CanadaMotorJobs.com","description":"Automotive Jobs","publisher":{"@id":"https:\/\/news.canadamotorjobs.com\/#organization"},"potentialAction":[{"@type":"SearchAction","target":{"@type":"EntryPoint","urlTemplate":"https:\/\/news.canadamotorjobs.com\/?s={search_term_string}"},"query-input":"required name=search_term_string"}],"inLanguage":"fr-CA"},{"@type":"Organization","@id":"https:\/\/news.canadamotorjobs.com\/#organization","name":"Canada Motor Jobs","url":"https:\/\/news.canadamotorjobs.com\/","logo":{"@type":"ImageObject","inLanguage":"fr-CA","@id":"https:\/\/news.canadamotorjobs.com\/#\/schema\/logo\/image\/","url":"https:\/\/news.canadamotorjobs.com\/wp-content\/uploads\/2022\/10\/logo-canada-motor-jobs-1.png","contentUrl":"https:\/\/news.canadamotorjobs.com\/wp-content\/uploads\/2022\/10\/logo-canada-motor-jobs-1.png","width":800,"height":400,"caption":"Canada Motor Jobs"},"image":{"@id":"https:\/\/news.canadamotorjobs.com\/#\/schema\/logo\/image\/"},"sameAs":["https:\/\/www.facebook.com\/canadamotorjobs\/","https:\/\/x.com\/canadamotorjobs","https:\/\/www.instagram.com\/canadamotorjobs\/","https:\/\/www.linkedin.com\/company\/canadamotorjobs"]},{"@type":"Person","@id":"https:\/\/news.canadamotorjobs.com\/#\/schema\/person\/51793d1f87d44011d7bcc2ed99269a90","name":"Benoit Charette","image":{"@type":"ImageObject","inLanguage":"fr-CA","@id":"https:\/\/news.canadamotorjobs.com\/#\/schema\/person\/image\/","url":"https:\/\/secure.gravatar.com\/avatar\/45f3d2eebcccd909668d7ce7ea7267b6?s=96&d=mm&r=g","contentUrl":"https:\/\/secure.gravatar.com\/avatar\/45f3d2eebcccd909668d7ce7ea7267b6?s=96&d=mm&r=g","caption":"Benoit Charette"},"description":"Benoit Charette \/ Propri\u00e9taire et r\u00e9dacteur en chef Benoit Charette pratique le journalisme automobile depuis bient\u00f4t 30 ans. Il a fait ses classes au c\u00f4t\u00e9 de Daniel H\u00e9raud et au Carnet de route de 1992 \u00e0 2001. Il est fondateur, copropri\u00e9taire et r\u00e9dacteur en chef de L\u2019Annuel de l\u2019automobile, qu\u2019il publie depuis 2001. Il a anim\u00e9 les \u00e9missions RPM et RPM+ sur V et les L\u00e9gendes de la route sur Historia. \u00c0 la radio depuis 1986, il reprend l\u2019antenne cette ann\u00e9e sur les ondes de Cogeco et participe pour la deuxi\u00e8me ann\u00e9e \u00e0 l\u2019\u00e9mission Passion Auto sur RDS en plus de mettre en ligne le site Web officiel de L\u2019Annuel de l\u2019automobile sur annuelauto.ca.","sameAs":["https:\/\/annuelauto.ca\/"],"url":"https:\/\/news.canadamotorjobs.com\/fr\/author\/benoit-charette\/"}]}},"_links":{"self":[{"href":"https:\/\/news.canadamotorjobs.com\/fr\/wp-json\/wp\/v2\/posts\/42452"}],"collection":[{"href":"https:\/\/news.canadamotorjobs.com\/fr\/wp-json\/wp\/v2\/posts"}],"about":[{"href":"https:\/\/news.canadamotorjobs.com\/fr\/wp-json\/wp\/v2\/types\/post"}],"author":[{"embeddable":true,"href":"https:\/\/news.canadamotorjobs.com\/fr\/wp-json\/wp\/v2\/users\/8"}],"replies":[{"embeddable":true,"href":"https:\/\/news.canadamotorjobs.com\/fr\/wp-json\/wp\/v2\/comments?post=42452"}],"version-history":[{"count":0,"href":"https:\/\/news.canadamotorjobs.com\/fr\/wp-json\/wp\/v2\/posts\/42452\/revisions"}],"wp:featuredmedia":[{"embeddable":true,"href":"https:\/\/news.canadamotorjobs.com\/fr\/wp-json\/wp\/v2\/media\/42456"}],"wp:attachment":[{"href":"https:\/\/news.canadamotorjobs.com\/fr\/wp-json\/wp\/v2\/media?parent=42452"}],"wp:term":[{"taxonomy":"category","embeddable":true,"href":"https:\/\/news.canadamotorjobs.com\/fr\/wp-json\/wp\/v2\/categories?post=42452"},{"taxonomy":"post_tag","embeddable":true,"href":"https:\/\/news.canadamotorjobs.com\/fr\/wp-json\/wp\/v2\/tags?post=42452"}],"curies":[{"name":"wp","href":"https:\/\/api.w.org\/{rel}","templated":true}]}}