{"id":42420,"date":"2022-07-31T12:25:35","date_gmt":"2022-07-31T16:25:35","guid":{"rendered":"https:\/\/blog.canadamotorjobs.com\/31-juillet-1928-chryler-rachete-dodge\/"},"modified":"2022-07-31T12:29:12","modified_gmt":"2022-07-31T16:29:12","slug":"31-juillet-1928-chryler-rachete-dodge","status":"publish","type":"post","link":"https:\/\/news.canadamotorjobs.com\/fr\/31-juillet-1928-chryler-rachete-dodge\/","title":{"rendered":"31 juillet 1928\u00a0: Chryler rach\u00e8te Dodge"},"content":{"rendered":"<\/p>\n<p>La corporation Chrysler rach\u00e8te les fr\u00e8res Dodge pour 170 millions de dollars le 31 juillet 1928, quintuplant ainsi la taille de la compagnie et devenant le troisi\u00e8me le 3e grand constructeur am\u00e9ricain, derri\u00e8re General Motors et Ford.<br \/> Les voituriers de Ford<br \/> Les fr\u00e8res John et Horace Dodge, machinistes de m\u00e9tier, ont connu des d\u00e9buts modestes et sont devenus des acteurs majeurs de l&#8217;industrie automobile am\u00e9ricaine naissante. Apr\u00e8s plusieurs ann\u00e9es de construction de bicyclettes et de pi\u00e8ces automobiles au d\u00e9but des ann\u00e9es 1900, ils ont fond\u00e9 un atelier d&#8217;usinage \u00e0 Detroit et ont commenc\u00e9 \u00e0 construire des transmissions pour Olds Motor Works. Ils acceptent ensuite de construire des moteurs pour Henry Ford, suspendent leur travail pour Olds et acceptent l&#8217;offre d&#8217;Henry Ford de leur offrir 10 % des actions de sa soci\u00e9t\u00e9. Les fr\u00e8res Dodge produisent toutes les pi\u00e8ces m\u00e9caniques des premi\u00e8res voitures de Ford et deviennent rapidement le plus grand fournisseur de pi\u00e8ces automobiles au monde.<br \/> D\u00e9c\u00e8s subit<br \/> En 1920, John Dodge meurt en janvier et Horace Dodge en d\u00e9cembre des suites de la grippe espagnole. En 1925, leurs veuves acceptent de recevoir 146 millions de dollars d&#8217;une soci\u00e9t\u00e9 bancaire d&#8217;investissement de New York pour le constructeur automobile. Et trois ans plus tard, les banquiers entament des pourparlers avec Walter Chrysler pour le rachat de Dodge. Dodge Brothers devient simplement Dodge en 1930. Et l&#8217;ornement de capot en forme de t\u00eate de b\u00e9lier, caract\u00e9ristique de la marque, con\u00e7u par Avard T. Fairbanks, professeur de sculpture \u00e0 l&#8217;universit\u00e9 du Michigan, fait<\/p>\n","protected":false},"excerpt":{"rendered":"<p>La corporation Chrysler rach\u00e8te les fr\u00e8res Dodge pour 170 millions de dollars le 31 juillet 1928, quintuplant ainsi la taille de la compagnie et devenant le troisi\u00e8me le 3e grand constructeur am\u00e9ricain, derri\u00e8re General Motors et Ford. Les voituriers de Ford Les fr\u00e8res John et Horace Dodge, machinistes de m\u00e9tier, ont connu des d\u00e9buts modestes [&hellip;]<\/p>\n","protected":false},"author":8,"featured_media":42424,"comment_status":"close","ping_status":"closed","sticky":false,"template":"","format":"standard","meta":{"_monsterinsights_skip_tracking":false,"_monsterinsights_sitenote_active":false,"_monsterinsights_sitenote_note":"","_monsterinsights_sitenote_category":0,"footnotes":""},"categories":[101],"tags":[],"yoast_head":"<!-- This site is optimized with the Yoast SEO plugin v23.2 - https:\/\/yoast.com\/wordpress\/plugins\/seo\/ -->\n<title>31 juillet 1928\u00a0: Chryler rach\u00e8te Dodge - CanadaMotorJobs.com<\/title>\n<meta name=\"description\" content=\"31 juillet 1928\u00a0: Chryler rach\u00e8te Dodge - Benoit Charette - Annuel automobile - CanadaMotorJobs.com.\" \/>\n<meta name=\"robots\" content=\"index, follow, max-snippet:-1, max-image-preview:large, max-video-preview:-1\" \/>\n<meta property=\"og:locale\" content=\"fr_CA\" \/>\n<meta property=\"og:type\" content=\"article\" \/>\n<meta property=\"og:title\" content=\"31 juillet 1928\u00a0: Chryler rach\u00e8te Dodge - CanadaMotorJobs.com\" \/>\n<meta property=\"og:description\" content=\"31 juillet 1928\u00a0: Chryler rach\u00e8te Dodge - Benoit Charette - Annuel automobile - CanadaMotorJobs.com.\" \/>\n<meta property=\"og:url\" content=\"https:\/\/news.canadamotorjobs.com\/fr\/31-juillet-1928-chryler-rachete-dodge\/\" \/>\n<meta property=\"og:site_name\" content=\"CanadaMotorJobs.com\" \/>\n<meta property=\"article:publisher\" content=\"https:\/\/www.facebook.com\/canadamotorjobs\/\" \/>\n<meta property=\"article:published_time\" content=\"2022-07-31T16:25:35+00:00\" \/>\n<meta property=\"article:modified_time\" content=\"2022-07-31T16:29:12+00:00\" \/>\n<meta property=\"og:image\" content=\"https:\/\/news.canadamotorjobs.com\/wp-content\/uploads\/2022\/07\/1928-chrysler-model-72-deluxe-roadster-hood-ornament-emblem-0806c-jill-reger-1.jpg\" \/>\n\t<meta property=\"og:image:width\" content=\"599\" \/>\n\t<meta property=\"og:image:height\" content=\"900\" \/>\n\t<meta property=\"og:image:type\" content=\"image\/jpeg\" \/>\n<meta name=\"author\" content=\"Benoit Charette\" \/>\n<meta name=\"twitter:card\" content=\"summary_large_image\" \/>\n<meta name=\"twitter:creator\" content=\"@canadamotorjobs\" \/>\n<meta name=\"twitter:site\" content=\"@canadamotorjobs\" \/>\n<meta name=\"twitter:label1\" content=\"\u00c9crit par\" \/>\n\t<meta name=\"twitter:data1\" content=\"Benoit Charette\" \/>\n\t<meta name=\"twitter:label2\" content=\"Estimation du temps de lecture\" \/>\n\t<meta name=\"twitter:data2\" content=\"1 minute\" \/>\n<!-- \/ Yoast SEO plugin. -->","yoast_head_json":{"title":"31 juillet 1928\u00a0: Chryler rach\u00e8te Dodge - CanadaMotorJobs.com","description":"31 juillet 1928\u00a0: Chryler rach\u00e8te Dodge - Benoit Charette - Annuel automobile - CanadaMotorJobs.com.","robots":{"index":"index","follow":"follow","max-snippet":"max-snippet:-1","max-image-preview":"max-image-preview:large","max-video-preview":"max-video-preview:-1"},"og_locale":"fr_CA","og_type":"article","og_title":"31 juillet 1928\u00a0: Chryler rach\u00e8te Dodge - CanadaMotorJobs.com","og_description":"31 juillet 1928\u00a0: Chryler rach\u00e8te Dodge - Benoit Charette - Annuel automobile - CanadaMotorJobs.com.","og_url":"https:\/\/news.canadamotorjobs.com\/fr\/31-juillet-1928-chryler-rachete-dodge\/","og_site_name":"CanadaMotorJobs.com","article_publisher":"https:\/\/www.facebook.com\/canadamotorjobs\/","article_published_time":"2022-07-31T16:25:35+00:00","article_modified_time":"2022-07-31T16:29:12+00:00","og_image":[{"width":599,"height":900,"url":"https:\/\/news.canadamotorjobs.com\/wp-content\/uploads\/2022\/07\/1928-chrysler-model-72-deluxe-roadster-hood-ornament-emblem-0806c-jill-reger-1.jpg","type":"image\/jpeg"}],"author":"Benoit Charette","twitter_card":"summary_large_image","twitter_creator":"@canadamotorjobs","twitter_site":"@canadamotorjobs","twitter_misc":{"\u00c9crit par":"Benoit Charette","Estimation du temps de lecture":"1 minute"},"schema":{"@context":"https:\/\/schema.org","@graph":[{"@type":"Article","@id":"https:\/\/news.canadamotorjobs.com\/fr\/31-juillet-1928-chryler-rachete-dodge\/#article","isPartOf":{"@id":"https:\/\/news.canadamotorjobs.com\/fr\/31-juillet-1928-chryler-rachete-dodge\/"},"author":{"name":"Benoit Charette","@id":"https:\/\/news.canadamotorjobs.com\/#\/schema\/person\/51793d1f87d44011d7bcc2ed99269a90"},"headline":"31 juillet 1928\u00a0: Chryler rach\u00e8te Dodge","datePublished":"2022-07-31T16:25:35+00:00","dateModified":"2022-07-31T16:29:12+00:00","mainEntityOfPage":{"@id":"https:\/\/news.canadamotorjobs.com\/fr\/31-juillet-1928-chryler-rachete-dodge\/"},"wordCount":278,"publisher":{"@id":"https:\/\/news.canadamotorjobs.com\/#organization"},"image":{"@id":"https:\/\/news.canadamotorjobs.com\/fr\/31-juillet-1928-chryler-rachete-dodge\/#primaryimage"},"thumbnailUrl":"https:\/\/news.canadamotorjobs.com\/wp-content\/uploads\/2022\/07\/1928-chrysler-model-72-deluxe-roadster-hood-ornament-emblem-0806c-jill-reger-1.jpg","articleSection":["Annuel automobile"],"inLanguage":"fr-CA"},{"@type":"WebPage","@id":"https:\/\/news.canadamotorjobs.com\/fr\/31-juillet-1928-chryler-rachete-dodge\/","url":"https:\/\/news.canadamotorjobs.com\/fr\/31-juillet-1928-chryler-rachete-dodge\/","name":"31 juillet 1928\u00a0: Chryler rach\u00e8te Dodge - CanadaMotorJobs.com","isPartOf":{"@id":"https:\/\/news.canadamotorjobs.com\/#website"},"primaryImageOfPage":{"@id":"https:\/\/news.canadamotorjobs.com\/fr\/31-juillet-1928-chryler-rachete-dodge\/#primaryimage"},"image":{"@id":"https:\/\/news.canadamotorjobs.com\/fr\/31-juillet-1928-chryler-rachete-dodge\/#primaryimage"},"thumbnailUrl":"https:\/\/news.canadamotorjobs.com\/wp-content\/uploads\/2022\/07\/1928-chrysler-model-72-deluxe-roadster-hood-ornament-emblem-0806c-jill-reger-1.jpg","datePublished":"2022-07-31T16:25:35+00:00","dateModified":"2022-07-31T16:29:12+00:00","description":"31 juillet 1928\u00a0: Chryler rach\u00e8te Dodge - Benoit Charette - Annuel automobile - CanadaMotorJobs.com.","breadcrumb":{"@id":"https:\/\/news.canadamotorjobs.com\/fr\/31-juillet-1928-chryler-rachete-dodge\/#breadcrumb"},"inLanguage":"fr-CA","potentialAction":[{"@type":"ReadAction","target":["https:\/\/news.canadamotorjobs.com\/fr\/31-juillet-1928-chryler-rachete-dodge\/"]}]},{"@type":"ImageObject","inLanguage":"fr-CA","@id":"https:\/\/news.canadamotorjobs.com\/fr\/31-juillet-1928-chryler-rachete-dodge\/#primaryimage","url":"https:\/\/news.canadamotorjobs.com\/wp-content\/uploads\/2022\/07\/1928-chrysler-model-72-deluxe-roadster-hood-ornament-emblem-0806c-jill-reger-1.jpg","contentUrl":"https:\/\/news.canadamotorjobs.com\/wp-content\/uploads\/2022\/07\/1928-chrysler-model-72-deluxe-roadster-hood-ornament-emblem-0806c-jill-reger-1.jpg","width":599,"height":900},{"@type":"BreadcrumbList","@id":"https:\/\/news.canadamotorjobs.com\/fr\/31-juillet-1928-chryler-rachete-dodge\/#breadcrumb","itemListElement":[{"@type":"ListItem","position":1,"name":"Home","item":"https:\/\/news.canadamotorjobs.com\/fr\/blog\/"},{"@type":"ListItem","position":2,"name":"31 juillet 1928\u00a0: Chryler rach\u00e8te Dodge"}]},{"@type":"WebSite","@id":"https:\/\/news.canadamotorjobs.com\/#website","url":"https:\/\/news.canadamotorjobs.com\/","name":"CanadaMotorJobs.com","description":"Automotive Jobs","publisher":{"@id":"https:\/\/news.canadamotorjobs.com\/#organization"},"potentialAction":[{"@type":"SearchAction","target":{"@type":"EntryPoint","urlTemplate":"https:\/\/news.canadamotorjobs.com\/?s={search_term_string}"},"query-input":"required name=search_term_string"}],"inLanguage":"fr-CA"},{"@type":"Organization","@id":"https:\/\/news.canadamotorjobs.com\/#organization","name":"Canada Motor Jobs","url":"https:\/\/news.canadamotorjobs.com\/","logo":{"@type":"ImageObject","inLanguage":"fr-CA","@id":"https:\/\/news.canadamotorjobs.com\/#\/schema\/logo\/image\/","url":"https:\/\/news.canadamotorjobs.com\/wp-content\/uploads\/2022\/10\/logo-canada-motor-jobs-1.png","contentUrl":"https:\/\/news.canadamotorjobs.com\/wp-content\/uploads\/2022\/10\/logo-canada-motor-jobs-1.png","width":800,"height":400,"caption":"Canada Motor Jobs"},"image":{"@id":"https:\/\/news.canadamotorjobs.com\/#\/schema\/logo\/image\/"},"sameAs":["https:\/\/www.facebook.com\/canadamotorjobs\/","https:\/\/x.com\/canadamotorjobs","https:\/\/www.instagram.com\/canadamotorjobs\/","https:\/\/www.linkedin.com\/company\/canadamotorjobs"]},{"@type":"Person","@id":"https:\/\/news.canadamotorjobs.com\/#\/schema\/person\/51793d1f87d44011d7bcc2ed99269a90","name":"Benoit Charette","image":{"@type":"ImageObject","inLanguage":"fr-CA","@id":"https:\/\/news.canadamotorjobs.com\/#\/schema\/person\/image\/","url":"https:\/\/secure.gravatar.com\/avatar\/45f3d2eebcccd909668d7ce7ea7267b6?s=96&d=mm&r=g","contentUrl":"https:\/\/secure.gravatar.com\/avatar\/45f3d2eebcccd909668d7ce7ea7267b6?s=96&d=mm&r=g","caption":"Benoit Charette"},"description":"Benoit Charette \/ Propri\u00e9taire et r\u00e9dacteur en chef Benoit Charette pratique le journalisme automobile depuis bient\u00f4t 30 ans. Il a fait ses classes au c\u00f4t\u00e9 de Daniel H\u00e9raud et au Carnet de route de 1992 \u00e0 2001. Il est fondateur, copropri\u00e9taire et r\u00e9dacteur en chef de L\u2019Annuel de l\u2019automobile, qu\u2019il publie depuis 2001. Il a anim\u00e9 les \u00e9missions RPM et RPM+ sur V et les L\u00e9gendes de la route sur Historia. \u00c0 la radio depuis 1986, il reprend l\u2019antenne cette ann\u00e9e sur les ondes de Cogeco et participe pour la deuxi\u00e8me ann\u00e9e \u00e0 l\u2019\u00e9mission Passion Auto sur RDS en plus de mettre en ligne le site Web officiel de L\u2019Annuel de l\u2019automobile sur annuelauto.ca.","sameAs":["https:\/\/annuelauto.ca\/"],"url":"https:\/\/news.canadamotorjobs.com\/fr\/author\/benoit-charette\/"}]}},"_links":{"self":[{"href":"https:\/\/news.canadamotorjobs.com\/fr\/wp-json\/wp\/v2\/posts\/42420"}],"collection":[{"href":"https:\/\/news.canadamotorjobs.com\/fr\/wp-json\/wp\/v2\/posts"}],"about":[{"href":"https:\/\/news.canadamotorjobs.com\/fr\/wp-json\/wp\/v2\/types\/post"}],"author":[{"embeddable":true,"href":"https:\/\/news.canadamotorjobs.com\/fr\/wp-json\/wp\/v2\/users\/8"}],"replies":[{"embeddable":true,"href":"https:\/\/news.canadamotorjobs.com\/fr\/wp-json\/wp\/v2\/comments?post=42420"}],"version-history":[{"count":0,"href":"https:\/\/news.canadamotorjobs.com\/fr\/wp-json\/wp\/v2\/posts\/42420\/revisions"}],"wp:featuredmedia":[{"embeddable":true,"href":"https:\/\/news.canadamotorjobs.com\/fr\/wp-json\/wp\/v2\/media\/42424"}],"wp:attachment":[{"href":"https:\/\/news.canadamotorjobs.com\/fr\/wp-json\/wp\/v2\/media?parent=42420"}],"wp:term":[{"taxonomy":"category","embeddable":true,"href":"https:\/\/news.canadamotorjobs.com\/fr\/wp-json\/wp\/v2\/categories?post=42420"},{"taxonomy":"post_tag","embeddable":true,"href":"https:\/\/news.canadamotorjobs.com\/fr\/wp-json\/wp\/v2\/tags?post=42420"}],"curies":[{"name":"wp","href":"https:\/\/api.w.org\/{rel}","templated":true}]}}