{"id":42404,"date":"2022-07-29T08:24:18","date_gmt":"2022-07-29T12:24:18","guid":{"rendered":"https:\/\/blog.canadamotorjobs.com\/ford-presente-la-f-150-lightning-pro-ssv-2023\/"},"modified":"2022-07-29T08:29:01","modified_gmt":"2022-07-29T12:29:01","slug":"ford-presente-la-f-150-lightning-pro-ssv-2023","status":"publish","type":"post","link":"https:\/\/news.canadamotorjobs.com\/fr\/ford-presente-la-f-150-lightning-pro-ssv-2023\/","title":{"rendered":"Ford pr\u00e9sente la F-150 Lightning Pro SSV 2023"},"content":{"rendered":"<\/p>\n<p>Apr\u00e8s que GM ait pr\u00e9sent\u00e9 la semaine derni\u00e8re un Chevrolet Blazer en version polici\u00e8re, c\u2019est autour de Ford de faire de m\u00eame cette semaine avec un F-150 Lightning. Le bien nomm\u00e9 F-150 Lightning Pro SSV 2023. Il s&#8217;agit du premier camion \u00e9lectrique sp\u00e9cialement con\u00e7u pour la police.<br \/> Un client de choix<br \/> Depuis tr\u00e8s longtemps, les forces polici\u00e8res sont un client de choix pour les constructeurs automobiles partout dans le monde. On voit d\u00e9j\u00e0 beaucoup de F-150 aux couleurs des corps policiers. On souhaite maintenant que la police aussi passe \u00e0 l\u2019\u00e8re \u00e9lectrique. Mais Ford veut aller un peu plus loin.<br \/> Plan de financement et bornes de recharge<br \/> Ford souhaite rendre la transition vers les VE aussi acceptable que possible gr\u00e2ce \u00e0 son plan de financement FinSimple. Il offre des options de pr\u00eats municipaux pour les solutions de recharge, y compris l&#8217;installation, le mat\u00e9riel et les logiciels. Ford souligne que le Lightning est particuli\u00e8rement bien adapt\u00e9 pour les services publics comme les corps policiers avec le syst\u00e8me Pro Power Onboard qui peut servir de source d&#8217;\u00e9nergie mobile pour \u00e9clairer les sc\u00e8nes et le coffre Mega Power offre un espace de rangement suppl\u00e9mentaire verrouillable en plus des ajouts sp\u00e9cialement con\u00e7us pour la police que nos clients attendent du leader des v\u00e9hicules de police.<br \/> Un mod\u00e8le Pro adapter pour les besoins des policier<br \/> Le mod\u00e8le propos\u00e9 aux services de police est une version Pro de base qui comprend :<\/p>\n<p> &#8211; Si\u00e8ges en tissu \u00e0 usage intensif avec des traversins r\u00e9duits pour aider<\/p>\n","protected":false},"excerpt":{"rendered":"<p>Apr\u00e8s que GM ait pr\u00e9sent\u00e9 la semaine derni\u00e8re un Chevrolet Blazer en version polici\u00e8re, c\u2019est autour de Ford de faire de m\u00eame cette semaine avec un F-150 Lightning. Le bien nomm\u00e9 F-150 Lightning Pro SSV 2023. Il s&#8217;agit du premier camion \u00e9lectrique sp\u00e9cialement con\u00e7u pour la police. Un client de choix Depuis tr\u00e8s longtemps, les [&hellip;]<\/p>\n","protected":false},"author":8,"featured_media":42408,"comment_status":"close","ping_status":"closed","sticky":false,"template":"","format":"standard","meta":{"_monsterinsights_skip_tracking":false,"_monsterinsights_sitenote_active":false,"_monsterinsights_sitenote_note":"","_monsterinsights_sitenote_category":0,"footnotes":""},"categories":[101],"tags":[],"yoast_head":"<!-- This site is optimized with the Yoast SEO plugin v23.2 - https:\/\/yoast.com\/wordpress\/plugins\/seo\/ -->\n<title>Ford pr\u00e9sente la F-150 Lightning Pro SSV 2023 - CanadaMotorJobs.com<\/title>\n<meta name=\"description\" content=\"Ford pr\u00e9sente la F-150 Lightning Pro SSV 2023 - Benoit Charette - Annuel automobile - CanadaMotorJobs.com.\" \/>\n<meta name=\"robots\" content=\"index, follow, max-snippet:-1, max-image-preview:large, max-video-preview:-1\" \/>\n<meta property=\"og:locale\" content=\"fr_CA\" \/>\n<meta property=\"og:type\" content=\"article\" \/>\n<meta property=\"og:title\" content=\"Ford pr\u00e9sente la F-150 Lightning Pro SSV 2023 - CanadaMotorJobs.com\" \/>\n<meta property=\"og:description\" content=\"Ford pr\u00e9sente la F-150 Lightning Pro SSV 2023 - Benoit Charette - Annuel automobile - CanadaMotorJobs.com.\" \/>\n<meta property=\"og:url\" content=\"https:\/\/news.canadamotorjobs.com\/fr\/ford-presente-la-f-150-lightning-pro-ssv-2023\/\" \/>\n<meta property=\"og:site_name\" content=\"CanadaMotorJobs.com\" \/>\n<meta property=\"article:publisher\" content=\"https:\/\/www.facebook.com\/canadamotorjobs\/\" \/>\n<meta property=\"article:published_time\" content=\"2022-07-29T12:24:18+00:00\" \/>\n<meta property=\"article:modified_time\" content=\"2022-07-29T12:29:01+00:00\" \/>\n<meta property=\"og:image\" content=\"https:\/\/news.canadamotorjobs.com\/wp-content\/uploads\/2022\/07\/2023-f-150-lightning-pro-ssv-01-jpeg-1659024920-scaled-1-1.jpeg\" \/>\n\t<meta property=\"og:image:width\" content=\"2560\" \/>\n\t<meta property=\"og:image:height\" content=\"1707\" \/>\n\t<meta property=\"og:image:type\" content=\"image\/jpeg\" \/>\n<meta name=\"author\" content=\"Benoit Charette\" \/>\n<meta name=\"twitter:card\" content=\"summary_large_image\" \/>\n<meta name=\"twitter:creator\" content=\"@canadamotorjobs\" \/>\n<meta name=\"twitter:site\" content=\"@canadamotorjobs\" \/>\n<meta name=\"twitter:label1\" content=\"\u00c9crit par\" \/>\n\t<meta name=\"twitter:data1\" content=\"Benoit Charette\" \/>\n\t<meta name=\"twitter:label2\" content=\"Estimation du temps de lecture\" \/>\n\t<meta name=\"twitter:data2\" content=\"1 minute\" \/>\n<!-- \/ Yoast SEO plugin. -->","yoast_head_json":{"title":"Ford pr\u00e9sente la F-150 Lightning Pro SSV 2023 - CanadaMotorJobs.com","description":"Ford pr\u00e9sente la F-150 Lightning Pro SSV 2023 - Benoit Charette - Annuel automobile - CanadaMotorJobs.com.","robots":{"index":"index","follow":"follow","max-snippet":"max-snippet:-1","max-image-preview":"max-image-preview:large","max-video-preview":"max-video-preview:-1"},"og_locale":"fr_CA","og_type":"article","og_title":"Ford pr\u00e9sente la F-150 Lightning Pro SSV 2023 - CanadaMotorJobs.com","og_description":"Ford pr\u00e9sente la F-150 Lightning Pro SSV 2023 - Benoit Charette - Annuel automobile - CanadaMotorJobs.com.","og_url":"https:\/\/news.canadamotorjobs.com\/fr\/ford-presente-la-f-150-lightning-pro-ssv-2023\/","og_site_name":"CanadaMotorJobs.com","article_publisher":"https:\/\/www.facebook.com\/canadamotorjobs\/","article_published_time":"2022-07-29T12:24:18+00:00","article_modified_time":"2022-07-29T12:29:01+00:00","og_image":[{"width":2560,"height":1707,"url":"https:\/\/news.canadamotorjobs.com\/wp-content\/uploads\/2022\/07\/2023-f-150-lightning-pro-ssv-01-jpeg-1659024920-scaled-1-1.jpeg","type":"image\/jpeg"}],"author":"Benoit Charette","twitter_card":"summary_large_image","twitter_creator":"@canadamotorjobs","twitter_site":"@canadamotorjobs","twitter_misc":{"\u00c9crit par":"Benoit Charette","Estimation du temps de lecture":"1 minute"},"schema":{"@context":"https:\/\/schema.org","@graph":[{"@type":"Article","@id":"https:\/\/news.canadamotorjobs.com\/fr\/ford-presente-la-f-150-lightning-pro-ssv-2023\/#article","isPartOf":{"@id":"https:\/\/news.canadamotorjobs.com\/fr\/ford-presente-la-f-150-lightning-pro-ssv-2023\/"},"author":{"name":"Benoit Charette","@id":"https:\/\/news.canadamotorjobs.com\/#\/schema\/person\/51793d1f87d44011d7bcc2ed99269a90"},"headline":"Ford pr\u00e9sente la F-150 Lightning Pro SSV 2023","datePublished":"2022-07-29T12:24:18+00:00","dateModified":"2022-07-29T12:29:01+00:00","mainEntityOfPage":{"@id":"https:\/\/news.canadamotorjobs.com\/fr\/ford-presente-la-f-150-lightning-pro-ssv-2023\/"},"wordCount":281,"publisher":{"@id":"https:\/\/news.canadamotorjobs.com\/#organization"},"image":{"@id":"https:\/\/news.canadamotorjobs.com\/fr\/ford-presente-la-f-150-lightning-pro-ssv-2023\/#primaryimage"},"thumbnailUrl":"https:\/\/news.canadamotorjobs.com\/wp-content\/uploads\/2022\/07\/2023-f-150-lightning-pro-ssv-01-jpeg-1659024920-scaled-1-1.jpeg","articleSection":["Annuel automobile"],"inLanguage":"fr-CA"},{"@type":"WebPage","@id":"https:\/\/news.canadamotorjobs.com\/fr\/ford-presente-la-f-150-lightning-pro-ssv-2023\/","url":"https:\/\/news.canadamotorjobs.com\/fr\/ford-presente-la-f-150-lightning-pro-ssv-2023\/","name":"Ford pr\u00e9sente la F-150 Lightning Pro SSV 2023 - CanadaMotorJobs.com","isPartOf":{"@id":"https:\/\/news.canadamotorjobs.com\/#website"},"primaryImageOfPage":{"@id":"https:\/\/news.canadamotorjobs.com\/fr\/ford-presente-la-f-150-lightning-pro-ssv-2023\/#primaryimage"},"image":{"@id":"https:\/\/news.canadamotorjobs.com\/fr\/ford-presente-la-f-150-lightning-pro-ssv-2023\/#primaryimage"},"thumbnailUrl":"https:\/\/news.canadamotorjobs.com\/wp-content\/uploads\/2022\/07\/2023-f-150-lightning-pro-ssv-01-jpeg-1659024920-scaled-1-1.jpeg","datePublished":"2022-07-29T12:24:18+00:00","dateModified":"2022-07-29T12:29:01+00:00","description":"Ford pr\u00e9sente la F-150 Lightning Pro SSV 2023 - Benoit Charette - Annuel automobile - CanadaMotorJobs.com.","breadcrumb":{"@id":"https:\/\/news.canadamotorjobs.com\/fr\/ford-presente-la-f-150-lightning-pro-ssv-2023\/#breadcrumb"},"inLanguage":"fr-CA","potentialAction":[{"@type":"ReadAction","target":["https:\/\/news.canadamotorjobs.com\/fr\/ford-presente-la-f-150-lightning-pro-ssv-2023\/"]}]},{"@type":"ImageObject","inLanguage":"fr-CA","@id":"https:\/\/news.canadamotorjobs.com\/fr\/ford-presente-la-f-150-lightning-pro-ssv-2023\/#primaryimage","url":"https:\/\/news.canadamotorjobs.com\/wp-content\/uploads\/2022\/07\/2023-f-150-lightning-pro-ssv-01-jpeg-1659024920-scaled-1-1.jpeg","contentUrl":"https:\/\/news.canadamotorjobs.com\/wp-content\/uploads\/2022\/07\/2023-f-150-lightning-pro-ssv-01-jpeg-1659024920-scaled-1-1.jpeg","width":2560,"height":1707},{"@type":"BreadcrumbList","@id":"https:\/\/news.canadamotorjobs.com\/fr\/ford-presente-la-f-150-lightning-pro-ssv-2023\/#breadcrumb","itemListElement":[{"@type":"ListItem","position":1,"name":"Home","item":"https:\/\/news.canadamotorjobs.com\/fr\/blog\/"},{"@type":"ListItem","position":2,"name":"Ford pr\u00e9sente la F-150 Lightning Pro SSV 2023"}]},{"@type":"WebSite","@id":"https:\/\/news.canadamotorjobs.com\/#website","url":"https:\/\/news.canadamotorjobs.com\/","name":"CanadaMotorJobs.com","description":"Automotive Jobs","publisher":{"@id":"https:\/\/news.canadamotorjobs.com\/#organization"},"potentialAction":[{"@type":"SearchAction","target":{"@type":"EntryPoint","urlTemplate":"https:\/\/news.canadamotorjobs.com\/?s={search_term_string}"},"query-input":"required name=search_term_string"}],"inLanguage":"fr-CA"},{"@type":"Organization","@id":"https:\/\/news.canadamotorjobs.com\/#organization","name":"Canada Motor Jobs","url":"https:\/\/news.canadamotorjobs.com\/","logo":{"@type":"ImageObject","inLanguage":"fr-CA","@id":"https:\/\/news.canadamotorjobs.com\/#\/schema\/logo\/image\/","url":"https:\/\/news.canadamotorjobs.com\/wp-content\/uploads\/2022\/10\/logo-canada-motor-jobs-1.png","contentUrl":"https:\/\/news.canadamotorjobs.com\/wp-content\/uploads\/2022\/10\/logo-canada-motor-jobs-1.png","width":800,"height":400,"caption":"Canada Motor Jobs"},"image":{"@id":"https:\/\/news.canadamotorjobs.com\/#\/schema\/logo\/image\/"},"sameAs":["https:\/\/www.facebook.com\/canadamotorjobs\/","https:\/\/x.com\/canadamotorjobs","https:\/\/www.instagram.com\/canadamotorjobs\/","https:\/\/www.linkedin.com\/company\/canadamotorjobs"]},{"@type":"Person","@id":"https:\/\/news.canadamotorjobs.com\/#\/schema\/person\/51793d1f87d44011d7bcc2ed99269a90","name":"Benoit Charette","image":{"@type":"ImageObject","inLanguage":"fr-CA","@id":"https:\/\/news.canadamotorjobs.com\/#\/schema\/person\/image\/","url":"https:\/\/secure.gravatar.com\/avatar\/45f3d2eebcccd909668d7ce7ea7267b6?s=96&d=mm&r=g","contentUrl":"https:\/\/secure.gravatar.com\/avatar\/45f3d2eebcccd909668d7ce7ea7267b6?s=96&d=mm&r=g","caption":"Benoit Charette"},"description":"Benoit Charette \/ Propri\u00e9taire et r\u00e9dacteur en chef Benoit Charette pratique le journalisme automobile depuis bient\u00f4t 30 ans. Il a fait ses classes au c\u00f4t\u00e9 de Daniel H\u00e9raud et au Carnet de route de 1992 \u00e0 2001. Il est fondateur, copropri\u00e9taire et r\u00e9dacteur en chef de L\u2019Annuel de l\u2019automobile, qu\u2019il publie depuis 2001. Il a anim\u00e9 les \u00e9missions RPM et RPM+ sur V et les L\u00e9gendes de la route sur Historia. \u00c0 la radio depuis 1986, il reprend l\u2019antenne cette ann\u00e9e sur les ondes de Cogeco et participe pour la deuxi\u00e8me ann\u00e9e \u00e0 l\u2019\u00e9mission Passion Auto sur RDS en plus de mettre en ligne le site Web officiel de L\u2019Annuel de l\u2019automobile sur annuelauto.ca.","sameAs":["https:\/\/annuelauto.ca\/"],"url":"https:\/\/news.canadamotorjobs.com\/fr\/author\/benoit-charette\/"}]}},"_links":{"self":[{"href":"https:\/\/news.canadamotorjobs.com\/fr\/wp-json\/wp\/v2\/posts\/42404"}],"collection":[{"href":"https:\/\/news.canadamotorjobs.com\/fr\/wp-json\/wp\/v2\/posts"}],"about":[{"href":"https:\/\/news.canadamotorjobs.com\/fr\/wp-json\/wp\/v2\/types\/post"}],"author":[{"embeddable":true,"href":"https:\/\/news.canadamotorjobs.com\/fr\/wp-json\/wp\/v2\/users\/8"}],"replies":[{"embeddable":true,"href":"https:\/\/news.canadamotorjobs.com\/fr\/wp-json\/wp\/v2\/comments?post=42404"}],"version-history":[{"count":0,"href":"https:\/\/news.canadamotorjobs.com\/fr\/wp-json\/wp\/v2\/posts\/42404\/revisions"}],"wp:featuredmedia":[{"embeddable":true,"href":"https:\/\/news.canadamotorjobs.com\/fr\/wp-json\/wp\/v2\/media\/42408"}],"wp:attachment":[{"href":"https:\/\/news.canadamotorjobs.com\/fr\/wp-json\/wp\/v2\/media?parent=42404"}],"wp:term":[{"taxonomy":"category","embeddable":true,"href":"https:\/\/news.canadamotorjobs.com\/fr\/wp-json\/wp\/v2\/categories?post=42404"},{"taxonomy":"post_tag","embeddable":true,"href":"https:\/\/news.canadamotorjobs.com\/fr\/wp-json\/wp\/v2\/tags?post=42404"}],"curies":[{"name":"wp","href":"https:\/\/api.w.org\/{rel}","templated":true}]}}