{"id":42396,"date":"2022-07-29T07:52:32","date_gmt":"2022-07-29T11:52:32","guid":{"rendered":"https:\/\/blog.canadamotorjobs.com\/un-possible-rappel-pour-le-jeep-cherokee\/"},"modified":"2022-07-29T07:59:06","modified_gmt":"2022-07-29T11:59:06","slug":"un-possible-rappel-pour-le-jeep-cherokee","status":"publish","type":"post","link":"https:\/\/news.canadamotorjobs.com\/fr\/un-possible-rappel-pour-le-jeep-cherokee\/","title":{"rendered":"Un possible rappel pour le Jeep Cherokee"},"content":{"rendered":"<\/p>\n<p>Le Jeep Cherokee fait pr\u00e9sentement l\u2019objet d\u2019une enqu\u00eate de la NHTSA aux \u00c9tats-Unis. Les mod\u00e8les vis\u00e9s sont les ann\u00e9es 2014 \u00e0 2020. Ces mod\u00e8les pourraient laisser entrer de l&#8217;eau \u00e0 l&#8217;int\u00e9rieur d&#8217;une mani\u00e8re qui pourrait endommager les modules \u00e9lectroniques et le frein de stationnement \u00e9lectronique pourrait s&#8217;appliquer tout seul alors que le v\u00e9hicule est en mouvement. Un rappel similaire avait \u00e9t\u00e9 effectu\u00e9 en 2015 pour le module du hayon \u00e9lectrique.<br \/> Un grand nombre de plaintes a d\u00e9clench\u00e9 l\u2019enqu\u00eate<br \/> C\u2019est suite \u00e0 un grand nombre de plaintes re\u00e7u de propri\u00e9taires de Cherokee que le NHTSA a d\u00e9cid\u00e9 d\u2019y voir de plus pr\u00e8s. Selon l&#8217;agence, le probl\u00e8me provient d&#8217;une fuite d&#8217;eau qui peut se d\u00e9velopper autour du hayon ou des rebords de la carrosserie arri\u00e8re de cette g\u00e9n\u00e9ration du Cherokee. Comme le module qui commande le frein de stationnement \u00e9lectronique est situ\u00e9 dans la zone o\u00f9 l&#8217;eau s&#8217;accumule apr\u00e8s avoir p\u00e9n\u00e9tr\u00e9 dans la soute, de nombreux cas de d\u00e9faillance ont \u00e9t\u00e9 signal\u00e9s.<br \/> De possibles pertes de contr\u00f4le<br \/> Le plus gros probl\u00e8me est que lorsqu&#8217;ils tombent en panne, ces modules ont tendance \u00e0 provoquer l&#8217;enclenchement du frein de stationnement pendant que le v\u00e9hicule roule, ce qui peut entra\u00eener une perte de contr\u00f4le. \u00c0 ce jour, 80 plaintes de clients ont \u00e9t\u00e9 d\u00e9pos\u00e9es concernant un frein de stationnement qui s&#8217;est engag\u00e9 pendant la conduite ou qui a refus\u00e9 de se d\u00e9sengager, laissant le v\u00e9hicule en panne.<br \/> 1,3 million de v\u00e9hicules font l\u2019objet d\u2019une enqu\u00eate<br \/> Ce probl\u00e8me est tellement r\u00e9pandu que la NHTSA a inclus<\/p>\n","protected":false},"excerpt":{"rendered":"<p>Le Jeep Cherokee fait pr\u00e9sentement l\u2019objet d\u2019une enqu\u00eate de la NHTSA aux \u00c9tats-Unis. Les mod\u00e8les vis\u00e9s sont les ann\u00e9es 2014 \u00e0 2020. Ces mod\u00e8les pourraient laisser entrer de l&#8217;eau \u00e0 l&#8217;int\u00e9rieur d&#8217;une mani\u00e8re qui pourrait endommager les modules \u00e9lectroniques et le frein de stationnement \u00e9lectronique pourrait s&#8217;appliquer tout seul alors que le v\u00e9hicule est en [&hellip;]<\/p>\n","protected":false},"author":8,"featured_media":42400,"comment_status":"close","ping_status":"closed","sticky":false,"template":"","format":"standard","meta":{"_monsterinsights_skip_tracking":false,"_monsterinsights_sitenote_active":false,"_monsterinsights_sitenote_note":"","_monsterinsights_sitenote_category":0,"footnotes":""},"categories":[101],"tags":[],"yoast_head":"<!-- This site is optimized with the Yoast SEO plugin v23.2 - https:\/\/yoast.com\/wordpress\/plugins\/seo\/ -->\n<title>Un possible rappel pour le Jeep Cherokee - CanadaMotorJobs.com<\/title>\n<meta name=\"description\" content=\"Un possible rappel pour le Jeep Cherokee - Benoit Charette - Annuel automobile - CanadaMotorJobs.com.\" \/>\n<meta name=\"robots\" content=\"index, follow, max-snippet:-1, max-image-preview:large, max-video-preview:-1\" \/>\n<meta property=\"og:locale\" content=\"fr_CA\" \/>\n<meta property=\"og:type\" content=\"article\" \/>\n<meta property=\"og:title\" content=\"Un possible rappel pour le Jeep Cherokee - CanadaMotorJobs.com\" \/>\n<meta property=\"og:description\" content=\"Un possible rappel pour le Jeep Cherokee - Benoit Charette - Annuel automobile - CanadaMotorJobs.com.\" \/>\n<meta property=\"og:url\" content=\"https:\/\/news.canadamotorjobs.com\/fr\/un-possible-rappel-pour-le-jeep-cherokee\/\" \/>\n<meta property=\"og:site_name\" content=\"CanadaMotorJobs.com\" \/>\n<meta property=\"article:publisher\" content=\"https:\/\/www.facebook.com\/canadamotorjobs\/\" \/>\n<meta property=\"article:published_time\" content=\"2022-07-29T11:52:32+00:00\" \/>\n<meta property=\"article:modified_time\" content=\"2022-07-29T11:59:06+00:00\" \/>\n<meta property=\"og:image\" content=\"https:\/\/news.canadamotorjobs.com\/wp-content\/uploads\/2022\/07\/2015-Cherokee-1.jpg\" \/>\n\t<meta property=\"og:image:width\" content=\"1600\" \/>\n\t<meta property=\"og:image:height\" content=\"1067\" \/>\n\t<meta property=\"og:image:type\" content=\"image\/jpeg\" \/>\n<meta name=\"author\" content=\"Benoit Charette\" \/>\n<meta name=\"twitter:card\" content=\"summary_large_image\" \/>\n<meta name=\"twitter:creator\" content=\"@canadamotorjobs\" \/>\n<meta name=\"twitter:site\" content=\"@canadamotorjobs\" \/>\n<meta name=\"twitter:label1\" content=\"\u00c9crit par\" \/>\n\t<meta name=\"twitter:data1\" content=\"Benoit Charette\" \/>\n\t<meta name=\"twitter:label2\" content=\"Estimation du temps de lecture\" \/>\n\t<meta name=\"twitter:data2\" content=\"1 minute\" \/>\n<!-- \/ Yoast SEO plugin. -->","yoast_head_json":{"title":"Un possible rappel pour le Jeep Cherokee - CanadaMotorJobs.com","description":"Un possible rappel pour le Jeep Cherokee - Benoit Charette - Annuel automobile - CanadaMotorJobs.com.","robots":{"index":"index","follow":"follow","max-snippet":"max-snippet:-1","max-image-preview":"max-image-preview:large","max-video-preview":"max-video-preview:-1"},"og_locale":"fr_CA","og_type":"article","og_title":"Un possible rappel pour le Jeep Cherokee - CanadaMotorJobs.com","og_description":"Un possible rappel pour le Jeep Cherokee - Benoit Charette - Annuel automobile - CanadaMotorJobs.com.","og_url":"https:\/\/news.canadamotorjobs.com\/fr\/un-possible-rappel-pour-le-jeep-cherokee\/","og_site_name":"CanadaMotorJobs.com","article_publisher":"https:\/\/www.facebook.com\/canadamotorjobs\/","article_published_time":"2022-07-29T11:52:32+00:00","article_modified_time":"2022-07-29T11:59:06+00:00","og_image":[{"width":1600,"height":1067,"url":"https:\/\/news.canadamotorjobs.com\/wp-content\/uploads\/2022\/07\/2015-Cherokee-1.jpg","type":"image\/jpeg"}],"author":"Benoit Charette","twitter_card":"summary_large_image","twitter_creator":"@canadamotorjobs","twitter_site":"@canadamotorjobs","twitter_misc":{"\u00c9crit par":"Benoit Charette","Estimation du temps de lecture":"1 minute"},"schema":{"@context":"https:\/\/schema.org","@graph":[{"@type":"Article","@id":"https:\/\/news.canadamotorjobs.com\/fr\/un-possible-rappel-pour-le-jeep-cherokee\/#article","isPartOf":{"@id":"https:\/\/news.canadamotorjobs.com\/fr\/un-possible-rappel-pour-le-jeep-cherokee\/"},"author":{"name":"Benoit Charette","@id":"https:\/\/news.canadamotorjobs.com\/#\/schema\/person\/51793d1f87d44011d7bcc2ed99269a90"},"headline":"Un possible rappel pour le Jeep Cherokee","datePublished":"2022-07-29T11:52:32+00:00","dateModified":"2022-07-29T11:59:06+00:00","mainEntityOfPage":{"@id":"https:\/\/news.canadamotorjobs.com\/fr\/un-possible-rappel-pour-le-jeep-cherokee\/"},"wordCount":304,"publisher":{"@id":"https:\/\/news.canadamotorjobs.com\/#organization"},"image":{"@id":"https:\/\/news.canadamotorjobs.com\/fr\/un-possible-rappel-pour-le-jeep-cherokee\/#primaryimage"},"thumbnailUrl":"https:\/\/news.canadamotorjobs.com\/wp-content\/uploads\/2022\/07\/2015-Cherokee-1.jpg","articleSection":["Annuel automobile"],"inLanguage":"fr-CA"},{"@type":"WebPage","@id":"https:\/\/news.canadamotorjobs.com\/fr\/un-possible-rappel-pour-le-jeep-cherokee\/","url":"https:\/\/news.canadamotorjobs.com\/fr\/un-possible-rappel-pour-le-jeep-cherokee\/","name":"Un possible rappel pour le Jeep Cherokee - CanadaMotorJobs.com","isPartOf":{"@id":"https:\/\/news.canadamotorjobs.com\/#website"},"primaryImageOfPage":{"@id":"https:\/\/news.canadamotorjobs.com\/fr\/un-possible-rappel-pour-le-jeep-cherokee\/#primaryimage"},"image":{"@id":"https:\/\/news.canadamotorjobs.com\/fr\/un-possible-rappel-pour-le-jeep-cherokee\/#primaryimage"},"thumbnailUrl":"https:\/\/news.canadamotorjobs.com\/wp-content\/uploads\/2022\/07\/2015-Cherokee-1.jpg","datePublished":"2022-07-29T11:52:32+00:00","dateModified":"2022-07-29T11:59:06+00:00","description":"Un possible rappel pour le Jeep Cherokee - Benoit Charette - Annuel automobile - CanadaMotorJobs.com.","breadcrumb":{"@id":"https:\/\/news.canadamotorjobs.com\/fr\/un-possible-rappel-pour-le-jeep-cherokee\/#breadcrumb"},"inLanguage":"fr-CA","potentialAction":[{"@type":"ReadAction","target":["https:\/\/news.canadamotorjobs.com\/fr\/un-possible-rappel-pour-le-jeep-cherokee\/"]}]},{"@type":"ImageObject","inLanguage":"fr-CA","@id":"https:\/\/news.canadamotorjobs.com\/fr\/un-possible-rappel-pour-le-jeep-cherokee\/#primaryimage","url":"https:\/\/news.canadamotorjobs.com\/wp-content\/uploads\/2022\/07\/2015-Cherokee-1.jpg","contentUrl":"https:\/\/news.canadamotorjobs.com\/wp-content\/uploads\/2022\/07\/2015-Cherokee-1.jpg","width":1600,"height":1067},{"@type":"BreadcrumbList","@id":"https:\/\/news.canadamotorjobs.com\/fr\/un-possible-rappel-pour-le-jeep-cherokee\/#breadcrumb","itemListElement":[{"@type":"ListItem","position":1,"name":"Home","item":"https:\/\/news.canadamotorjobs.com\/fr\/blog\/"},{"@type":"ListItem","position":2,"name":"Un possible rappel pour le Jeep Cherokee"}]},{"@type":"WebSite","@id":"https:\/\/news.canadamotorjobs.com\/#website","url":"https:\/\/news.canadamotorjobs.com\/","name":"CanadaMotorJobs.com","description":"Automotive Jobs","publisher":{"@id":"https:\/\/news.canadamotorjobs.com\/#organization"},"potentialAction":[{"@type":"SearchAction","target":{"@type":"EntryPoint","urlTemplate":"https:\/\/news.canadamotorjobs.com\/?s={search_term_string}"},"query-input":"required name=search_term_string"}],"inLanguage":"fr-CA"},{"@type":"Organization","@id":"https:\/\/news.canadamotorjobs.com\/#organization","name":"Canada Motor Jobs","url":"https:\/\/news.canadamotorjobs.com\/","logo":{"@type":"ImageObject","inLanguage":"fr-CA","@id":"https:\/\/news.canadamotorjobs.com\/#\/schema\/logo\/image\/","url":"https:\/\/news.canadamotorjobs.com\/wp-content\/uploads\/2022\/10\/logo-canada-motor-jobs-1.png","contentUrl":"https:\/\/news.canadamotorjobs.com\/wp-content\/uploads\/2022\/10\/logo-canada-motor-jobs-1.png","width":800,"height":400,"caption":"Canada Motor Jobs"},"image":{"@id":"https:\/\/news.canadamotorjobs.com\/#\/schema\/logo\/image\/"},"sameAs":["https:\/\/www.facebook.com\/canadamotorjobs\/","https:\/\/x.com\/canadamotorjobs","https:\/\/www.instagram.com\/canadamotorjobs\/","https:\/\/www.linkedin.com\/company\/canadamotorjobs"]},{"@type":"Person","@id":"https:\/\/news.canadamotorjobs.com\/#\/schema\/person\/51793d1f87d44011d7bcc2ed99269a90","name":"Benoit Charette","image":{"@type":"ImageObject","inLanguage":"fr-CA","@id":"https:\/\/news.canadamotorjobs.com\/#\/schema\/person\/image\/","url":"https:\/\/secure.gravatar.com\/avatar\/45f3d2eebcccd909668d7ce7ea7267b6?s=96&d=mm&r=g","contentUrl":"https:\/\/secure.gravatar.com\/avatar\/45f3d2eebcccd909668d7ce7ea7267b6?s=96&d=mm&r=g","caption":"Benoit Charette"},"description":"Benoit Charette \/ Propri\u00e9taire et r\u00e9dacteur en chef Benoit Charette pratique le journalisme automobile depuis bient\u00f4t 30 ans. Il a fait ses classes au c\u00f4t\u00e9 de Daniel H\u00e9raud et au Carnet de route de 1992 \u00e0 2001. Il est fondateur, copropri\u00e9taire et r\u00e9dacteur en chef de L\u2019Annuel de l\u2019automobile, qu\u2019il publie depuis 2001. Il a anim\u00e9 les \u00e9missions RPM et RPM+ sur V et les L\u00e9gendes de la route sur Historia. \u00c0 la radio depuis 1986, il reprend l\u2019antenne cette ann\u00e9e sur les ondes de Cogeco et participe pour la deuxi\u00e8me ann\u00e9e \u00e0 l\u2019\u00e9mission Passion Auto sur RDS en plus de mettre en ligne le site Web officiel de L\u2019Annuel de l\u2019automobile sur annuelauto.ca.","sameAs":["https:\/\/annuelauto.ca\/"],"url":"https:\/\/news.canadamotorjobs.com\/fr\/author\/benoit-charette\/"}]}},"_links":{"self":[{"href":"https:\/\/news.canadamotorjobs.com\/fr\/wp-json\/wp\/v2\/posts\/42396"}],"collection":[{"href":"https:\/\/news.canadamotorjobs.com\/fr\/wp-json\/wp\/v2\/posts"}],"about":[{"href":"https:\/\/news.canadamotorjobs.com\/fr\/wp-json\/wp\/v2\/types\/post"}],"author":[{"embeddable":true,"href":"https:\/\/news.canadamotorjobs.com\/fr\/wp-json\/wp\/v2\/users\/8"}],"replies":[{"embeddable":true,"href":"https:\/\/news.canadamotorjobs.com\/fr\/wp-json\/wp\/v2\/comments?post=42396"}],"version-history":[{"count":0,"href":"https:\/\/news.canadamotorjobs.com\/fr\/wp-json\/wp\/v2\/posts\/42396\/revisions"}],"wp:featuredmedia":[{"embeddable":true,"href":"https:\/\/news.canadamotorjobs.com\/fr\/wp-json\/wp\/v2\/media\/42400"}],"wp:attachment":[{"href":"https:\/\/news.canadamotorjobs.com\/fr\/wp-json\/wp\/v2\/media?parent=42396"}],"wp:term":[{"taxonomy":"category","embeddable":true,"href":"https:\/\/news.canadamotorjobs.com\/fr\/wp-json\/wp\/v2\/categories?post=42396"},{"taxonomy":"post_tag","embeddable":true,"href":"https:\/\/news.canadamotorjobs.com\/fr\/wp-json\/wp\/v2\/tags?post=42396"}],"curies":[{"name":"wp","href":"https:\/\/api.w.org\/{rel}","templated":true}]}}