{"id":42385,"date":"2022-07-28T08:07:44","date_gmt":"2022-07-28T12:07:44","guid":{"rendered":"https:\/\/blog.canadamotorjobs.com\/sebastian-vettel-annonce-son-retrait-de-la-formule-1\/"},"modified":"2022-07-28T08:13:39","modified_gmt":"2022-07-28T12:13:39","slug":"sebastian-vettel-annonce-son-retrait-de-la-formule-1","status":"publish","type":"post","link":"https:\/\/news.canadamotorjobs.com\/fr\/sebastian-vettel-annonce-son-retrait-de-la-formule-1\/","title":{"rendered":"Sebastian Vettel annonce son retrait de la Formule 1"},"content":{"rendered":"<\/p>\n<p>Voil\u00e0 une nouvelle qui en a surpris plus d\u2019un. Le bien aim\u00e9 pilote allemand prendra sa retraite \u00e0 la fin de la saison 2022. Connu pour \u00eatre discret, Vettel s\u2019est ouvert un compte Instagram pour annoncer son retrait de la Formule 1. Ironiquement, Aston Martin a confirm\u00e9, il y a quelques jours, qu\u2019elle s\u2019attendait \u00e0 ce que Vettel signe son contrat pour l\u2019an prochain.<br \/> Quatre championnats \u00e0 son actif<br \/> Vettel est l&#8217;un des pilotes les plus performants de l&#8217;histoire de la F1. Il a remport\u00e9 quatre championnats du monde avec Red Bull. Il souligne prendre sa retraite parce qu&#8217;il a une vie en dehors de la Formule 1. &#8220;Autant qu&#8217;il y a une vie sur la piste, il y a aussi ma vie en dehors de la piste&#8221;, a d\u00e9clar\u00e9 Vettel. Vettel a trois enfants, et une vie pass\u00e9e \u00e0 voyager constamment \u00e0 travers les continents n&#8217;est \u00e9videmment pas id\u00e9ale.<br \/> Une carri\u00e8re en pente descendante<br \/> Nous ne pouvons pas dire que nous sommes surpris. La version 2022 de Vettel est tr\u00e8s \u00e9loign\u00e9e du champion du monde de 2010 \u00e0 2013. Sa voiture Aston-Martin n\u2019est pas comp\u00e9titive et Vettel est loin du peloton de t\u00eate. Il reste le plus jeune pilote \u00e0 avoir remport\u00e9 le championnat des pilotes, \u00e0 seulement 23 ans et 134 jours. Il fait \u00e9galement partie d&#8217;une liste extr\u00eamement exclusive de personnes ayant remport\u00e9 le championnat plus de deux fois. Il est \u00e0 \u00e9galit\u00e9 avec Alain Prost et n&#8217;est battu que par Lewis Hamilton, Michael Schumacher et Juan<\/p>\n","protected":false},"excerpt":{"rendered":"<p>Voil\u00e0 une nouvelle qui en a surpris plus d\u2019un. Le bien aim\u00e9 pilote allemand prendra sa retraite \u00e0 la fin de la saison 2022. Connu pour \u00eatre discret, Vettel s\u2019est ouvert un compte Instagram pour annoncer son retrait de la Formule 1. Ironiquement, Aston Martin a confirm\u00e9, il y a quelques jours, qu\u2019elle s\u2019attendait \u00e0 [&hellip;]<\/p>\n","protected":false},"author":8,"featured_media":42389,"comment_status":"close","ping_status":"closed","sticky":false,"template":"","format":"standard","meta":{"_monsterinsights_skip_tracking":false,"_monsterinsights_sitenote_active":false,"_monsterinsights_sitenote_note":"","_monsterinsights_sitenote_category":0,"footnotes":""},"categories":[101],"tags":[],"yoast_head":"<!-- This site is optimized with the Yoast SEO plugin v23.2 - https:\/\/yoast.com\/wordpress\/plugins\/seo\/ -->\n<title>Sebastian Vettel annonce son retrait de la Formule 1 - CanadaMotorJobs.com<\/title>\n<meta name=\"description\" content=\"Sebastian Vettel annonce son retrait de la Formule 1 - Benoit Charette - Annuel automobile - CanadaMotorJobs.com.\" \/>\n<meta name=\"robots\" content=\"index, follow, max-snippet:-1, max-image-preview:large, max-video-preview:-1\" \/>\n<meta property=\"og:locale\" content=\"fr_CA\" \/>\n<meta property=\"og:type\" content=\"article\" \/>\n<meta property=\"og:title\" content=\"Sebastian Vettel annonce son retrait de la Formule 1 - CanadaMotorJobs.com\" \/>\n<meta property=\"og:description\" content=\"Sebastian Vettel annonce son retrait de la Formule 1 - Benoit Charette - Annuel automobile - CanadaMotorJobs.com.\" \/>\n<meta property=\"og:url\" content=\"https:\/\/news.canadamotorjobs.com\/fr\/sebastian-vettel-annonce-son-retrait-de-la-formule-1\/\" \/>\n<meta property=\"og:site_name\" content=\"CanadaMotorJobs.com\" \/>\n<meta property=\"article:publisher\" content=\"https:\/\/www.facebook.com\/canadamotorjobs\/\" \/>\n<meta property=\"article:published_time\" content=\"2022-07-28T12:07:44+00:00\" \/>\n<meta property=\"article:modified_time\" content=\"2022-07-28T12:13:39+00:00\" \/>\n<meta property=\"og:image\" content=\"https:\/\/news.canadamotorjobs.com\/wp-content\/uploads\/2022\/07\/1200x-1-1.jpg\" \/>\n\t<meta property=\"og:image:width\" content=\"1200\" \/>\n\t<meta property=\"og:image:height\" content=\"792\" \/>\n\t<meta property=\"og:image:type\" content=\"image\/jpeg\" \/>\n<meta name=\"author\" content=\"Benoit Charette\" \/>\n<meta name=\"twitter:card\" content=\"summary_large_image\" \/>\n<meta name=\"twitter:creator\" content=\"@canadamotorjobs\" \/>\n<meta name=\"twitter:site\" content=\"@canadamotorjobs\" \/>\n<meta name=\"twitter:label1\" content=\"\u00c9crit par\" \/>\n\t<meta name=\"twitter:data1\" content=\"Benoit Charette\" \/>\n\t<meta name=\"twitter:label2\" content=\"Estimation du temps de lecture\" \/>\n\t<meta name=\"twitter:data2\" content=\"1 minute\" \/>\n<!-- \/ Yoast SEO plugin. -->","yoast_head_json":{"title":"Sebastian Vettel annonce son retrait de la Formule 1 - CanadaMotorJobs.com","description":"Sebastian Vettel annonce son retrait de la Formule 1 - Benoit Charette - Annuel automobile - CanadaMotorJobs.com.","robots":{"index":"index","follow":"follow","max-snippet":"max-snippet:-1","max-image-preview":"max-image-preview:large","max-video-preview":"max-video-preview:-1"},"og_locale":"fr_CA","og_type":"article","og_title":"Sebastian Vettel annonce son retrait de la Formule 1 - CanadaMotorJobs.com","og_description":"Sebastian Vettel annonce son retrait de la Formule 1 - Benoit Charette - Annuel automobile - CanadaMotorJobs.com.","og_url":"https:\/\/news.canadamotorjobs.com\/fr\/sebastian-vettel-annonce-son-retrait-de-la-formule-1\/","og_site_name":"CanadaMotorJobs.com","article_publisher":"https:\/\/www.facebook.com\/canadamotorjobs\/","article_published_time":"2022-07-28T12:07:44+00:00","article_modified_time":"2022-07-28T12:13:39+00:00","og_image":[{"width":1200,"height":792,"url":"https:\/\/news.canadamotorjobs.com\/wp-content\/uploads\/2022\/07\/1200x-1-1.jpg","type":"image\/jpeg"}],"author":"Benoit Charette","twitter_card":"summary_large_image","twitter_creator":"@canadamotorjobs","twitter_site":"@canadamotorjobs","twitter_misc":{"\u00c9crit par":"Benoit Charette","Estimation du temps de lecture":"1 minute"},"schema":{"@context":"https:\/\/schema.org","@graph":[{"@type":"Article","@id":"https:\/\/news.canadamotorjobs.com\/fr\/sebastian-vettel-annonce-son-retrait-de-la-formule-1\/#article","isPartOf":{"@id":"https:\/\/news.canadamotorjobs.com\/fr\/sebastian-vettel-annonce-son-retrait-de-la-formule-1\/"},"author":{"name":"Benoit Charette","@id":"https:\/\/news.canadamotorjobs.com\/#\/schema\/person\/51793d1f87d44011d7bcc2ed99269a90"},"headline":"Sebastian Vettel annonce son retrait de la Formule 1","datePublished":"2022-07-28T12:07:44+00:00","dateModified":"2022-07-28T12:13:39+00:00","mainEntityOfPage":{"@id":"https:\/\/news.canadamotorjobs.com\/fr\/sebastian-vettel-annonce-son-retrait-de-la-formule-1\/"},"wordCount":263,"publisher":{"@id":"https:\/\/news.canadamotorjobs.com\/#organization"},"image":{"@id":"https:\/\/news.canadamotorjobs.com\/fr\/sebastian-vettel-annonce-son-retrait-de-la-formule-1\/#primaryimage"},"thumbnailUrl":"https:\/\/news.canadamotorjobs.com\/wp-content\/uploads\/2022\/07\/1200x-1-1.jpg","articleSection":["Annuel automobile"],"inLanguage":"fr-CA"},{"@type":"WebPage","@id":"https:\/\/news.canadamotorjobs.com\/fr\/sebastian-vettel-annonce-son-retrait-de-la-formule-1\/","url":"https:\/\/news.canadamotorjobs.com\/fr\/sebastian-vettel-annonce-son-retrait-de-la-formule-1\/","name":"Sebastian Vettel annonce son retrait de la Formule 1 - CanadaMotorJobs.com","isPartOf":{"@id":"https:\/\/news.canadamotorjobs.com\/#website"},"primaryImageOfPage":{"@id":"https:\/\/news.canadamotorjobs.com\/fr\/sebastian-vettel-annonce-son-retrait-de-la-formule-1\/#primaryimage"},"image":{"@id":"https:\/\/news.canadamotorjobs.com\/fr\/sebastian-vettel-annonce-son-retrait-de-la-formule-1\/#primaryimage"},"thumbnailUrl":"https:\/\/news.canadamotorjobs.com\/wp-content\/uploads\/2022\/07\/1200x-1-1.jpg","datePublished":"2022-07-28T12:07:44+00:00","dateModified":"2022-07-28T12:13:39+00:00","description":"Sebastian Vettel annonce son retrait de la Formule 1 - Benoit Charette - Annuel automobile - CanadaMotorJobs.com.","breadcrumb":{"@id":"https:\/\/news.canadamotorjobs.com\/fr\/sebastian-vettel-annonce-son-retrait-de-la-formule-1\/#breadcrumb"},"inLanguage":"fr-CA","potentialAction":[{"@type":"ReadAction","target":["https:\/\/news.canadamotorjobs.com\/fr\/sebastian-vettel-annonce-son-retrait-de-la-formule-1\/"]}]},{"@type":"ImageObject","inLanguage":"fr-CA","@id":"https:\/\/news.canadamotorjobs.com\/fr\/sebastian-vettel-annonce-son-retrait-de-la-formule-1\/#primaryimage","url":"https:\/\/news.canadamotorjobs.com\/wp-content\/uploads\/2022\/07\/1200x-1-1.jpg","contentUrl":"https:\/\/news.canadamotorjobs.com\/wp-content\/uploads\/2022\/07\/1200x-1-1.jpg","width":1200,"height":792},{"@type":"BreadcrumbList","@id":"https:\/\/news.canadamotorjobs.com\/fr\/sebastian-vettel-annonce-son-retrait-de-la-formule-1\/#breadcrumb","itemListElement":[{"@type":"ListItem","position":1,"name":"Home","item":"https:\/\/news.canadamotorjobs.com\/fr\/blog\/"},{"@type":"ListItem","position":2,"name":"Sebastian Vettel annonce son retrait de la Formule 1"}]},{"@type":"WebSite","@id":"https:\/\/news.canadamotorjobs.com\/#website","url":"https:\/\/news.canadamotorjobs.com\/","name":"CanadaMotorJobs.com","description":"Automotive Jobs","publisher":{"@id":"https:\/\/news.canadamotorjobs.com\/#organization"},"potentialAction":[{"@type":"SearchAction","target":{"@type":"EntryPoint","urlTemplate":"https:\/\/news.canadamotorjobs.com\/?s={search_term_string}"},"query-input":"required name=search_term_string"}],"inLanguage":"fr-CA"},{"@type":"Organization","@id":"https:\/\/news.canadamotorjobs.com\/#organization","name":"Canada Motor Jobs","url":"https:\/\/news.canadamotorjobs.com\/","logo":{"@type":"ImageObject","inLanguage":"fr-CA","@id":"https:\/\/news.canadamotorjobs.com\/#\/schema\/logo\/image\/","url":"https:\/\/news.canadamotorjobs.com\/wp-content\/uploads\/2022\/10\/logo-canada-motor-jobs-1.png","contentUrl":"https:\/\/news.canadamotorjobs.com\/wp-content\/uploads\/2022\/10\/logo-canada-motor-jobs-1.png","width":800,"height":400,"caption":"Canada Motor Jobs"},"image":{"@id":"https:\/\/news.canadamotorjobs.com\/#\/schema\/logo\/image\/"},"sameAs":["https:\/\/www.facebook.com\/canadamotorjobs\/","https:\/\/x.com\/canadamotorjobs","https:\/\/www.instagram.com\/canadamotorjobs\/","https:\/\/www.linkedin.com\/company\/canadamotorjobs"]},{"@type":"Person","@id":"https:\/\/news.canadamotorjobs.com\/#\/schema\/person\/51793d1f87d44011d7bcc2ed99269a90","name":"Benoit Charette","image":{"@type":"ImageObject","inLanguage":"fr-CA","@id":"https:\/\/news.canadamotorjobs.com\/#\/schema\/person\/image\/","url":"https:\/\/secure.gravatar.com\/avatar\/45f3d2eebcccd909668d7ce7ea7267b6?s=96&d=mm&r=g","contentUrl":"https:\/\/secure.gravatar.com\/avatar\/45f3d2eebcccd909668d7ce7ea7267b6?s=96&d=mm&r=g","caption":"Benoit Charette"},"description":"Benoit Charette \/ Propri\u00e9taire et r\u00e9dacteur en chef Benoit Charette pratique le journalisme automobile depuis bient\u00f4t 30 ans. Il a fait ses classes au c\u00f4t\u00e9 de Daniel H\u00e9raud et au Carnet de route de 1992 \u00e0 2001. Il est fondateur, copropri\u00e9taire et r\u00e9dacteur en chef de L\u2019Annuel de l\u2019automobile, qu\u2019il publie depuis 2001. Il a anim\u00e9 les \u00e9missions RPM et RPM+ sur V et les L\u00e9gendes de la route sur Historia. \u00c0 la radio depuis 1986, il reprend l\u2019antenne cette ann\u00e9e sur les ondes de Cogeco et participe pour la deuxi\u00e8me ann\u00e9e \u00e0 l\u2019\u00e9mission Passion Auto sur RDS en plus de mettre en ligne le site Web officiel de L\u2019Annuel de l\u2019automobile sur annuelauto.ca.","sameAs":["https:\/\/annuelauto.ca\/"],"url":"https:\/\/news.canadamotorjobs.com\/fr\/author\/benoit-charette\/"}]}},"_links":{"self":[{"href":"https:\/\/news.canadamotorjobs.com\/fr\/wp-json\/wp\/v2\/posts\/42385"}],"collection":[{"href":"https:\/\/news.canadamotorjobs.com\/fr\/wp-json\/wp\/v2\/posts"}],"about":[{"href":"https:\/\/news.canadamotorjobs.com\/fr\/wp-json\/wp\/v2\/types\/post"}],"author":[{"embeddable":true,"href":"https:\/\/news.canadamotorjobs.com\/fr\/wp-json\/wp\/v2\/users\/8"}],"replies":[{"embeddable":true,"href":"https:\/\/news.canadamotorjobs.com\/fr\/wp-json\/wp\/v2\/comments?post=42385"}],"version-history":[{"count":0,"href":"https:\/\/news.canadamotorjobs.com\/fr\/wp-json\/wp\/v2\/posts\/42385\/revisions"}],"wp:featuredmedia":[{"embeddable":true,"href":"https:\/\/news.canadamotorjobs.com\/fr\/wp-json\/wp\/v2\/media\/42389"}],"wp:attachment":[{"href":"https:\/\/news.canadamotorjobs.com\/fr\/wp-json\/wp\/v2\/media?parent=42385"}],"wp:term":[{"taxonomy":"category","embeddable":true,"href":"https:\/\/news.canadamotorjobs.com\/fr\/wp-json\/wp\/v2\/categories?post=42385"},{"taxonomy":"post_tag","embeddable":true,"href":"https:\/\/news.canadamotorjobs.com\/fr\/wp-json\/wp\/v2\/tags?post=42385"}],"curies":[{"name":"wp","href":"https:\/\/api.w.org\/{rel}","templated":true}]}}