{"id":42369,"date":"2022-07-27T08:30:08","date_gmt":"2022-07-27T12:30:08","guid":{"rendered":"https:\/\/blog.canadamotorjobs.com\/la-volkswagen-id-4-est-maintenant-construite-aux-etats-unis\/"},"modified":"2022-07-27T08:43:54","modified_gmt":"2022-07-27T12:43:54","slug":"la-volkswagen-id-4-est-maintenant-construite-aux-etats-unis","status":"publish","type":"post","link":"https:\/\/news.canadamotorjobs.com\/fr\/la-volkswagen-id-4-est-maintenant-construite-aux-etats-unis\/","title":{"rendered":"La Volkswagen ID.4 est maintenant construite aux \u00c9tats-Unis"},"content":{"rendered":"<\/p>\n<p>Depuis hier, Volkswagen fabrique officiellement des ID.4 \u00e9lectriques dans son usine de Chattanooga au Tennessee. La pr\u00e9paration de l&#8217;usine pour l&#8217;arriv\u00e9e de l&#8217;ID.4 a n\u00e9cessit\u00e9 un investissement de 800 millions de dollars de la part de Volkswagen dans ses op\u00e9rations am\u00e9ricaines et a permis de cr\u00e9er environ 3 000 emplois dans le secteur des fournisseurs.<br \/> On va aussi construire l\u2019ID. Buzz<br \/> Volkswagen pr\u00e9voit \u00e9galement d&#8217;ajouter la production de la fourgonnette \u00e9lectrique ID.Buzz \u00e0 son usine du Tennessee, mais n&#8217;a pas encore dit quand cela se produirait. Vers la fin de l&#8217;ann\u00e9e, les cha\u00eenes de montage am\u00e9ricaines devraient commencer \u00e0 assembler une version plus abordable de l&#8217;ID.4, qui sera uniquement \u00e0 propulsion et aliment\u00e9e par une batterie de 62 kWh au lieu des 82 kWh du mod\u00e8le actuel.<br \/> Comme les v\u00e9hicules fabriqu\u00e9s l\u00e0-bas seront principalement vendus en Am\u00e9rique du Nord et notamment aux \u00c9tats-Unis, ils utiliseront des pi\u00e8ces et des composants fabriqu\u00e9s dans 11 \u00c9tats afin d&#8217;\u00e9viter les taxes sur les v\u00e9hicules fabriqu\u00e9s \u00e0 l&#8217;\u00e9tranger qui sont bas\u00e9es sur la provenance de la majorit\u00e9 des pi\u00e8ces.<br \/> Un meilleur approvisionnement<br \/> C&#8217;est la premi\u00e8re fois qu&#8217;un v\u00e9hicule \u00e9lectrique est produit en Am\u00e9rique du Nord par le groupe Volkswagen. La d\u00e9cision d&#8217;ajouter la production am\u00e9ricaine de l&#8217;ID.4, qui \u00e9tait jusqu&#8217;\u00e0 pr\u00e9sent fabriqu\u00e9e exclusivement en Allemagne avait \u00e9t\u00e9 annonc\u00e9e au moment de l&#8217;introduction du VUS \u00e9lectrique. Cela aidera le constructeur automobile \u00e0 augmenter ses livraisons aux \u00c9tats-Unis et au Canada, qui \u00e9taient insuffisantes bien que VW ait vendu plus de 190 000 unit\u00e9s de l&#8217;ID.4<\/p>\n","protected":false},"excerpt":{"rendered":"<p>Depuis hier, Volkswagen fabrique officiellement des ID.4 \u00e9lectriques dans son usine de Chattanooga au Tennessee. La pr\u00e9paration de l&#8217;usine pour l&#8217;arriv\u00e9e de l&#8217;ID.4 a n\u00e9cessit\u00e9 un investissement de 800 millions de dollars de la part de Volkswagen dans ses op\u00e9rations am\u00e9ricaines et a permis de cr\u00e9er environ 3 000 emplois dans le secteur des fournisseurs. [&hellip;]<\/p>\n","protected":false},"author":8,"featured_media":42373,"comment_status":"close","ping_status":"closed","sticky":false,"template":"","format":"standard","meta":{"_monsterinsights_skip_tracking":false,"_monsterinsights_sitenote_active":false,"_monsterinsights_sitenote_note":"","_monsterinsights_sitenote_category":0,"footnotes":""},"categories":[101],"tags":[],"yoast_head":"<!-- This site is optimized with the Yoast SEO plugin v23.2 - https:\/\/yoast.com\/wordpress\/plugins\/seo\/ -->\n<title>La Volkswagen ID.4 est maintenant construite aux \u00c9tats-Unis - CanadaMotorJobs.com<\/title>\n<meta name=\"description\" content=\"La Volkswagen ID.4 est maintenant construite aux \u00c9tats-Unis - Benoit Charette - Annuel automobile - CanadaMotorJobs.com.\" \/>\n<meta name=\"robots\" content=\"index, follow, max-snippet:-1, max-image-preview:large, max-video-preview:-1\" \/>\n<meta property=\"og:locale\" content=\"fr_CA\" \/>\n<meta property=\"og:type\" content=\"article\" \/>\n<meta property=\"og:title\" content=\"La Volkswagen ID.4 est maintenant construite aux \u00c9tats-Unis - CanadaMotorJobs.com\" \/>\n<meta property=\"og:description\" content=\"La Volkswagen ID.4 est maintenant construite aux \u00c9tats-Unis - Benoit Charette - Annuel automobile - CanadaMotorJobs.com.\" \/>\n<meta property=\"og:url\" content=\"https:\/\/news.canadamotorjobs.com\/fr\/la-volkswagen-id-4-est-maintenant-construite-aux-etats-unis\/\" \/>\n<meta property=\"og:site_name\" content=\"CanadaMotorJobs.com\" \/>\n<meta property=\"article:publisher\" content=\"https:\/\/www.facebook.com\/canadamotorjobs\/\" \/>\n<meta property=\"article:published_time\" content=\"2022-07-27T12:30:08+00:00\" \/>\n<meta property=\"article:modified_time\" content=\"2022-07-27T12:43:54+00:00\" \/>\n<meta property=\"og:image\" content=\"https:\/\/news.canadamotorjobs.com\/wp-content\/uploads\/2022\/07\/volkswagen-id.4-series-production-in-zwickau-1.jpg\" \/>\n\t<meta property=\"og:image:width\" content=\"1920\" \/>\n\t<meta property=\"og:image:height\" content=\"1080\" \/>\n\t<meta property=\"og:image:type\" content=\"image\/jpeg\" \/>\n<meta name=\"author\" content=\"Benoit Charette\" \/>\n<meta name=\"twitter:card\" content=\"summary_large_image\" \/>\n<meta name=\"twitter:creator\" content=\"@canadamotorjobs\" \/>\n<meta name=\"twitter:site\" content=\"@canadamotorjobs\" \/>\n<meta name=\"twitter:label1\" content=\"\u00c9crit par\" \/>\n\t<meta name=\"twitter:data1\" content=\"Benoit Charette\" \/>\n\t<meta name=\"twitter:label2\" content=\"Estimation du temps de lecture\" \/>\n\t<meta name=\"twitter:data2\" content=\"1 minute\" \/>\n<!-- \/ Yoast SEO plugin. -->","yoast_head_json":{"title":"La Volkswagen ID.4 est maintenant construite aux \u00c9tats-Unis - CanadaMotorJobs.com","description":"La Volkswagen ID.4 est maintenant construite aux \u00c9tats-Unis - Benoit Charette - Annuel automobile - CanadaMotorJobs.com.","robots":{"index":"index","follow":"follow","max-snippet":"max-snippet:-1","max-image-preview":"max-image-preview:large","max-video-preview":"max-video-preview:-1"},"og_locale":"fr_CA","og_type":"article","og_title":"La Volkswagen ID.4 est maintenant construite aux \u00c9tats-Unis - CanadaMotorJobs.com","og_description":"La Volkswagen ID.4 est maintenant construite aux \u00c9tats-Unis - Benoit Charette - Annuel automobile - CanadaMotorJobs.com.","og_url":"https:\/\/news.canadamotorjobs.com\/fr\/la-volkswagen-id-4-est-maintenant-construite-aux-etats-unis\/","og_site_name":"CanadaMotorJobs.com","article_publisher":"https:\/\/www.facebook.com\/canadamotorjobs\/","article_published_time":"2022-07-27T12:30:08+00:00","article_modified_time":"2022-07-27T12:43:54+00:00","og_image":[{"width":1920,"height":1080,"url":"https:\/\/news.canadamotorjobs.com\/wp-content\/uploads\/2022\/07\/volkswagen-id.4-series-production-in-zwickau-1.jpg","type":"image\/jpeg"}],"author":"Benoit Charette","twitter_card":"summary_large_image","twitter_creator":"@canadamotorjobs","twitter_site":"@canadamotorjobs","twitter_misc":{"\u00c9crit par":"Benoit Charette","Estimation du temps de lecture":"1 minute"},"schema":{"@context":"https:\/\/schema.org","@graph":[{"@type":"Article","@id":"https:\/\/news.canadamotorjobs.com\/fr\/la-volkswagen-id-4-est-maintenant-construite-aux-etats-unis\/#article","isPartOf":{"@id":"https:\/\/news.canadamotorjobs.com\/fr\/la-volkswagen-id-4-est-maintenant-construite-aux-etats-unis\/"},"author":{"name":"Benoit Charette","@id":"https:\/\/news.canadamotorjobs.com\/#\/schema\/person\/51793d1f87d44011d7bcc2ed99269a90"},"headline":"La Volkswagen ID.4 est maintenant construite aux \u00c9tats-Unis","datePublished":"2022-07-27T12:30:08+00:00","dateModified":"2022-07-27T12:43:54+00:00","mainEntityOfPage":{"@id":"https:\/\/news.canadamotorjobs.com\/fr\/la-volkswagen-id-4-est-maintenant-construite-aux-etats-unis\/"},"wordCount":293,"publisher":{"@id":"https:\/\/news.canadamotorjobs.com\/#organization"},"image":{"@id":"https:\/\/news.canadamotorjobs.com\/fr\/la-volkswagen-id-4-est-maintenant-construite-aux-etats-unis\/#primaryimage"},"thumbnailUrl":"https:\/\/news.canadamotorjobs.com\/wp-content\/uploads\/2022\/07\/volkswagen-id.4-series-production-in-zwickau-1.jpg","articleSection":["Annuel automobile"],"inLanguage":"fr-CA"},{"@type":"WebPage","@id":"https:\/\/news.canadamotorjobs.com\/fr\/la-volkswagen-id-4-est-maintenant-construite-aux-etats-unis\/","url":"https:\/\/news.canadamotorjobs.com\/fr\/la-volkswagen-id-4-est-maintenant-construite-aux-etats-unis\/","name":"La Volkswagen ID.4 est maintenant construite aux \u00c9tats-Unis - CanadaMotorJobs.com","isPartOf":{"@id":"https:\/\/news.canadamotorjobs.com\/#website"},"primaryImageOfPage":{"@id":"https:\/\/news.canadamotorjobs.com\/fr\/la-volkswagen-id-4-est-maintenant-construite-aux-etats-unis\/#primaryimage"},"image":{"@id":"https:\/\/news.canadamotorjobs.com\/fr\/la-volkswagen-id-4-est-maintenant-construite-aux-etats-unis\/#primaryimage"},"thumbnailUrl":"https:\/\/news.canadamotorjobs.com\/wp-content\/uploads\/2022\/07\/volkswagen-id.4-series-production-in-zwickau-1.jpg","datePublished":"2022-07-27T12:30:08+00:00","dateModified":"2022-07-27T12:43:54+00:00","description":"La Volkswagen ID.4 est maintenant construite aux \u00c9tats-Unis - Benoit Charette - Annuel automobile - CanadaMotorJobs.com.","breadcrumb":{"@id":"https:\/\/news.canadamotorjobs.com\/fr\/la-volkswagen-id-4-est-maintenant-construite-aux-etats-unis\/#breadcrumb"},"inLanguage":"fr-CA","potentialAction":[{"@type":"ReadAction","target":["https:\/\/news.canadamotorjobs.com\/fr\/la-volkswagen-id-4-est-maintenant-construite-aux-etats-unis\/"]}]},{"@type":"ImageObject","inLanguage":"fr-CA","@id":"https:\/\/news.canadamotorjobs.com\/fr\/la-volkswagen-id-4-est-maintenant-construite-aux-etats-unis\/#primaryimage","url":"https:\/\/news.canadamotorjobs.com\/wp-content\/uploads\/2022\/07\/volkswagen-id.4-series-production-in-zwickau-1.jpg","contentUrl":"https:\/\/news.canadamotorjobs.com\/wp-content\/uploads\/2022\/07\/volkswagen-id.4-series-production-in-zwickau-1.jpg","width":1920,"height":1080},{"@type":"BreadcrumbList","@id":"https:\/\/news.canadamotorjobs.com\/fr\/la-volkswagen-id-4-est-maintenant-construite-aux-etats-unis\/#breadcrumb","itemListElement":[{"@type":"ListItem","position":1,"name":"Home","item":"https:\/\/news.canadamotorjobs.com\/fr\/blog\/"},{"@type":"ListItem","position":2,"name":"La Volkswagen ID.4 est maintenant construite aux \u00c9tats-Unis"}]},{"@type":"WebSite","@id":"https:\/\/news.canadamotorjobs.com\/#website","url":"https:\/\/news.canadamotorjobs.com\/","name":"CanadaMotorJobs.com","description":"Automotive Jobs","publisher":{"@id":"https:\/\/news.canadamotorjobs.com\/#organization"},"potentialAction":[{"@type":"SearchAction","target":{"@type":"EntryPoint","urlTemplate":"https:\/\/news.canadamotorjobs.com\/?s={search_term_string}"},"query-input":"required name=search_term_string"}],"inLanguage":"fr-CA"},{"@type":"Organization","@id":"https:\/\/news.canadamotorjobs.com\/#organization","name":"Canada Motor Jobs","url":"https:\/\/news.canadamotorjobs.com\/","logo":{"@type":"ImageObject","inLanguage":"fr-CA","@id":"https:\/\/news.canadamotorjobs.com\/#\/schema\/logo\/image\/","url":"https:\/\/news.canadamotorjobs.com\/wp-content\/uploads\/2022\/10\/logo-canada-motor-jobs-1.png","contentUrl":"https:\/\/news.canadamotorjobs.com\/wp-content\/uploads\/2022\/10\/logo-canada-motor-jobs-1.png","width":800,"height":400,"caption":"Canada Motor Jobs"},"image":{"@id":"https:\/\/news.canadamotorjobs.com\/#\/schema\/logo\/image\/"},"sameAs":["https:\/\/www.facebook.com\/canadamotorjobs\/","https:\/\/x.com\/canadamotorjobs","https:\/\/www.instagram.com\/canadamotorjobs\/","https:\/\/www.linkedin.com\/company\/canadamotorjobs"]},{"@type":"Person","@id":"https:\/\/news.canadamotorjobs.com\/#\/schema\/person\/51793d1f87d44011d7bcc2ed99269a90","name":"Benoit Charette","image":{"@type":"ImageObject","inLanguage":"fr-CA","@id":"https:\/\/news.canadamotorjobs.com\/#\/schema\/person\/image\/","url":"https:\/\/secure.gravatar.com\/avatar\/45f3d2eebcccd909668d7ce7ea7267b6?s=96&d=mm&r=g","contentUrl":"https:\/\/secure.gravatar.com\/avatar\/45f3d2eebcccd909668d7ce7ea7267b6?s=96&d=mm&r=g","caption":"Benoit Charette"},"description":"Benoit Charette \/ Propri\u00e9taire et r\u00e9dacteur en chef Benoit Charette pratique le journalisme automobile depuis bient\u00f4t 30 ans. Il a fait ses classes au c\u00f4t\u00e9 de Daniel H\u00e9raud et au Carnet de route de 1992 \u00e0 2001. Il est fondateur, copropri\u00e9taire et r\u00e9dacteur en chef de L\u2019Annuel de l\u2019automobile, qu\u2019il publie depuis 2001. Il a anim\u00e9 les \u00e9missions RPM et RPM+ sur V et les L\u00e9gendes de la route sur Historia. \u00c0 la radio depuis 1986, il reprend l\u2019antenne cette ann\u00e9e sur les ondes de Cogeco et participe pour la deuxi\u00e8me ann\u00e9e \u00e0 l\u2019\u00e9mission Passion Auto sur RDS en plus de mettre en ligne le site Web officiel de L\u2019Annuel de l\u2019automobile sur annuelauto.ca.","sameAs":["https:\/\/annuelauto.ca\/"],"url":"https:\/\/news.canadamotorjobs.com\/fr\/author\/benoit-charette\/"}]}},"_links":{"self":[{"href":"https:\/\/news.canadamotorjobs.com\/fr\/wp-json\/wp\/v2\/posts\/42369"}],"collection":[{"href":"https:\/\/news.canadamotorjobs.com\/fr\/wp-json\/wp\/v2\/posts"}],"about":[{"href":"https:\/\/news.canadamotorjobs.com\/fr\/wp-json\/wp\/v2\/types\/post"}],"author":[{"embeddable":true,"href":"https:\/\/news.canadamotorjobs.com\/fr\/wp-json\/wp\/v2\/users\/8"}],"replies":[{"embeddable":true,"href":"https:\/\/news.canadamotorjobs.com\/fr\/wp-json\/wp\/v2\/comments?post=42369"}],"version-history":[{"count":0,"href":"https:\/\/news.canadamotorjobs.com\/fr\/wp-json\/wp\/v2\/posts\/42369\/revisions"}],"wp:featuredmedia":[{"embeddable":true,"href":"https:\/\/news.canadamotorjobs.com\/fr\/wp-json\/wp\/v2\/media\/42373"}],"wp:attachment":[{"href":"https:\/\/news.canadamotorjobs.com\/fr\/wp-json\/wp\/v2\/media?parent=42369"}],"wp:term":[{"taxonomy":"category","embeddable":true,"href":"https:\/\/news.canadamotorjobs.com\/fr\/wp-json\/wp\/v2\/categories?post=42369"},{"taxonomy":"post_tag","embeddable":true,"href":"https:\/\/news.canadamotorjobs.com\/fr\/wp-json\/wp\/v2\/tags?post=42369"}],"curies":[{"name":"wp","href":"https:\/\/api.w.org\/{rel}","templated":true}]}}