{"id":42361,"date":"2022-07-26T08:19:04","date_gmt":"2022-07-26T12:19:04","guid":{"rendered":"https:\/\/blog.canadamotorjobs.com\/mercedes-benz-eqe\/"},"modified":"2022-07-26T08:28:44","modified_gmt":"2022-07-26T12:28:44","slug":"mercedes-benz-eqe","status":"publish","type":"post","link":"https:\/\/news.canadamotorjobs.com\/fr\/mercedes-benz-eqe\/","title":{"rendered":"Mercedes-Benz EQE"},"content":{"rendered":"<\/p>\n<p>Elle a d\u00e9j\u00e0 fait ses premiers tours de roues en Chine et elle arrive d&#8217;ici la fin de l&#8217;ann\u00e9e au Canada.<br \/> Pr\u00e9sent\u00e9e sur la m\u00eame plateforme d\u00e9di\u00e9e que l\u2019imposante EQS, l\u2019EQE a un empattement un peu plus court toutefois et son format est plus raisonnable. Baptis\u00e9e EVA2, cette plateforme donne \u00e0 l\u2019EQE une longueur de 4,95 m\u00e8tres, soit l\u2019\u00e9quivalent de la berline CLS, et promet un confort \u00e0 l\u2019\u00e9gale de l\u2019EQS. Les premiers mod\u00e8les doivent arriver d\u2019ici la fin de l\u2019ann\u00e9e au Canada, mais avec tous ces retards dans le monde automobile, il ne faudrait pas \u00eatre surpris de devoir attendre quelques mois, et comme pour les v\u00e9hicules \u00e9lectriques en ce moment, l\u2019approvisionnement va se faire au compte-gouttes.<br \/> Havre de paix \u00e0 l\u2019int\u00e9rieur<br \/> Comme l\u2019EQS, l\u2019EQE offre en option l\u2019hyper-\u00e9cran MBUX, qui prend toute la largeur du tableau de bord. La bande de ventilation s\u2019\u00e9tend sur toute la largeur en haut, mais est en m\u00eame temps tr\u00e8s mince. Ces proportions extr\u00eames, associ\u00e9es \u00e0 la vague de verre de l\u2019hyper-\u00e9cran MBUX, cr\u00e9ent l\u2019architecture avant-gardiste de la cabine. Gr\u00e2ce \u00e0 un logiciel adaptatif, le concept de contr\u00f4le et d\u2019affichage s\u2019adapte compl\u00e8tement \u00e0 son utilisateur et fait des suggestions personnalis\u00e9es pour de nombreuses fonctions d\u2019infodivertissement, de confort et du v\u00e9hicule. Pour ceux qui veulent une exp\u00e9rience plus visc\u00e9rale, le mod\u00e8le AMG permet de s\u00e9lectionner les caract\u00e9ristiques sonores \u00ab\u2009\u00c9quilibr\u00e9\u2009\u00bb, \u00ab\u2009Sport\u2009\u00bb et \u00ab\u2009Puissant\u2009\u00bb dans n\u2019importe quel programme de conduite. Pendant le RACE START, le v\u00e9hicule \u00e9met un son unique pour s\u2019harmoniser avec l\u2019acc\u00e9l\u00e9ration dynamique.<br \/> Ordinaire<\/p>\n","protected":false},"excerpt":{"rendered":"<p>Elle a d\u00e9j\u00e0 fait ses premiers tours de roues en Chine et elle arrive d&#8217;ici la fin de l&#8217;ann\u00e9e au Canada. Pr\u00e9sent\u00e9e sur la m\u00eame plateforme d\u00e9di\u00e9e que l\u2019imposante EQS, l\u2019EQE a un empattement un peu plus court toutefois et son format est plus raisonnable. Baptis\u00e9e EVA2, cette plateforme donne \u00e0 l\u2019EQE une longueur de [&hellip;]<\/p>\n","protected":false},"author":8,"featured_media":42365,"comment_status":"close","ping_status":"closed","sticky":false,"template":"","format":"standard","meta":{"_monsterinsights_skip_tracking":false,"_monsterinsights_sitenote_active":false,"_monsterinsights_sitenote_note":"","_monsterinsights_sitenote_category":0,"footnotes":""},"categories":[101],"tags":[],"yoast_head":"<!-- This site is optimized with the Yoast SEO plugin v23.2 - https:\/\/yoast.com\/wordpress\/plugins\/seo\/ -->\n<title>Mercedes-Benz EQE - CanadaMotorJobs.com<\/title>\n<meta name=\"description\" content=\"Mercedes-Benz EQE - Benoit Charette - Annuel automobile - CanadaMotorJobs.com.\" \/>\n<meta name=\"robots\" content=\"index, follow, max-snippet:-1, max-image-preview:large, max-video-preview:-1\" \/>\n<meta property=\"og:locale\" content=\"fr_CA\" \/>\n<meta property=\"og:type\" content=\"article\" \/>\n<meta property=\"og:title\" content=\"Mercedes-Benz EQE - CanadaMotorJobs.com\" \/>\n<meta property=\"og:description\" content=\"Mercedes-Benz EQE - Benoit Charette - Annuel automobile - CanadaMotorJobs.com.\" \/>\n<meta property=\"og:url\" content=\"https:\/\/news.canadamotorjobs.com\/fr\/mercedes-benz-eqe\/\" \/>\n<meta property=\"og:site_name\" content=\"CanadaMotorJobs.com\" \/>\n<meta property=\"article:publisher\" content=\"https:\/\/www.facebook.com\/canadamotorjobs\/\" \/>\n<meta property=\"article:published_time\" content=\"2022-07-26T12:19:04+00:00\" \/>\n<meta property=\"article:modified_time\" content=\"2022-07-26T12:28:44+00:00\" \/>\n<meta property=\"og:image\" content=\"https:\/\/news.canadamotorjobs.com\/wp-content\/uploads\/2022\/07\/2021-07-28_Image_21C0617-007_EQE_ExteriorSide2-1.jpg\" \/>\n\t<meta property=\"og:image:width\" content=\"1500\" \/>\n\t<meta property=\"og:image:height\" content=\"1001\" \/>\n\t<meta property=\"og:image:type\" content=\"image\/jpeg\" \/>\n<meta name=\"author\" content=\"Benoit Charette\" \/>\n<meta name=\"twitter:card\" content=\"summary_large_image\" \/>\n<meta name=\"twitter:creator\" content=\"@canadamotorjobs\" \/>\n<meta name=\"twitter:site\" content=\"@canadamotorjobs\" \/>\n<meta name=\"twitter:label1\" content=\"\u00c9crit par\" \/>\n\t<meta name=\"twitter:data1\" content=\"Benoit Charette\" \/>\n\t<meta name=\"twitter:label2\" content=\"Estimation du temps de lecture\" \/>\n\t<meta name=\"twitter:data2\" content=\"1 minute\" \/>\n<!-- \/ Yoast SEO plugin. -->","yoast_head_json":{"title":"Mercedes-Benz EQE - CanadaMotorJobs.com","description":"Mercedes-Benz EQE - Benoit Charette - Annuel automobile - CanadaMotorJobs.com.","robots":{"index":"index","follow":"follow","max-snippet":"max-snippet:-1","max-image-preview":"max-image-preview:large","max-video-preview":"max-video-preview:-1"},"og_locale":"fr_CA","og_type":"article","og_title":"Mercedes-Benz EQE - CanadaMotorJobs.com","og_description":"Mercedes-Benz EQE - Benoit Charette - Annuel automobile - CanadaMotorJobs.com.","og_url":"https:\/\/news.canadamotorjobs.com\/fr\/mercedes-benz-eqe\/","og_site_name":"CanadaMotorJobs.com","article_publisher":"https:\/\/www.facebook.com\/canadamotorjobs\/","article_published_time":"2022-07-26T12:19:04+00:00","article_modified_time":"2022-07-26T12:28:44+00:00","og_image":[{"width":1500,"height":1001,"url":"https:\/\/news.canadamotorjobs.com\/wp-content\/uploads\/2022\/07\/2021-07-28_Image_21C0617-007_EQE_ExteriorSide2-1.jpg","type":"image\/jpeg"}],"author":"Benoit Charette","twitter_card":"summary_large_image","twitter_creator":"@canadamotorjobs","twitter_site":"@canadamotorjobs","twitter_misc":{"\u00c9crit par":"Benoit Charette","Estimation du temps de lecture":"1 minute"},"schema":{"@context":"https:\/\/schema.org","@graph":[{"@type":"Article","@id":"https:\/\/news.canadamotorjobs.com\/fr\/mercedes-benz-eqe\/#article","isPartOf":{"@id":"https:\/\/news.canadamotorjobs.com\/fr\/mercedes-benz-eqe\/"},"author":{"name":"Benoit Charette","@id":"https:\/\/news.canadamotorjobs.com\/#\/schema\/person\/51793d1f87d44011d7bcc2ed99269a90"},"headline":"Mercedes-Benz EQE","datePublished":"2022-07-26T12:19:04+00:00","dateModified":"2022-07-26T12:28:44+00:00","mainEntityOfPage":{"@id":"https:\/\/news.canadamotorjobs.com\/fr\/mercedes-benz-eqe\/"},"wordCount":302,"publisher":{"@id":"https:\/\/news.canadamotorjobs.com\/#organization"},"image":{"@id":"https:\/\/news.canadamotorjobs.com\/fr\/mercedes-benz-eqe\/#primaryimage"},"thumbnailUrl":"https:\/\/news.canadamotorjobs.com\/wp-content\/uploads\/2022\/07\/2021-07-28_Image_21C0617-007_EQE_ExteriorSide2-1.jpg","articleSection":["Annuel automobile"],"inLanguage":"fr-CA"},{"@type":"WebPage","@id":"https:\/\/news.canadamotorjobs.com\/fr\/mercedes-benz-eqe\/","url":"https:\/\/news.canadamotorjobs.com\/fr\/mercedes-benz-eqe\/","name":"Mercedes-Benz EQE - CanadaMotorJobs.com","isPartOf":{"@id":"https:\/\/news.canadamotorjobs.com\/#website"},"primaryImageOfPage":{"@id":"https:\/\/news.canadamotorjobs.com\/fr\/mercedes-benz-eqe\/#primaryimage"},"image":{"@id":"https:\/\/news.canadamotorjobs.com\/fr\/mercedes-benz-eqe\/#primaryimage"},"thumbnailUrl":"https:\/\/news.canadamotorjobs.com\/wp-content\/uploads\/2022\/07\/2021-07-28_Image_21C0617-007_EQE_ExteriorSide2-1.jpg","datePublished":"2022-07-26T12:19:04+00:00","dateModified":"2022-07-26T12:28:44+00:00","description":"Mercedes-Benz EQE - Benoit Charette - Annuel automobile - CanadaMotorJobs.com.","breadcrumb":{"@id":"https:\/\/news.canadamotorjobs.com\/fr\/mercedes-benz-eqe\/#breadcrumb"},"inLanguage":"fr-CA","potentialAction":[{"@type":"ReadAction","target":["https:\/\/news.canadamotorjobs.com\/fr\/mercedes-benz-eqe\/"]}]},{"@type":"ImageObject","inLanguage":"fr-CA","@id":"https:\/\/news.canadamotorjobs.com\/fr\/mercedes-benz-eqe\/#primaryimage","url":"https:\/\/news.canadamotorjobs.com\/wp-content\/uploads\/2022\/07\/2021-07-28_Image_21C0617-007_EQE_ExteriorSide2-1.jpg","contentUrl":"https:\/\/news.canadamotorjobs.com\/wp-content\/uploads\/2022\/07\/2021-07-28_Image_21C0617-007_EQE_ExteriorSide2-1.jpg","width":1500,"height":1001},{"@type":"BreadcrumbList","@id":"https:\/\/news.canadamotorjobs.com\/fr\/mercedes-benz-eqe\/#breadcrumb","itemListElement":[{"@type":"ListItem","position":1,"name":"Home","item":"https:\/\/news.canadamotorjobs.com\/fr\/blog\/"},{"@type":"ListItem","position":2,"name":"Mercedes-Benz EQE"}]},{"@type":"WebSite","@id":"https:\/\/news.canadamotorjobs.com\/#website","url":"https:\/\/news.canadamotorjobs.com\/","name":"CanadaMotorJobs.com","description":"Automotive Jobs","publisher":{"@id":"https:\/\/news.canadamotorjobs.com\/#organization"},"potentialAction":[{"@type":"SearchAction","target":{"@type":"EntryPoint","urlTemplate":"https:\/\/news.canadamotorjobs.com\/?s={search_term_string}"},"query-input":"required name=search_term_string"}],"inLanguage":"fr-CA"},{"@type":"Organization","@id":"https:\/\/news.canadamotorjobs.com\/#organization","name":"Canada Motor Jobs","url":"https:\/\/news.canadamotorjobs.com\/","logo":{"@type":"ImageObject","inLanguage":"fr-CA","@id":"https:\/\/news.canadamotorjobs.com\/#\/schema\/logo\/image\/","url":"https:\/\/news.canadamotorjobs.com\/wp-content\/uploads\/2022\/10\/logo-canada-motor-jobs-1.png","contentUrl":"https:\/\/news.canadamotorjobs.com\/wp-content\/uploads\/2022\/10\/logo-canada-motor-jobs-1.png","width":800,"height":400,"caption":"Canada Motor Jobs"},"image":{"@id":"https:\/\/news.canadamotorjobs.com\/#\/schema\/logo\/image\/"},"sameAs":["https:\/\/www.facebook.com\/canadamotorjobs\/","https:\/\/x.com\/canadamotorjobs","https:\/\/www.instagram.com\/canadamotorjobs\/","https:\/\/www.linkedin.com\/company\/canadamotorjobs"]},{"@type":"Person","@id":"https:\/\/news.canadamotorjobs.com\/#\/schema\/person\/51793d1f87d44011d7bcc2ed99269a90","name":"Benoit Charette","image":{"@type":"ImageObject","inLanguage":"fr-CA","@id":"https:\/\/news.canadamotorjobs.com\/#\/schema\/person\/image\/","url":"https:\/\/secure.gravatar.com\/avatar\/45f3d2eebcccd909668d7ce7ea7267b6?s=96&d=mm&r=g","contentUrl":"https:\/\/secure.gravatar.com\/avatar\/45f3d2eebcccd909668d7ce7ea7267b6?s=96&d=mm&r=g","caption":"Benoit Charette"},"description":"Benoit Charette \/ Propri\u00e9taire et r\u00e9dacteur en chef Benoit Charette pratique le journalisme automobile depuis bient\u00f4t 30 ans. Il a fait ses classes au c\u00f4t\u00e9 de Daniel H\u00e9raud et au Carnet de route de 1992 \u00e0 2001. Il est fondateur, copropri\u00e9taire et r\u00e9dacteur en chef de L\u2019Annuel de l\u2019automobile, qu\u2019il publie depuis 2001. Il a anim\u00e9 les \u00e9missions RPM et RPM+ sur V et les L\u00e9gendes de la route sur Historia. \u00c0 la radio depuis 1986, il reprend l\u2019antenne cette ann\u00e9e sur les ondes de Cogeco et participe pour la deuxi\u00e8me ann\u00e9e \u00e0 l\u2019\u00e9mission Passion Auto sur RDS en plus de mettre en ligne le site Web officiel de L\u2019Annuel de l\u2019automobile sur annuelauto.ca.","sameAs":["https:\/\/annuelauto.ca\/"],"url":"https:\/\/news.canadamotorjobs.com\/fr\/author\/benoit-charette\/"}]}},"_links":{"self":[{"href":"https:\/\/news.canadamotorjobs.com\/fr\/wp-json\/wp\/v2\/posts\/42361"}],"collection":[{"href":"https:\/\/news.canadamotorjobs.com\/fr\/wp-json\/wp\/v2\/posts"}],"about":[{"href":"https:\/\/news.canadamotorjobs.com\/fr\/wp-json\/wp\/v2\/types\/post"}],"author":[{"embeddable":true,"href":"https:\/\/news.canadamotorjobs.com\/fr\/wp-json\/wp\/v2\/users\/8"}],"replies":[{"embeddable":true,"href":"https:\/\/news.canadamotorjobs.com\/fr\/wp-json\/wp\/v2\/comments?post=42361"}],"version-history":[{"count":0,"href":"https:\/\/news.canadamotorjobs.com\/fr\/wp-json\/wp\/v2\/posts\/42361\/revisions"}],"wp:featuredmedia":[{"embeddable":true,"href":"https:\/\/news.canadamotorjobs.com\/fr\/wp-json\/wp\/v2\/media\/42365"}],"wp:attachment":[{"href":"https:\/\/news.canadamotorjobs.com\/fr\/wp-json\/wp\/v2\/media?parent=42361"}],"wp:term":[{"taxonomy":"category","embeddable":true,"href":"https:\/\/news.canadamotorjobs.com\/fr\/wp-json\/wp\/v2\/categories?post=42361"},{"taxonomy":"post_tag","embeddable":true,"href":"https:\/\/news.canadamotorjobs.com\/fr\/wp-json\/wp\/v2\/tags?post=42361"}],"curies":[{"name":"wp","href":"https:\/\/api.w.org\/{rel}","templated":true}]}}