{"id":42353,"date":"2022-07-26T07:46:10","date_gmt":"2022-07-26T11:46:10","guid":{"rendered":"https:\/\/blog.canadamotorjobs.com\/une-baisse-de-benefices-de-40-pour-general-motors-dans-la-derniere-annee\/"},"modified":"2022-07-26T08:00:13","modified_gmt":"2022-07-26T12:00:13","slug":"une-baisse-de-benefices-de-40-pour-general-motors-dans-la-derniere-annee","status":"publish","type":"post","link":"https:\/\/news.canadamotorjobs.com\/fr\/une-baisse-de-benefices-de-40-pour-general-motors-dans-la-derniere-annee\/","title":{"rendered":"Une baisse de b\u00e9n\u00e9fices de 40\u00a0% pour General Motors dans la derni\u00e8re ann\u00e9e"},"content":{"rendered":"<\/p>\n<p>GM a fait l\u2019annonce hier \u00e0 son si\u00e8ge social \u00e0 Detroit. D\u2019un autre c\u00f4t\u00e9, son chiffre d&#8217;affaires a augment\u00e9 de 4,7\u00a0% au deuxi\u00e8me trimestre, mais le constructeur automobile a dit s&#8217;attendre \u00e0 des r\u00e9sultats plus solides au second semestre. GM va hausser sa production et sa livraison de produits d\u2019ici la fin de l\u2019ann\u00e9e a soulign\u00e9 sa PDG, Mary Barra.<br \/> On travaille toujours \u00e0 trouver des puces \u00e9lectroniques<br \/> Le b\u00e9n\u00e9fice net de GM au deuxi\u00e8me trimestre a chut\u00e9 \u00e0 1,7 milliard de dollars, le constructeur automobile continuant \u00e0 travailler sur la p\u00e9nurie mondiale de puces \u00e9lectroniques. Le b\u00e9n\u00e9fice ajust\u00e9 avant int\u00e9r\u00eats et imp\u00f4ts a chut\u00e9 de 43\u00a0% \u00e0 2,3 milliards de dollars, tandis que le chiffre d&#8217;affaires a augment\u00e9 \u00e0 35,8 milliards de dollars, a indiqu\u00e9 GM dans un communiqu\u00e9.<br \/> On se pr\u00e9pare \u00e0 une r\u00e9cession<br \/> Face aux craintes d&#8217;une r\u00e9cession imminente, GM r\u00e9duit les d\u00e9penses discr\u00e9tionnaires et limite les embauches aux besoins critiques et aux postes qui soutiennent la croissance de l&#8217;entreprise, a d\u00e9clar\u00e9 Mme Barra. Le constructeur automobile a \u00e9galement d\u00e9clar\u00e9 mardi qu&#8217;il s&#8217;\u00e9tait associ\u00e9 \u00e0 Livent Corp. et \u00e0 LG Chem pour obtenir du lithium et des mat\u00e9riaux cathodiques. GM pr\u00e9voit de g\u00e9n\u00e9rer 90 milliards de dollars de revenus annuels pour les V\u00c9 d&#8217;ici 2030.<\/p>\n<p> GM a \u00e9galement d\u00e9clar\u00e9 qu&#8217;il s&#8217;attend \u00e0 atteindre ses pr\u00e9visions actuelles de b\u00e9n\u00e9fices ajust\u00e9s avant int\u00e9r\u00eats et imp\u00f4ts de 13 \u00e0 15 milliards de dollars pour l&#8217;ensemble de l&#8217;ann\u00e9e. Il a gagn\u00e9 6,4 milliards de dollars sur cette base au cours<\/p>\n","protected":false},"excerpt":{"rendered":"<p>GM a fait l\u2019annonce hier \u00e0 son si\u00e8ge social \u00e0 Detroit. D\u2019un autre c\u00f4t\u00e9, son chiffre d&#8217;affaires a augment\u00e9 de 4,7\u00a0% au deuxi\u00e8me trimestre, mais le constructeur automobile a dit s&#8217;attendre \u00e0 des r\u00e9sultats plus solides au second semestre. GM va hausser sa production et sa livraison de produits d\u2019ici la fin de l\u2019ann\u00e9e a [&hellip;]<\/p>\n","protected":false},"author":8,"featured_media":42357,"comment_status":"close","ping_status":"closed","sticky":false,"template":"","format":"standard","meta":{"_monsterinsights_skip_tracking":false,"_monsterinsights_sitenote_active":false,"_monsterinsights_sitenote_note":"","_monsterinsights_sitenote_category":0,"footnotes":""},"categories":[101],"tags":[],"yoast_head":"<!-- This site is optimized with the Yoast SEO plugin v23.2 - https:\/\/yoast.com\/wordpress\/plugins\/seo\/ -->\n<title>Une baisse de b\u00e9n\u00e9fices de 40\u00a0% pour General Motors dans la derni\u00e8re ann\u00e9e - CanadaMotorJobs.com<\/title>\n<meta name=\"description\" content=\"Une baisse de b\u00e9n\u00e9fices de 40\u00a0% pour General Motors dans la derni\u00e8re ann\u00e9e - Benoit Charette - Annuel automobile - CanadaMotorJobs.com.\" \/>\n<meta name=\"robots\" content=\"index, follow, max-snippet:-1, max-image-preview:large, max-video-preview:-1\" \/>\n<meta property=\"og:locale\" content=\"fr_CA\" \/>\n<meta property=\"og:type\" content=\"article\" \/>\n<meta property=\"og:title\" content=\"Une baisse de b\u00e9n\u00e9fices de 40\u00a0% pour General Motors dans la derni\u00e8re ann\u00e9e - CanadaMotorJobs.com\" \/>\n<meta property=\"og:description\" content=\"Une baisse de b\u00e9n\u00e9fices de 40\u00a0% pour General Motors dans la derni\u00e8re ann\u00e9e - Benoit Charette - Annuel automobile - CanadaMotorJobs.com.\" \/>\n<meta property=\"og:url\" content=\"https:\/\/news.canadamotorjobs.com\/fr\/une-baisse-de-benefices-de-40-pour-general-motors-dans-la-derniere-annee\/\" \/>\n<meta property=\"og:site_name\" content=\"CanadaMotorJobs.com\" \/>\n<meta property=\"article:publisher\" content=\"https:\/\/www.facebook.com\/canadamotorjobs\/\" \/>\n<meta property=\"article:published_time\" content=\"2022-07-26T11:46:10+00:00\" \/>\n<meta property=\"article:modified_time\" content=\"2022-07-26T12:00:13+00:00\" \/>\n<meta property=\"og:image\" content=\"https:\/\/news.canadamotorjobs.com\/wp-content\/uploads\/2022\/07\/106954192-1633629584895-mary-scaled-1-1.jpg\" \/>\n\t<meta property=\"og:image:width\" content=\"2560\" \/>\n\t<meta property=\"og:image:height\" content=\"1440\" \/>\n\t<meta property=\"og:image:type\" content=\"image\/jpeg\" \/>\n<meta name=\"author\" content=\"Benoit Charette\" \/>\n<meta name=\"twitter:card\" content=\"summary_large_image\" \/>\n<meta name=\"twitter:creator\" content=\"@canadamotorjobs\" \/>\n<meta name=\"twitter:site\" content=\"@canadamotorjobs\" \/>\n<meta name=\"twitter:label1\" content=\"\u00c9crit par\" \/>\n\t<meta name=\"twitter:data1\" content=\"Benoit Charette\" \/>\n\t<meta name=\"twitter:label2\" content=\"Estimation du temps de lecture\" \/>\n\t<meta name=\"twitter:data2\" content=\"1 minute\" \/>\n<!-- \/ Yoast SEO plugin. -->","yoast_head_json":{"title":"Une baisse de b\u00e9n\u00e9fices de 40\u00a0% pour General Motors dans la derni\u00e8re ann\u00e9e - CanadaMotorJobs.com","description":"Une baisse de b\u00e9n\u00e9fices de 40\u00a0% pour General Motors dans la derni\u00e8re ann\u00e9e - Benoit Charette - Annuel automobile - CanadaMotorJobs.com.","robots":{"index":"index","follow":"follow","max-snippet":"max-snippet:-1","max-image-preview":"max-image-preview:large","max-video-preview":"max-video-preview:-1"},"og_locale":"fr_CA","og_type":"article","og_title":"Une baisse de b\u00e9n\u00e9fices de 40\u00a0% pour General Motors dans la derni\u00e8re ann\u00e9e - CanadaMotorJobs.com","og_description":"Une baisse de b\u00e9n\u00e9fices de 40\u00a0% pour General Motors dans la derni\u00e8re ann\u00e9e - Benoit Charette - Annuel automobile - CanadaMotorJobs.com.","og_url":"https:\/\/news.canadamotorjobs.com\/fr\/une-baisse-de-benefices-de-40-pour-general-motors-dans-la-derniere-annee\/","og_site_name":"CanadaMotorJobs.com","article_publisher":"https:\/\/www.facebook.com\/canadamotorjobs\/","article_published_time":"2022-07-26T11:46:10+00:00","article_modified_time":"2022-07-26T12:00:13+00:00","og_image":[{"width":2560,"height":1440,"url":"https:\/\/news.canadamotorjobs.com\/wp-content\/uploads\/2022\/07\/106954192-1633629584895-mary-scaled-1-1.jpg","type":"image\/jpeg"}],"author":"Benoit Charette","twitter_card":"summary_large_image","twitter_creator":"@canadamotorjobs","twitter_site":"@canadamotorjobs","twitter_misc":{"\u00c9crit par":"Benoit Charette","Estimation du temps de lecture":"1 minute"},"schema":{"@context":"https:\/\/schema.org","@graph":[{"@type":"Article","@id":"https:\/\/news.canadamotorjobs.com\/fr\/une-baisse-de-benefices-de-40-pour-general-motors-dans-la-derniere-annee\/#article","isPartOf":{"@id":"https:\/\/news.canadamotorjobs.com\/fr\/une-baisse-de-benefices-de-40-pour-general-motors-dans-la-derniere-annee\/"},"author":{"name":"Benoit Charette","@id":"https:\/\/news.canadamotorjobs.com\/#\/schema\/person\/51793d1f87d44011d7bcc2ed99269a90"},"headline":"Une baisse de b\u00e9n\u00e9fices de 40\u00a0% pour General Motors dans la derni\u00e8re ann\u00e9e","datePublished":"2022-07-26T11:46:10+00:00","dateModified":"2022-07-26T12:00:13+00:00","mainEntityOfPage":{"@id":"https:\/\/news.canadamotorjobs.com\/fr\/une-baisse-de-benefices-de-40-pour-general-motors-dans-la-derniere-annee\/"},"wordCount":293,"publisher":{"@id":"https:\/\/news.canadamotorjobs.com\/#organization"},"image":{"@id":"https:\/\/news.canadamotorjobs.com\/fr\/une-baisse-de-benefices-de-40-pour-general-motors-dans-la-derniere-annee\/#primaryimage"},"thumbnailUrl":"https:\/\/news.canadamotorjobs.com\/wp-content\/uploads\/2022\/07\/106954192-1633629584895-mary-scaled-1-1.jpg","articleSection":["Annuel automobile"],"inLanguage":"fr-CA"},{"@type":"WebPage","@id":"https:\/\/news.canadamotorjobs.com\/fr\/une-baisse-de-benefices-de-40-pour-general-motors-dans-la-derniere-annee\/","url":"https:\/\/news.canadamotorjobs.com\/fr\/une-baisse-de-benefices-de-40-pour-general-motors-dans-la-derniere-annee\/","name":"Une baisse de b\u00e9n\u00e9fices de 40\u00a0% pour General Motors dans la derni\u00e8re ann\u00e9e - CanadaMotorJobs.com","isPartOf":{"@id":"https:\/\/news.canadamotorjobs.com\/#website"},"primaryImageOfPage":{"@id":"https:\/\/news.canadamotorjobs.com\/fr\/une-baisse-de-benefices-de-40-pour-general-motors-dans-la-derniere-annee\/#primaryimage"},"image":{"@id":"https:\/\/news.canadamotorjobs.com\/fr\/une-baisse-de-benefices-de-40-pour-general-motors-dans-la-derniere-annee\/#primaryimage"},"thumbnailUrl":"https:\/\/news.canadamotorjobs.com\/wp-content\/uploads\/2022\/07\/106954192-1633629584895-mary-scaled-1-1.jpg","datePublished":"2022-07-26T11:46:10+00:00","dateModified":"2022-07-26T12:00:13+00:00","description":"Une baisse de b\u00e9n\u00e9fices de 40\u00a0% pour General Motors dans la derni\u00e8re ann\u00e9e - Benoit Charette - Annuel automobile - CanadaMotorJobs.com.","breadcrumb":{"@id":"https:\/\/news.canadamotorjobs.com\/fr\/une-baisse-de-benefices-de-40-pour-general-motors-dans-la-derniere-annee\/#breadcrumb"},"inLanguage":"fr-CA","potentialAction":[{"@type":"ReadAction","target":["https:\/\/news.canadamotorjobs.com\/fr\/une-baisse-de-benefices-de-40-pour-general-motors-dans-la-derniere-annee\/"]}]},{"@type":"ImageObject","inLanguage":"fr-CA","@id":"https:\/\/news.canadamotorjobs.com\/fr\/une-baisse-de-benefices-de-40-pour-general-motors-dans-la-derniere-annee\/#primaryimage","url":"https:\/\/news.canadamotorjobs.com\/wp-content\/uploads\/2022\/07\/106954192-1633629584895-mary-scaled-1-1.jpg","contentUrl":"https:\/\/news.canadamotorjobs.com\/wp-content\/uploads\/2022\/07\/106954192-1633629584895-mary-scaled-1-1.jpg","width":2560,"height":1440},{"@type":"BreadcrumbList","@id":"https:\/\/news.canadamotorjobs.com\/fr\/une-baisse-de-benefices-de-40-pour-general-motors-dans-la-derniere-annee\/#breadcrumb","itemListElement":[{"@type":"ListItem","position":1,"name":"Home","item":"https:\/\/news.canadamotorjobs.com\/fr\/blog\/"},{"@type":"ListItem","position":2,"name":"Une baisse de b\u00e9n\u00e9fices de 40\u00a0% pour General Motors dans la derni\u00e8re ann\u00e9e"}]},{"@type":"WebSite","@id":"https:\/\/news.canadamotorjobs.com\/#website","url":"https:\/\/news.canadamotorjobs.com\/","name":"CanadaMotorJobs.com","description":"Automotive Jobs","publisher":{"@id":"https:\/\/news.canadamotorjobs.com\/#organization"},"potentialAction":[{"@type":"SearchAction","target":{"@type":"EntryPoint","urlTemplate":"https:\/\/news.canadamotorjobs.com\/?s={search_term_string}"},"query-input":"required name=search_term_string"}],"inLanguage":"fr-CA"},{"@type":"Organization","@id":"https:\/\/news.canadamotorjobs.com\/#organization","name":"Canada Motor Jobs","url":"https:\/\/news.canadamotorjobs.com\/","logo":{"@type":"ImageObject","inLanguage":"fr-CA","@id":"https:\/\/news.canadamotorjobs.com\/#\/schema\/logo\/image\/","url":"https:\/\/news.canadamotorjobs.com\/wp-content\/uploads\/2022\/10\/logo-canada-motor-jobs-1.png","contentUrl":"https:\/\/news.canadamotorjobs.com\/wp-content\/uploads\/2022\/10\/logo-canada-motor-jobs-1.png","width":800,"height":400,"caption":"Canada Motor Jobs"},"image":{"@id":"https:\/\/news.canadamotorjobs.com\/#\/schema\/logo\/image\/"},"sameAs":["https:\/\/www.facebook.com\/canadamotorjobs\/","https:\/\/x.com\/canadamotorjobs","https:\/\/www.instagram.com\/canadamotorjobs\/","https:\/\/www.linkedin.com\/company\/canadamotorjobs"]},{"@type":"Person","@id":"https:\/\/news.canadamotorjobs.com\/#\/schema\/person\/51793d1f87d44011d7bcc2ed99269a90","name":"Benoit Charette","image":{"@type":"ImageObject","inLanguage":"fr-CA","@id":"https:\/\/news.canadamotorjobs.com\/#\/schema\/person\/image\/","url":"https:\/\/secure.gravatar.com\/avatar\/45f3d2eebcccd909668d7ce7ea7267b6?s=96&d=mm&r=g","contentUrl":"https:\/\/secure.gravatar.com\/avatar\/45f3d2eebcccd909668d7ce7ea7267b6?s=96&d=mm&r=g","caption":"Benoit Charette"},"description":"Benoit Charette \/ Propri\u00e9taire et r\u00e9dacteur en chef Benoit Charette pratique le journalisme automobile depuis bient\u00f4t 30 ans. Il a fait ses classes au c\u00f4t\u00e9 de Daniel H\u00e9raud et au Carnet de route de 1992 \u00e0 2001. Il est fondateur, copropri\u00e9taire et r\u00e9dacteur en chef de L\u2019Annuel de l\u2019automobile, qu\u2019il publie depuis 2001. Il a anim\u00e9 les \u00e9missions RPM et RPM+ sur V et les L\u00e9gendes de la route sur Historia. \u00c0 la radio depuis 1986, il reprend l\u2019antenne cette ann\u00e9e sur les ondes de Cogeco et participe pour la deuxi\u00e8me ann\u00e9e \u00e0 l\u2019\u00e9mission Passion Auto sur RDS en plus de mettre en ligne le site Web officiel de L\u2019Annuel de l\u2019automobile sur annuelauto.ca.","sameAs":["https:\/\/annuelauto.ca\/"],"url":"https:\/\/news.canadamotorjobs.com\/fr\/author\/benoit-charette\/"}]}},"_links":{"self":[{"href":"https:\/\/news.canadamotorjobs.com\/fr\/wp-json\/wp\/v2\/posts\/42353"}],"collection":[{"href":"https:\/\/news.canadamotorjobs.com\/fr\/wp-json\/wp\/v2\/posts"}],"about":[{"href":"https:\/\/news.canadamotorjobs.com\/fr\/wp-json\/wp\/v2\/types\/post"}],"author":[{"embeddable":true,"href":"https:\/\/news.canadamotorjobs.com\/fr\/wp-json\/wp\/v2\/users\/8"}],"replies":[{"embeddable":true,"href":"https:\/\/news.canadamotorjobs.com\/fr\/wp-json\/wp\/v2\/comments?post=42353"}],"version-history":[{"count":0,"href":"https:\/\/news.canadamotorjobs.com\/fr\/wp-json\/wp\/v2\/posts\/42353\/revisions"}],"wp:featuredmedia":[{"embeddable":true,"href":"https:\/\/news.canadamotorjobs.com\/fr\/wp-json\/wp\/v2\/media\/42357"}],"wp:attachment":[{"href":"https:\/\/news.canadamotorjobs.com\/fr\/wp-json\/wp\/v2\/media?parent=42353"}],"wp:term":[{"taxonomy":"category","embeddable":true,"href":"https:\/\/news.canadamotorjobs.com\/fr\/wp-json\/wp\/v2\/categories?post=42353"},{"taxonomy":"post_tag","embeddable":true,"href":"https:\/\/news.canadamotorjobs.com\/fr\/wp-json\/wp\/v2\/tags?post=42353"}],"curies":[{"name":"wp","href":"https:\/\/api.w.org\/{rel}","templated":true}]}}