{"id":42328,"date":"2022-07-24T09:52:03","date_gmt":"2022-07-24T13:52:03","guid":{"rendered":"https:\/\/blog.canadamotorjobs.com\/une-motomarine-electrique-quebecoise\/"},"modified":"2022-07-25T15:22:45","modified_gmt":"2022-07-25T19:22:45","slug":"une-motomarine-electrique-quebecoise","status":"publish","type":"post","link":"https:\/\/news.canadamotorjobs.com\/fr\/une-motomarine-electrique-quebecoise\/","title":{"rendered":"Une motomarine \u00e9lectrique qu\u00e9b\u00e9coise"},"content":{"rendered":"<p>La compagnie Ta\u00efga de Ville LaSalle est d\u00e9j\u00e0 connu pour ses motoneiges \u00e9lectriques, voici maintenant qu\u2019elle offre une motomarine enti\u00e8rement \u00e9lectrique pour explorer les plans d\u2019eau sans \u00e9mettre de pollution. Le mod\u00e8le se nomme Orca Carbon et les premi\u00e8res livraisons ont d\u00e9j\u00e0 commenc\u00e9.<\/p>\n<h3>160 chevaux et 45\u00a0km d\u2019autonomie<\/h3>\n<p>Avec une coque en fibre de carbone composite novatrice, son angle de car\u00e8ne aigu\u00eb, son rapport charge-poids \u00e9lev\u00e9 et son centre de gravit\u00e9 bas, Ta\u00eega promet que vous ne ferez aucun compromis au chapitre de la performance. La motomarine Orca Carbon a une puissance de sortie de 120\u00a0kW ou 160 chevaux. Elle pr\u00e9sente \u00e9galement un d\u00e9lai d\u2019acc\u00e9l\u00e9ration de moins de 1 milli\u00e8me de seconde et un fonctionnement silencieux. Autrement dit, elle ne ressemble \u00e0 aucun autre v\u00e9hicule sur le march\u00e9. Avec une autonomie de 45 kilom\u00e8tres (soit l\u2019\u00e9quivalent de pr\u00e8s de deux heures de conduite en continu), le mod\u00e8le Orca Carbon offre un \u00e9cran HD de 17.8 centim\u00e8tres qui vous permet de suivre facilement votre vitesse, votre mode de conduite, l\u2019\u00e9tat de charge de la batterie, et plus encore. Le v\u00e9hicule comporte aussi amplement d\u2019espace de rangement pour que vous puissiez apporter avec vous tous vos essentiels.<\/p>\n<h3>Connectivit\u00e9 sans fil et recharge rapide<\/h3>\n<p>Vous avez une connectivit\u00e9 et des mises \u00e0 jour sans fil, une autre nouveaut\u00e9 dans l\u2019industrie. Lorsque vous n\u2019\u00eates plus sur l\u2019eau, vous n\u2019avez qu\u2019\u00e0 brancher votre motomarine \u00e0 une borne de recharge \u00e9lectrique sur le quai ou \u00e0 la maison, et le tour est jou\u00e9.<\/p>\n","protected":false},"excerpt":{"rendered":"<p>La compagnie Ta\u00efga de Ville LaSalle est d\u00e9j\u00e0 connu pour ses motoneiges \u00e9lectriques, voici maintenant qu\u2019elle offre une motomarine enti\u00e8rement \u00e9lectrique pour explorer les plans d\u2019eau sans \u00e9mettre de pollution. Le mod\u00e8le se nomme Orca Carbon et les premi\u00e8res livraisons ont d\u00e9j\u00e0 commenc\u00e9. 160 chevaux et 45\u00a0km d\u2019autonomie Avec une coque en fibre de carbone [&hellip;]<\/p>\n","protected":false},"author":8,"featured_media":42332,"comment_status":"close","ping_status":"closed","sticky":false,"template":"","format":"standard","meta":{"_monsterinsights_skip_tracking":false,"_monsterinsights_sitenote_active":false,"_monsterinsights_sitenote_note":"","_monsterinsights_sitenote_category":0,"footnotes":""},"categories":[101],"tags":[131],"yoast_head":"<!-- This site is optimized with the Yoast SEO plugin v23.2 - https:\/\/yoast.com\/wordpress\/plugins\/seo\/ -->\n<title>Une motomarine \u00e9lectrique qu\u00e9b\u00e9coise - CanadaMotorJobs.com<\/title>\n<meta name=\"description\" content=\"Une motomarine \u00e9lectrique qu\u00e9b\u00e9coise - Benoit Charette - Annuel automobile - CanadaMotorJobs.com.\" \/>\n<meta name=\"robots\" content=\"index, follow, max-snippet:-1, max-image-preview:large, max-video-preview:-1\" \/>\n<meta property=\"og:locale\" content=\"fr_CA\" \/>\n<meta property=\"og:type\" content=\"article\" \/>\n<meta property=\"og:title\" content=\"Une motomarine \u00e9lectrique qu\u00e9b\u00e9coise - CanadaMotorJobs.com\" \/>\n<meta property=\"og:description\" content=\"Une motomarine \u00e9lectrique qu\u00e9b\u00e9coise - Benoit Charette - Annuel automobile - CanadaMotorJobs.com.\" \/>\n<meta property=\"og:url\" content=\"https:\/\/news.canadamotorjobs.com\/fr\/une-motomarine-electrique-quebecoise\/\" \/>\n<meta property=\"og:site_name\" content=\"CanadaMotorJobs.com\" \/>\n<meta property=\"article:publisher\" content=\"https:\/\/www.facebook.com\/canadamotorjobs\/\" \/>\n<meta property=\"article:published_time\" content=\"2022-07-24T13:52:03+00:00\" \/>\n<meta property=\"article:modified_time\" content=\"2022-07-25T19:22:45+00:00\" \/>\n<meta property=\"og:image\" content=\"https:\/\/news.canadamotorjobs.com\/wp-content\/uploads\/2022\/07\/Orca_back_3-1.jpg\" \/>\n\t<meta property=\"og:image:width\" content=\"2040\" \/>\n\t<meta property=\"og:image:height\" content=\"1279\" \/>\n\t<meta property=\"og:image:type\" content=\"image\/jpeg\" \/>\n<meta name=\"author\" content=\"Benoit Charette\" \/>\n<meta name=\"twitter:card\" content=\"summary_large_image\" \/>\n<meta name=\"twitter:creator\" content=\"@canadamotorjobs\" \/>\n<meta name=\"twitter:site\" content=\"@canadamotorjobs\" \/>\n<meta name=\"twitter:label1\" content=\"\u00c9crit par\" \/>\n\t<meta name=\"twitter:data1\" content=\"Benoit Charette\" \/>\n\t<meta name=\"twitter:label2\" content=\"Estimation du temps de lecture\" \/>\n\t<meta name=\"twitter:data2\" content=\"2 minutes\" \/>\n<!-- \/ Yoast SEO plugin. -->","yoast_head_json":{"title":"Une motomarine \u00e9lectrique qu\u00e9b\u00e9coise - CanadaMotorJobs.com","description":"Une motomarine \u00e9lectrique qu\u00e9b\u00e9coise - Benoit Charette - Annuel automobile - CanadaMotorJobs.com.","robots":{"index":"index","follow":"follow","max-snippet":"max-snippet:-1","max-image-preview":"max-image-preview:large","max-video-preview":"max-video-preview:-1"},"og_locale":"fr_CA","og_type":"article","og_title":"Une motomarine \u00e9lectrique qu\u00e9b\u00e9coise - CanadaMotorJobs.com","og_description":"Une motomarine \u00e9lectrique qu\u00e9b\u00e9coise - Benoit Charette - Annuel automobile - CanadaMotorJobs.com.","og_url":"https:\/\/news.canadamotorjobs.com\/fr\/une-motomarine-electrique-quebecoise\/","og_site_name":"CanadaMotorJobs.com","article_publisher":"https:\/\/www.facebook.com\/canadamotorjobs\/","article_published_time":"2022-07-24T13:52:03+00:00","article_modified_time":"2022-07-25T19:22:45+00:00","og_image":[{"width":2040,"height":1279,"url":"https:\/\/news.canadamotorjobs.com\/wp-content\/uploads\/2022\/07\/Orca_back_3-1.jpg","type":"image\/jpeg"}],"author":"Benoit Charette","twitter_card":"summary_large_image","twitter_creator":"@canadamotorjobs","twitter_site":"@canadamotorjobs","twitter_misc":{"\u00c9crit par":"Benoit Charette","Estimation du temps de lecture":"2 minutes"},"schema":{"@context":"https:\/\/schema.org","@graph":[{"@type":"Article","@id":"https:\/\/news.canadamotorjobs.com\/fr\/une-motomarine-electrique-quebecoise\/#article","isPartOf":{"@id":"https:\/\/news.canadamotorjobs.com\/fr\/une-motomarine-electrique-quebecoise\/"},"author":{"name":"Benoit Charette","@id":"https:\/\/news.canadamotorjobs.com\/#\/schema\/person\/51793d1f87d44011d7bcc2ed99269a90"},"headline":"Une motomarine \u00e9lectrique qu\u00e9b\u00e9coise","datePublished":"2022-07-24T13:52:03+00:00","dateModified":"2022-07-25T19:22:45+00:00","mainEntityOfPage":{"@id":"https:\/\/news.canadamotorjobs.com\/fr\/une-motomarine-electrique-quebecoise\/"},"wordCount":274,"publisher":{"@id":"https:\/\/news.canadamotorjobs.com\/#organization"},"image":{"@id":"https:\/\/news.canadamotorjobs.com\/fr\/une-motomarine-electrique-quebecoise\/#primaryimage"},"thumbnailUrl":"https:\/\/news.canadamotorjobs.com\/wp-content\/uploads\/2022\/07\/Orca_back_3-1.jpg","keywords":["Newsletter"],"articleSection":["Annuel automobile"],"inLanguage":"fr-CA"},{"@type":"WebPage","@id":"https:\/\/news.canadamotorjobs.com\/fr\/une-motomarine-electrique-quebecoise\/","url":"https:\/\/news.canadamotorjobs.com\/fr\/une-motomarine-electrique-quebecoise\/","name":"Une motomarine \u00e9lectrique qu\u00e9b\u00e9coise - CanadaMotorJobs.com","isPartOf":{"@id":"https:\/\/news.canadamotorjobs.com\/#website"},"primaryImageOfPage":{"@id":"https:\/\/news.canadamotorjobs.com\/fr\/une-motomarine-electrique-quebecoise\/#primaryimage"},"image":{"@id":"https:\/\/news.canadamotorjobs.com\/fr\/une-motomarine-electrique-quebecoise\/#primaryimage"},"thumbnailUrl":"https:\/\/news.canadamotorjobs.com\/wp-content\/uploads\/2022\/07\/Orca_back_3-1.jpg","datePublished":"2022-07-24T13:52:03+00:00","dateModified":"2022-07-25T19:22:45+00:00","description":"Une motomarine \u00e9lectrique qu\u00e9b\u00e9coise - Benoit Charette - Annuel automobile - CanadaMotorJobs.com.","breadcrumb":{"@id":"https:\/\/news.canadamotorjobs.com\/fr\/une-motomarine-electrique-quebecoise\/#breadcrumb"},"inLanguage":"fr-CA","potentialAction":[{"@type":"ReadAction","target":["https:\/\/news.canadamotorjobs.com\/fr\/une-motomarine-electrique-quebecoise\/"]}]},{"@type":"ImageObject","inLanguage":"fr-CA","@id":"https:\/\/news.canadamotorjobs.com\/fr\/une-motomarine-electrique-quebecoise\/#primaryimage","url":"https:\/\/news.canadamotorjobs.com\/wp-content\/uploads\/2022\/07\/Orca_back_3-1.jpg","contentUrl":"https:\/\/news.canadamotorjobs.com\/wp-content\/uploads\/2022\/07\/Orca_back_3-1.jpg","width":2040,"height":1279},{"@type":"BreadcrumbList","@id":"https:\/\/news.canadamotorjobs.com\/fr\/une-motomarine-electrique-quebecoise\/#breadcrumb","itemListElement":[{"@type":"ListItem","position":1,"name":"Home","item":"https:\/\/news.canadamotorjobs.com\/fr\/blog\/"},{"@type":"ListItem","position":2,"name":"Une motomarine \u00e9lectrique qu\u00e9b\u00e9coise"}]},{"@type":"WebSite","@id":"https:\/\/news.canadamotorjobs.com\/#website","url":"https:\/\/news.canadamotorjobs.com\/","name":"CanadaMotorJobs.com","description":"Automotive Jobs","publisher":{"@id":"https:\/\/news.canadamotorjobs.com\/#organization"},"potentialAction":[{"@type":"SearchAction","target":{"@type":"EntryPoint","urlTemplate":"https:\/\/news.canadamotorjobs.com\/?s={search_term_string}"},"query-input":"required name=search_term_string"}],"inLanguage":"fr-CA"},{"@type":"Organization","@id":"https:\/\/news.canadamotorjobs.com\/#organization","name":"Canada Motor Jobs","url":"https:\/\/news.canadamotorjobs.com\/","logo":{"@type":"ImageObject","inLanguage":"fr-CA","@id":"https:\/\/news.canadamotorjobs.com\/#\/schema\/logo\/image\/","url":"https:\/\/news.canadamotorjobs.com\/wp-content\/uploads\/2022\/10\/logo-canada-motor-jobs-1.png","contentUrl":"https:\/\/news.canadamotorjobs.com\/wp-content\/uploads\/2022\/10\/logo-canada-motor-jobs-1.png","width":800,"height":400,"caption":"Canada Motor Jobs"},"image":{"@id":"https:\/\/news.canadamotorjobs.com\/#\/schema\/logo\/image\/"},"sameAs":["https:\/\/www.facebook.com\/canadamotorjobs\/","https:\/\/x.com\/canadamotorjobs","https:\/\/www.instagram.com\/canadamotorjobs\/","https:\/\/www.linkedin.com\/company\/canadamotorjobs"]},{"@type":"Person","@id":"https:\/\/news.canadamotorjobs.com\/#\/schema\/person\/51793d1f87d44011d7bcc2ed99269a90","name":"Benoit Charette","image":{"@type":"ImageObject","inLanguage":"fr-CA","@id":"https:\/\/news.canadamotorjobs.com\/#\/schema\/person\/image\/","url":"https:\/\/secure.gravatar.com\/avatar\/45f3d2eebcccd909668d7ce7ea7267b6?s=96&d=mm&r=g","contentUrl":"https:\/\/secure.gravatar.com\/avatar\/45f3d2eebcccd909668d7ce7ea7267b6?s=96&d=mm&r=g","caption":"Benoit Charette"},"description":"Benoit Charette \/ Propri\u00e9taire et r\u00e9dacteur en chef Benoit Charette pratique le journalisme automobile depuis bient\u00f4t 30 ans. Il a fait ses classes au c\u00f4t\u00e9 de Daniel H\u00e9raud et au Carnet de route de 1992 \u00e0 2001. Il est fondateur, copropri\u00e9taire et r\u00e9dacteur en chef de L\u2019Annuel de l\u2019automobile, qu\u2019il publie depuis 2001. Il a anim\u00e9 les \u00e9missions RPM et RPM+ sur V et les L\u00e9gendes de la route sur Historia. \u00c0 la radio depuis 1986, il reprend l\u2019antenne cette ann\u00e9e sur les ondes de Cogeco et participe pour la deuxi\u00e8me ann\u00e9e \u00e0 l\u2019\u00e9mission Passion Auto sur RDS en plus de mettre en ligne le site Web officiel de L\u2019Annuel de l\u2019automobile sur annuelauto.ca.","sameAs":["https:\/\/annuelauto.ca\/"],"url":"https:\/\/news.canadamotorjobs.com\/fr\/author\/benoit-charette\/"}]}},"_links":{"self":[{"href":"https:\/\/news.canadamotorjobs.com\/fr\/wp-json\/wp\/v2\/posts\/42328"}],"collection":[{"href":"https:\/\/news.canadamotorjobs.com\/fr\/wp-json\/wp\/v2\/posts"}],"about":[{"href":"https:\/\/news.canadamotorjobs.com\/fr\/wp-json\/wp\/v2\/types\/post"}],"author":[{"embeddable":true,"href":"https:\/\/news.canadamotorjobs.com\/fr\/wp-json\/wp\/v2\/users\/8"}],"replies":[{"embeddable":true,"href":"https:\/\/news.canadamotorjobs.com\/fr\/wp-json\/wp\/v2\/comments?post=42328"}],"version-history":[{"count":0,"href":"https:\/\/news.canadamotorjobs.com\/fr\/wp-json\/wp\/v2\/posts\/42328\/revisions"}],"wp:featuredmedia":[{"embeddable":true,"href":"https:\/\/news.canadamotorjobs.com\/fr\/wp-json\/wp\/v2\/media\/42332"}],"wp:attachment":[{"href":"https:\/\/news.canadamotorjobs.com\/fr\/wp-json\/wp\/v2\/media?parent=42328"}],"wp:term":[{"taxonomy":"category","embeddable":true,"href":"https:\/\/news.canadamotorjobs.com\/fr\/wp-json\/wp\/v2\/categories?post=42328"},{"taxonomy":"post_tag","embeddable":true,"href":"https:\/\/news.canadamotorjobs.com\/fr\/wp-json\/wp\/v2\/tags?post=42328"}],"curies":[{"name":"wp","href":"https:\/\/api.w.org\/{rel}","templated":true}]}}