{"id":42320,"date":"2022-07-24T06:55:58","date_gmt":"2022-07-24T10:55:58","guid":{"rendered":"https:\/\/blog.canadamotorjobs.com\/24-juillet-1998-audi-achete-officiellement-lamborghini\/"},"modified":"2022-07-24T06:58:49","modified_gmt":"2022-07-24T10:58:49","slug":"24-juillet-1998-audi-achete-officiellement-lamborghini","status":"publish","type":"post","link":"https:\/\/news.canadamotorjobs.com\/fr\/24-juillet-1998-audi-achete-officiellement-lamborghini\/","title":{"rendered":"24 juillet 1998\u00a0: Audi ach\u00e8te officiellement Lamborghini"},"content":{"rendered":"<\/p>\n<p>C\u2019est le 24 juillet 1998 que le constructeur allemand Audi a finalis\u00e9 le rachat de Lamborghini pour environ 160 millions de dollars canadien. \u00c0 cette \u00e9poque Lamborghini \u00e9tait pass\u00e9 entre les mains de plusieurs propri\u00e9taires y compris Chrysler, qui malgr\u00e9 une forte injection de capital ne trouvait pas l\u2019op\u00e9ration assez rentable. Audi a rachet\u00e9 \u00e0 l\u2019\u00e9poque de la soci\u00e9t\u00e9 de participations malaisienne Mycom Setdco et la soci\u00e9t\u00e9 indon\u00e9sienne V&#8217;Power Corporation, celle-ci \u00e9tant d\u00e9tenue \u00e0 60 % par Tommy Suharto, le plus jeune fils de l&#8217;ex-pr\u00e9sident indon\u00e9sien.<br \/> Identit\u00e9 nationale conserv\u00e9e<br \/> Selon les termes de l&#8217;accord, le constructeur allemand devient propri\u00e9taire de la totalit\u00e9 du capital d&#8217;Automobil Lamborghini SpA, \u00e0 compter du 24 juillet avec effet r\u00e9troactif. Avec Lamborghini, Audi va faire ses premiers pas dans le segment des voitures de luxe sportives et redonner ses lettres de noblesse \u00e0 la marque et l\u2019amener l\u00e0 o\u00f9 elle sew trouve aujourd\u2019hui.<\/p>\n<p> &nbsp;<\/p>\n<p>Le texte <a rel=\"nofollow\" href=\"https:\/\/annuelauto.ca\/24-juillet-1998-audi-achete-officiellement-lamborghini\/\">24 juillet 1998\u00a0: Audi ach\u00e8te officiellement Lamborghini<\/a> provient de <a rel=\"nofollow\" href=\"https:\/\/annuelauto.ca\">L&#039;annuel de l&#039;automobile &#8211; Actualit\u00e9 automobile<\/a><\/p>\n<p> <\/p>\n","protected":false},"excerpt":{"rendered":"<p>C\u2019est le 24 juillet 1998 que le constructeur allemand Audi a finalis\u00e9 le rachat de Lamborghini pour environ 160 millions de dollars canadien. \u00c0 cette \u00e9poque Lamborghini \u00e9tait pass\u00e9 entre les mains de plusieurs propri\u00e9taires y compris Chrysler, qui malgr\u00e9 une forte injection de capital ne trouvait pas l\u2019op\u00e9ration assez rentable. Audi a rachet\u00e9 \u00e0 [&hellip;]<\/p>\n","protected":false},"author":8,"featured_media":42324,"comment_status":"close","ping_status":"closed","sticky":false,"template":"","format":"standard","meta":{"_monsterinsights_skip_tracking":false,"_monsterinsights_sitenote_active":false,"_monsterinsights_sitenote_note":"","_monsterinsights_sitenote_category":0,"footnotes":""},"categories":[101],"tags":[],"yoast_head":"<!-- This site is optimized with the Yoast SEO plugin v23.2 - https:\/\/yoast.com\/wordpress\/plugins\/seo\/ -->\n<title>24 juillet 1998\u00a0: Audi ach\u00e8te officiellement Lamborghini - CanadaMotorJobs.com<\/title>\n<meta name=\"description\" content=\"24 juillet 1998\u00a0: Audi ach\u00e8te officiellement Lamborghini - Benoit Charette - Annuel automobile - CanadaMotorJobs.com.\" \/>\n<meta name=\"robots\" content=\"index, follow, max-snippet:-1, max-image-preview:large, max-video-preview:-1\" \/>\n<meta property=\"og:locale\" content=\"fr_CA\" \/>\n<meta property=\"og:type\" content=\"article\" \/>\n<meta property=\"og:title\" content=\"24 juillet 1998\u00a0: Audi ach\u00e8te officiellement Lamborghini - CanadaMotorJobs.com\" \/>\n<meta property=\"og:description\" content=\"24 juillet 1998\u00a0: Audi ach\u00e8te officiellement Lamborghini - Benoit Charette - Annuel automobile - CanadaMotorJobs.com.\" \/>\n<meta property=\"og:url\" content=\"https:\/\/news.canadamotorjobs.com\/fr\/24-juillet-1998-audi-achete-officiellement-lamborghini\/\" \/>\n<meta property=\"og:site_name\" content=\"CanadaMotorJobs.com\" \/>\n<meta property=\"article:publisher\" content=\"https:\/\/www.facebook.com\/canadamotorjobs\/\" \/>\n<meta property=\"article:published_time\" content=\"2022-07-24T10:55:58+00:00\" \/>\n<meta property=\"article:modified_time\" content=\"2022-07-24T10:58:49+00:00\" \/>\n<meta property=\"og:image\" content=\"https:\/\/news.canadamotorjobs.com\/wp-content\/uploads\/2022\/07\/image-asset-1.jpeg\" \/>\n\t<meta property=\"og:image:width\" content=\"1500\" \/>\n\t<meta property=\"og:image:height\" content=\"1127\" \/>\n\t<meta property=\"og:image:type\" content=\"image\/jpeg\" \/>\n<meta name=\"author\" content=\"Benoit Charette\" \/>\n<meta name=\"twitter:card\" content=\"summary_large_image\" \/>\n<meta name=\"twitter:creator\" content=\"@canadamotorjobs\" \/>\n<meta name=\"twitter:site\" content=\"@canadamotorjobs\" \/>\n<meta name=\"twitter:label1\" content=\"\u00c9crit par\" \/>\n\t<meta name=\"twitter:data1\" content=\"Benoit Charette\" \/>\n\t<meta name=\"twitter:label2\" content=\"Estimation du temps de lecture\" \/>\n\t<meta name=\"twitter:data2\" content=\"1 minute\" \/>\n<!-- \/ Yoast SEO plugin. -->","yoast_head_json":{"title":"24 juillet 1998\u00a0: Audi ach\u00e8te officiellement Lamborghini - CanadaMotorJobs.com","description":"24 juillet 1998\u00a0: Audi ach\u00e8te officiellement Lamborghini - Benoit Charette - Annuel automobile - CanadaMotorJobs.com.","robots":{"index":"index","follow":"follow","max-snippet":"max-snippet:-1","max-image-preview":"max-image-preview:large","max-video-preview":"max-video-preview:-1"},"og_locale":"fr_CA","og_type":"article","og_title":"24 juillet 1998\u00a0: Audi ach\u00e8te officiellement Lamborghini - CanadaMotorJobs.com","og_description":"24 juillet 1998\u00a0: Audi ach\u00e8te officiellement Lamborghini - Benoit Charette - Annuel automobile - CanadaMotorJobs.com.","og_url":"https:\/\/news.canadamotorjobs.com\/fr\/24-juillet-1998-audi-achete-officiellement-lamborghini\/","og_site_name":"CanadaMotorJobs.com","article_publisher":"https:\/\/www.facebook.com\/canadamotorjobs\/","article_published_time":"2022-07-24T10:55:58+00:00","article_modified_time":"2022-07-24T10:58:49+00:00","og_image":[{"width":1500,"height":1127,"url":"https:\/\/news.canadamotorjobs.com\/wp-content\/uploads\/2022\/07\/image-asset-1.jpeg","type":"image\/jpeg"}],"author":"Benoit Charette","twitter_card":"summary_large_image","twitter_creator":"@canadamotorjobs","twitter_site":"@canadamotorjobs","twitter_misc":{"\u00c9crit par":"Benoit Charette","Estimation du temps de lecture":"1 minute"},"schema":{"@context":"https:\/\/schema.org","@graph":[{"@type":"Article","@id":"https:\/\/news.canadamotorjobs.com\/fr\/24-juillet-1998-audi-achete-officiellement-lamborghini\/#article","isPartOf":{"@id":"https:\/\/news.canadamotorjobs.com\/fr\/24-juillet-1998-audi-achete-officiellement-lamborghini\/"},"author":{"name":"Benoit Charette","@id":"https:\/\/news.canadamotorjobs.com\/#\/schema\/person\/51793d1f87d44011d7bcc2ed99269a90"},"headline":"24 juillet 1998\u00a0: Audi ach\u00e8te officiellement Lamborghini","datePublished":"2022-07-24T10:55:58+00:00","dateModified":"2022-07-24T10:58:49+00:00","mainEntityOfPage":{"@id":"https:\/\/news.canadamotorjobs.com\/fr\/24-juillet-1998-audi-achete-officiellement-lamborghini\/"},"wordCount":182,"publisher":{"@id":"https:\/\/news.canadamotorjobs.com\/#organization"},"image":{"@id":"https:\/\/news.canadamotorjobs.com\/fr\/24-juillet-1998-audi-achete-officiellement-lamborghini\/#primaryimage"},"thumbnailUrl":"https:\/\/news.canadamotorjobs.com\/wp-content\/uploads\/2022\/07\/image-asset-1.jpeg","articleSection":["Annuel automobile"],"inLanguage":"fr-CA"},{"@type":"WebPage","@id":"https:\/\/news.canadamotorjobs.com\/fr\/24-juillet-1998-audi-achete-officiellement-lamborghini\/","url":"https:\/\/news.canadamotorjobs.com\/fr\/24-juillet-1998-audi-achete-officiellement-lamborghini\/","name":"24 juillet 1998\u00a0: Audi ach\u00e8te officiellement Lamborghini - CanadaMotorJobs.com","isPartOf":{"@id":"https:\/\/news.canadamotorjobs.com\/#website"},"primaryImageOfPage":{"@id":"https:\/\/news.canadamotorjobs.com\/fr\/24-juillet-1998-audi-achete-officiellement-lamborghini\/#primaryimage"},"image":{"@id":"https:\/\/news.canadamotorjobs.com\/fr\/24-juillet-1998-audi-achete-officiellement-lamborghini\/#primaryimage"},"thumbnailUrl":"https:\/\/news.canadamotorjobs.com\/wp-content\/uploads\/2022\/07\/image-asset-1.jpeg","datePublished":"2022-07-24T10:55:58+00:00","dateModified":"2022-07-24T10:58:49+00:00","description":"24 juillet 1998\u00a0: Audi ach\u00e8te officiellement Lamborghini - Benoit Charette - Annuel automobile - CanadaMotorJobs.com.","breadcrumb":{"@id":"https:\/\/news.canadamotorjobs.com\/fr\/24-juillet-1998-audi-achete-officiellement-lamborghini\/#breadcrumb"},"inLanguage":"fr-CA","potentialAction":[{"@type":"ReadAction","target":["https:\/\/news.canadamotorjobs.com\/fr\/24-juillet-1998-audi-achete-officiellement-lamborghini\/"]}]},{"@type":"ImageObject","inLanguage":"fr-CA","@id":"https:\/\/news.canadamotorjobs.com\/fr\/24-juillet-1998-audi-achete-officiellement-lamborghini\/#primaryimage","url":"https:\/\/news.canadamotorjobs.com\/wp-content\/uploads\/2022\/07\/image-asset-1.jpeg","contentUrl":"https:\/\/news.canadamotorjobs.com\/wp-content\/uploads\/2022\/07\/image-asset-1.jpeg","width":1500,"height":1127},{"@type":"BreadcrumbList","@id":"https:\/\/news.canadamotorjobs.com\/fr\/24-juillet-1998-audi-achete-officiellement-lamborghini\/#breadcrumb","itemListElement":[{"@type":"ListItem","position":1,"name":"Home","item":"https:\/\/news.canadamotorjobs.com\/fr\/blog\/"},{"@type":"ListItem","position":2,"name":"24 juillet 1998\u00a0: Audi ach\u00e8te officiellement Lamborghini"}]},{"@type":"WebSite","@id":"https:\/\/news.canadamotorjobs.com\/#website","url":"https:\/\/news.canadamotorjobs.com\/","name":"CanadaMotorJobs.com","description":"Automotive Jobs","publisher":{"@id":"https:\/\/news.canadamotorjobs.com\/#organization"},"potentialAction":[{"@type":"SearchAction","target":{"@type":"EntryPoint","urlTemplate":"https:\/\/news.canadamotorjobs.com\/?s={search_term_string}"},"query-input":"required name=search_term_string"}],"inLanguage":"fr-CA"},{"@type":"Organization","@id":"https:\/\/news.canadamotorjobs.com\/#organization","name":"Canada Motor Jobs","url":"https:\/\/news.canadamotorjobs.com\/","logo":{"@type":"ImageObject","inLanguage":"fr-CA","@id":"https:\/\/news.canadamotorjobs.com\/#\/schema\/logo\/image\/","url":"https:\/\/news.canadamotorjobs.com\/wp-content\/uploads\/2022\/10\/logo-canada-motor-jobs-1.png","contentUrl":"https:\/\/news.canadamotorjobs.com\/wp-content\/uploads\/2022\/10\/logo-canada-motor-jobs-1.png","width":800,"height":400,"caption":"Canada Motor Jobs"},"image":{"@id":"https:\/\/news.canadamotorjobs.com\/#\/schema\/logo\/image\/"},"sameAs":["https:\/\/www.facebook.com\/canadamotorjobs\/","https:\/\/x.com\/canadamotorjobs","https:\/\/www.instagram.com\/canadamotorjobs\/","https:\/\/www.linkedin.com\/company\/canadamotorjobs"]},{"@type":"Person","@id":"https:\/\/news.canadamotorjobs.com\/#\/schema\/person\/51793d1f87d44011d7bcc2ed99269a90","name":"Benoit Charette","image":{"@type":"ImageObject","inLanguage":"fr-CA","@id":"https:\/\/news.canadamotorjobs.com\/#\/schema\/person\/image\/","url":"https:\/\/secure.gravatar.com\/avatar\/45f3d2eebcccd909668d7ce7ea7267b6?s=96&d=mm&r=g","contentUrl":"https:\/\/secure.gravatar.com\/avatar\/45f3d2eebcccd909668d7ce7ea7267b6?s=96&d=mm&r=g","caption":"Benoit Charette"},"description":"Benoit Charette \/ Propri\u00e9taire et r\u00e9dacteur en chef Benoit Charette pratique le journalisme automobile depuis bient\u00f4t 30 ans. Il a fait ses classes au c\u00f4t\u00e9 de Daniel H\u00e9raud et au Carnet de route de 1992 \u00e0 2001. Il est fondateur, copropri\u00e9taire et r\u00e9dacteur en chef de L\u2019Annuel de l\u2019automobile, qu\u2019il publie depuis 2001. Il a anim\u00e9 les \u00e9missions RPM et RPM+ sur V et les L\u00e9gendes de la route sur Historia. \u00c0 la radio depuis 1986, il reprend l\u2019antenne cette ann\u00e9e sur les ondes de Cogeco et participe pour la deuxi\u00e8me ann\u00e9e \u00e0 l\u2019\u00e9mission Passion Auto sur RDS en plus de mettre en ligne le site Web officiel de L\u2019Annuel de l\u2019automobile sur annuelauto.ca.","sameAs":["https:\/\/annuelauto.ca\/"],"url":"https:\/\/news.canadamotorjobs.com\/fr\/author\/benoit-charette\/"}]}},"_links":{"self":[{"href":"https:\/\/news.canadamotorjobs.com\/fr\/wp-json\/wp\/v2\/posts\/42320"}],"collection":[{"href":"https:\/\/news.canadamotorjobs.com\/fr\/wp-json\/wp\/v2\/posts"}],"about":[{"href":"https:\/\/news.canadamotorjobs.com\/fr\/wp-json\/wp\/v2\/types\/post"}],"author":[{"embeddable":true,"href":"https:\/\/news.canadamotorjobs.com\/fr\/wp-json\/wp\/v2\/users\/8"}],"replies":[{"embeddable":true,"href":"https:\/\/news.canadamotorjobs.com\/fr\/wp-json\/wp\/v2\/comments?post=42320"}],"version-history":[{"count":0,"href":"https:\/\/news.canadamotorjobs.com\/fr\/wp-json\/wp\/v2\/posts\/42320\/revisions"}],"wp:featuredmedia":[{"embeddable":true,"href":"https:\/\/news.canadamotorjobs.com\/fr\/wp-json\/wp\/v2\/media\/42324"}],"wp:attachment":[{"href":"https:\/\/news.canadamotorjobs.com\/fr\/wp-json\/wp\/v2\/media?parent=42320"}],"wp:term":[{"taxonomy":"category","embeddable":true,"href":"https:\/\/news.canadamotorjobs.com\/fr\/wp-json\/wp\/v2\/categories?post=42320"},{"taxonomy":"post_tag","embeddable":true,"href":"https:\/\/news.canadamotorjobs.com\/fr\/wp-json\/wp\/v2\/tags?post=42320"}],"curies":[{"name":"wp","href":"https:\/\/api.w.org\/{rel}","templated":true}]}}