{"id":42312,"date":"2022-07-23T09:42:42","date_gmt":"2022-07-23T13:42:42","guid":{"rendered":"https:\/\/blog.canadamotorjobs.com\/le-patron-de-porsche-est-maintenant-le-patron-de-volkswagen\/"},"modified":"2022-07-23T09:44:15","modified_gmt":"2022-07-23T13:44:15","slug":"le-patron-de-porsche-est-maintenant-le-patron-de-volkswagen","status":"publish","type":"post","link":"https:\/\/news.canadamotorjobs.com\/fr\/le-patron-de-porsche-est-maintenant-le-patron-de-volkswagen\/","title":{"rendered":"Le patron de Porsche est maintenant le patron de Volkswagen"},"content":{"rendered":"<\/p>\n<p>Oliver Blume, qui est PDG de Porsche depuis 2015, remplacera Herbert Diess en tant que PDG du groupe VW le 1er septembre prochain tout en restant responsable de Porsche, a d\u00e9clar\u00e9 VW vendredi.<br \/> Un changement de style \u00e0 la direction<br \/> La nomination d&#8217;Oliver Blume comme prochain patron du groupe Volkswagen annonce un changement de style de gestion qui devrait remplacer l&#8217;attitude erratique et impr\u00e9visible de son pr\u00e9d\u00e9cesseur par une culture davantage ax\u00e9e sur le travail d&#8217;\u00e9quipe. Cadre de longue date de Volkswagen, qui a rejoint le constructeur automobile en 1994, M.\u00a0Blume, \u00e2g\u00e9 de 54 ans, a soulign\u00e9 l&#8217;importance du travail d&#8217;\u00e9quipe et de la participation des travailleurs \u00e0 la prise de d\u00e9cision dans presque toutes les interviews qu&#8217;il a donn\u00e9es, ce qui contraste avec l&#8217;attitude conflictuelle de l&#8217;actuel PDG Herbert Diess.<br \/> Garder l\u2019esprit ouvert<br \/> En dirigeant avec succ\u00e8s Porsche pendant des ann\u00e9es, Blume a gagn\u00e9 la confiance des familles Porsche et Piech, qui contr\u00f4lent le principal actionnaire du groupe VW, Porsche Automobile Holding SE. Les familles d\u00e9tiennent plus de la moiti\u00e9 des droits de vote du groupe VW, ce qui leur conf\u00e8re un contr\u00f4le total. La marque Porsche est le constructeur automobile le plus rentable d&#8217;Allemagne et la vache \u00e0 lait du groupe. Elle affiche une marge b\u00e9n\u00e9ficiaire de 16\u00a0%, qu&#8217;elle entend porter \u00e0 plus de 20\u00a0% dans les ann\u00e9es \u00e0 venir.<br \/> Un d\u00e9fi de taille<br \/> Blume succ\u00e9dera \u00e0 M.\u00a0Diess \u00e0 la t\u00eate du groupe VW afin d&#8217;instaurer une &#8220;culture de direction qui fait du travail d&#8217;\u00e9quipe une priorit\u00e9 absolue&#8221;,<\/p>\n","protected":false},"excerpt":{"rendered":"<p>Oliver Blume, qui est PDG de Porsche depuis 2015, remplacera Herbert Diess en tant que PDG du groupe VW le 1er septembre prochain tout en restant responsable de Porsche, a d\u00e9clar\u00e9 VW vendredi. Un changement de style \u00e0 la direction La nomination d&#8217;Oliver Blume comme prochain patron du groupe Volkswagen annonce un changement de style [&hellip;]<\/p>\n","protected":false},"author":8,"featured_media":42316,"comment_status":"close","ping_status":"closed","sticky":false,"template":"","format":"standard","meta":{"_monsterinsights_skip_tracking":false,"_monsterinsights_sitenote_active":false,"_monsterinsights_sitenote_note":"","_monsterinsights_sitenote_category":0,"footnotes":""},"categories":[101],"tags":[],"yoast_head":"<!-- This site is optimized with the Yoast SEO plugin v23.2 - https:\/\/yoast.com\/wordpress\/plugins\/seo\/ -->\n<title>Le patron de Porsche est maintenant le patron de Volkswagen - CanadaMotorJobs.com<\/title>\n<meta name=\"description\" content=\"Le patron de Porsche est maintenant le patron de Volkswagen - Benoit Charette - Annuel automobile - CanadaMotorJobs.com.\" \/>\n<meta name=\"robots\" content=\"index, follow, max-snippet:-1, max-image-preview:large, max-video-preview:-1\" \/>\n<meta property=\"og:locale\" content=\"fr_CA\" \/>\n<meta property=\"og:type\" content=\"article\" \/>\n<meta property=\"og:title\" content=\"Le patron de Porsche est maintenant le patron de Volkswagen - CanadaMotorJobs.com\" \/>\n<meta property=\"og:description\" content=\"Le patron de Porsche est maintenant le patron de Volkswagen - Benoit Charette - Annuel automobile - CanadaMotorJobs.com.\" \/>\n<meta property=\"og:url\" content=\"https:\/\/news.canadamotorjobs.com\/fr\/le-patron-de-porsche-est-maintenant-le-patron-de-volkswagen\/\" \/>\n<meta property=\"og:site_name\" content=\"CanadaMotorJobs.com\" \/>\n<meta property=\"article:publisher\" content=\"https:\/\/www.facebook.com\/canadamotorjobs\/\" \/>\n<meta property=\"article:published_time\" content=\"2022-07-23T13:42:42+00:00\" \/>\n<meta property=\"article:modified_time\" content=\"2022-07-23T13:44:15+00:00\" \/>\n<meta property=\"og:image\" content=\"https:\/\/news.canadamotorjobs.com\/wp-content\/uploads\/2022\/07\/img-1.jpg\" \/>\n\t<meta property=\"og:image:width\" content=\"1500\" \/>\n\t<meta property=\"og:image:height\" content=\"844\" \/>\n\t<meta property=\"og:image:type\" content=\"image\/jpeg\" \/>\n<meta name=\"author\" content=\"Benoit Charette\" \/>\n<meta name=\"twitter:card\" content=\"summary_large_image\" \/>\n<meta name=\"twitter:creator\" content=\"@canadamotorjobs\" \/>\n<meta name=\"twitter:site\" content=\"@canadamotorjobs\" \/>\n<meta name=\"twitter:label1\" content=\"\u00c9crit par\" \/>\n\t<meta name=\"twitter:data1\" content=\"Benoit Charette\" \/>\n\t<meta name=\"twitter:label2\" content=\"Estimation du temps de lecture\" \/>\n\t<meta name=\"twitter:data2\" content=\"1 minute\" \/>\n<!-- \/ Yoast SEO plugin. -->","yoast_head_json":{"title":"Le patron de Porsche est maintenant le patron de Volkswagen - CanadaMotorJobs.com","description":"Le patron de Porsche est maintenant le patron de Volkswagen - Benoit Charette - Annuel automobile - CanadaMotorJobs.com.","robots":{"index":"index","follow":"follow","max-snippet":"max-snippet:-1","max-image-preview":"max-image-preview:large","max-video-preview":"max-video-preview:-1"},"og_locale":"fr_CA","og_type":"article","og_title":"Le patron de Porsche est maintenant le patron de Volkswagen - CanadaMotorJobs.com","og_description":"Le patron de Porsche est maintenant le patron de Volkswagen - Benoit Charette - Annuel automobile - CanadaMotorJobs.com.","og_url":"https:\/\/news.canadamotorjobs.com\/fr\/le-patron-de-porsche-est-maintenant-le-patron-de-volkswagen\/","og_site_name":"CanadaMotorJobs.com","article_publisher":"https:\/\/www.facebook.com\/canadamotorjobs\/","article_published_time":"2022-07-23T13:42:42+00:00","article_modified_time":"2022-07-23T13:44:15+00:00","og_image":[{"width":1500,"height":844,"url":"https:\/\/news.canadamotorjobs.com\/wp-content\/uploads\/2022\/07\/img-1.jpg","type":"image\/jpeg"}],"author":"Benoit Charette","twitter_card":"summary_large_image","twitter_creator":"@canadamotorjobs","twitter_site":"@canadamotorjobs","twitter_misc":{"\u00c9crit par":"Benoit Charette","Estimation du temps de lecture":"1 minute"},"schema":{"@context":"https:\/\/schema.org","@graph":[{"@type":"Article","@id":"https:\/\/news.canadamotorjobs.com\/fr\/le-patron-de-porsche-est-maintenant-le-patron-de-volkswagen\/#article","isPartOf":{"@id":"https:\/\/news.canadamotorjobs.com\/fr\/le-patron-de-porsche-est-maintenant-le-patron-de-volkswagen\/"},"author":{"name":"Benoit Charette","@id":"https:\/\/news.canadamotorjobs.com\/#\/schema\/person\/51793d1f87d44011d7bcc2ed99269a90"},"headline":"Le patron de Porsche est maintenant le patron de Volkswagen","datePublished":"2022-07-23T13:42:42+00:00","dateModified":"2022-07-23T13:44:15+00:00","mainEntityOfPage":{"@id":"https:\/\/news.canadamotorjobs.com\/fr\/le-patron-de-porsche-est-maintenant-le-patron-de-volkswagen\/"},"wordCount":282,"publisher":{"@id":"https:\/\/news.canadamotorjobs.com\/#organization"},"image":{"@id":"https:\/\/news.canadamotorjobs.com\/fr\/le-patron-de-porsche-est-maintenant-le-patron-de-volkswagen\/#primaryimage"},"thumbnailUrl":"https:\/\/news.canadamotorjobs.com\/wp-content\/uploads\/2022\/07\/img-1.jpg","articleSection":["Annuel automobile"],"inLanguage":"fr-CA"},{"@type":"WebPage","@id":"https:\/\/news.canadamotorjobs.com\/fr\/le-patron-de-porsche-est-maintenant-le-patron-de-volkswagen\/","url":"https:\/\/news.canadamotorjobs.com\/fr\/le-patron-de-porsche-est-maintenant-le-patron-de-volkswagen\/","name":"Le patron de Porsche est maintenant le patron de Volkswagen - CanadaMotorJobs.com","isPartOf":{"@id":"https:\/\/news.canadamotorjobs.com\/#website"},"primaryImageOfPage":{"@id":"https:\/\/news.canadamotorjobs.com\/fr\/le-patron-de-porsche-est-maintenant-le-patron-de-volkswagen\/#primaryimage"},"image":{"@id":"https:\/\/news.canadamotorjobs.com\/fr\/le-patron-de-porsche-est-maintenant-le-patron-de-volkswagen\/#primaryimage"},"thumbnailUrl":"https:\/\/news.canadamotorjobs.com\/wp-content\/uploads\/2022\/07\/img-1.jpg","datePublished":"2022-07-23T13:42:42+00:00","dateModified":"2022-07-23T13:44:15+00:00","description":"Le patron de Porsche est maintenant le patron de Volkswagen - Benoit Charette - Annuel automobile - CanadaMotorJobs.com.","breadcrumb":{"@id":"https:\/\/news.canadamotorjobs.com\/fr\/le-patron-de-porsche-est-maintenant-le-patron-de-volkswagen\/#breadcrumb"},"inLanguage":"fr-CA","potentialAction":[{"@type":"ReadAction","target":["https:\/\/news.canadamotorjobs.com\/fr\/le-patron-de-porsche-est-maintenant-le-patron-de-volkswagen\/"]}]},{"@type":"ImageObject","inLanguage":"fr-CA","@id":"https:\/\/news.canadamotorjobs.com\/fr\/le-patron-de-porsche-est-maintenant-le-patron-de-volkswagen\/#primaryimage","url":"https:\/\/news.canadamotorjobs.com\/wp-content\/uploads\/2022\/07\/img-1.jpg","contentUrl":"https:\/\/news.canadamotorjobs.com\/wp-content\/uploads\/2022\/07\/img-1.jpg","width":1500,"height":844},{"@type":"BreadcrumbList","@id":"https:\/\/news.canadamotorjobs.com\/fr\/le-patron-de-porsche-est-maintenant-le-patron-de-volkswagen\/#breadcrumb","itemListElement":[{"@type":"ListItem","position":1,"name":"Home","item":"https:\/\/news.canadamotorjobs.com\/fr\/blog\/"},{"@type":"ListItem","position":2,"name":"Le patron de Porsche est maintenant le patron de Volkswagen"}]},{"@type":"WebSite","@id":"https:\/\/news.canadamotorjobs.com\/#website","url":"https:\/\/news.canadamotorjobs.com\/","name":"CanadaMotorJobs.com","description":"Automotive Jobs","publisher":{"@id":"https:\/\/news.canadamotorjobs.com\/#organization"},"potentialAction":[{"@type":"SearchAction","target":{"@type":"EntryPoint","urlTemplate":"https:\/\/news.canadamotorjobs.com\/?s={search_term_string}"},"query-input":"required name=search_term_string"}],"inLanguage":"fr-CA"},{"@type":"Organization","@id":"https:\/\/news.canadamotorjobs.com\/#organization","name":"Canada Motor Jobs","url":"https:\/\/news.canadamotorjobs.com\/","logo":{"@type":"ImageObject","inLanguage":"fr-CA","@id":"https:\/\/news.canadamotorjobs.com\/#\/schema\/logo\/image\/","url":"https:\/\/news.canadamotorjobs.com\/wp-content\/uploads\/2022\/10\/logo-canada-motor-jobs-1.png","contentUrl":"https:\/\/news.canadamotorjobs.com\/wp-content\/uploads\/2022\/10\/logo-canada-motor-jobs-1.png","width":800,"height":400,"caption":"Canada Motor Jobs"},"image":{"@id":"https:\/\/news.canadamotorjobs.com\/#\/schema\/logo\/image\/"},"sameAs":["https:\/\/www.facebook.com\/canadamotorjobs\/","https:\/\/x.com\/canadamotorjobs","https:\/\/www.instagram.com\/canadamotorjobs\/","https:\/\/www.linkedin.com\/company\/canadamotorjobs"]},{"@type":"Person","@id":"https:\/\/news.canadamotorjobs.com\/#\/schema\/person\/51793d1f87d44011d7bcc2ed99269a90","name":"Benoit Charette","image":{"@type":"ImageObject","inLanguage":"fr-CA","@id":"https:\/\/news.canadamotorjobs.com\/#\/schema\/person\/image\/","url":"https:\/\/secure.gravatar.com\/avatar\/45f3d2eebcccd909668d7ce7ea7267b6?s=96&d=mm&r=g","contentUrl":"https:\/\/secure.gravatar.com\/avatar\/45f3d2eebcccd909668d7ce7ea7267b6?s=96&d=mm&r=g","caption":"Benoit Charette"},"description":"Benoit Charette \/ Propri\u00e9taire et r\u00e9dacteur en chef Benoit Charette pratique le journalisme automobile depuis bient\u00f4t 30 ans. Il a fait ses classes au c\u00f4t\u00e9 de Daniel H\u00e9raud et au Carnet de route de 1992 \u00e0 2001. Il est fondateur, copropri\u00e9taire et r\u00e9dacteur en chef de L\u2019Annuel de l\u2019automobile, qu\u2019il publie depuis 2001. Il a anim\u00e9 les \u00e9missions RPM et RPM+ sur V et les L\u00e9gendes de la route sur Historia. \u00c0 la radio depuis 1986, il reprend l\u2019antenne cette ann\u00e9e sur les ondes de Cogeco et participe pour la deuxi\u00e8me ann\u00e9e \u00e0 l\u2019\u00e9mission Passion Auto sur RDS en plus de mettre en ligne le site Web officiel de L\u2019Annuel de l\u2019automobile sur annuelauto.ca.","sameAs":["https:\/\/annuelauto.ca\/"],"url":"https:\/\/news.canadamotorjobs.com\/fr\/author\/benoit-charette\/"}]}},"_links":{"self":[{"href":"https:\/\/news.canadamotorjobs.com\/fr\/wp-json\/wp\/v2\/posts\/42312"}],"collection":[{"href":"https:\/\/news.canadamotorjobs.com\/fr\/wp-json\/wp\/v2\/posts"}],"about":[{"href":"https:\/\/news.canadamotorjobs.com\/fr\/wp-json\/wp\/v2\/types\/post"}],"author":[{"embeddable":true,"href":"https:\/\/news.canadamotorjobs.com\/fr\/wp-json\/wp\/v2\/users\/8"}],"replies":[{"embeddable":true,"href":"https:\/\/news.canadamotorjobs.com\/fr\/wp-json\/wp\/v2\/comments?post=42312"}],"version-history":[{"count":0,"href":"https:\/\/news.canadamotorjobs.com\/fr\/wp-json\/wp\/v2\/posts\/42312\/revisions"}],"wp:featuredmedia":[{"embeddable":true,"href":"https:\/\/news.canadamotorjobs.com\/fr\/wp-json\/wp\/v2\/media\/42316"}],"wp:attachment":[{"href":"https:\/\/news.canadamotorjobs.com\/fr\/wp-json\/wp\/v2\/media?parent=42312"}],"wp:term":[{"taxonomy":"category","embeddable":true,"href":"https:\/\/news.canadamotorjobs.com\/fr\/wp-json\/wp\/v2\/categories?post=42312"},{"taxonomy":"post_tag","embeddable":true,"href":"https:\/\/news.canadamotorjobs.com\/fr\/wp-json\/wp\/v2\/tags?post=42312"}],"curies":[{"name":"wp","href":"https:\/\/api.w.org\/{rel}","templated":true}]}}