{"id":42304,"date":"2022-07-23T09:07:05","date_gmt":"2022-07-23T13:07:05","guid":{"rendered":"https:\/\/blog.canadamotorjobs.com\/cadillac-devoile-enfin-la-celestiq-a-300-000\/"},"modified":"2022-07-23T09:14:03","modified_gmt":"2022-07-23T13:14:03","slug":"cadillac-devoile-enfin-la-celestiq-a-300-000","status":"publish","type":"post","link":"https:\/\/news.canadamotorjobs.com\/fr\/cadillac-devoile-enfin-la-celestiq-a-300-000\/","title":{"rendered":"Cadillac d\u00e9voile enfin la Celestiq \u00e0 300\u00a0000 $"},"content":{"rendered":"<\/p>\n<p>Apr\u00e8s des semaines de d\u00e9voilement partiel, Cadillac a finalement montr\u00e9 le futur de la marque en mati\u00e8re de v\u00e9hicule \u00e9lectrique. Ce porte-\u00e9tendard dont le prix va osciller autour de 300 000 $ sera l\u2019enfant prodige de la marque, celui capable de rivaliser avec Rolls-Royce<\/p>\n<p> &nbsp;<br \/> Sur la route d\u00e8s l\u2019an prochain<br \/> &nbsp;<\/p>\n<p> Vous aurez compris qu\u2019\u00e0 ce prix, elles seront rares. Bien que ce mod\u00e8le soit encore une voiture concept, Cadillac a confirm\u00e9 qu\u2019un mod\u00e8le de production sera sur la route en 2023. Plusieurs \u00e9l\u00e9ments de design sont repris de la Lyriq EV, y compris la calandre qui s&#8217;illumine en s\u00e9quences la nuit. On voit dans le style imposant des traces de mod\u00e8les qui ont marqu\u00e9 l\u2019histoire de la marque dans les ann\u00e9es 50 et 60.<\/p>\n<p> &nbsp;<br \/> Un int\u00e9rieur encore plus spectaculaire<br \/> &nbsp;<\/p>\n<p> La Celestiq impressionne avec un \u00e9norme \u00e9cran de 55 pouces de diagonale, qui rivalise avec l\u2019\u00e9cran de la Mercedes EQS \u00e0 56 pouces, mais qui offre plus de surface d&#8217;\u00e9cran. Cadillac affirme que l&#8217;\u00e9cran de 55 pouces permet au passager de regarder du contenu vid\u00e9o gr\u00e2ce \u00e0 une nouvelle fonction de cache num\u00e9rique \u00e9lectronique, qui emp\u00eache le conducteur de le voir de son point de vue. Ce n&#8217;est pas le seul \u00e9cran, car il semble qu&#8217;il y ait \u00e9galement un \u00e9cran dans la console, des \u00e9crans mont\u00e9s dans les porti\u00e8res pour les cam\u00e9ras de recul, un \u00e9cran dans la console arri\u00e8re et deux \u00e9crans sur les dossiers des si\u00e8ges avant.<\/p>\n<p> &nbsp;<br \/> L\u2019\u00e9cran<\/p>\n","protected":false},"excerpt":{"rendered":"<p>Apr\u00e8s des semaines de d\u00e9voilement partiel, Cadillac a finalement montr\u00e9 le futur de la marque en mati\u00e8re de v\u00e9hicule \u00e9lectrique. Ce porte-\u00e9tendard dont le prix va osciller autour de 300 000 $ sera l\u2019enfant prodige de la marque, celui capable de rivaliser avec Rolls-Royce &nbsp; Sur la route d\u00e8s l\u2019an prochain &nbsp; Vous aurez compris [&hellip;]<\/p>\n","protected":false},"author":8,"featured_media":42308,"comment_status":"close","ping_status":"closed","sticky":false,"template":"","format":"standard","meta":{"_monsterinsights_skip_tracking":false,"_monsterinsights_sitenote_active":false,"_monsterinsights_sitenote_note":"","_monsterinsights_sitenote_category":0,"footnotes":""},"categories":[101],"tags":[],"yoast_head":"<!-- This site is optimized with the Yoast SEO plugin v23.2 - https:\/\/yoast.com\/wordpress\/plugins\/seo\/ -->\n<title>Cadillac d\u00e9voile enfin la Celestiq \u00e0 300\u00a0000 $ - CanadaMotorJobs.com<\/title>\n<meta name=\"description\" content=\"Cadillac d\u00e9voile enfin la Celestiq \u00e0 300\u00a0000 $ - Benoit Charette - Annuel automobile - CanadaMotorJobs.com.\" \/>\n<meta name=\"robots\" content=\"index, follow, max-snippet:-1, max-image-preview:large, max-video-preview:-1\" \/>\n<meta property=\"og:locale\" content=\"fr_CA\" \/>\n<meta property=\"og:type\" content=\"article\" \/>\n<meta property=\"og:title\" content=\"Cadillac d\u00e9voile enfin la Celestiq \u00e0 300\u00a0000 $ - CanadaMotorJobs.com\" \/>\n<meta property=\"og:description\" content=\"Cadillac d\u00e9voile enfin la Celestiq \u00e0 300\u00a0000 $ - Benoit Charette - Annuel automobile - CanadaMotorJobs.com.\" \/>\n<meta property=\"og:url\" content=\"https:\/\/news.canadamotorjobs.com\/fr\/cadillac-devoile-enfin-la-celestiq-a-300-000\/\" \/>\n<meta property=\"og:site_name\" content=\"CanadaMotorJobs.com\" \/>\n<meta property=\"article:publisher\" content=\"https:\/\/www.facebook.com\/canadamotorjobs\/\" \/>\n<meta property=\"article:published_time\" content=\"2022-07-23T13:07:05+00:00\" \/>\n<meta property=\"article:modified_time\" content=\"2022-07-23T13:14:03+00:00\" \/>\n<meta property=\"og:image\" content=\"https:\/\/news.canadamotorjobs.com\/wp-content\/uploads\/2022\/07\/1658494650446-1.jpg\" \/>\n\t<meta property=\"og:image:width\" content=\"1763\" \/>\n\t<meta property=\"og:image:height\" content=\"1000\" \/>\n\t<meta property=\"og:image:type\" content=\"image\/jpeg\" \/>\n<meta name=\"author\" content=\"Benoit Charette\" \/>\n<meta name=\"twitter:card\" content=\"summary_large_image\" \/>\n<meta name=\"twitter:creator\" content=\"@canadamotorjobs\" \/>\n<meta name=\"twitter:site\" content=\"@canadamotorjobs\" \/>\n<meta name=\"twitter:label1\" content=\"\u00c9crit par\" \/>\n\t<meta name=\"twitter:data1\" content=\"Benoit Charette\" \/>\n\t<meta name=\"twitter:label2\" content=\"Estimation du temps de lecture\" \/>\n\t<meta name=\"twitter:data2\" content=\"1 minute\" \/>\n<!-- \/ Yoast SEO plugin. -->","yoast_head_json":{"title":"Cadillac d\u00e9voile enfin la Celestiq \u00e0 300\u00a0000 $ - CanadaMotorJobs.com","description":"Cadillac d\u00e9voile enfin la Celestiq \u00e0 300\u00a0000 $ - Benoit Charette - Annuel automobile - CanadaMotorJobs.com.","robots":{"index":"index","follow":"follow","max-snippet":"max-snippet:-1","max-image-preview":"max-image-preview:large","max-video-preview":"max-video-preview:-1"},"og_locale":"fr_CA","og_type":"article","og_title":"Cadillac d\u00e9voile enfin la Celestiq \u00e0 300\u00a0000 $ - CanadaMotorJobs.com","og_description":"Cadillac d\u00e9voile enfin la Celestiq \u00e0 300\u00a0000 $ - Benoit Charette - Annuel automobile - CanadaMotorJobs.com.","og_url":"https:\/\/news.canadamotorjobs.com\/fr\/cadillac-devoile-enfin-la-celestiq-a-300-000\/","og_site_name":"CanadaMotorJobs.com","article_publisher":"https:\/\/www.facebook.com\/canadamotorjobs\/","article_published_time":"2022-07-23T13:07:05+00:00","article_modified_time":"2022-07-23T13:14:03+00:00","og_image":[{"width":1763,"height":1000,"url":"https:\/\/news.canadamotorjobs.com\/wp-content\/uploads\/2022\/07\/1658494650446-1.jpg","type":"image\/jpeg"}],"author":"Benoit Charette","twitter_card":"summary_large_image","twitter_creator":"@canadamotorjobs","twitter_site":"@canadamotorjobs","twitter_misc":{"\u00c9crit par":"Benoit Charette","Estimation du temps de lecture":"1 minute"},"schema":{"@context":"https:\/\/schema.org","@graph":[{"@type":"Article","@id":"https:\/\/news.canadamotorjobs.com\/fr\/cadillac-devoile-enfin-la-celestiq-a-300-000\/#article","isPartOf":{"@id":"https:\/\/news.canadamotorjobs.com\/fr\/cadillac-devoile-enfin-la-celestiq-a-300-000\/"},"author":{"name":"Benoit Charette","@id":"https:\/\/news.canadamotorjobs.com\/#\/schema\/person\/51793d1f87d44011d7bcc2ed99269a90"},"headline":"Cadillac d\u00e9voile enfin la Celestiq \u00e0 300\u00a0000 $","datePublished":"2022-07-23T13:07:05+00:00","dateModified":"2022-07-23T13:14:03+00:00","mainEntityOfPage":{"@id":"https:\/\/news.canadamotorjobs.com\/fr\/cadillac-devoile-enfin-la-celestiq-a-300-000\/"},"wordCount":273,"publisher":{"@id":"https:\/\/news.canadamotorjobs.com\/#organization"},"image":{"@id":"https:\/\/news.canadamotorjobs.com\/fr\/cadillac-devoile-enfin-la-celestiq-a-300-000\/#primaryimage"},"thumbnailUrl":"https:\/\/news.canadamotorjobs.com\/wp-content\/uploads\/2022\/07\/1658494650446-1.jpg","articleSection":["Annuel automobile"],"inLanguage":"fr-CA"},{"@type":"WebPage","@id":"https:\/\/news.canadamotorjobs.com\/fr\/cadillac-devoile-enfin-la-celestiq-a-300-000\/","url":"https:\/\/news.canadamotorjobs.com\/fr\/cadillac-devoile-enfin-la-celestiq-a-300-000\/","name":"Cadillac d\u00e9voile enfin la Celestiq \u00e0 300\u00a0000 $ - CanadaMotorJobs.com","isPartOf":{"@id":"https:\/\/news.canadamotorjobs.com\/#website"},"primaryImageOfPage":{"@id":"https:\/\/news.canadamotorjobs.com\/fr\/cadillac-devoile-enfin-la-celestiq-a-300-000\/#primaryimage"},"image":{"@id":"https:\/\/news.canadamotorjobs.com\/fr\/cadillac-devoile-enfin-la-celestiq-a-300-000\/#primaryimage"},"thumbnailUrl":"https:\/\/news.canadamotorjobs.com\/wp-content\/uploads\/2022\/07\/1658494650446-1.jpg","datePublished":"2022-07-23T13:07:05+00:00","dateModified":"2022-07-23T13:14:03+00:00","description":"Cadillac d\u00e9voile enfin la Celestiq \u00e0 300\u00a0000 $ - Benoit Charette - Annuel automobile - CanadaMotorJobs.com.","breadcrumb":{"@id":"https:\/\/news.canadamotorjobs.com\/fr\/cadillac-devoile-enfin-la-celestiq-a-300-000\/#breadcrumb"},"inLanguage":"fr-CA","potentialAction":[{"@type":"ReadAction","target":["https:\/\/news.canadamotorjobs.com\/fr\/cadillac-devoile-enfin-la-celestiq-a-300-000\/"]}]},{"@type":"ImageObject","inLanguage":"fr-CA","@id":"https:\/\/news.canadamotorjobs.com\/fr\/cadillac-devoile-enfin-la-celestiq-a-300-000\/#primaryimage","url":"https:\/\/news.canadamotorjobs.com\/wp-content\/uploads\/2022\/07\/1658494650446-1.jpg","contentUrl":"https:\/\/news.canadamotorjobs.com\/wp-content\/uploads\/2022\/07\/1658494650446-1.jpg","width":1763,"height":1000},{"@type":"BreadcrumbList","@id":"https:\/\/news.canadamotorjobs.com\/fr\/cadillac-devoile-enfin-la-celestiq-a-300-000\/#breadcrumb","itemListElement":[{"@type":"ListItem","position":1,"name":"Home","item":"https:\/\/news.canadamotorjobs.com\/fr\/blog\/"},{"@type":"ListItem","position":2,"name":"Cadillac d\u00e9voile enfin la Celestiq \u00e0 300\u00a0000 $"}]},{"@type":"WebSite","@id":"https:\/\/news.canadamotorjobs.com\/#website","url":"https:\/\/news.canadamotorjobs.com\/","name":"CanadaMotorJobs.com","description":"Automotive Jobs","publisher":{"@id":"https:\/\/news.canadamotorjobs.com\/#organization"},"potentialAction":[{"@type":"SearchAction","target":{"@type":"EntryPoint","urlTemplate":"https:\/\/news.canadamotorjobs.com\/?s={search_term_string}"},"query-input":"required name=search_term_string"}],"inLanguage":"fr-CA"},{"@type":"Organization","@id":"https:\/\/news.canadamotorjobs.com\/#organization","name":"Canada Motor Jobs","url":"https:\/\/news.canadamotorjobs.com\/","logo":{"@type":"ImageObject","inLanguage":"fr-CA","@id":"https:\/\/news.canadamotorjobs.com\/#\/schema\/logo\/image\/","url":"https:\/\/news.canadamotorjobs.com\/wp-content\/uploads\/2022\/10\/logo-canada-motor-jobs-1.png","contentUrl":"https:\/\/news.canadamotorjobs.com\/wp-content\/uploads\/2022\/10\/logo-canada-motor-jobs-1.png","width":800,"height":400,"caption":"Canada Motor Jobs"},"image":{"@id":"https:\/\/news.canadamotorjobs.com\/#\/schema\/logo\/image\/"},"sameAs":["https:\/\/www.facebook.com\/canadamotorjobs\/","https:\/\/x.com\/canadamotorjobs","https:\/\/www.instagram.com\/canadamotorjobs\/","https:\/\/www.linkedin.com\/company\/canadamotorjobs"]},{"@type":"Person","@id":"https:\/\/news.canadamotorjobs.com\/#\/schema\/person\/51793d1f87d44011d7bcc2ed99269a90","name":"Benoit Charette","image":{"@type":"ImageObject","inLanguage":"fr-CA","@id":"https:\/\/news.canadamotorjobs.com\/#\/schema\/person\/image\/","url":"https:\/\/secure.gravatar.com\/avatar\/45f3d2eebcccd909668d7ce7ea7267b6?s=96&d=mm&r=g","contentUrl":"https:\/\/secure.gravatar.com\/avatar\/45f3d2eebcccd909668d7ce7ea7267b6?s=96&d=mm&r=g","caption":"Benoit Charette"},"description":"Benoit Charette \/ Propri\u00e9taire et r\u00e9dacteur en chef Benoit Charette pratique le journalisme automobile depuis bient\u00f4t 30 ans. Il a fait ses classes au c\u00f4t\u00e9 de Daniel H\u00e9raud et au Carnet de route de 1992 \u00e0 2001. Il est fondateur, copropri\u00e9taire et r\u00e9dacteur en chef de L\u2019Annuel de l\u2019automobile, qu\u2019il publie depuis 2001. Il a anim\u00e9 les \u00e9missions RPM et RPM+ sur V et les L\u00e9gendes de la route sur Historia. \u00c0 la radio depuis 1986, il reprend l\u2019antenne cette ann\u00e9e sur les ondes de Cogeco et participe pour la deuxi\u00e8me ann\u00e9e \u00e0 l\u2019\u00e9mission Passion Auto sur RDS en plus de mettre en ligne le site Web officiel de L\u2019Annuel de l\u2019automobile sur annuelauto.ca.","sameAs":["https:\/\/annuelauto.ca\/"],"url":"https:\/\/news.canadamotorjobs.com\/fr\/author\/benoit-charette\/"}]}},"_links":{"self":[{"href":"https:\/\/news.canadamotorjobs.com\/fr\/wp-json\/wp\/v2\/posts\/42304"}],"collection":[{"href":"https:\/\/news.canadamotorjobs.com\/fr\/wp-json\/wp\/v2\/posts"}],"about":[{"href":"https:\/\/news.canadamotorjobs.com\/fr\/wp-json\/wp\/v2\/types\/post"}],"author":[{"embeddable":true,"href":"https:\/\/news.canadamotorjobs.com\/fr\/wp-json\/wp\/v2\/users\/8"}],"replies":[{"embeddable":true,"href":"https:\/\/news.canadamotorjobs.com\/fr\/wp-json\/wp\/v2\/comments?post=42304"}],"version-history":[{"count":0,"href":"https:\/\/news.canadamotorjobs.com\/fr\/wp-json\/wp\/v2\/posts\/42304\/revisions"}],"wp:featuredmedia":[{"embeddable":true,"href":"https:\/\/news.canadamotorjobs.com\/fr\/wp-json\/wp\/v2\/media\/42308"}],"wp:attachment":[{"href":"https:\/\/news.canadamotorjobs.com\/fr\/wp-json\/wp\/v2\/media?parent=42304"}],"wp:term":[{"taxonomy":"category","embeddable":true,"href":"https:\/\/news.canadamotorjobs.com\/fr\/wp-json\/wp\/v2\/categories?post=42304"},{"taxonomy":"post_tag","embeddable":true,"href":"https:\/\/news.canadamotorjobs.com\/fr\/wp-json\/wp\/v2\/tags?post=42304"}],"curies":[{"name":"wp","href":"https:\/\/api.w.org\/{rel}","templated":true}]}}