{"id":42280,"date":"2022-07-21T08:31:11","date_gmt":"2022-07-21T12:31:11","guid":{"rendered":"https:\/\/blog.canadamotorjobs.com\/ford-va-faire-8-000-mises-a-pied-aux-etats-unis\/"},"modified":"2022-07-21T08:44:19","modified_gmt":"2022-07-21T12:44:19","slug":"ford-va-faire-8-000-mises-a-pied-aux-etats-unis","status":"publish","type":"post","link":"https:\/\/news.canadamotorjobs.com\/fr\/ford-va-faire-8-000-mises-a-pied-aux-etats-unis\/","title":{"rendered":"Ford va faire 8\u00a0000 mises \u00e0 pied aux \u00c9tats-Unis"},"content":{"rendered":"<\/p>\n<p>Ford va supprimer jusqu&#8217;\u00e0 8 000 emplois dans les semaines \u00e0 venir, pour financer sa marche vers un mode de v\u00e9hicules \u00e9lectriques. Selon Bloomberg, les suppressions d&#8217;emplois devraient commencer cet \u00e9t\u00e9 et pourraient se faire par \u00e9tapes. La plupart des suppressions d&#8217;emplois devraient concerner les 31 000 salari\u00e9s de l&#8217;entreprise aux \u00c9tats-Unis et les employ\u00e9s de Ford dans une multitude de fonctions op\u00e9rationnelles diff\u00e9rentes.<br \/> Pas de confirmation de Ford<br \/> Des sources anonymes disposant d&#8217;informations sur le plan affirment que la majorit\u00e9 des suppressions d&#8217;emplois proviendront de l&#8217;unit\u00e9 Ford Blue, qui g\u00e8re la production des v\u00e9hicules \u00e0 moteur \u00e0 combustion interne (ICE) du constructeur automobile. Ford ciblerait \u00e9galement des suppressions dans d&#8217;autres activit\u00e9s salari\u00e9es. Ford a refus\u00e9 les demandes de commentaires sur d&#8217;\u00e9ventuelles suppressions d&#8217;emplois, se contentant de noter qu&#8217;elle cherche des moyens de r\u00e9duire ses co\u00fbts et d&#8217;\u00e9tendre sa pr\u00e9sence sur le march\u00e9 des V\u00c9.<br \/> R\u00e9duction de co\u00fbt<br \/> Le directeur g\u00e9n\u00e9ral de Ford, Jim Farley, s&#8217;est d\u00e9j\u00e0 engag\u00e9 \u00e0 r\u00e9duire les co\u00fbts de 3 milliards de dollars d&#8217;ici 2026 et veut faire de Ford Blue &#8220;le moteur de profit et de tr\u00e9sorerie de toute l&#8217;entreprise&#8221;. &#8220;Nous avons trop de gens&#8221;, a ajout\u00e9 Farley en f\u00e9vrier. Ford a r\u00e9v\u00e9l\u00e9 qu&#8217;il allait augmenter ses d\u00e9penses pour les VE \u00e0 50 milliards de dollars et qu&#8217;il avait l&#8217;intention de construire 2 millions de v\u00e9hicules \u00e9lectriques par an d&#8217;ici 2026. Le financement de la croissance \u00e9lectrique du constructeur automobile sera assur\u00e9 par ses v\u00e9hicules \u00e0 combustion.<\/p>\n<p> Reste maintenant \u00e0 savoir ce qui va<\/p>\n","protected":false},"excerpt":{"rendered":"<p>Ford va supprimer jusqu&#8217;\u00e0 8 000 emplois dans les semaines \u00e0 venir, pour financer sa marche vers un mode de v\u00e9hicules \u00e9lectriques. Selon Bloomberg, les suppressions d&#8217;emplois devraient commencer cet \u00e9t\u00e9 et pourraient se faire par \u00e9tapes. La plupart des suppressions d&#8217;emplois devraient concerner les 31 000 salari\u00e9s de l&#8217;entreprise aux \u00c9tats-Unis et les employ\u00e9s [&hellip;]<\/p>\n","protected":false},"author":8,"featured_media":42284,"comment_status":"close","ping_status":"closed","sticky":false,"template":"","format":"standard","meta":{"_monsterinsights_skip_tracking":false,"_monsterinsights_sitenote_active":false,"_monsterinsights_sitenote_note":"","_monsterinsights_sitenote_category":0,"footnotes":""},"categories":[101],"tags":[],"yoast_head":"<!-- This site is optimized with the Yoast SEO plugin v23.2 - https:\/\/yoast.com\/wordpress\/plugins\/seo\/ -->\n<title>Ford va faire 8\u00a0000 mises \u00e0 pied aux \u00c9tats-Unis - CanadaMotorJobs.com<\/title>\n<meta name=\"description\" content=\"Ford va faire 8\u00a0000 mises \u00e0 pied aux \u00c9tats-Unis - Benoit Charette - Annuel automobile - CanadaMotorJobs.com.\" \/>\n<meta name=\"robots\" content=\"index, follow, max-snippet:-1, max-image-preview:large, max-video-preview:-1\" \/>\n<meta property=\"og:locale\" content=\"fr_CA\" \/>\n<meta property=\"og:type\" content=\"article\" \/>\n<meta property=\"og:title\" content=\"Ford va faire 8\u00a0000 mises \u00e0 pied aux \u00c9tats-Unis - CanadaMotorJobs.com\" \/>\n<meta property=\"og:description\" content=\"Ford va faire 8\u00a0000 mises \u00e0 pied aux \u00c9tats-Unis - Benoit Charette - Annuel automobile - CanadaMotorJobs.com.\" \/>\n<meta property=\"og:url\" content=\"https:\/\/news.canadamotorjobs.com\/fr\/ford-va-faire-8-000-mises-a-pied-aux-etats-unis\/\" \/>\n<meta property=\"og:site_name\" content=\"CanadaMotorJobs.com\" \/>\n<meta property=\"article:publisher\" content=\"https:\/\/www.facebook.com\/canadamotorjobs\/\" \/>\n<meta property=\"article:published_time\" content=\"2022-07-21T12:31:11+00:00\" \/>\n<meta property=\"article:modified_time\" content=\"2022-07-21T12:44:19+00:00\" \/>\n<meta property=\"og:image\" content=\"https:\/\/news.canadamotorjobs.com\/wp-content\/uploads\/2022\/07\/Ford_logo_flat.svg_-1.png\" \/>\n\t<meta property=\"og:image:width\" content=\"2560\" \/>\n\t<meta property=\"og:image:height\" content=\"982\" \/>\n\t<meta property=\"og:image:type\" content=\"image\/png\" \/>\n<meta name=\"author\" content=\"Benoit Charette\" \/>\n<meta name=\"twitter:card\" content=\"summary_large_image\" \/>\n<meta name=\"twitter:creator\" content=\"@canadamotorjobs\" \/>\n<meta name=\"twitter:site\" content=\"@canadamotorjobs\" \/>\n<meta name=\"twitter:label1\" content=\"\u00c9crit par\" \/>\n\t<meta name=\"twitter:data1\" content=\"Benoit Charette\" \/>\n\t<meta name=\"twitter:label2\" content=\"Estimation du temps de lecture\" \/>\n\t<meta name=\"twitter:data2\" content=\"1 minute\" \/>\n<!-- \/ Yoast SEO plugin. -->","yoast_head_json":{"title":"Ford va faire 8\u00a0000 mises \u00e0 pied aux \u00c9tats-Unis - CanadaMotorJobs.com","description":"Ford va faire 8\u00a0000 mises \u00e0 pied aux \u00c9tats-Unis - Benoit Charette - Annuel automobile - CanadaMotorJobs.com.","robots":{"index":"index","follow":"follow","max-snippet":"max-snippet:-1","max-image-preview":"max-image-preview:large","max-video-preview":"max-video-preview:-1"},"og_locale":"fr_CA","og_type":"article","og_title":"Ford va faire 8\u00a0000 mises \u00e0 pied aux \u00c9tats-Unis - CanadaMotorJobs.com","og_description":"Ford va faire 8\u00a0000 mises \u00e0 pied aux \u00c9tats-Unis - Benoit Charette - Annuel automobile - CanadaMotorJobs.com.","og_url":"https:\/\/news.canadamotorjobs.com\/fr\/ford-va-faire-8-000-mises-a-pied-aux-etats-unis\/","og_site_name":"CanadaMotorJobs.com","article_publisher":"https:\/\/www.facebook.com\/canadamotorjobs\/","article_published_time":"2022-07-21T12:31:11+00:00","article_modified_time":"2022-07-21T12:44:19+00:00","og_image":[{"width":2560,"height":982,"url":"https:\/\/news.canadamotorjobs.com\/wp-content\/uploads\/2022\/07\/Ford_logo_flat.svg_-1.png","type":"image\/png"}],"author":"Benoit Charette","twitter_card":"summary_large_image","twitter_creator":"@canadamotorjobs","twitter_site":"@canadamotorjobs","twitter_misc":{"\u00c9crit par":"Benoit Charette","Estimation du temps de lecture":"1 minute"},"schema":{"@context":"https:\/\/schema.org","@graph":[{"@type":"Article","@id":"https:\/\/news.canadamotorjobs.com\/fr\/ford-va-faire-8-000-mises-a-pied-aux-etats-unis\/#article","isPartOf":{"@id":"https:\/\/news.canadamotorjobs.com\/fr\/ford-va-faire-8-000-mises-a-pied-aux-etats-unis\/"},"author":{"name":"Benoit Charette","@id":"https:\/\/news.canadamotorjobs.com\/#\/schema\/person\/51793d1f87d44011d7bcc2ed99269a90"},"headline":"Ford va faire 8\u00a0000 mises \u00e0 pied aux \u00c9tats-Unis","datePublished":"2022-07-21T12:31:11+00:00","dateModified":"2022-07-21T12:44:19+00:00","mainEntityOfPage":{"@id":"https:\/\/news.canadamotorjobs.com\/fr\/ford-va-faire-8-000-mises-a-pied-aux-etats-unis\/"},"wordCount":284,"publisher":{"@id":"https:\/\/news.canadamotorjobs.com\/#organization"},"image":{"@id":"https:\/\/news.canadamotorjobs.com\/fr\/ford-va-faire-8-000-mises-a-pied-aux-etats-unis\/#primaryimage"},"thumbnailUrl":"https:\/\/news.canadamotorjobs.com\/wp-content\/uploads\/2022\/07\/Ford_logo_flat.svg_-1.png","articleSection":["Annuel automobile"],"inLanguage":"fr-CA"},{"@type":"WebPage","@id":"https:\/\/news.canadamotorjobs.com\/fr\/ford-va-faire-8-000-mises-a-pied-aux-etats-unis\/","url":"https:\/\/news.canadamotorjobs.com\/fr\/ford-va-faire-8-000-mises-a-pied-aux-etats-unis\/","name":"Ford va faire 8\u00a0000 mises \u00e0 pied aux \u00c9tats-Unis - CanadaMotorJobs.com","isPartOf":{"@id":"https:\/\/news.canadamotorjobs.com\/#website"},"primaryImageOfPage":{"@id":"https:\/\/news.canadamotorjobs.com\/fr\/ford-va-faire-8-000-mises-a-pied-aux-etats-unis\/#primaryimage"},"image":{"@id":"https:\/\/news.canadamotorjobs.com\/fr\/ford-va-faire-8-000-mises-a-pied-aux-etats-unis\/#primaryimage"},"thumbnailUrl":"https:\/\/news.canadamotorjobs.com\/wp-content\/uploads\/2022\/07\/Ford_logo_flat.svg_-1.png","datePublished":"2022-07-21T12:31:11+00:00","dateModified":"2022-07-21T12:44:19+00:00","description":"Ford va faire 8\u00a0000 mises \u00e0 pied aux \u00c9tats-Unis - Benoit Charette - Annuel automobile - CanadaMotorJobs.com.","breadcrumb":{"@id":"https:\/\/news.canadamotorjobs.com\/fr\/ford-va-faire-8-000-mises-a-pied-aux-etats-unis\/#breadcrumb"},"inLanguage":"fr-CA","potentialAction":[{"@type":"ReadAction","target":["https:\/\/news.canadamotorjobs.com\/fr\/ford-va-faire-8-000-mises-a-pied-aux-etats-unis\/"]}]},{"@type":"ImageObject","inLanguage":"fr-CA","@id":"https:\/\/news.canadamotorjobs.com\/fr\/ford-va-faire-8-000-mises-a-pied-aux-etats-unis\/#primaryimage","url":"https:\/\/news.canadamotorjobs.com\/wp-content\/uploads\/2022\/07\/Ford_logo_flat.svg_-1.png","contentUrl":"https:\/\/news.canadamotorjobs.com\/wp-content\/uploads\/2022\/07\/Ford_logo_flat.svg_-1.png","width":2560,"height":982},{"@type":"BreadcrumbList","@id":"https:\/\/news.canadamotorjobs.com\/fr\/ford-va-faire-8-000-mises-a-pied-aux-etats-unis\/#breadcrumb","itemListElement":[{"@type":"ListItem","position":1,"name":"Home","item":"https:\/\/news.canadamotorjobs.com\/fr\/blog\/"},{"@type":"ListItem","position":2,"name":"Ford va faire 8\u00a0000 mises \u00e0 pied aux \u00c9tats-Unis"}]},{"@type":"WebSite","@id":"https:\/\/news.canadamotorjobs.com\/#website","url":"https:\/\/news.canadamotorjobs.com\/","name":"CanadaMotorJobs.com","description":"Automotive Jobs","publisher":{"@id":"https:\/\/news.canadamotorjobs.com\/#organization"},"potentialAction":[{"@type":"SearchAction","target":{"@type":"EntryPoint","urlTemplate":"https:\/\/news.canadamotorjobs.com\/?s={search_term_string}"},"query-input":"required name=search_term_string"}],"inLanguage":"fr-CA"},{"@type":"Organization","@id":"https:\/\/news.canadamotorjobs.com\/#organization","name":"Canada Motor Jobs","url":"https:\/\/news.canadamotorjobs.com\/","logo":{"@type":"ImageObject","inLanguage":"fr-CA","@id":"https:\/\/news.canadamotorjobs.com\/#\/schema\/logo\/image\/","url":"https:\/\/news.canadamotorjobs.com\/wp-content\/uploads\/2022\/10\/logo-canada-motor-jobs-1.png","contentUrl":"https:\/\/news.canadamotorjobs.com\/wp-content\/uploads\/2022\/10\/logo-canada-motor-jobs-1.png","width":800,"height":400,"caption":"Canada Motor Jobs"},"image":{"@id":"https:\/\/news.canadamotorjobs.com\/#\/schema\/logo\/image\/"},"sameAs":["https:\/\/www.facebook.com\/canadamotorjobs\/","https:\/\/x.com\/canadamotorjobs","https:\/\/www.instagram.com\/canadamotorjobs\/","https:\/\/www.linkedin.com\/company\/canadamotorjobs"]},{"@type":"Person","@id":"https:\/\/news.canadamotorjobs.com\/#\/schema\/person\/51793d1f87d44011d7bcc2ed99269a90","name":"Benoit Charette","image":{"@type":"ImageObject","inLanguage":"fr-CA","@id":"https:\/\/news.canadamotorjobs.com\/#\/schema\/person\/image\/","url":"https:\/\/secure.gravatar.com\/avatar\/45f3d2eebcccd909668d7ce7ea7267b6?s=96&d=mm&r=g","contentUrl":"https:\/\/secure.gravatar.com\/avatar\/45f3d2eebcccd909668d7ce7ea7267b6?s=96&d=mm&r=g","caption":"Benoit Charette"},"description":"Benoit Charette \/ Propri\u00e9taire et r\u00e9dacteur en chef Benoit Charette pratique le journalisme automobile depuis bient\u00f4t 30 ans. Il a fait ses classes au c\u00f4t\u00e9 de Daniel H\u00e9raud et au Carnet de route de 1992 \u00e0 2001. Il est fondateur, copropri\u00e9taire et r\u00e9dacteur en chef de L\u2019Annuel de l\u2019automobile, qu\u2019il publie depuis 2001. Il a anim\u00e9 les \u00e9missions RPM et RPM+ sur V et les L\u00e9gendes de la route sur Historia. \u00c0 la radio depuis 1986, il reprend l\u2019antenne cette ann\u00e9e sur les ondes de Cogeco et participe pour la deuxi\u00e8me ann\u00e9e \u00e0 l\u2019\u00e9mission Passion Auto sur RDS en plus de mettre en ligne le site Web officiel de L\u2019Annuel de l\u2019automobile sur annuelauto.ca.","sameAs":["https:\/\/annuelauto.ca\/"],"url":"https:\/\/news.canadamotorjobs.com\/fr\/author\/benoit-charette\/"}]}},"_links":{"self":[{"href":"https:\/\/news.canadamotorjobs.com\/fr\/wp-json\/wp\/v2\/posts\/42280"}],"collection":[{"href":"https:\/\/news.canadamotorjobs.com\/fr\/wp-json\/wp\/v2\/posts"}],"about":[{"href":"https:\/\/news.canadamotorjobs.com\/fr\/wp-json\/wp\/v2\/types\/post"}],"author":[{"embeddable":true,"href":"https:\/\/news.canadamotorjobs.com\/fr\/wp-json\/wp\/v2\/users\/8"}],"replies":[{"embeddable":true,"href":"https:\/\/news.canadamotorjobs.com\/fr\/wp-json\/wp\/v2\/comments?post=42280"}],"version-history":[{"count":0,"href":"https:\/\/news.canadamotorjobs.com\/fr\/wp-json\/wp\/v2\/posts\/42280\/revisions"}],"wp:featuredmedia":[{"embeddable":true,"href":"https:\/\/news.canadamotorjobs.com\/fr\/wp-json\/wp\/v2\/media\/42284"}],"wp:attachment":[{"href":"https:\/\/news.canadamotorjobs.com\/fr\/wp-json\/wp\/v2\/media?parent=42280"}],"wp:term":[{"taxonomy":"category","embeddable":true,"href":"https:\/\/news.canadamotorjobs.com\/fr\/wp-json\/wp\/v2\/categories?post=42280"},{"taxonomy":"post_tag","embeddable":true,"href":"https:\/\/news.canadamotorjobs.com\/fr\/wp-json\/wp\/v2\/tags?post=42280"}],"curies":[{"name":"wp","href":"https:\/\/api.w.org\/{rel}","templated":true}]}}