{"id":42252,"date":"2022-07-20T12:09:25","date_gmt":"2022-07-20T16:09:25","guid":{"rendered":"https:\/\/blog.canadamotorjobs.com\/le-pape-va-se-promener-en-jeep-wrangler-a-quebec\/"},"modified":"2022-07-20T12:13:51","modified_gmt":"2022-07-20T16:13:51","slug":"le-pape-va-se-promener-en-jeep-wrangler-a-quebec","status":"publish","type":"post","link":"https:\/\/news.canadamotorjobs.com\/fr\/le-pape-va-se-promener-en-jeep-wrangler-a-quebec\/","title":{"rendered":"Le Pape va se promener en Jeep Wrangler \u00e0 Qu\u00e9bec"},"content":{"rendered":"<\/p>\n<p>Selon des informations obtenues de la GRC, la Papemobile est arriv\u00e9e \u00e0 Qu\u00e9bec hier, en vue de sa visite du 27 au 29 juillet prochain. Selon la photo obtenue par la GRC, le pape Fran\u00e7ois va se d\u00e9placer dans un Jeep Wrangler blanc avec le fameux si\u00e8ge pivotant au centre du v\u00e9hicule.<br \/> Aucune\u00a0 protection pour cette visite<br \/> Sur la photo qu\u2019a montr\u00e9e la GRC, il semble que le Wrangler n\u2019offre pas de protection comme des vitres antiballes ou de blindage, une coutume qui est devenue une tradition depuis la tentative de meurtre de Jean Paul II en 1981. C\u2019est la GRC qui aura la charge de la s\u00e9curit\u00e9 du pape. Toutefois, avec son \u00e9tat de sant\u00e9 fragile, il n\u2019a pas encore \u00e9t\u00e9 confirm\u00e9 que le pape va prendre place \u00e0 bord de la papemobile. Il utilisera peut-\u00eatre d\u2019autres moyens de transport.<br \/> Des papemobiles pour chaque d\u00e9placement<br \/> Plusieurs constructeurs automobiles et autres donateurs font cadeau d\u2019une papemobile lorsque le pape est en voyage. Les voitures repr\u00e9sentent en g\u00e9n\u00e9ral des fabricants locaux ou du continent comme le Jeep Wrangler ici. En Allemagne, le pape voyage g\u00e9n\u00e9ralement dans sa papemobile de Mercedes ou dans une Fiat en Italie.<\/p>\n<p>Le texte <a rel=\"nofollow\" href=\"https:\/\/annuelauto.ca\/le-pape-va-se-promener-en-jeep-wrangler-a-quebec\/\">Le Pape va se promener en Jeep Wrangler \u00e0 Qu\u00e9bec<\/a> provient de <a rel=\"nofollow\" href=\"https:\/\/annuelauto.ca\">L&#039;annuel de l&#039;automobile &#8211; Actualit\u00e9 automobile<\/a><\/p>\n<p> <\/p>\n","protected":false},"excerpt":{"rendered":"<p>Selon des informations obtenues de la GRC, la Papemobile est arriv\u00e9e \u00e0 Qu\u00e9bec hier, en vue de sa visite du 27 au 29 juillet prochain. Selon la photo obtenue par la GRC, le pape Fran\u00e7ois va se d\u00e9placer dans un Jeep Wrangler blanc avec le fameux si\u00e8ge pivotant au centre du v\u00e9hicule. Aucune\u00a0 protection pour [&hellip;]<\/p>\n","protected":false},"author":8,"featured_media":42256,"comment_status":"close","ping_status":"closed","sticky":false,"template":"","format":"standard","meta":{"_monsterinsights_skip_tracking":false,"_monsterinsights_sitenote_active":false,"_monsterinsights_sitenote_note":"","_monsterinsights_sitenote_category":0,"footnotes":""},"categories":[101],"tags":[],"yoast_head":"<!-- This site is optimized with the Yoast SEO plugin v23.2 - https:\/\/yoast.com\/wordpress\/plugins\/seo\/ -->\n<title>Le Pape va se promener en Jeep Wrangler \u00e0 Qu\u00e9bec - CanadaMotorJobs.com<\/title>\n<meta name=\"description\" content=\"Le Pape va se promener en Jeep Wrangler \u00e0 Qu\u00e9bec - Benoit Charette - Annuel automobile - CanadaMotorJobs.com.\" \/>\n<meta name=\"robots\" content=\"index, follow, max-snippet:-1, max-image-preview:large, max-video-preview:-1\" \/>\n<meta property=\"og:locale\" content=\"fr_CA\" \/>\n<meta property=\"og:type\" content=\"article\" \/>\n<meta property=\"og:title\" content=\"Le Pape va se promener en Jeep Wrangler \u00e0 Qu\u00e9bec - CanadaMotorJobs.com\" \/>\n<meta property=\"og:description\" content=\"Le Pape va se promener en Jeep Wrangler \u00e0 Qu\u00e9bec - Benoit Charette - Annuel automobile - CanadaMotorJobs.com.\" \/>\n<meta property=\"og:url\" content=\"https:\/\/news.canadamotorjobs.com\/fr\/le-pape-va-se-promener-en-jeep-wrangler-a-quebec\/\" \/>\n<meta property=\"og:site_name\" content=\"CanadaMotorJobs.com\" \/>\n<meta property=\"article:publisher\" content=\"https:\/\/www.facebook.com\/canadamotorjobs\/\" \/>\n<meta property=\"article:published_time\" content=\"2022-07-20T16:09:25+00:00\" \/>\n<meta property=\"article:modified_time\" content=\"2022-07-20T16:13:51+00:00\" \/>\n<meta property=\"og:image\" content=\"https:\/\/news.canadamotorjobs.com\/wp-content\/uploads\/2022\/07\/FYC6OyjWYAYpmDK-1.jpg\" \/>\n\t<meta property=\"og:image:width\" content=\"680\" \/>\n\t<meta property=\"og:image:height\" content=\"444\" \/>\n\t<meta property=\"og:image:type\" content=\"image\/jpeg\" \/>\n<meta name=\"author\" content=\"Benoit Charette\" \/>\n<meta name=\"twitter:card\" content=\"summary_large_image\" \/>\n<meta name=\"twitter:creator\" content=\"@canadamotorjobs\" \/>\n<meta name=\"twitter:site\" content=\"@canadamotorjobs\" \/>\n<meta name=\"twitter:label1\" content=\"\u00c9crit par\" \/>\n\t<meta name=\"twitter:data1\" content=\"Benoit Charette\" \/>\n\t<meta name=\"twitter:label2\" content=\"Estimation du temps de lecture\" \/>\n\t<meta name=\"twitter:data2\" content=\"1 minute\" \/>\n<!-- \/ Yoast SEO plugin. -->","yoast_head_json":{"title":"Le Pape va se promener en Jeep Wrangler \u00e0 Qu\u00e9bec - CanadaMotorJobs.com","description":"Le Pape va se promener en Jeep Wrangler \u00e0 Qu\u00e9bec - Benoit Charette - Annuel automobile - CanadaMotorJobs.com.","robots":{"index":"index","follow":"follow","max-snippet":"max-snippet:-1","max-image-preview":"max-image-preview:large","max-video-preview":"max-video-preview:-1"},"og_locale":"fr_CA","og_type":"article","og_title":"Le Pape va se promener en Jeep Wrangler \u00e0 Qu\u00e9bec - CanadaMotorJobs.com","og_description":"Le Pape va se promener en Jeep Wrangler \u00e0 Qu\u00e9bec - Benoit Charette - Annuel automobile - CanadaMotorJobs.com.","og_url":"https:\/\/news.canadamotorjobs.com\/fr\/le-pape-va-se-promener-en-jeep-wrangler-a-quebec\/","og_site_name":"CanadaMotorJobs.com","article_publisher":"https:\/\/www.facebook.com\/canadamotorjobs\/","article_published_time":"2022-07-20T16:09:25+00:00","article_modified_time":"2022-07-20T16:13:51+00:00","og_image":[{"width":680,"height":444,"url":"https:\/\/news.canadamotorjobs.com\/wp-content\/uploads\/2022\/07\/FYC6OyjWYAYpmDK-1.jpg","type":"image\/jpeg"}],"author":"Benoit Charette","twitter_card":"summary_large_image","twitter_creator":"@canadamotorjobs","twitter_site":"@canadamotorjobs","twitter_misc":{"\u00c9crit par":"Benoit Charette","Estimation du temps de lecture":"1 minute"},"schema":{"@context":"https:\/\/schema.org","@graph":[{"@type":"Article","@id":"https:\/\/news.canadamotorjobs.com\/fr\/le-pape-va-se-promener-en-jeep-wrangler-a-quebec\/#article","isPartOf":{"@id":"https:\/\/news.canadamotorjobs.com\/fr\/le-pape-va-se-promener-en-jeep-wrangler-a-quebec\/"},"author":{"name":"Benoit Charette","@id":"https:\/\/news.canadamotorjobs.com\/#\/schema\/person\/51793d1f87d44011d7bcc2ed99269a90"},"headline":"Le Pape va se promener en Jeep Wrangler \u00e0 Qu\u00e9bec","datePublished":"2022-07-20T16:09:25+00:00","dateModified":"2022-07-20T16:13:51+00:00","mainEntityOfPage":{"@id":"https:\/\/news.canadamotorjobs.com\/fr\/le-pape-va-se-promener-en-jeep-wrangler-a-quebec\/"},"wordCount":243,"publisher":{"@id":"https:\/\/news.canadamotorjobs.com\/#organization"},"image":{"@id":"https:\/\/news.canadamotorjobs.com\/fr\/le-pape-va-se-promener-en-jeep-wrangler-a-quebec\/#primaryimage"},"thumbnailUrl":"https:\/\/news.canadamotorjobs.com\/wp-content\/uploads\/2022\/07\/FYC6OyjWYAYpmDK-1.jpg","articleSection":["Annuel automobile"],"inLanguage":"fr-CA"},{"@type":"WebPage","@id":"https:\/\/news.canadamotorjobs.com\/fr\/le-pape-va-se-promener-en-jeep-wrangler-a-quebec\/","url":"https:\/\/news.canadamotorjobs.com\/fr\/le-pape-va-se-promener-en-jeep-wrangler-a-quebec\/","name":"Le Pape va se promener en Jeep Wrangler \u00e0 Qu\u00e9bec - CanadaMotorJobs.com","isPartOf":{"@id":"https:\/\/news.canadamotorjobs.com\/#website"},"primaryImageOfPage":{"@id":"https:\/\/news.canadamotorjobs.com\/fr\/le-pape-va-se-promener-en-jeep-wrangler-a-quebec\/#primaryimage"},"image":{"@id":"https:\/\/news.canadamotorjobs.com\/fr\/le-pape-va-se-promener-en-jeep-wrangler-a-quebec\/#primaryimage"},"thumbnailUrl":"https:\/\/news.canadamotorjobs.com\/wp-content\/uploads\/2022\/07\/FYC6OyjWYAYpmDK-1.jpg","datePublished":"2022-07-20T16:09:25+00:00","dateModified":"2022-07-20T16:13:51+00:00","description":"Le Pape va se promener en Jeep Wrangler \u00e0 Qu\u00e9bec - Benoit Charette - Annuel automobile - CanadaMotorJobs.com.","breadcrumb":{"@id":"https:\/\/news.canadamotorjobs.com\/fr\/le-pape-va-se-promener-en-jeep-wrangler-a-quebec\/#breadcrumb"},"inLanguage":"fr-CA","potentialAction":[{"@type":"ReadAction","target":["https:\/\/news.canadamotorjobs.com\/fr\/le-pape-va-se-promener-en-jeep-wrangler-a-quebec\/"]}]},{"@type":"ImageObject","inLanguage":"fr-CA","@id":"https:\/\/news.canadamotorjobs.com\/fr\/le-pape-va-se-promener-en-jeep-wrangler-a-quebec\/#primaryimage","url":"https:\/\/news.canadamotorjobs.com\/wp-content\/uploads\/2022\/07\/FYC6OyjWYAYpmDK-1.jpg","contentUrl":"https:\/\/news.canadamotorjobs.com\/wp-content\/uploads\/2022\/07\/FYC6OyjWYAYpmDK-1.jpg","width":680,"height":444},{"@type":"BreadcrumbList","@id":"https:\/\/news.canadamotorjobs.com\/fr\/le-pape-va-se-promener-en-jeep-wrangler-a-quebec\/#breadcrumb","itemListElement":[{"@type":"ListItem","position":1,"name":"Home","item":"https:\/\/news.canadamotorjobs.com\/fr\/blog\/"},{"@type":"ListItem","position":2,"name":"Le Pape va se promener en Jeep Wrangler \u00e0 Qu\u00e9bec"}]},{"@type":"WebSite","@id":"https:\/\/news.canadamotorjobs.com\/#website","url":"https:\/\/news.canadamotorjobs.com\/","name":"CanadaMotorJobs.com","description":"Automotive Jobs","publisher":{"@id":"https:\/\/news.canadamotorjobs.com\/#organization"},"potentialAction":[{"@type":"SearchAction","target":{"@type":"EntryPoint","urlTemplate":"https:\/\/news.canadamotorjobs.com\/?s={search_term_string}"},"query-input":"required name=search_term_string"}],"inLanguage":"fr-CA"},{"@type":"Organization","@id":"https:\/\/news.canadamotorjobs.com\/#organization","name":"Canada Motor Jobs","url":"https:\/\/news.canadamotorjobs.com\/","logo":{"@type":"ImageObject","inLanguage":"fr-CA","@id":"https:\/\/news.canadamotorjobs.com\/#\/schema\/logo\/image\/","url":"https:\/\/news.canadamotorjobs.com\/wp-content\/uploads\/2022\/10\/logo-canada-motor-jobs-1.png","contentUrl":"https:\/\/news.canadamotorjobs.com\/wp-content\/uploads\/2022\/10\/logo-canada-motor-jobs-1.png","width":800,"height":400,"caption":"Canada Motor Jobs"},"image":{"@id":"https:\/\/news.canadamotorjobs.com\/#\/schema\/logo\/image\/"},"sameAs":["https:\/\/www.facebook.com\/canadamotorjobs\/","https:\/\/x.com\/canadamotorjobs","https:\/\/www.instagram.com\/canadamotorjobs\/","https:\/\/www.linkedin.com\/company\/canadamotorjobs"]},{"@type":"Person","@id":"https:\/\/news.canadamotorjobs.com\/#\/schema\/person\/51793d1f87d44011d7bcc2ed99269a90","name":"Benoit Charette","image":{"@type":"ImageObject","inLanguage":"fr-CA","@id":"https:\/\/news.canadamotorjobs.com\/#\/schema\/person\/image\/","url":"https:\/\/secure.gravatar.com\/avatar\/45f3d2eebcccd909668d7ce7ea7267b6?s=96&d=mm&r=g","contentUrl":"https:\/\/secure.gravatar.com\/avatar\/45f3d2eebcccd909668d7ce7ea7267b6?s=96&d=mm&r=g","caption":"Benoit Charette"},"description":"Benoit Charette \/ Propri\u00e9taire et r\u00e9dacteur en chef Benoit Charette pratique le journalisme automobile depuis bient\u00f4t 30 ans. Il a fait ses classes au c\u00f4t\u00e9 de Daniel H\u00e9raud et au Carnet de route de 1992 \u00e0 2001. Il est fondateur, copropri\u00e9taire et r\u00e9dacteur en chef de L\u2019Annuel de l\u2019automobile, qu\u2019il publie depuis 2001. Il a anim\u00e9 les \u00e9missions RPM et RPM+ sur V et les L\u00e9gendes de la route sur Historia. \u00c0 la radio depuis 1986, il reprend l\u2019antenne cette ann\u00e9e sur les ondes de Cogeco et participe pour la deuxi\u00e8me ann\u00e9e \u00e0 l\u2019\u00e9mission Passion Auto sur RDS en plus de mettre en ligne le site Web officiel de L\u2019Annuel de l\u2019automobile sur annuelauto.ca.","sameAs":["https:\/\/annuelauto.ca\/"],"url":"https:\/\/news.canadamotorjobs.com\/fr\/author\/benoit-charette\/"}]}},"_links":{"self":[{"href":"https:\/\/news.canadamotorjobs.com\/fr\/wp-json\/wp\/v2\/posts\/42252"}],"collection":[{"href":"https:\/\/news.canadamotorjobs.com\/fr\/wp-json\/wp\/v2\/posts"}],"about":[{"href":"https:\/\/news.canadamotorjobs.com\/fr\/wp-json\/wp\/v2\/types\/post"}],"author":[{"embeddable":true,"href":"https:\/\/news.canadamotorjobs.com\/fr\/wp-json\/wp\/v2\/users\/8"}],"replies":[{"embeddable":true,"href":"https:\/\/news.canadamotorjobs.com\/fr\/wp-json\/wp\/v2\/comments?post=42252"}],"version-history":[{"count":0,"href":"https:\/\/news.canadamotorjobs.com\/fr\/wp-json\/wp\/v2\/posts\/42252\/revisions"}],"wp:featuredmedia":[{"embeddable":true,"href":"https:\/\/news.canadamotorjobs.com\/fr\/wp-json\/wp\/v2\/media\/42256"}],"wp:attachment":[{"href":"https:\/\/news.canadamotorjobs.com\/fr\/wp-json\/wp\/v2\/media?parent=42252"}],"wp:term":[{"taxonomy":"category","embeddable":true,"href":"https:\/\/news.canadamotorjobs.com\/fr\/wp-json\/wp\/v2\/categories?post=42252"},{"taxonomy":"post_tag","embeddable":true,"href":"https:\/\/news.canadamotorjobs.com\/fr\/wp-json\/wp\/v2\/tags?post=42252"}],"curies":[{"name":"wp","href":"https:\/\/api.w.org\/{rel}","templated":true}]}}