{"id":42244,"date":"2022-07-20T09:49:57","date_gmt":"2022-07-20T13:49:57","guid":{"rendered":"https:\/\/blog.canadamotorjobs.com\/des-informations-supplementaires-a-propos-du-ford-f-150-raptor-r\/"},"modified":"2022-07-20T09:59:36","modified_gmt":"2022-07-20T13:59:36","slug":"des-informations-supplementaires-a-propos-du-ford-f-150-raptor-r","status":"publish","type":"post","link":"https:\/\/news.canadamotorjobs.com\/fr\/des-informations-supplementaires-a-propos-du-ford-f-150-raptor-r\/","title":{"rendered":"Des informations suppl\u00e9mentaires \u00e0 propos du Ford F-150 Raptor R"},"content":{"rendered":"<\/p>\n<p>Cela fait des mois que le suspense s\u2019\u00e9tire \u00e0 propos du prochain camion F-150 Raptor et sa version R qui va faire une v\u00e9ritable lutte au mod\u00e8le TRX de Dodge. Nous savons maintenant que le Raptor R sera aliment\u00e9 par le V8 Predator de 5,2 litres qui a d&#8217;abord \u00e9t\u00e9 utilis\u00e9 dans la Shelby Ford Mustang GT500. Avec 700 chevaux et 640\u00a0lb-pi de couple, il n&#8217;est pas tout \u00e0 fait aussi puissant que son rival de Ram &#8211; mais nous sommes tout pr\u00e8s.<br \/> De nouveaux d\u00e9tails sur l\u2019\u00e9quipement<br \/> Affich\u00e9 sur le forum f150gen14.com, le guide de commande nous indique que le Raptor en version R re\u00e7oit le groupe d&#8217;\u00e9quipement 802A, qui comprend des si\u00e8ges Recaro garnis de cuir et d&#8217;Alcantara, des garnitures int\u00e9rieures en fibre de carbone, une calandre, un capot et une \u00e9cope de capot unique (avec le logo R).<br \/> Des groupes d\u2019options<br \/> Le R recevra les m\u00eames ajouts que le mod\u00e8le &#8221; r\u00e9gulier &#8220;, y compris l\u2019ensemble d\u2019\u00e9crous de blocage expos\u00e9, le coffre-fort embarqu\u00e9, l&#8217;extension de caisse pliable, et plusieurs accessoires de caisse et de tonneau. Pour rappel, le Raptor R se d\u00e9taillera \u00e0 109 145 $ en devise am\u00e9ricaine, ce qui est nettement plus cher que le Ram TRX (80 685 $)<\/p>\n<p> Avec des renseignements de Carbuzz<\/p>\n<p>Le texte <a rel=\"nofollow\" href=\"https:\/\/annuelauto.ca\/des-informations-supplementaires-a-propos-du-ford-f-150-raptor-r\/\">Des informations suppl\u00e9mentaires \u00e0 propos du Ford F-150 Raptor R<\/a> provient de <a rel=\"nofollow\" href=\"https:\/\/annuelauto.ca\">L&#039;annuel de l&#039;automobile &#8211; Actualit\u00e9 automobile<\/a><\/p>\n<p> <\/p>\n","protected":false},"excerpt":{"rendered":"<p>Cela fait des mois que le suspense s\u2019\u00e9tire \u00e0 propos du prochain camion F-150 Raptor et sa version R qui va faire une v\u00e9ritable lutte au mod\u00e8le TRX de Dodge. Nous savons maintenant que le Raptor R sera aliment\u00e9 par le V8 Predator de 5,2 litres qui a d&#8217;abord \u00e9t\u00e9 utilis\u00e9 dans la Shelby Ford [&hellip;]<\/p>\n","protected":false},"author":8,"featured_media":42248,"comment_status":"close","ping_status":"closed","sticky":false,"template":"","format":"standard","meta":{"_monsterinsights_skip_tracking":false,"_monsterinsights_sitenote_active":false,"_monsterinsights_sitenote_note":"","_monsterinsights_sitenote_category":0,"footnotes":""},"categories":[101],"tags":[],"yoast_head":"<!-- This site is optimized with the Yoast SEO plugin v23.2 - https:\/\/yoast.com\/wordpress\/plugins\/seo\/ -->\n<title>Des informations suppl\u00e9mentaires \u00e0 propos du Ford F-150 Raptor R - CanadaMotorJobs.com<\/title>\n<meta name=\"description\" content=\"Des informations suppl\u00e9mentaires \u00e0 propos du Ford F-150 Raptor R - Benoit Charette - Annuel automobile - CanadaMotorJobs.com.\" \/>\n<meta name=\"robots\" content=\"index, follow, max-snippet:-1, max-image-preview:large, max-video-preview:-1\" \/>\n<meta property=\"og:locale\" content=\"fr_CA\" \/>\n<meta property=\"og:type\" content=\"article\" \/>\n<meta property=\"og:title\" content=\"Des informations suppl\u00e9mentaires \u00e0 propos du Ford F-150 Raptor R - CanadaMotorJobs.com\" \/>\n<meta property=\"og:description\" content=\"Des informations suppl\u00e9mentaires \u00e0 propos du Ford F-150 Raptor R - Benoit Charette - Annuel automobile - CanadaMotorJobs.com.\" \/>\n<meta property=\"og:url\" content=\"https:\/\/news.canadamotorjobs.com\/fr\/des-informations-supplementaires-a-propos-du-ford-f-150-raptor-r\/\" \/>\n<meta property=\"og:site_name\" content=\"CanadaMotorJobs.com\" \/>\n<meta property=\"article:publisher\" content=\"https:\/\/www.facebook.com\/canadamotorjobs\/\" \/>\n<meta property=\"article:published_time\" content=\"2022-07-20T13:49:57+00:00\" \/>\n<meta property=\"article:modified_time\" content=\"2022-07-20T13:59:36+00:00\" \/>\n<meta property=\"og:image\" content=\"https:\/\/news.canadamotorjobs.com\/wp-content\/uploads\/2022\/07\/ford-f-150_100848202-1.jpg\" \/>\n\t<meta property=\"og:image:width\" content=\"1920\" \/>\n\t<meta property=\"og:image:height\" content=\"1080\" \/>\n\t<meta property=\"og:image:type\" content=\"image\/jpeg\" \/>\n<meta name=\"author\" content=\"Benoit Charette\" \/>\n<meta name=\"twitter:card\" content=\"summary_large_image\" \/>\n<meta name=\"twitter:creator\" content=\"@canadamotorjobs\" \/>\n<meta name=\"twitter:site\" content=\"@canadamotorjobs\" \/>\n<meta name=\"twitter:label1\" content=\"\u00c9crit par\" \/>\n\t<meta name=\"twitter:data1\" content=\"Benoit Charette\" \/>\n\t<meta name=\"twitter:label2\" content=\"Estimation du temps de lecture\" \/>\n\t<meta name=\"twitter:data2\" content=\"1 minute\" \/>\n<!-- \/ Yoast SEO plugin. -->","yoast_head_json":{"title":"Des informations suppl\u00e9mentaires \u00e0 propos du Ford F-150 Raptor R - CanadaMotorJobs.com","description":"Des informations suppl\u00e9mentaires \u00e0 propos du Ford F-150 Raptor R - Benoit Charette - Annuel automobile - CanadaMotorJobs.com.","robots":{"index":"index","follow":"follow","max-snippet":"max-snippet:-1","max-image-preview":"max-image-preview:large","max-video-preview":"max-video-preview:-1"},"og_locale":"fr_CA","og_type":"article","og_title":"Des informations suppl\u00e9mentaires \u00e0 propos du Ford F-150 Raptor R - CanadaMotorJobs.com","og_description":"Des informations suppl\u00e9mentaires \u00e0 propos du Ford F-150 Raptor R - Benoit Charette - Annuel automobile - CanadaMotorJobs.com.","og_url":"https:\/\/news.canadamotorjobs.com\/fr\/des-informations-supplementaires-a-propos-du-ford-f-150-raptor-r\/","og_site_name":"CanadaMotorJobs.com","article_publisher":"https:\/\/www.facebook.com\/canadamotorjobs\/","article_published_time":"2022-07-20T13:49:57+00:00","article_modified_time":"2022-07-20T13:59:36+00:00","og_image":[{"width":1920,"height":1080,"url":"https:\/\/news.canadamotorjobs.com\/wp-content\/uploads\/2022\/07\/ford-f-150_100848202-1.jpg","type":"image\/jpeg"}],"author":"Benoit Charette","twitter_card":"summary_large_image","twitter_creator":"@canadamotorjobs","twitter_site":"@canadamotorjobs","twitter_misc":{"\u00c9crit par":"Benoit Charette","Estimation du temps de lecture":"1 minute"},"schema":{"@context":"https:\/\/schema.org","@graph":[{"@type":"Article","@id":"https:\/\/news.canadamotorjobs.com\/fr\/des-informations-supplementaires-a-propos-du-ford-f-150-raptor-r\/#article","isPartOf":{"@id":"https:\/\/news.canadamotorjobs.com\/fr\/des-informations-supplementaires-a-propos-du-ford-f-150-raptor-r\/"},"author":{"name":"Benoit Charette","@id":"https:\/\/news.canadamotorjobs.com\/#\/schema\/person\/51793d1f87d44011d7bcc2ed99269a90"},"headline":"Des informations suppl\u00e9mentaires \u00e0 propos du Ford F-150 Raptor R","datePublished":"2022-07-20T13:49:57+00:00","dateModified":"2022-07-20T13:59:36+00:00","mainEntityOfPage":{"@id":"https:\/\/news.canadamotorjobs.com\/fr\/des-informations-supplementaires-a-propos-du-ford-f-150-raptor-r\/"},"wordCount":252,"publisher":{"@id":"https:\/\/news.canadamotorjobs.com\/#organization"},"image":{"@id":"https:\/\/news.canadamotorjobs.com\/fr\/des-informations-supplementaires-a-propos-du-ford-f-150-raptor-r\/#primaryimage"},"thumbnailUrl":"https:\/\/news.canadamotorjobs.com\/wp-content\/uploads\/2022\/07\/ford-f-150_100848202-1.jpg","articleSection":["Annuel automobile"],"inLanguage":"fr-CA"},{"@type":"WebPage","@id":"https:\/\/news.canadamotorjobs.com\/fr\/des-informations-supplementaires-a-propos-du-ford-f-150-raptor-r\/","url":"https:\/\/news.canadamotorjobs.com\/fr\/des-informations-supplementaires-a-propos-du-ford-f-150-raptor-r\/","name":"Des informations suppl\u00e9mentaires \u00e0 propos du Ford F-150 Raptor R - CanadaMotorJobs.com","isPartOf":{"@id":"https:\/\/news.canadamotorjobs.com\/#website"},"primaryImageOfPage":{"@id":"https:\/\/news.canadamotorjobs.com\/fr\/des-informations-supplementaires-a-propos-du-ford-f-150-raptor-r\/#primaryimage"},"image":{"@id":"https:\/\/news.canadamotorjobs.com\/fr\/des-informations-supplementaires-a-propos-du-ford-f-150-raptor-r\/#primaryimage"},"thumbnailUrl":"https:\/\/news.canadamotorjobs.com\/wp-content\/uploads\/2022\/07\/ford-f-150_100848202-1.jpg","datePublished":"2022-07-20T13:49:57+00:00","dateModified":"2022-07-20T13:59:36+00:00","description":"Des informations suppl\u00e9mentaires \u00e0 propos du Ford F-150 Raptor R - Benoit Charette - Annuel automobile - CanadaMotorJobs.com.","breadcrumb":{"@id":"https:\/\/news.canadamotorjobs.com\/fr\/des-informations-supplementaires-a-propos-du-ford-f-150-raptor-r\/#breadcrumb"},"inLanguage":"fr-CA","potentialAction":[{"@type":"ReadAction","target":["https:\/\/news.canadamotorjobs.com\/fr\/des-informations-supplementaires-a-propos-du-ford-f-150-raptor-r\/"]}]},{"@type":"ImageObject","inLanguage":"fr-CA","@id":"https:\/\/news.canadamotorjobs.com\/fr\/des-informations-supplementaires-a-propos-du-ford-f-150-raptor-r\/#primaryimage","url":"https:\/\/news.canadamotorjobs.com\/wp-content\/uploads\/2022\/07\/ford-f-150_100848202-1.jpg","contentUrl":"https:\/\/news.canadamotorjobs.com\/wp-content\/uploads\/2022\/07\/ford-f-150_100848202-1.jpg","width":1920,"height":1080},{"@type":"BreadcrumbList","@id":"https:\/\/news.canadamotorjobs.com\/fr\/des-informations-supplementaires-a-propos-du-ford-f-150-raptor-r\/#breadcrumb","itemListElement":[{"@type":"ListItem","position":1,"name":"Home","item":"https:\/\/news.canadamotorjobs.com\/fr\/blog\/"},{"@type":"ListItem","position":2,"name":"Des informations suppl\u00e9mentaires \u00e0 propos du Ford F-150 Raptor R"}]},{"@type":"WebSite","@id":"https:\/\/news.canadamotorjobs.com\/#website","url":"https:\/\/news.canadamotorjobs.com\/","name":"CanadaMotorJobs.com","description":"Automotive Jobs","publisher":{"@id":"https:\/\/news.canadamotorjobs.com\/#organization"},"potentialAction":[{"@type":"SearchAction","target":{"@type":"EntryPoint","urlTemplate":"https:\/\/news.canadamotorjobs.com\/?s={search_term_string}"},"query-input":"required name=search_term_string"}],"inLanguage":"fr-CA"},{"@type":"Organization","@id":"https:\/\/news.canadamotorjobs.com\/#organization","name":"Canada Motor Jobs","url":"https:\/\/news.canadamotorjobs.com\/","logo":{"@type":"ImageObject","inLanguage":"fr-CA","@id":"https:\/\/news.canadamotorjobs.com\/#\/schema\/logo\/image\/","url":"https:\/\/news.canadamotorjobs.com\/wp-content\/uploads\/2022\/10\/logo-canada-motor-jobs-1.png","contentUrl":"https:\/\/news.canadamotorjobs.com\/wp-content\/uploads\/2022\/10\/logo-canada-motor-jobs-1.png","width":800,"height":400,"caption":"Canada Motor Jobs"},"image":{"@id":"https:\/\/news.canadamotorjobs.com\/#\/schema\/logo\/image\/"},"sameAs":["https:\/\/www.facebook.com\/canadamotorjobs\/","https:\/\/x.com\/canadamotorjobs","https:\/\/www.instagram.com\/canadamotorjobs\/","https:\/\/www.linkedin.com\/company\/canadamotorjobs"]},{"@type":"Person","@id":"https:\/\/news.canadamotorjobs.com\/#\/schema\/person\/51793d1f87d44011d7bcc2ed99269a90","name":"Benoit Charette","image":{"@type":"ImageObject","inLanguage":"fr-CA","@id":"https:\/\/news.canadamotorjobs.com\/#\/schema\/person\/image\/","url":"https:\/\/secure.gravatar.com\/avatar\/45f3d2eebcccd909668d7ce7ea7267b6?s=96&d=mm&r=g","contentUrl":"https:\/\/secure.gravatar.com\/avatar\/45f3d2eebcccd909668d7ce7ea7267b6?s=96&d=mm&r=g","caption":"Benoit Charette"},"description":"Benoit Charette \/ Propri\u00e9taire et r\u00e9dacteur en chef Benoit Charette pratique le journalisme automobile depuis bient\u00f4t 30 ans. Il a fait ses classes au c\u00f4t\u00e9 de Daniel H\u00e9raud et au Carnet de route de 1992 \u00e0 2001. Il est fondateur, copropri\u00e9taire et r\u00e9dacteur en chef de L\u2019Annuel de l\u2019automobile, qu\u2019il publie depuis 2001. Il a anim\u00e9 les \u00e9missions RPM et RPM+ sur V et les L\u00e9gendes de la route sur Historia. \u00c0 la radio depuis 1986, il reprend l\u2019antenne cette ann\u00e9e sur les ondes de Cogeco et participe pour la deuxi\u00e8me ann\u00e9e \u00e0 l\u2019\u00e9mission Passion Auto sur RDS en plus de mettre en ligne le site Web officiel de L\u2019Annuel de l\u2019automobile sur annuelauto.ca.","sameAs":["https:\/\/annuelauto.ca\/"],"url":"https:\/\/news.canadamotorjobs.com\/fr\/author\/benoit-charette\/"}]}},"_links":{"self":[{"href":"https:\/\/news.canadamotorjobs.com\/fr\/wp-json\/wp\/v2\/posts\/42244"}],"collection":[{"href":"https:\/\/news.canadamotorjobs.com\/fr\/wp-json\/wp\/v2\/posts"}],"about":[{"href":"https:\/\/news.canadamotorjobs.com\/fr\/wp-json\/wp\/v2\/types\/post"}],"author":[{"embeddable":true,"href":"https:\/\/news.canadamotorjobs.com\/fr\/wp-json\/wp\/v2\/users\/8"}],"replies":[{"embeddable":true,"href":"https:\/\/news.canadamotorjobs.com\/fr\/wp-json\/wp\/v2\/comments?post=42244"}],"version-history":[{"count":0,"href":"https:\/\/news.canadamotorjobs.com\/fr\/wp-json\/wp\/v2\/posts\/42244\/revisions"}],"wp:featuredmedia":[{"embeddable":true,"href":"https:\/\/news.canadamotorjobs.com\/fr\/wp-json\/wp\/v2\/media\/42248"}],"wp:attachment":[{"href":"https:\/\/news.canadamotorjobs.com\/fr\/wp-json\/wp\/v2\/media?parent=42244"}],"wp:term":[{"taxonomy":"category","embeddable":true,"href":"https:\/\/news.canadamotorjobs.com\/fr\/wp-json\/wp\/v2\/categories?post=42244"},{"taxonomy":"post_tag","embeddable":true,"href":"https:\/\/news.canadamotorjobs.com\/fr\/wp-json\/wp\/v2\/tags?post=42244"}],"curies":[{"name":"wp","href":"https:\/\/api.w.org\/{rel}","templated":true}]}}