{"id":42236,"date":"2022-07-20T09:28:58","date_gmt":"2022-07-20T13:28:58","guid":{"rendered":"https:\/\/blog.canadamotorjobs.com\/lheure-de-la-redemption-est-elle-arrivee-pour-cadillac\/"},"modified":"2022-07-20T09:29:36","modified_gmt":"2022-07-20T13:29:36","slug":"lheure-de-la-redemption-est-elle-arrivee-pour-cadillac","status":"publish","type":"post","link":"https:\/\/news.canadamotorjobs.com\/fr\/lheure-de-la-redemption-est-elle-arrivee-pour-cadillac\/","title":{"rendered":"L\u2019heure de la r\u00e9demption est-elle arriv\u00e9e pour Cadillac ?"},"content":{"rendered":"<\/p>\n<p>L\u2019industrie automobile traverse une p\u00e9riode unique de son histoire. On ne parle pas ici de la pand\u00e9mie, mais bien de l\u2019\u00e9lectrification. Depuis la glorieuse p\u00e9riode des ann\u00e9es 70 (o\u00f9 Cadillac r\u00e9gnait en ma\u00eetre incontest\u00e9 du luxe automobile, les choses n\u2019ont fait), l\u2019\u00e9toile de la marque am\u00e9ricaine n\u2019a fait que p\u00e2lir. Depuis tout ce temps, Cadillac a tent\u00e9, en vain, de trouver une solution pour revenir au sommet face \u00e0 des constructeurs allemands qui prennent tout le plancher.<br \/> Tout miser sur la Celestiq<br \/> Cadillac a r\u00e9ussi un premier coup s\u00fbr avec le Lyriq qui en met plein la vue pour un prix de 70 000\u00a0$. Pas de boutons ou de commandes Chevrolet qui tra\u00eenent dans l\u2019habitacle, un mod\u00e8le qui respire le luxe par tous ses orifices. Le prochain test sera encore plus important avec le mod\u00e8le phare Celestiq qui sera r\u00e9v\u00e9l\u00e9e le 22 juillet. Avec comme devise \u00ab Standard of the World \u00bb qui suit la marque depuis 40 ans, il faut admettre que la marche est haute. Avec un prix qui va se situer entre 300\u00a0000 et 350 000\u00a0$, il faudra aussi que Cadillac soit \u00e0 la hauteur de sa devise.<br \/> La chance de recommencer \u00e0 neuf<br \/> Cette nouvelle \u00e9tape de l\u2019\u00e9lectrification des transports est une sorte de remise \u00e0 z\u00e9ro des compteurs. Une chance unique pour Cadillac de red\u00e9marrer sur de nouvelles bases et de mettre de c\u00f4t\u00e9 les id\u00e9es re\u00e7ues depuis des g\u00e9n\u00e9rations \u00e0 propos des mod\u00e8les \u00e0 essence. Cadillac a accumul\u00e9 les \u00e9checs depuis 40 ans avec<\/p>\n","protected":false},"excerpt":{"rendered":"<p>L\u2019industrie automobile traverse une p\u00e9riode unique de son histoire. On ne parle pas ici de la pand\u00e9mie, mais bien de l\u2019\u00e9lectrification. Depuis la glorieuse p\u00e9riode des ann\u00e9es 70 (o\u00f9 Cadillac r\u00e9gnait en ma\u00eetre incontest\u00e9 du luxe automobile, les choses n\u2019ont fait), l\u2019\u00e9toile de la marque am\u00e9ricaine n\u2019a fait que p\u00e2lir. Depuis tout ce temps, Cadillac [&hellip;]<\/p>\n","protected":false},"author":8,"featured_media":42240,"comment_status":"close","ping_status":"closed","sticky":false,"template":"","format":"standard","meta":{"_monsterinsights_skip_tracking":false,"_monsterinsights_sitenote_active":false,"_monsterinsights_sitenote_note":"","_monsterinsights_sitenote_category":0,"footnotes":""},"categories":[101],"tags":[],"yoast_head":"<!-- This site is optimized with the Yoast SEO plugin v23.2 - https:\/\/yoast.com\/wordpress\/plugins\/seo\/ -->\n<title>L\u2019heure de la r\u00e9demption est-elle arriv\u00e9e pour Cadillac ? - CanadaMotorJobs.com<\/title>\n<meta name=\"description\" content=\"L\u2019heure de la r\u00e9demption est-elle arriv\u00e9e pour Cadillac ? - Benoit Charette - Annuel automobile - CanadaMotorJobs.com.\" \/>\n<meta name=\"robots\" content=\"index, follow, max-snippet:-1, max-image-preview:large, max-video-preview:-1\" \/>\n<meta property=\"og:locale\" content=\"fr_CA\" \/>\n<meta property=\"og:type\" content=\"article\" \/>\n<meta property=\"og:title\" content=\"L\u2019heure de la r\u00e9demption est-elle arriv\u00e9e pour Cadillac ? - CanadaMotorJobs.com\" \/>\n<meta property=\"og:description\" content=\"L\u2019heure de la r\u00e9demption est-elle arriv\u00e9e pour Cadillac ? - Benoit Charette - Annuel automobile - CanadaMotorJobs.com.\" \/>\n<meta property=\"og:url\" content=\"https:\/\/news.canadamotorjobs.com\/fr\/lheure-de-la-redemption-est-elle-arrivee-pour-cadillac\/\" \/>\n<meta property=\"og:site_name\" content=\"CanadaMotorJobs.com\" \/>\n<meta property=\"article:publisher\" content=\"https:\/\/www.facebook.com\/canadamotorjobs\/\" \/>\n<meta property=\"article:published_time\" content=\"2022-07-20T13:28:58+00:00\" \/>\n<meta property=\"article:modified_time\" content=\"2022-07-20T13:29:36+00:00\" \/>\n<meta property=\"og:image\" content=\"https:\/\/news.canadamotorjobs.com\/wp-content\/uploads\/2022\/07\/cadillac-celestiq-show-car-09-1.jpg\" \/>\n\t<meta property=\"og:image:width\" content=\"1280\" \/>\n\t<meta property=\"og:image:height\" content=\"853\" \/>\n\t<meta property=\"og:image:type\" content=\"image\/jpeg\" \/>\n<meta name=\"author\" content=\"Benoit Charette\" \/>\n<meta name=\"twitter:card\" content=\"summary_large_image\" \/>\n<meta name=\"twitter:creator\" content=\"@canadamotorjobs\" \/>\n<meta name=\"twitter:site\" content=\"@canadamotorjobs\" \/>\n<meta name=\"twitter:label1\" content=\"\u00c9crit par\" \/>\n\t<meta name=\"twitter:data1\" content=\"Benoit Charette\" \/>\n\t<meta name=\"twitter:label2\" content=\"Estimation du temps de lecture\" \/>\n\t<meta name=\"twitter:data2\" content=\"1 minute\" \/>\n<!-- \/ Yoast SEO plugin. -->","yoast_head_json":{"title":"L\u2019heure de la r\u00e9demption est-elle arriv\u00e9e pour Cadillac ? - CanadaMotorJobs.com","description":"L\u2019heure de la r\u00e9demption est-elle arriv\u00e9e pour Cadillac ? - Benoit Charette - Annuel automobile - CanadaMotorJobs.com.","robots":{"index":"index","follow":"follow","max-snippet":"max-snippet:-1","max-image-preview":"max-image-preview:large","max-video-preview":"max-video-preview:-1"},"og_locale":"fr_CA","og_type":"article","og_title":"L\u2019heure de la r\u00e9demption est-elle arriv\u00e9e pour Cadillac ? - CanadaMotorJobs.com","og_description":"L\u2019heure de la r\u00e9demption est-elle arriv\u00e9e pour Cadillac ? - Benoit Charette - Annuel automobile - CanadaMotorJobs.com.","og_url":"https:\/\/news.canadamotorjobs.com\/fr\/lheure-de-la-redemption-est-elle-arrivee-pour-cadillac\/","og_site_name":"CanadaMotorJobs.com","article_publisher":"https:\/\/www.facebook.com\/canadamotorjobs\/","article_published_time":"2022-07-20T13:28:58+00:00","article_modified_time":"2022-07-20T13:29:36+00:00","og_image":[{"width":1280,"height":853,"url":"https:\/\/news.canadamotorjobs.com\/wp-content\/uploads\/2022\/07\/cadillac-celestiq-show-car-09-1.jpg","type":"image\/jpeg"}],"author":"Benoit Charette","twitter_card":"summary_large_image","twitter_creator":"@canadamotorjobs","twitter_site":"@canadamotorjobs","twitter_misc":{"\u00c9crit par":"Benoit Charette","Estimation du temps de lecture":"1 minute"},"schema":{"@context":"https:\/\/schema.org","@graph":[{"@type":"Article","@id":"https:\/\/news.canadamotorjobs.com\/fr\/lheure-de-la-redemption-est-elle-arrivee-pour-cadillac\/#article","isPartOf":{"@id":"https:\/\/news.canadamotorjobs.com\/fr\/lheure-de-la-redemption-est-elle-arrivee-pour-cadillac\/"},"author":{"name":"Benoit Charette","@id":"https:\/\/news.canadamotorjobs.com\/#\/schema\/person\/51793d1f87d44011d7bcc2ed99269a90"},"headline":"L\u2019heure de la r\u00e9demption est-elle arriv\u00e9e pour Cadillac ?","datePublished":"2022-07-20T13:28:58+00:00","dateModified":"2022-07-20T13:29:36+00:00","mainEntityOfPage":{"@id":"https:\/\/news.canadamotorjobs.com\/fr\/lheure-de-la-redemption-est-elle-arrivee-pour-cadillac\/"},"wordCount":275,"publisher":{"@id":"https:\/\/news.canadamotorjobs.com\/#organization"},"image":{"@id":"https:\/\/news.canadamotorjobs.com\/fr\/lheure-de-la-redemption-est-elle-arrivee-pour-cadillac\/#primaryimage"},"thumbnailUrl":"https:\/\/news.canadamotorjobs.com\/wp-content\/uploads\/2022\/07\/cadillac-celestiq-show-car-09-1.jpg","articleSection":["Annuel automobile"],"inLanguage":"fr-CA"},{"@type":"WebPage","@id":"https:\/\/news.canadamotorjobs.com\/fr\/lheure-de-la-redemption-est-elle-arrivee-pour-cadillac\/","url":"https:\/\/news.canadamotorjobs.com\/fr\/lheure-de-la-redemption-est-elle-arrivee-pour-cadillac\/","name":"L\u2019heure de la r\u00e9demption est-elle arriv\u00e9e pour Cadillac ? - CanadaMotorJobs.com","isPartOf":{"@id":"https:\/\/news.canadamotorjobs.com\/#website"},"primaryImageOfPage":{"@id":"https:\/\/news.canadamotorjobs.com\/fr\/lheure-de-la-redemption-est-elle-arrivee-pour-cadillac\/#primaryimage"},"image":{"@id":"https:\/\/news.canadamotorjobs.com\/fr\/lheure-de-la-redemption-est-elle-arrivee-pour-cadillac\/#primaryimage"},"thumbnailUrl":"https:\/\/news.canadamotorjobs.com\/wp-content\/uploads\/2022\/07\/cadillac-celestiq-show-car-09-1.jpg","datePublished":"2022-07-20T13:28:58+00:00","dateModified":"2022-07-20T13:29:36+00:00","description":"L\u2019heure de la r\u00e9demption est-elle arriv\u00e9e pour Cadillac ? - Benoit Charette - Annuel automobile - CanadaMotorJobs.com.","breadcrumb":{"@id":"https:\/\/news.canadamotorjobs.com\/fr\/lheure-de-la-redemption-est-elle-arrivee-pour-cadillac\/#breadcrumb"},"inLanguage":"fr-CA","potentialAction":[{"@type":"ReadAction","target":["https:\/\/news.canadamotorjobs.com\/fr\/lheure-de-la-redemption-est-elle-arrivee-pour-cadillac\/"]}]},{"@type":"ImageObject","inLanguage":"fr-CA","@id":"https:\/\/news.canadamotorjobs.com\/fr\/lheure-de-la-redemption-est-elle-arrivee-pour-cadillac\/#primaryimage","url":"https:\/\/news.canadamotorjobs.com\/wp-content\/uploads\/2022\/07\/cadillac-celestiq-show-car-09-1.jpg","contentUrl":"https:\/\/news.canadamotorjobs.com\/wp-content\/uploads\/2022\/07\/cadillac-celestiq-show-car-09-1.jpg","width":1280,"height":853},{"@type":"BreadcrumbList","@id":"https:\/\/news.canadamotorjobs.com\/fr\/lheure-de-la-redemption-est-elle-arrivee-pour-cadillac\/#breadcrumb","itemListElement":[{"@type":"ListItem","position":1,"name":"Home","item":"https:\/\/news.canadamotorjobs.com\/fr\/blog\/"},{"@type":"ListItem","position":2,"name":"L\u2019heure de la r\u00e9demption est-elle arriv\u00e9e pour Cadillac ?"}]},{"@type":"WebSite","@id":"https:\/\/news.canadamotorjobs.com\/#website","url":"https:\/\/news.canadamotorjobs.com\/","name":"CanadaMotorJobs.com","description":"Automotive Jobs","publisher":{"@id":"https:\/\/news.canadamotorjobs.com\/#organization"},"potentialAction":[{"@type":"SearchAction","target":{"@type":"EntryPoint","urlTemplate":"https:\/\/news.canadamotorjobs.com\/?s={search_term_string}"},"query-input":"required name=search_term_string"}],"inLanguage":"fr-CA"},{"@type":"Organization","@id":"https:\/\/news.canadamotorjobs.com\/#organization","name":"Canada Motor Jobs","url":"https:\/\/news.canadamotorjobs.com\/","logo":{"@type":"ImageObject","inLanguage":"fr-CA","@id":"https:\/\/news.canadamotorjobs.com\/#\/schema\/logo\/image\/","url":"https:\/\/news.canadamotorjobs.com\/wp-content\/uploads\/2022\/10\/logo-canada-motor-jobs-1.png","contentUrl":"https:\/\/news.canadamotorjobs.com\/wp-content\/uploads\/2022\/10\/logo-canada-motor-jobs-1.png","width":800,"height":400,"caption":"Canada Motor Jobs"},"image":{"@id":"https:\/\/news.canadamotorjobs.com\/#\/schema\/logo\/image\/"},"sameAs":["https:\/\/www.facebook.com\/canadamotorjobs\/","https:\/\/x.com\/canadamotorjobs","https:\/\/www.instagram.com\/canadamotorjobs\/","https:\/\/www.linkedin.com\/company\/canadamotorjobs"]},{"@type":"Person","@id":"https:\/\/news.canadamotorjobs.com\/#\/schema\/person\/51793d1f87d44011d7bcc2ed99269a90","name":"Benoit Charette","image":{"@type":"ImageObject","inLanguage":"fr-CA","@id":"https:\/\/news.canadamotorjobs.com\/#\/schema\/person\/image\/","url":"https:\/\/secure.gravatar.com\/avatar\/45f3d2eebcccd909668d7ce7ea7267b6?s=96&d=mm&r=g","contentUrl":"https:\/\/secure.gravatar.com\/avatar\/45f3d2eebcccd909668d7ce7ea7267b6?s=96&d=mm&r=g","caption":"Benoit Charette"},"description":"Benoit Charette \/ Propri\u00e9taire et r\u00e9dacteur en chef Benoit Charette pratique le journalisme automobile depuis bient\u00f4t 30 ans. Il a fait ses classes au c\u00f4t\u00e9 de Daniel H\u00e9raud et au Carnet de route de 1992 \u00e0 2001. Il est fondateur, copropri\u00e9taire et r\u00e9dacteur en chef de L\u2019Annuel de l\u2019automobile, qu\u2019il publie depuis 2001. Il a anim\u00e9 les \u00e9missions RPM et RPM+ sur V et les L\u00e9gendes de la route sur Historia. \u00c0 la radio depuis 1986, il reprend l\u2019antenne cette ann\u00e9e sur les ondes de Cogeco et participe pour la deuxi\u00e8me ann\u00e9e \u00e0 l\u2019\u00e9mission Passion Auto sur RDS en plus de mettre en ligne le site Web officiel de L\u2019Annuel de l\u2019automobile sur annuelauto.ca.","sameAs":["https:\/\/annuelauto.ca\/"],"url":"https:\/\/news.canadamotorjobs.com\/fr\/author\/benoit-charette\/"}]}},"_links":{"self":[{"href":"https:\/\/news.canadamotorjobs.com\/fr\/wp-json\/wp\/v2\/posts\/42236"}],"collection":[{"href":"https:\/\/news.canadamotorjobs.com\/fr\/wp-json\/wp\/v2\/posts"}],"about":[{"href":"https:\/\/news.canadamotorjobs.com\/fr\/wp-json\/wp\/v2\/types\/post"}],"author":[{"embeddable":true,"href":"https:\/\/news.canadamotorjobs.com\/fr\/wp-json\/wp\/v2\/users\/8"}],"replies":[{"embeddable":true,"href":"https:\/\/news.canadamotorjobs.com\/fr\/wp-json\/wp\/v2\/comments?post=42236"}],"version-history":[{"count":0,"href":"https:\/\/news.canadamotorjobs.com\/fr\/wp-json\/wp\/v2\/posts\/42236\/revisions"}],"wp:featuredmedia":[{"embeddable":true,"href":"https:\/\/news.canadamotorjobs.com\/fr\/wp-json\/wp\/v2\/media\/42240"}],"wp:attachment":[{"href":"https:\/\/news.canadamotorjobs.com\/fr\/wp-json\/wp\/v2\/media?parent=42236"}],"wp:term":[{"taxonomy":"category","embeddable":true,"href":"https:\/\/news.canadamotorjobs.com\/fr\/wp-json\/wp\/v2\/categories?post=42236"},{"taxonomy":"post_tag","embeddable":true,"href":"https:\/\/news.canadamotorjobs.com\/fr\/wp-json\/wp\/v2\/tags?post=42236"}],"curies":[{"name":"wp","href":"https:\/\/api.w.org\/{rel}","templated":true}]}}