{"id":42228,"date":"2022-07-19T10:32:50","date_gmt":"2022-07-19T14:32:50","guid":{"rendered":"https:\/\/blog.canadamotorjobs.com\/la-russie-a-recommence-a-fabriquer-des-lada-niva\/"},"modified":"2022-07-19T10:44:03","modified_gmt":"2022-07-19T14:44:03","slug":"la-russie-a-recommence-a-fabriquer-des-lada-niva","status":"publish","type":"post","link":"https:\/\/news.canadamotorjobs.com\/fr\/la-russie-a-recommence-a-fabriquer-des-lada-niva\/","title":{"rendered":"La Russie a recommenc\u00e9 \u00e0 fabriquer des Lada Niva"},"content":{"rendered":"<\/p>\n<p>Avec tous les constructeurs \u00e9trangers qui ont quitt\u00e9 la Russie, cette derni\u00e8re est contrainte de remettre en production des mod\u00e8les au pass\u00e9 peu glorieux. En juin dernier, Lada avait repris la production de sa berline Granta. Cela n&#8217;a \u00e9t\u00e9 possible que gr\u00e2ce \u00e0 l&#8217;assouplissement de la r\u00e9glementation russe en mati\u00e8re de s\u00e9curit\u00e9 et d&#8217;\u00e9missions. La m\u00eame chose vient de se produire pour le Lada Niva.<br \/> Manque de pi\u00e8ces<br \/> L&#8217;invasion en Ukraine a coup\u00e9 de nombreuses cha\u00eenes d&#8217;approvisionnement en pi\u00e8ces d\u00e9tach\u00e9es, ce qui a entra\u00een\u00e9 l&#8217;arr\u00eat de la production en mars dernier de nombreuses lignes d\u2019assemblages. Les pi\u00e8ces manquantes comprenaient des puces \u00e9lectroniques, diverses pi\u00e8ces de freinage, etc. Afin de contourner ces &#8220;probl\u00e8mes&#8221;, le gouvernement russe a effectivement fait marche arri\u00e8re sur la plupart de ces exigences.<br \/> M\u00eame les Lada ont besoin de technologie<br \/> M\u00eame si le Niva est assez semblable depuis 1977, \u00a0il est \u00e9quip\u00e9 de freins ABS, de coussins gonflables, de dispositifs antipollution, de pr\u00e9tensionneurs de ceintures de s\u00e9curit\u00e9 et d&#8217;autres dispositifs de s\u00e9curit\u00e9 d\u00e9sormais incontournables. Pour l&#8217;ann\u00e9e mod\u00e8le 2022, elles ne disposent plus d&#8217;aucun de ces \u00e9l\u00e9ments. Pour continuer \u00e0 vendre ses VUS, les mod\u00e8les 2022 disposent d&#8217;une direction assist\u00e9e, de vitres avant \u00e9lectriques et du faisceau de c\u00e2blage pour une st\u00e9r\u00e9o \u00e0 deux haut-parleurs. On vient de reculer de presque 50 ans.<\/p>\n<p> Avec des renseignements de Motor Illustrated<\/p>\n<p>Le texte <a rel=\"nofollow\" href=\"https:\/\/annuelauto.ca\/la-russie-a-recommence-a-fabriquer-des-lada-niva\/\">La Russie a recommenc\u00e9 \u00e0 fabriquer des Lada Niva<\/a> provient de <a rel=\"nofollow\" href=\"https:\/\/annuelauto.ca\">L&#039;annuel de l&#039;automobile &#8211; Actualit\u00e9 automobile<\/a><\/p>\n<p> <\/p>\n","protected":false},"excerpt":{"rendered":"<p>Avec tous les constructeurs \u00e9trangers qui ont quitt\u00e9 la Russie, cette derni\u00e8re est contrainte de remettre en production des mod\u00e8les au pass\u00e9 peu glorieux. En juin dernier, Lada avait repris la production de sa berline Granta. Cela n&#8217;a \u00e9t\u00e9 possible que gr\u00e2ce \u00e0 l&#8217;assouplissement de la r\u00e9glementation russe en mati\u00e8re de s\u00e9curit\u00e9 et d&#8217;\u00e9missions. La [&hellip;]<\/p>\n","protected":false},"author":8,"featured_media":42232,"comment_status":"close","ping_status":"closed","sticky":false,"template":"","format":"standard","meta":{"_monsterinsights_skip_tracking":false,"_monsterinsights_sitenote_active":false,"_monsterinsights_sitenote_note":"","_monsterinsights_sitenote_category":0,"footnotes":""},"categories":[101],"tags":[],"yoast_head":"<!-- This site is optimized with the Yoast SEO plugin v23.2 - https:\/\/yoast.com\/wordpress\/plugins\/seo\/ -->\n<title>La Russie a recommenc\u00e9 \u00e0 fabriquer des Lada Niva - CanadaMotorJobs.com<\/title>\n<meta name=\"description\" content=\"La Russie a recommenc\u00e9 \u00e0 fabriquer des Lada Niva - Benoit Charette - Annuel automobile - CanadaMotorJobs.com.\" \/>\n<meta name=\"robots\" content=\"index, follow, max-snippet:-1, max-image-preview:large, max-video-preview:-1\" \/>\n<meta property=\"og:locale\" content=\"fr_CA\" \/>\n<meta property=\"og:type\" content=\"article\" \/>\n<meta property=\"og:title\" content=\"La Russie a recommenc\u00e9 \u00e0 fabriquer des Lada Niva - CanadaMotorJobs.com\" \/>\n<meta property=\"og:description\" content=\"La Russie a recommenc\u00e9 \u00e0 fabriquer des Lada Niva - Benoit Charette - Annuel automobile - CanadaMotorJobs.com.\" \/>\n<meta property=\"og:url\" content=\"https:\/\/news.canadamotorjobs.com\/fr\/la-russie-a-recommence-a-fabriquer-des-lada-niva\/\" \/>\n<meta property=\"og:site_name\" content=\"CanadaMotorJobs.com\" \/>\n<meta property=\"article:publisher\" content=\"https:\/\/www.facebook.com\/canadamotorjobs\/\" \/>\n<meta property=\"article:published_time\" content=\"2022-07-19T14:32:50+00:00\" \/>\n<meta property=\"article:modified_time\" content=\"2022-07-19T14:44:03+00:00\" \/>\n<meta property=\"og:image\" content=\"https:\/\/news.canadamotorjobs.com\/wp-content\/uploads\/2022\/07\/qxtacivtqysrrfxnhouv-1.jpg\" \/>\n\t<meta property=\"og:image:width\" content=\"1280\" \/>\n\t<meta property=\"og:image:height\" content=\"853\" \/>\n\t<meta property=\"og:image:type\" content=\"image\/jpeg\" \/>\n<meta name=\"author\" content=\"Benoit Charette\" \/>\n<meta name=\"twitter:card\" content=\"summary_large_image\" \/>\n<meta name=\"twitter:creator\" content=\"@canadamotorjobs\" \/>\n<meta name=\"twitter:site\" content=\"@canadamotorjobs\" \/>\n<meta name=\"twitter:label1\" content=\"\u00c9crit par\" \/>\n\t<meta name=\"twitter:data1\" content=\"Benoit Charette\" \/>\n\t<meta name=\"twitter:label2\" content=\"Estimation du temps de lecture\" \/>\n\t<meta name=\"twitter:data2\" content=\"1 minute\" \/>\n<!-- \/ Yoast SEO plugin. -->","yoast_head_json":{"title":"La Russie a recommenc\u00e9 \u00e0 fabriquer des Lada Niva - CanadaMotorJobs.com","description":"La Russie a recommenc\u00e9 \u00e0 fabriquer des Lada Niva - Benoit Charette - Annuel automobile - CanadaMotorJobs.com.","robots":{"index":"index","follow":"follow","max-snippet":"max-snippet:-1","max-image-preview":"max-image-preview:large","max-video-preview":"max-video-preview:-1"},"og_locale":"fr_CA","og_type":"article","og_title":"La Russie a recommenc\u00e9 \u00e0 fabriquer des Lada Niva - CanadaMotorJobs.com","og_description":"La Russie a recommenc\u00e9 \u00e0 fabriquer des Lada Niva - Benoit Charette - Annuel automobile - CanadaMotorJobs.com.","og_url":"https:\/\/news.canadamotorjobs.com\/fr\/la-russie-a-recommence-a-fabriquer-des-lada-niva\/","og_site_name":"CanadaMotorJobs.com","article_publisher":"https:\/\/www.facebook.com\/canadamotorjobs\/","article_published_time":"2022-07-19T14:32:50+00:00","article_modified_time":"2022-07-19T14:44:03+00:00","og_image":[{"width":1280,"height":853,"url":"https:\/\/news.canadamotorjobs.com\/wp-content\/uploads\/2022\/07\/qxtacivtqysrrfxnhouv-1.jpg","type":"image\/jpeg"}],"author":"Benoit Charette","twitter_card":"summary_large_image","twitter_creator":"@canadamotorjobs","twitter_site":"@canadamotorjobs","twitter_misc":{"\u00c9crit par":"Benoit Charette","Estimation du temps de lecture":"1 minute"},"schema":{"@context":"https:\/\/schema.org","@graph":[{"@type":"Article","@id":"https:\/\/news.canadamotorjobs.com\/fr\/la-russie-a-recommence-a-fabriquer-des-lada-niva\/#article","isPartOf":{"@id":"https:\/\/news.canadamotorjobs.com\/fr\/la-russie-a-recommence-a-fabriquer-des-lada-niva\/"},"author":{"name":"Benoit Charette","@id":"https:\/\/news.canadamotorjobs.com\/#\/schema\/person\/51793d1f87d44011d7bcc2ed99269a90"},"headline":"La Russie a recommenc\u00e9 \u00e0 fabriquer des Lada Niva","datePublished":"2022-07-19T14:32:50+00:00","dateModified":"2022-07-19T14:44:03+00:00","mainEntityOfPage":{"@id":"https:\/\/news.canadamotorjobs.com\/fr\/la-russie-a-recommence-a-fabriquer-des-lada-niva\/"},"wordCount":284,"publisher":{"@id":"https:\/\/news.canadamotorjobs.com\/#organization"},"image":{"@id":"https:\/\/news.canadamotorjobs.com\/fr\/la-russie-a-recommence-a-fabriquer-des-lada-niva\/#primaryimage"},"thumbnailUrl":"https:\/\/news.canadamotorjobs.com\/wp-content\/uploads\/2022\/07\/qxtacivtqysrrfxnhouv-1.jpg","articleSection":["Annuel automobile"],"inLanguage":"fr-CA"},{"@type":"WebPage","@id":"https:\/\/news.canadamotorjobs.com\/fr\/la-russie-a-recommence-a-fabriquer-des-lada-niva\/","url":"https:\/\/news.canadamotorjobs.com\/fr\/la-russie-a-recommence-a-fabriquer-des-lada-niva\/","name":"La Russie a recommenc\u00e9 \u00e0 fabriquer des Lada Niva - CanadaMotorJobs.com","isPartOf":{"@id":"https:\/\/news.canadamotorjobs.com\/#website"},"primaryImageOfPage":{"@id":"https:\/\/news.canadamotorjobs.com\/fr\/la-russie-a-recommence-a-fabriquer-des-lada-niva\/#primaryimage"},"image":{"@id":"https:\/\/news.canadamotorjobs.com\/fr\/la-russie-a-recommence-a-fabriquer-des-lada-niva\/#primaryimage"},"thumbnailUrl":"https:\/\/news.canadamotorjobs.com\/wp-content\/uploads\/2022\/07\/qxtacivtqysrrfxnhouv-1.jpg","datePublished":"2022-07-19T14:32:50+00:00","dateModified":"2022-07-19T14:44:03+00:00","description":"La Russie a recommenc\u00e9 \u00e0 fabriquer des Lada Niva - Benoit Charette - Annuel automobile - CanadaMotorJobs.com.","breadcrumb":{"@id":"https:\/\/news.canadamotorjobs.com\/fr\/la-russie-a-recommence-a-fabriquer-des-lada-niva\/#breadcrumb"},"inLanguage":"fr-CA","potentialAction":[{"@type":"ReadAction","target":["https:\/\/news.canadamotorjobs.com\/fr\/la-russie-a-recommence-a-fabriquer-des-lada-niva\/"]}]},{"@type":"ImageObject","inLanguage":"fr-CA","@id":"https:\/\/news.canadamotorjobs.com\/fr\/la-russie-a-recommence-a-fabriquer-des-lada-niva\/#primaryimage","url":"https:\/\/news.canadamotorjobs.com\/wp-content\/uploads\/2022\/07\/qxtacivtqysrrfxnhouv-1.jpg","contentUrl":"https:\/\/news.canadamotorjobs.com\/wp-content\/uploads\/2022\/07\/qxtacivtqysrrfxnhouv-1.jpg","width":1280,"height":853},{"@type":"BreadcrumbList","@id":"https:\/\/news.canadamotorjobs.com\/fr\/la-russie-a-recommence-a-fabriquer-des-lada-niva\/#breadcrumb","itemListElement":[{"@type":"ListItem","position":1,"name":"Home","item":"https:\/\/news.canadamotorjobs.com\/fr\/blog\/"},{"@type":"ListItem","position":2,"name":"La Russie a recommenc\u00e9 \u00e0 fabriquer des Lada Niva"}]},{"@type":"WebSite","@id":"https:\/\/news.canadamotorjobs.com\/#website","url":"https:\/\/news.canadamotorjobs.com\/","name":"CanadaMotorJobs.com","description":"Automotive Jobs","publisher":{"@id":"https:\/\/news.canadamotorjobs.com\/#organization"},"potentialAction":[{"@type":"SearchAction","target":{"@type":"EntryPoint","urlTemplate":"https:\/\/news.canadamotorjobs.com\/?s={search_term_string}"},"query-input":"required name=search_term_string"}],"inLanguage":"fr-CA"},{"@type":"Organization","@id":"https:\/\/news.canadamotorjobs.com\/#organization","name":"Canada Motor Jobs","url":"https:\/\/news.canadamotorjobs.com\/","logo":{"@type":"ImageObject","inLanguage":"fr-CA","@id":"https:\/\/news.canadamotorjobs.com\/#\/schema\/logo\/image\/","url":"https:\/\/news.canadamotorjobs.com\/wp-content\/uploads\/2022\/10\/logo-canada-motor-jobs-1.png","contentUrl":"https:\/\/news.canadamotorjobs.com\/wp-content\/uploads\/2022\/10\/logo-canada-motor-jobs-1.png","width":800,"height":400,"caption":"Canada Motor Jobs"},"image":{"@id":"https:\/\/news.canadamotorjobs.com\/#\/schema\/logo\/image\/"},"sameAs":["https:\/\/www.facebook.com\/canadamotorjobs\/","https:\/\/x.com\/canadamotorjobs","https:\/\/www.instagram.com\/canadamotorjobs\/","https:\/\/www.linkedin.com\/company\/canadamotorjobs"]},{"@type":"Person","@id":"https:\/\/news.canadamotorjobs.com\/#\/schema\/person\/51793d1f87d44011d7bcc2ed99269a90","name":"Benoit Charette","image":{"@type":"ImageObject","inLanguage":"fr-CA","@id":"https:\/\/news.canadamotorjobs.com\/#\/schema\/person\/image\/","url":"https:\/\/secure.gravatar.com\/avatar\/45f3d2eebcccd909668d7ce7ea7267b6?s=96&d=mm&r=g","contentUrl":"https:\/\/secure.gravatar.com\/avatar\/45f3d2eebcccd909668d7ce7ea7267b6?s=96&d=mm&r=g","caption":"Benoit Charette"},"description":"Benoit Charette \/ Propri\u00e9taire et r\u00e9dacteur en chef Benoit Charette pratique le journalisme automobile depuis bient\u00f4t 30 ans. Il a fait ses classes au c\u00f4t\u00e9 de Daniel H\u00e9raud et au Carnet de route de 1992 \u00e0 2001. Il est fondateur, copropri\u00e9taire et r\u00e9dacteur en chef de L\u2019Annuel de l\u2019automobile, qu\u2019il publie depuis 2001. Il a anim\u00e9 les \u00e9missions RPM et RPM+ sur V et les L\u00e9gendes de la route sur Historia. \u00c0 la radio depuis 1986, il reprend l\u2019antenne cette ann\u00e9e sur les ondes de Cogeco et participe pour la deuxi\u00e8me ann\u00e9e \u00e0 l\u2019\u00e9mission Passion Auto sur RDS en plus de mettre en ligne le site Web officiel de L\u2019Annuel de l\u2019automobile sur annuelauto.ca.","sameAs":["https:\/\/annuelauto.ca\/"],"url":"https:\/\/news.canadamotorjobs.com\/fr\/author\/benoit-charette\/"}]}},"_links":{"self":[{"href":"https:\/\/news.canadamotorjobs.com\/fr\/wp-json\/wp\/v2\/posts\/42228"}],"collection":[{"href":"https:\/\/news.canadamotorjobs.com\/fr\/wp-json\/wp\/v2\/posts"}],"about":[{"href":"https:\/\/news.canadamotorjobs.com\/fr\/wp-json\/wp\/v2\/types\/post"}],"author":[{"embeddable":true,"href":"https:\/\/news.canadamotorjobs.com\/fr\/wp-json\/wp\/v2\/users\/8"}],"replies":[{"embeddable":true,"href":"https:\/\/news.canadamotorjobs.com\/fr\/wp-json\/wp\/v2\/comments?post=42228"}],"version-history":[{"count":0,"href":"https:\/\/news.canadamotorjobs.com\/fr\/wp-json\/wp\/v2\/posts\/42228\/revisions"}],"wp:featuredmedia":[{"embeddable":true,"href":"https:\/\/news.canadamotorjobs.com\/fr\/wp-json\/wp\/v2\/media\/42232"}],"wp:attachment":[{"href":"https:\/\/news.canadamotorjobs.com\/fr\/wp-json\/wp\/v2\/media?parent=42228"}],"wp:term":[{"taxonomy":"category","embeddable":true,"href":"https:\/\/news.canadamotorjobs.com\/fr\/wp-json\/wp\/v2\/categories?post=42228"},{"taxonomy":"post_tag","embeddable":true,"href":"https:\/\/news.canadamotorjobs.com\/fr\/wp-json\/wp\/v2\/tags?post=42228"}],"curies":[{"name":"wp","href":"https:\/\/api.w.org\/{rel}","templated":true}]}}