{"id":42220,"date":"2022-07-19T07:50:44","date_gmt":"2022-07-19T11:50:44","guid":{"rendered":"https:\/\/blog.canadamotorjobs.com\/voici-le-chevrolet-blazer-ev-2024\/"},"modified":"2022-07-19T07:58:53","modified_gmt":"2022-07-19T11:58:53","slug":"voici-le-chevrolet-blazer-ev-2024","status":"publish","type":"post","link":"https:\/\/news.canadamotorjobs.com\/fr\/voici-le-chevrolet-blazer-ev-2024\/","title":{"rendered":"Voici le Chevrolet Blazer EV 2024"},"content":{"rendered":"<\/p>\n<p>Los Angeles, Californie. GM pr\u00e9sentait ce soir le tout premier Blazer EV 2024 tout \u00e9lectrique.<br \/> Jusqu\u2019\u00e0 515\u00a0km d\u2019autonomie<br \/> Le Blazer sera pr\u00e9sent\u00e9 en plusieurs versions allant des mod\u00e8les 1LT, 2LT et RS ainsi qu\u2019une version SS de Chevrolet et m\u00eame un mod\u00e8le PPV (Police Pursuit Vehicle) pour les flottes de police, pr\u00e9vue pour l&#8217;\u00e9t\u00e9 2023. La version avec la meilleure autonomie sera la version RS \u00e0 propulsion qui atteindra 515\u00a0km d\u2019autonomie. Le Blazer EV est bas\u00e9 sur la plateforme Ultium12. Pour ceux qui cherchent la performance avant l\u2019autonomie, il faut se tourner vers la version SS. Il est dot\u00e9 d\u2019un rouage int\u00e9gral, d&#8217;un mode WOW (Wide open Watts) unique permettant de d\u00e9velopper jusqu&#8217;\u00e0 564 chevaux et jusqu&#8217;\u00e0 648\u00a0lb-pi de couple.<br \/> La technologie au rendez-vous<br \/> Le Blazer va offrir une charge de niveau 2 (CA) de 11\u00a0kW et la capacit\u00e9 de charge rapide en courant continu jusqu&#8217;\u00e0 190\u00a0kW, permet aux conducteurs d&#8217;augmenter l&#8217;autonomie d&#8217;environ 125\u00a0km en 10 minutes. \u00c0 l\u2019int\u00e9rieur, on retrouve un \u00e9cran tactile et personnalisable de 17,7 pouces de diagonale. L\u2019\u00e9clairage ext\u00e9rieur est enti\u00e8rement \u00e0 DEL, avec animation chor\u00e9graphique de mont\u00e9e et de descente sur les mod\u00e8les RS et SS. GM va aussi offrir la technologie de conduite de mains libres Super Cruise en option sur les mod\u00e8les hauts de gamme. Tout comme le Blazer \u00e0 essence, le Blazer EV offre 2 rang\u00e9es de si\u00e8ges, des garnitures et des \u00e9l\u00e9ments de design exclusifs aux RS et SS, notamment des surpiq\u00fbres contrastantes bleues et rouges sur la RS, et des<\/p>\n","protected":false},"excerpt":{"rendered":"<p>Los Angeles, Californie. GM pr\u00e9sentait ce soir le tout premier Blazer EV 2024 tout \u00e9lectrique. Jusqu\u2019\u00e0 515\u00a0km d\u2019autonomie Le Blazer sera pr\u00e9sent\u00e9 en plusieurs versions allant des mod\u00e8les 1LT, 2LT et RS ainsi qu\u2019une version SS de Chevrolet et m\u00eame un mod\u00e8le PPV (Police Pursuit Vehicle) pour les flottes de police, pr\u00e9vue pour l&#8217;\u00e9t\u00e9 2023. [&hellip;]<\/p>\n","protected":false},"author":8,"featured_media":42224,"comment_status":"close","ping_status":"closed","sticky":false,"template":"","format":"standard","meta":{"_monsterinsights_skip_tracking":false,"_monsterinsights_sitenote_active":false,"_monsterinsights_sitenote_note":"","_monsterinsights_sitenote_category":0,"footnotes":""},"categories":[101],"tags":[],"yoast_head":"<!-- This site is optimized with the Yoast SEO plugin v23.2 - https:\/\/yoast.com\/wordpress\/plugins\/seo\/ -->\n<title>Voici le Chevrolet Blazer EV 2024 - CanadaMotorJobs.com<\/title>\n<meta name=\"description\" content=\"Voici le Chevrolet Blazer EV 2024 - Benoit Charette - Annuel automobile - CanadaMotorJobs.com.\" \/>\n<meta name=\"robots\" content=\"index, follow, max-snippet:-1, max-image-preview:large, max-video-preview:-1\" \/>\n<meta property=\"og:locale\" content=\"fr_CA\" \/>\n<meta property=\"og:type\" content=\"article\" \/>\n<meta property=\"og:title\" content=\"Voici le Chevrolet Blazer EV 2024 - CanadaMotorJobs.com\" \/>\n<meta property=\"og:description\" content=\"Voici le Chevrolet Blazer EV 2024 - Benoit Charette - Annuel automobile - CanadaMotorJobs.com.\" \/>\n<meta property=\"og:url\" content=\"https:\/\/news.canadamotorjobs.com\/fr\/voici-le-chevrolet-blazer-ev-2024\/\" \/>\n<meta property=\"og:site_name\" content=\"CanadaMotorJobs.com\" \/>\n<meta property=\"article:publisher\" content=\"https:\/\/www.facebook.com\/canadamotorjobs\/\" \/>\n<meta property=\"article:published_time\" content=\"2022-07-19T11:50:44+00:00\" \/>\n<meta property=\"article:modified_time\" content=\"2022-07-19T11:58:53+00:00\" \/>\n<meta property=\"og:image\" content=\"https:\/\/news.canadamotorjobs.com\/wp-content\/uploads\/2022\/07\/IMG_5610-1.jpg\" \/>\n\t<meta property=\"og:image:width\" content=\"1333\" \/>\n\t<meta property=\"og:image:height\" content=\"1000\" \/>\n\t<meta property=\"og:image:type\" content=\"image\/jpeg\" \/>\n<meta name=\"author\" content=\"Benoit Charette\" \/>\n<meta name=\"twitter:card\" content=\"summary_large_image\" \/>\n<meta name=\"twitter:creator\" content=\"@canadamotorjobs\" \/>\n<meta name=\"twitter:site\" content=\"@canadamotorjobs\" \/>\n<meta name=\"twitter:label1\" content=\"\u00c9crit par\" \/>\n\t<meta name=\"twitter:data1\" content=\"Benoit Charette\" \/>\n\t<meta name=\"twitter:label2\" content=\"Estimation du temps de lecture\" \/>\n\t<meta name=\"twitter:data2\" content=\"1 minute\" \/>\n<!-- \/ Yoast SEO plugin. -->","yoast_head_json":{"title":"Voici le Chevrolet Blazer EV 2024 - CanadaMotorJobs.com","description":"Voici le Chevrolet Blazer EV 2024 - Benoit Charette - Annuel automobile - CanadaMotorJobs.com.","robots":{"index":"index","follow":"follow","max-snippet":"max-snippet:-1","max-image-preview":"max-image-preview:large","max-video-preview":"max-video-preview:-1"},"og_locale":"fr_CA","og_type":"article","og_title":"Voici le Chevrolet Blazer EV 2024 - CanadaMotorJobs.com","og_description":"Voici le Chevrolet Blazer EV 2024 - Benoit Charette - Annuel automobile - CanadaMotorJobs.com.","og_url":"https:\/\/news.canadamotorjobs.com\/fr\/voici-le-chevrolet-blazer-ev-2024\/","og_site_name":"CanadaMotorJobs.com","article_publisher":"https:\/\/www.facebook.com\/canadamotorjobs\/","article_published_time":"2022-07-19T11:50:44+00:00","article_modified_time":"2022-07-19T11:58:53+00:00","og_image":[{"width":1333,"height":1000,"url":"https:\/\/news.canadamotorjobs.com\/wp-content\/uploads\/2022\/07\/IMG_5610-1.jpg","type":"image\/jpeg"}],"author":"Benoit Charette","twitter_card":"summary_large_image","twitter_creator":"@canadamotorjobs","twitter_site":"@canadamotorjobs","twitter_misc":{"\u00c9crit par":"Benoit Charette","Estimation du temps de lecture":"1 minute"},"schema":{"@context":"https:\/\/schema.org","@graph":[{"@type":"Article","@id":"https:\/\/news.canadamotorjobs.com\/fr\/voici-le-chevrolet-blazer-ev-2024\/#article","isPartOf":{"@id":"https:\/\/news.canadamotorjobs.com\/fr\/voici-le-chevrolet-blazer-ev-2024\/"},"author":{"name":"Benoit Charette","@id":"https:\/\/news.canadamotorjobs.com\/#\/schema\/person\/51793d1f87d44011d7bcc2ed99269a90"},"headline":"Voici le Chevrolet Blazer EV 2024","datePublished":"2022-07-19T11:50:44+00:00","dateModified":"2022-07-19T11:58:53+00:00","mainEntityOfPage":{"@id":"https:\/\/news.canadamotorjobs.com\/fr\/voici-le-chevrolet-blazer-ev-2024\/"},"wordCount":275,"publisher":{"@id":"https:\/\/news.canadamotorjobs.com\/#organization"},"image":{"@id":"https:\/\/news.canadamotorjobs.com\/fr\/voici-le-chevrolet-blazer-ev-2024\/#primaryimage"},"thumbnailUrl":"https:\/\/news.canadamotorjobs.com\/wp-content\/uploads\/2022\/07\/IMG_5610-1.jpg","articleSection":["Annuel automobile"],"inLanguage":"fr-CA"},{"@type":"WebPage","@id":"https:\/\/news.canadamotorjobs.com\/fr\/voici-le-chevrolet-blazer-ev-2024\/","url":"https:\/\/news.canadamotorjobs.com\/fr\/voici-le-chevrolet-blazer-ev-2024\/","name":"Voici le Chevrolet Blazer EV 2024 - CanadaMotorJobs.com","isPartOf":{"@id":"https:\/\/news.canadamotorjobs.com\/#website"},"primaryImageOfPage":{"@id":"https:\/\/news.canadamotorjobs.com\/fr\/voici-le-chevrolet-blazer-ev-2024\/#primaryimage"},"image":{"@id":"https:\/\/news.canadamotorjobs.com\/fr\/voici-le-chevrolet-blazer-ev-2024\/#primaryimage"},"thumbnailUrl":"https:\/\/news.canadamotorjobs.com\/wp-content\/uploads\/2022\/07\/IMG_5610-1.jpg","datePublished":"2022-07-19T11:50:44+00:00","dateModified":"2022-07-19T11:58:53+00:00","description":"Voici le Chevrolet Blazer EV 2024 - Benoit Charette - Annuel automobile - CanadaMotorJobs.com.","breadcrumb":{"@id":"https:\/\/news.canadamotorjobs.com\/fr\/voici-le-chevrolet-blazer-ev-2024\/#breadcrumb"},"inLanguage":"fr-CA","potentialAction":[{"@type":"ReadAction","target":["https:\/\/news.canadamotorjobs.com\/fr\/voici-le-chevrolet-blazer-ev-2024\/"]}]},{"@type":"ImageObject","inLanguage":"fr-CA","@id":"https:\/\/news.canadamotorjobs.com\/fr\/voici-le-chevrolet-blazer-ev-2024\/#primaryimage","url":"https:\/\/news.canadamotorjobs.com\/wp-content\/uploads\/2022\/07\/IMG_5610-1.jpg","contentUrl":"https:\/\/news.canadamotorjobs.com\/wp-content\/uploads\/2022\/07\/IMG_5610-1.jpg","width":1333,"height":1000},{"@type":"BreadcrumbList","@id":"https:\/\/news.canadamotorjobs.com\/fr\/voici-le-chevrolet-blazer-ev-2024\/#breadcrumb","itemListElement":[{"@type":"ListItem","position":1,"name":"Home","item":"https:\/\/news.canadamotorjobs.com\/fr\/blog\/"},{"@type":"ListItem","position":2,"name":"Voici le Chevrolet Blazer EV 2024"}]},{"@type":"WebSite","@id":"https:\/\/news.canadamotorjobs.com\/#website","url":"https:\/\/news.canadamotorjobs.com\/","name":"CanadaMotorJobs.com","description":"Automotive Jobs","publisher":{"@id":"https:\/\/news.canadamotorjobs.com\/#organization"},"potentialAction":[{"@type":"SearchAction","target":{"@type":"EntryPoint","urlTemplate":"https:\/\/news.canadamotorjobs.com\/?s={search_term_string}"},"query-input":"required name=search_term_string"}],"inLanguage":"fr-CA"},{"@type":"Organization","@id":"https:\/\/news.canadamotorjobs.com\/#organization","name":"Canada Motor Jobs","url":"https:\/\/news.canadamotorjobs.com\/","logo":{"@type":"ImageObject","inLanguage":"fr-CA","@id":"https:\/\/news.canadamotorjobs.com\/#\/schema\/logo\/image\/","url":"https:\/\/news.canadamotorjobs.com\/wp-content\/uploads\/2022\/10\/logo-canada-motor-jobs-1.png","contentUrl":"https:\/\/news.canadamotorjobs.com\/wp-content\/uploads\/2022\/10\/logo-canada-motor-jobs-1.png","width":800,"height":400,"caption":"Canada Motor Jobs"},"image":{"@id":"https:\/\/news.canadamotorjobs.com\/#\/schema\/logo\/image\/"},"sameAs":["https:\/\/www.facebook.com\/canadamotorjobs\/","https:\/\/x.com\/canadamotorjobs","https:\/\/www.instagram.com\/canadamotorjobs\/","https:\/\/www.linkedin.com\/company\/canadamotorjobs"]},{"@type":"Person","@id":"https:\/\/news.canadamotorjobs.com\/#\/schema\/person\/51793d1f87d44011d7bcc2ed99269a90","name":"Benoit Charette","image":{"@type":"ImageObject","inLanguage":"fr-CA","@id":"https:\/\/news.canadamotorjobs.com\/#\/schema\/person\/image\/","url":"https:\/\/secure.gravatar.com\/avatar\/45f3d2eebcccd909668d7ce7ea7267b6?s=96&d=mm&r=g","contentUrl":"https:\/\/secure.gravatar.com\/avatar\/45f3d2eebcccd909668d7ce7ea7267b6?s=96&d=mm&r=g","caption":"Benoit Charette"},"description":"Benoit Charette \/ Propri\u00e9taire et r\u00e9dacteur en chef Benoit Charette pratique le journalisme automobile depuis bient\u00f4t 30 ans. Il a fait ses classes au c\u00f4t\u00e9 de Daniel H\u00e9raud et au Carnet de route de 1992 \u00e0 2001. Il est fondateur, copropri\u00e9taire et r\u00e9dacteur en chef de L\u2019Annuel de l\u2019automobile, qu\u2019il publie depuis 2001. Il a anim\u00e9 les \u00e9missions RPM et RPM+ sur V et les L\u00e9gendes de la route sur Historia. \u00c0 la radio depuis 1986, il reprend l\u2019antenne cette ann\u00e9e sur les ondes de Cogeco et participe pour la deuxi\u00e8me ann\u00e9e \u00e0 l\u2019\u00e9mission Passion Auto sur RDS en plus de mettre en ligne le site Web officiel de L\u2019Annuel de l\u2019automobile sur annuelauto.ca.","sameAs":["https:\/\/annuelauto.ca\/"],"url":"https:\/\/news.canadamotorjobs.com\/fr\/author\/benoit-charette\/"}]}},"_links":{"self":[{"href":"https:\/\/news.canadamotorjobs.com\/fr\/wp-json\/wp\/v2\/posts\/42220"}],"collection":[{"href":"https:\/\/news.canadamotorjobs.com\/fr\/wp-json\/wp\/v2\/posts"}],"about":[{"href":"https:\/\/news.canadamotorjobs.com\/fr\/wp-json\/wp\/v2\/types\/post"}],"author":[{"embeddable":true,"href":"https:\/\/news.canadamotorjobs.com\/fr\/wp-json\/wp\/v2\/users\/8"}],"replies":[{"embeddable":true,"href":"https:\/\/news.canadamotorjobs.com\/fr\/wp-json\/wp\/v2\/comments?post=42220"}],"version-history":[{"count":0,"href":"https:\/\/news.canadamotorjobs.com\/fr\/wp-json\/wp\/v2\/posts\/42220\/revisions"}],"wp:featuredmedia":[{"embeddable":true,"href":"https:\/\/news.canadamotorjobs.com\/fr\/wp-json\/wp\/v2\/media\/42224"}],"wp:attachment":[{"href":"https:\/\/news.canadamotorjobs.com\/fr\/wp-json\/wp\/v2\/media?parent=42220"}],"wp:term":[{"taxonomy":"category","embeddable":true,"href":"https:\/\/news.canadamotorjobs.com\/fr\/wp-json\/wp\/v2\/categories?post=42220"},{"taxonomy":"post_tag","embeddable":true,"href":"https:\/\/news.canadamotorjobs.com\/fr\/wp-json\/wp\/v2\/tags?post=42220"}],"curies":[{"name":"wp","href":"https:\/\/api.w.org\/{rel}","templated":true}]}}