{"id":42204,"date":"2022-07-18T06:35:29","date_gmt":"2022-07-18T10:35:29","guid":{"rendered":"https:\/\/blog.canadamotorjobs.com\/18-juillet-1936-naissance-de-la-wienermobile\/"},"modified":"2022-07-18T06:44:39","modified_gmt":"2022-07-18T10:44:39","slug":"18-juillet-1936-naissance-de-la-wienermobile","status":"publish","type":"post","link":"https:\/\/news.canadamotorjobs.com\/fr\/18-juillet-1936-naissance-de-la-wienermobile\/","title":{"rendered":"18 juillet 1936\u00a0: Naissance de la Wienermobile"},"content":{"rendered":"<\/p>\n<p>La premi\u00e8re &#8220;Wienermobile&#8221;, une automobile en forme de hot-dog utilis\u00e9e pour faire la publicit\u00e9 des produits Oscar Mayer, cr\u00e9\u00e9e par le neveu d&#8217;Oscar, Carl G. Mayer, sort de l&#8217;usine de la General Body Company \u00e0 Chicago. Le co\u00fbt du v\u00e9hicule promotionnel \u00e9tait de 5000 dollars.<br \/> Populaire apr\u00e8s la guerre<br \/> \u00c0 la fin de la Seconde Guerre mondiale, Oscar Mayer et la Gerstenslager Company ont cr\u00e9\u00e9 dans les ann\u00e9es 1950 plusieurs nouveaux v\u00e9hicules utilisant un ch\u00e2ssis de Dodge ou de Willys Jeep. L&#8217;un de ces mod\u00e8les est expos\u00e9 au Henry Ford Museum de Dearborn, dans le Michigan. Ces Wienermobiles \u00e9taient pilot\u00e9es par &#8220;Little Oscar&#8221; qui visitait les magasins, les \u00e9coles, les orphelinats et les h\u00f4pitaux pour enfants et participait aux parades et aux festivals.<br \/> D\u2019autres mod\u00e8les en 1969<br \/> En 1969, de nouvelles Wienermobiles ont \u00e9t\u00e9 construites sur un ch\u00e2ssis Chevrolet et \u00e9quip\u00e9es de feux arri\u00e8re de Ford Thunderbird. Le v\u00e9hicule de 1969 fut la premi\u00e8re Wienermobile \u00e0 voyager en dehors des \u00c9tats-Unis. En 1976, Plastic Products, Inc. a construit un mod\u00e8le en fibre de verre et en styromousse, toujours sur un ch\u00e2ssis de Chevrolet. En 1988, Oscar Mayer a lanc\u00e9 son programme Hotdogger, dans le cadre duquel de jeunes dipl\u00f4m\u00e9s \u00e9taient engag\u00e9s pour conduire la Wienermobile dans diff\u00e9rentes r\u00e9gions du pays et \u00e0 l&#8217;\u00e9tranger. En utilisant un ch\u00e2ssis de fourgon Chevrolet converti, Stevens Automotive Corporation et le c\u00e9l\u00e8bre designer industriel Brooks Stevens ont construit une flotte de six Wienermobiles pour la nouvelle \u00e9quipe de Hotdoggers.<\/p>\n<p> Avec la version 1995, la<\/p>\n","protected":false},"excerpt":{"rendered":"<p>La premi\u00e8re &#8220;Wienermobile&#8221;, une automobile en forme de hot-dog utilis\u00e9e pour faire la publicit\u00e9 des produits Oscar Mayer, cr\u00e9\u00e9e par le neveu d&#8217;Oscar, Carl G. Mayer, sort de l&#8217;usine de la General Body Company \u00e0 Chicago. Le co\u00fbt du v\u00e9hicule promotionnel \u00e9tait de 5000 dollars. Populaire apr\u00e8s la guerre \u00c0 la fin de la Seconde [&hellip;]<\/p>\n","protected":false},"author":8,"featured_media":42208,"comment_status":"close","ping_status":"closed","sticky":false,"template":"","format":"standard","meta":{"_monsterinsights_skip_tracking":false,"_monsterinsights_sitenote_active":false,"_monsterinsights_sitenote_note":"","_monsterinsights_sitenote_category":0,"footnotes":""},"categories":[101],"tags":[],"yoast_head":"<!-- This site is optimized with the Yoast SEO plugin v23.2 - https:\/\/yoast.com\/wordpress\/plugins\/seo\/ -->\n<title>18 juillet 1936\u00a0: Naissance de la Wienermobile - CanadaMotorJobs.com<\/title>\n<meta name=\"description\" content=\"18 juillet 1936\u00a0: Naissance de la Wienermobile - Benoit Charette - Annuel automobile - CanadaMotorJobs.com.\" \/>\n<meta name=\"robots\" content=\"index, follow, max-snippet:-1, max-image-preview:large, max-video-preview:-1\" \/>\n<meta property=\"og:locale\" content=\"fr_CA\" \/>\n<meta property=\"og:type\" content=\"article\" \/>\n<meta property=\"og:title\" content=\"18 juillet 1936\u00a0: Naissance de la Wienermobile - CanadaMotorJobs.com\" \/>\n<meta property=\"og:description\" content=\"18 juillet 1936\u00a0: Naissance de la Wienermobile - Benoit Charette - Annuel automobile - CanadaMotorJobs.com.\" \/>\n<meta property=\"og:url\" content=\"https:\/\/news.canadamotorjobs.com\/fr\/18-juillet-1936-naissance-de-la-wienermobile\/\" \/>\n<meta property=\"og:site_name\" content=\"CanadaMotorJobs.com\" \/>\n<meta property=\"article:publisher\" content=\"https:\/\/www.facebook.com\/canadamotorjobs\/\" \/>\n<meta property=\"article:published_time\" content=\"2022-07-18T10:35:29+00:00\" \/>\n<meta property=\"article:modified_time\" content=\"2022-07-18T10:44:39+00:00\" \/>\n<meta property=\"og:image\" content=\"https:\/\/news.canadamotorjobs.com\/wp-content\/uploads\/2022\/07\/Wienermobile_with_added_cockpit_1936_Oscar_Mayer_Foods_Corporation_Madison_WI_-_Wisconsin_Historical_Museum_-_DSC03417-scaled-1-1.jpg\" \/>\n\t<meta property=\"og:image:width\" content=\"2560\" \/>\n\t<meta property=\"og:image:height\" content=\"1678\" \/>\n\t<meta property=\"og:image:type\" content=\"image\/jpeg\" \/>\n<meta name=\"author\" content=\"Benoit Charette\" \/>\n<meta name=\"twitter:card\" content=\"summary_large_image\" \/>\n<meta name=\"twitter:creator\" content=\"@canadamotorjobs\" \/>\n<meta name=\"twitter:site\" content=\"@canadamotorjobs\" \/>\n<meta name=\"twitter:label1\" content=\"\u00c9crit par\" \/>\n\t<meta name=\"twitter:data1\" content=\"Benoit Charette\" \/>\n\t<meta name=\"twitter:label2\" content=\"Estimation du temps de lecture\" \/>\n\t<meta name=\"twitter:data2\" content=\"1 minute\" \/>\n<!-- \/ Yoast SEO plugin. -->","yoast_head_json":{"title":"18 juillet 1936\u00a0: Naissance de la Wienermobile - CanadaMotorJobs.com","description":"18 juillet 1936\u00a0: Naissance de la Wienermobile - Benoit Charette - Annuel automobile - CanadaMotorJobs.com.","robots":{"index":"index","follow":"follow","max-snippet":"max-snippet:-1","max-image-preview":"max-image-preview:large","max-video-preview":"max-video-preview:-1"},"og_locale":"fr_CA","og_type":"article","og_title":"18 juillet 1936\u00a0: Naissance de la Wienermobile - CanadaMotorJobs.com","og_description":"18 juillet 1936\u00a0: Naissance de la Wienermobile - Benoit Charette - Annuel automobile - CanadaMotorJobs.com.","og_url":"https:\/\/news.canadamotorjobs.com\/fr\/18-juillet-1936-naissance-de-la-wienermobile\/","og_site_name":"CanadaMotorJobs.com","article_publisher":"https:\/\/www.facebook.com\/canadamotorjobs\/","article_published_time":"2022-07-18T10:35:29+00:00","article_modified_time":"2022-07-18T10:44:39+00:00","og_image":[{"width":2560,"height":1678,"url":"https:\/\/news.canadamotorjobs.com\/wp-content\/uploads\/2022\/07\/Wienermobile_with_added_cockpit_1936_Oscar_Mayer_Foods_Corporation_Madison_WI_-_Wisconsin_Historical_Museum_-_DSC03417-scaled-1-1.jpg","type":"image\/jpeg"}],"author":"Benoit Charette","twitter_card":"summary_large_image","twitter_creator":"@canadamotorjobs","twitter_site":"@canadamotorjobs","twitter_misc":{"\u00c9crit par":"Benoit Charette","Estimation du temps de lecture":"1 minute"},"schema":{"@context":"https:\/\/schema.org","@graph":[{"@type":"Article","@id":"https:\/\/news.canadamotorjobs.com\/fr\/18-juillet-1936-naissance-de-la-wienermobile\/#article","isPartOf":{"@id":"https:\/\/news.canadamotorjobs.com\/fr\/18-juillet-1936-naissance-de-la-wienermobile\/"},"author":{"name":"Benoit Charette","@id":"https:\/\/news.canadamotorjobs.com\/#\/schema\/person\/51793d1f87d44011d7bcc2ed99269a90"},"headline":"18 juillet 1936\u00a0: Naissance de la Wienermobile","datePublished":"2022-07-18T10:35:29+00:00","dateModified":"2022-07-18T10:44:39+00:00","mainEntityOfPage":{"@id":"https:\/\/news.canadamotorjobs.com\/fr\/18-juillet-1936-naissance-de-la-wienermobile\/"},"wordCount":275,"publisher":{"@id":"https:\/\/news.canadamotorjobs.com\/#organization"},"image":{"@id":"https:\/\/news.canadamotorjobs.com\/fr\/18-juillet-1936-naissance-de-la-wienermobile\/#primaryimage"},"thumbnailUrl":"https:\/\/news.canadamotorjobs.com\/wp-content\/uploads\/2022\/07\/Wienermobile_with_added_cockpit_1936_Oscar_Mayer_Foods_Corporation_Madison_WI_-_Wisconsin_Historical_Museum_-_DSC03417-scaled-1-1.jpg","articleSection":["Annuel automobile"],"inLanguage":"fr-CA"},{"@type":"WebPage","@id":"https:\/\/news.canadamotorjobs.com\/fr\/18-juillet-1936-naissance-de-la-wienermobile\/","url":"https:\/\/news.canadamotorjobs.com\/fr\/18-juillet-1936-naissance-de-la-wienermobile\/","name":"18 juillet 1936\u00a0: Naissance de la Wienermobile - CanadaMotorJobs.com","isPartOf":{"@id":"https:\/\/news.canadamotorjobs.com\/#website"},"primaryImageOfPage":{"@id":"https:\/\/news.canadamotorjobs.com\/fr\/18-juillet-1936-naissance-de-la-wienermobile\/#primaryimage"},"image":{"@id":"https:\/\/news.canadamotorjobs.com\/fr\/18-juillet-1936-naissance-de-la-wienermobile\/#primaryimage"},"thumbnailUrl":"https:\/\/news.canadamotorjobs.com\/wp-content\/uploads\/2022\/07\/Wienermobile_with_added_cockpit_1936_Oscar_Mayer_Foods_Corporation_Madison_WI_-_Wisconsin_Historical_Museum_-_DSC03417-scaled-1-1.jpg","datePublished":"2022-07-18T10:35:29+00:00","dateModified":"2022-07-18T10:44:39+00:00","description":"18 juillet 1936\u00a0: Naissance de la Wienermobile - Benoit Charette - Annuel automobile - CanadaMotorJobs.com.","breadcrumb":{"@id":"https:\/\/news.canadamotorjobs.com\/fr\/18-juillet-1936-naissance-de-la-wienermobile\/#breadcrumb"},"inLanguage":"fr-CA","potentialAction":[{"@type":"ReadAction","target":["https:\/\/news.canadamotorjobs.com\/fr\/18-juillet-1936-naissance-de-la-wienermobile\/"]}]},{"@type":"ImageObject","inLanguage":"fr-CA","@id":"https:\/\/news.canadamotorjobs.com\/fr\/18-juillet-1936-naissance-de-la-wienermobile\/#primaryimage","url":"https:\/\/news.canadamotorjobs.com\/wp-content\/uploads\/2022\/07\/Wienermobile_with_added_cockpit_1936_Oscar_Mayer_Foods_Corporation_Madison_WI_-_Wisconsin_Historical_Museum_-_DSC03417-scaled-1-1.jpg","contentUrl":"https:\/\/news.canadamotorjobs.com\/wp-content\/uploads\/2022\/07\/Wienermobile_with_added_cockpit_1936_Oscar_Mayer_Foods_Corporation_Madison_WI_-_Wisconsin_Historical_Museum_-_DSC03417-scaled-1-1.jpg","width":2560,"height":1678},{"@type":"BreadcrumbList","@id":"https:\/\/news.canadamotorjobs.com\/fr\/18-juillet-1936-naissance-de-la-wienermobile\/#breadcrumb","itemListElement":[{"@type":"ListItem","position":1,"name":"Home","item":"https:\/\/news.canadamotorjobs.com\/fr\/blog\/"},{"@type":"ListItem","position":2,"name":"18 juillet 1936\u00a0: Naissance de la Wienermobile"}]},{"@type":"WebSite","@id":"https:\/\/news.canadamotorjobs.com\/#website","url":"https:\/\/news.canadamotorjobs.com\/","name":"CanadaMotorJobs.com","description":"Automotive Jobs","publisher":{"@id":"https:\/\/news.canadamotorjobs.com\/#organization"},"potentialAction":[{"@type":"SearchAction","target":{"@type":"EntryPoint","urlTemplate":"https:\/\/news.canadamotorjobs.com\/?s={search_term_string}"},"query-input":"required name=search_term_string"}],"inLanguage":"fr-CA"},{"@type":"Organization","@id":"https:\/\/news.canadamotorjobs.com\/#organization","name":"Canada Motor Jobs","url":"https:\/\/news.canadamotorjobs.com\/","logo":{"@type":"ImageObject","inLanguage":"fr-CA","@id":"https:\/\/news.canadamotorjobs.com\/#\/schema\/logo\/image\/","url":"https:\/\/news.canadamotorjobs.com\/wp-content\/uploads\/2022\/10\/logo-canada-motor-jobs-1.png","contentUrl":"https:\/\/news.canadamotorjobs.com\/wp-content\/uploads\/2022\/10\/logo-canada-motor-jobs-1.png","width":800,"height":400,"caption":"Canada Motor Jobs"},"image":{"@id":"https:\/\/news.canadamotorjobs.com\/#\/schema\/logo\/image\/"},"sameAs":["https:\/\/www.facebook.com\/canadamotorjobs\/","https:\/\/x.com\/canadamotorjobs","https:\/\/www.instagram.com\/canadamotorjobs\/","https:\/\/www.linkedin.com\/company\/canadamotorjobs"]},{"@type":"Person","@id":"https:\/\/news.canadamotorjobs.com\/#\/schema\/person\/51793d1f87d44011d7bcc2ed99269a90","name":"Benoit Charette","image":{"@type":"ImageObject","inLanguage":"fr-CA","@id":"https:\/\/news.canadamotorjobs.com\/#\/schema\/person\/image\/","url":"https:\/\/secure.gravatar.com\/avatar\/45f3d2eebcccd909668d7ce7ea7267b6?s=96&d=mm&r=g","contentUrl":"https:\/\/secure.gravatar.com\/avatar\/45f3d2eebcccd909668d7ce7ea7267b6?s=96&d=mm&r=g","caption":"Benoit Charette"},"description":"Benoit Charette \/ Propri\u00e9taire et r\u00e9dacteur en chef Benoit Charette pratique le journalisme automobile depuis bient\u00f4t 30 ans. Il a fait ses classes au c\u00f4t\u00e9 de Daniel H\u00e9raud et au Carnet de route de 1992 \u00e0 2001. Il est fondateur, copropri\u00e9taire et r\u00e9dacteur en chef de L\u2019Annuel de l\u2019automobile, qu\u2019il publie depuis 2001. Il a anim\u00e9 les \u00e9missions RPM et RPM+ sur V et les L\u00e9gendes de la route sur Historia. \u00c0 la radio depuis 1986, il reprend l\u2019antenne cette ann\u00e9e sur les ondes de Cogeco et participe pour la deuxi\u00e8me ann\u00e9e \u00e0 l\u2019\u00e9mission Passion Auto sur RDS en plus de mettre en ligne le site Web officiel de L\u2019Annuel de l\u2019automobile sur annuelauto.ca.","sameAs":["https:\/\/annuelauto.ca\/"],"url":"https:\/\/news.canadamotorjobs.com\/fr\/author\/benoit-charette\/"}]}},"_links":{"self":[{"href":"https:\/\/news.canadamotorjobs.com\/fr\/wp-json\/wp\/v2\/posts\/42204"}],"collection":[{"href":"https:\/\/news.canadamotorjobs.com\/fr\/wp-json\/wp\/v2\/posts"}],"about":[{"href":"https:\/\/news.canadamotorjobs.com\/fr\/wp-json\/wp\/v2\/types\/post"}],"author":[{"embeddable":true,"href":"https:\/\/news.canadamotorjobs.com\/fr\/wp-json\/wp\/v2\/users\/8"}],"replies":[{"embeddable":true,"href":"https:\/\/news.canadamotorjobs.com\/fr\/wp-json\/wp\/v2\/comments?post=42204"}],"version-history":[{"count":0,"href":"https:\/\/news.canadamotorjobs.com\/fr\/wp-json\/wp\/v2\/posts\/42204\/revisions"}],"wp:featuredmedia":[{"embeddable":true,"href":"https:\/\/news.canadamotorjobs.com\/fr\/wp-json\/wp\/v2\/media\/42208"}],"wp:attachment":[{"href":"https:\/\/news.canadamotorjobs.com\/fr\/wp-json\/wp\/v2\/media?parent=42204"}],"wp:term":[{"taxonomy":"category","embeddable":true,"href":"https:\/\/news.canadamotorjobs.com\/fr\/wp-json\/wp\/v2\/categories?post=42204"},{"taxonomy":"post_tag","embeddable":true,"href":"https:\/\/news.canadamotorjobs.com\/fr\/wp-json\/wp\/v2\/tags?post=42204"}],"curies":[{"name":"wp","href":"https:\/\/api.w.org\/{rel}","templated":true}]}}