{"id":42180,"date":"2022-07-16T08:07:45","date_gmt":"2022-07-16T12:07:45","guid":{"rendered":"https:\/\/blog.canadamotorjobs.com\/lidee-automobile-la-plus-ridicule-de-la-decennie\/"},"modified":"2022-07-16T08:13:46","modified_gmt":"2022-07-16T12:13:46","slug":"lidee-automobile-la-plus-ridicule-de-la-decennie","status":"publish","type":"post","link":"https:\/\/news.canadamotorjobs.com\/fr\/lidee-automobile-la-plus-ridicule-de-la-decennie\/","title":{"rendered":"L\u2019id\u00e9e automobile la plus ridicule de la d\u00e9cennie"},"content":{"rendered":"<\/p>\n<p>Les constructeurs automobiles sont devenus fous. On veut maintenant ajouter des frais mensuels aux voitures pour des abonnements et des mise \u00e0 niveaux. Comme si les v\u00e9hicules ne co\u00fbtaient pas assez cher en ce moment, voil\u00e0 maintenant que des constructeurs comme BMW propose des services \u00e0 la carte qui vous allez payer \u00e0 l\u2019utilisation. Par exemple, BMW a annonc\u00e9 \u00e0 ses clients de Cor\u00e9e du Sud qu\u2019ils peuvent d\u00e9sormais choisir de s&#8217;abonner \u00e0 certaines fonctions, comme les si\u00e8ges chauffants ou les phares adaptatifs pour 8 dollars pas mois ou l&#8217;enregistreur de conduite, moyennant un autre abonnement mensuel. C\u2019est une id\u00e9e compl\u00e8tement stupide de payer pour utiliser des si\u00e8ges chauffants. Les gens de BMW ont voulu rassurer les clients nord-am\u00e9ricains en pr\u00e9cisant que les si\u00e8ges chauffants qui sont inclus dans la voiture ne co\u00fbteront rien \u00e0 utiliser. Par contre, BMW , comme d\u2019autres compagnies de voitures haut de gamme, cherche toujours des m\u00e9thodes pour extraire plus d\u2019argent de vos poches.<br \/> D\u2019autres services payants<br \/> \u00c0 titre d&#8217;exemple, la fonction de cam\u00e9ra de tableau de bord appel\u00e9e BMW Drive Recorder et la fonction de d\u00e9marrage \u00e0 distance du moteur BMW \u2013 se fait par le biais d\u2019une application. Cela donne aux clients la possibilit\u00e9 d&#8217;ajouter de nouvelles fonctionnalit\u00e9s logicielles et un certain degr\u00e9 de flexibilit\u00e9 dans la mesure o\u00f9 ils pourront tester, puis d\u00e9cider d&#8217;acheter ou non une fonctionnalit\u00e9 du v\u00e9hicule qui n&#8217;\u00e9tait pas disponible au moment de l&#8217;achat initial du v\u00e9hicule. Je ne suis pas certain que les clients seront heureux de<\/p>\n","protected":false},"excerpt":{"rendered":"<p>Les constructeurs automobiles sont devenus fous. On veut maintenant ajouter des frais mensuels aux voitures pour des abonnements et des mise \u00e0 niveaux. Comme si les v\u00e9hicules ne co\u00fbtaient pas assez cher en ce moment, voil\u00e0 maintenant que des constructeurs comme BMW propose des services \u00e0 la carte qui vous allez payer \u00e0 l\u2019utilisation. Par [&hellip;]<\/p>\n","protected":false},"author":8,"featured_media":42184,"comment_status":"close","ping_status":"closed","sticky":false,"template":"","format":"standard","meta":{"_monsterinsights_skip_tracking":false,"_monsterinsights_sitenote_active":false,"_monsterinsights_sitenote_note":"","_monsterinsights_sitenote_category":0,"footnotes":""},"categories":[101],"tags":[],"yoast_head":"<!-- This site is optimized with the Yoast SEO plugin v23.2 - https:\/\/yoast.com\/wordpress\/plugins\/seo\/ -->\n<title>L\u2019id\u00e9e automobile la plus ridicule de la d\u00e9cennie - CanadaMotorJobs.com<\/title>\n<meta name=\"description\" content=\"L\u2019id\u00e9e automobile la plus ridicule de la d\u00e9cennie - Benoit Charette - Annuel automobile - CanadaMotorJobs.com.\" \/>\n<meta name=\"robots\" content=\"index, follow, max-snippet:-1, max-image-preview:large, max-video-preview:-1\" \/>\n<meta property=\"og:locale\" content=\"fr_CA\" \/>\n<meta property=\"og:type\" content=\"article\" \/>\n<meta property=\"og:title\" content=\"L\u2019id\u00e9e automobile la plus ridicule de la d\u00e9cennie - CanadaMotorJobs.com\" \/>\n<meta property=\"og:description\" content=\"L\u2019id\u00e9e automobile la plus ridicule de la d\u00e9cennie - Benoit Charette - Annuel automobile - CanadaMotorJobs.com.\" \/>\n<meta property=\"og:url\" content=\"https:\/\/news.canadamotorjobs.com\/fr\/lidee-automobile-la-plus-ridicule-de-la-decennie\/\" \/>\n<meta property=\"og:site_name\" content=\"CanadaMotorJobs.com\" \/>\n<meta property=\"article:publisher\" content=\"https:\/\/www.facebook.com\/canadamotorjobs\/\" \/>\n<meta property=\"article:published_time\" content=\"2022-07-16T12:07:45+00:00\" \/>\n<meta property=\"article:modified_time\" content=\"2022-07-16T12:13:46+00:00\" \/>\n<meta property=\"og:image\" content=\"https:\/\/news.canadamotorjobs.com\/wp-content\/uploads\/2022\/07\/p90458175-the-new-bmw-i7-xdrive60-european-model-shown-1650377825-1.png\" \/>\n\t<meta property=\"og:image:width\" content=\"768\" \/>\n\t<meta property=\"og:image:height\" content=\"512\" \/>\n\t<meta property=\"og:image:type\" content=\"image\/png\" \/>\n<meta name=\"author\" content=\"Benoit Charette\" \/>\n<meta name=\"twitter:card\" content=\"summary_large_image\" \/>\n<meta name=\"twitter:creator\" content=\"@canadamotorjobs\" \/>\n<meta name=\"twitter:site\" content=\"@canadamotorjobs\" \/>\n<meta name=\"twitter:label1\" content=\"\u00c9crit par\" \/>\n\t<meta name=\"twitter:data1\" content=\"Benoit Charette\" \/>\n\t<meta name=\"twitter:label2\" content=\"Estimation du temps de lecture\" \/>\n\t<meta name=\"twitter:data2\" content=\"1 minute\" \/>\n<!-- \/ Yoast SEO plugin. -->","yoast_head_json":{"title":"L\u2019id\u00e9e automobile la plus ridicule de la d\u00e9cennie - CanadaMotorJobs.com","description":"L\u2019id\u00e9e automobile la plus ridicule de la d\u00e9cennie - Benoit Charette - Annuel automobile - CanadaMotorJobs.com.","robots":{"index":"index","follow":"follow","max-snippet":"max-snippet:-1","max-image-preview":"max-image-preview:large","max-video-preview":"max-video-preview:-1"},"og_locale":"fr_CA","og_type":"article","og_title":"L\u2019id\u00e9e automobile la plus ridicule de la d\u00e9cennie - CanadaMotorJobs.com","og_description":"L\u2019id\u00e9e automobile la plus ridicule de la d\u00e9cennie - Benoit Charette - Annuel automobile - CanadaMotorJobs.com.","og_url":"https:\/\/news.canadamotorjobs.com\/fr\/lidee-automobile-la-plus-ridicule-de-la-decennie\/","og_site_name":"CanadaMotorJobs.com","article_publisher":"https:\/\/www.facebook.com\/canadamotorjobs\/","article_published_time":"2022-07-16T12:07:45+00:00","article_modified_time":"2022-07-16T12:13:46+00:00","og_image":[{"width":768,"height":512,"url":"https:\/\/news.canadamotorjobs.com\/wp-content\/uploads\/2022\/07\/p90458175-the-new-bmw-i7-xdrive60-european-model-shown-1650377825-1.png","type":"image\/png"}],"author":"Benoit Charette","twitter_card":"summary_large_image","twitter_creator":"@canadamotorjobs","twitter_site":"@canadamotorjobs","twitter_misc":{"\u00c9crit par":"Benoit Charette","Estimation du temps de lecture":"1 minute"},"schema":{"@context":"https:\/\/schema.org","@graph":[{"@type":"Article","@id":"https:\/\/news.canadamotorjobs.com\/fr\/lidee-automobile-la-plus-ridicule-de-la-decennie\/#article","isPartOf":{"@id":"https:\/\/news.canadamotorjobs.com\/fr\/lidee-automobile-la-plus-ridicule-de-la-decennie\/"},"author":{"name":"Benoit Charette","@id":"https:\/\/news.canadamotorjobs.com\/#\/schema\/person\/51793d1f87d44011d7bcc2ed99269a90"},"headline":"L\u2019id\u00e9e automobile la plus ridicule de la d\u00e9cennie","datePublished":"2022-07-16T12:07:45+00:00","dateModified":"2022-07-16T12:13:46+00:00","mainEntityOfPage":{"@id":"https:\/\/news.canadamotorjobs.com\/fr\/lidee-automobile-la-plus-ridicule-de-la-decennie\/"},"wordCount":284,"publisher":{"@id":"https:\/\/news.canadamotorjobs.com\/#organization"},"image":{"@id":"https:\/\/news.canadamotorjobs.com\/fr\/lidee-automobile-la-plus-ridicule-de-la-decennie\/#primaryimage"},"thumbnailUrl":"https:\/\/news.canadamotorjobs.com\/wp-content\/uploads\/2022\/07\/p90458175-the-new-bmw-i7-xdrive60-european-model-shown-1650377825-1.png","articleSection":["Annuel automobile"],"inLanguage":"fr-CA"},{"@type":"WebPage","@id":"https:\/\/news.canadamotorjobs.com\/fr\/lidee-automobile-la-plus-ridicule-de-la-decennie\/","url":"https:\/\/news.canadamotorjobs.com\/fr\/lidee-automobile-la-plus-ridicule-de-la-decennie\/","name":"L\u2019id\u00e9e automobile la plus ridicule de la d\u00e9cennie - CanadaMotorJobs.com","isPartOf":{"@id":"https:\/\/news.canadamotorjobs.com\/#website"},"primaryImageOfPage":{"@id":"https:\/\/news.canadamotorjobs.com\/fr\/lidee-automobile-la-plus-ridicule-de-la-decennie\/#primaryimage"},"image":{"@id":"https:\/\/news.canadamotorjobs.com\/fr\/lidee-automobile-la-plus-ridicule-de-la-decennie\/#primaryimage"},"thumbnailUrl":"https:\/\/news.canadamotorjobs.com\/wp-content\/uploads\/2022\/07\/p90458175-the-new-bmw-i7-xdrive60-european-model-shown-1650377825-1.png","datePublished":"2022-07-16T12:07:45+00:00","dateModified":"2022-07-16T12:13:46+00:00","description":"L\u2019id\u00e9e automobile la plus ridicule de la d\u00e9cennie - Benoit Charette - Annuel automobile - CanadaMotorJobs.com.","breadcrumb":{"@id":"https:\/\/news.canadamotorjobs.com\/fr\/lidee-automobile-la-plus-ridicule-de-la-decennie\/#breadcrumb"},"inLanguage":"fr-CA","potentialAction":[{"@type":"ReadAction","target":["https:\/\/news.canadamotorjobs.com\/fr\/lidee-automobile-la-plus-ridicule-de-la-decennie\/"]}]},{"@type":"ImageObject","inLanguage":"fr-CA","@id":"https:\/\/news.canadamotorjobs.com\/fr\/lidee-automobile-la-plus-ridicule-de-la-decennie\/#primaryimage","url":"https:\/\/news.canadamotorjobs.com\/wp-content\/uploads\/2022\/07\/p90458175-the-new-bmw-i7-xdrive60-european-model-shown-1650377825-1.png","contentUrl":"https:\/\/news.canadamotorjobs.com\/wp-content\/uploads\/2022\/07\/p90458175-the-new-bmw-i7-xdrive60-european-model-shown-1650377825-1.png","width":768,"height":512},{"@type":"BreadcrumbList","@id":"https:\/\/news.canadamotorjobs.com\/fr\/lidee-automobile-la-plus-ridicule-de-la-decennie\/#breadcrumb","itemListElement":[{"@type":"ListItem","position":1,"name":"Home","item":"https:\/\/news.canadamotorjobs.com\/fr\/blog\/"},{"@type":"ListItem","position":2,"name":"L\u2019id\u00e9e automobile la plus ridicule de la d\u00e9cennie"}]},{"@type":"WebSite","@id":"https:\/\/news.canadamotorjobs.com\/#website","url":"https:\/\/news.canadamotorjobs.com\/","name":"CanadaMotorJobs.com","description":"Automotive Jobs","publisher":{"@id":"https:\/\/news.canadamotorjobs.com\/#organization"},"potentialAction":[{"@type":"SearchAction","target":{"@type":"EntryPoint","urlTemplate":"https:\/\/news.canadamotorjobs.com\/?s={search_term_string}"},"query-input":"required name=search_term_string"}],"inLanguage":"fr-CA"},{"@type":"Organization","@id":"https:\/\/news.canadamotorjobs.com\/#organization","name":"Canada Motor Jobs","url":"https:\/\/news.canadamotorjobs.com\/","logo":{"@type":"ImageObject","inLanguage":"fr-CA","@id":"https:\/\/news.canadamotorjobs.com\/#\/schema\/logo\/image\/","url":"https:\/\/news.canadamotorjobs.com\/wp-content\/uploads\/2022\/10\/logo-canada-motor-jobs-1.png","contentUrl":"https:\/\/news.canadamotorjobs.com\/wp-content\/uploads\/2022\/10\/logo-canada-motor-jobs-1.png","width":800,"height":400,"caption":"Canada Motor Jobs"},"image":{"@id":"https:\/\/news.canadamotorjobs.com\/#\/schema\/logo\/image\/"},"sameAs":["https:\/\/www.facebook.com\/canadamotorjobs\/","https:\/\/x.com\/canadamotorjobs","https:\/\/www.instagram.com\/canadamotorjobs\/","https:\/\/www.linkedin.com\/company\/canadamotorjobs"]},{"@type":"Person","@id":"https:\/\/news.canadamotorjobs.com\/#\/schema\/person\/51793d1f87d44011d7bcc2ed99269a90","name":"Benoit Charette","image":{"@type":"ImageObject","inLanguage":"fr-CA","@id":"https:\/\/news.canadamotorjobs.com\/#\/schema\/person\/image\/","url":"https:\/\/secure.gravatar.com\/avatar\/45f3d2eebcccd909668d7ce7ea7267b6?s=96&d=mm&r=g","contentUrl":"https:\/\/secure.gravatar.com\/avatar\/45f3d2eebcccd909668d7ce7ea7267b6?s=96&d=mm&r=g","caption":"Benoit Charette"},"description":"Benoit Charette \/ Propri\u00e9taire et r\u00e9dacteur en chef Benoit Charette pratique le journalisme automobile depuis bient\u00f4t 30 ans. Il a fait ses classes au c\u00f4t\u00e9 de Daniel H\u00e9raud et au Carnet de route de 1992 \u00e0 2001. Il est fondateur, copropri\u00e9taire et r\u00e9dacteur en chef de L\u2019Annuel de l\u2019automobile, qu\u2019il publie depuis 2001. Il a anim\u00e9 les \u00e9missions RPM et RPM+ sur V et les L\u00e9gendes de la route sur Historia. \u00c0 la radio depuis 1986, il reprend l\u2019antenne cette ann\u00e9e sur les ondes de Cogeco et participe pour la deuxi\u00e8me ann\u00e9e \u00e0 l\u2019\u00e9mission Passion Auto sur RDS en plus de mettre en ligne le site Web officiel de L\u2019Annuel de l\u2019automobile sur annuelauto.ca.","sameAs":["https:\/\/annuelauto.ca\/"],"url":"https:\/\/news.canadamotorjobs.com\/fr\/author\/benoit-charette\/"}]}},"_links":{"self":[{"href":"https:\/\/news.canadamotorjobs.com\/fr\/wp-json\/wp\/v2\/posts\/42180"}],"collection":[{"href":"https:\/\/news.canadamotorjobs.com\/fr\/wp-json\/wp\/v2\/posts"}],"about":[{"href":"https:\/\/news.canadamotorjobs.com\/fr\/wp-json\/wp\/v2\/types\/post"}],"author":[{"embeddable":true,"href":"https:\/\/news.canadamotorjobs.com\/fr\/wp-json\/wp\/v2\/users\/8"}],"replies":[{"embeddable":true,"href":"https:\/\/news.canadamotorjobs.com\/fr\/wp-json\/wp\/v2\/comments?post=42180"}],"version-history":[{"count":0,"href":"https:\/\/news.canadamotorjobs.com\/fr\/wp-json\/wp\/v2\/posts\/42180\/revisions"}],"wp:featuredmedia":[{"embeddable":true,"href":"https:\/\/news.canadamotorjobs.com\/fr\/wp-json\/wp\/v2\/media\/42184"}],"wp:attachment":[{"href":"https:\/\/news.canadamotorjobs.com\/fr\/wp-json\/wp\/v2\/media?parent=42180"}],"wp:term":[{"taxonomy":"category","embeddable":true,"href":"https:\/\/news.canadamotorjobs.com\/fr\/wp-json\/wp\/v2\/categories?post=42180"},{"taxonomy":"post_tag","embeddable":true,"href":"https:\/\/news.canadamotorjobs.com\/fr\/wp-json\/wp\/v2\/tags?post=42180"}],"curies":[{"name":"wp","href":"https:\/\/api.w.org\/{rel}","templated":true}]}}