{"id":42164,"date":"2022-07-15T07:43:21","date_gmt":"2022-07-15T11:43:21","guid":{"rendered":"https:\/\/blog.canadamotorjobs.com\/toyota-venza-hybride\/"},"modified":"2022-07-15T07:44:24","modified_gmt":"2022-07-15T11:44:24","slug":"toyota-venza-hybride","status":"publish","type":"post","link":"https:\/\/news.canadamotorjobs.com\/fr\/toyota-venza-hybride\/","title":{"rendered":"Toyota Venza hybride"},"content":{"rendered":"<\/p>\n<p>Toyota Canada qualifie le Venza de \u201cVUS sportif et hybride\u201d et je pense que dans les pages de l\u2019Annuel de l\u2019automobile 2023, on le classe aussi comme un VUS, mais on va se le dire\u00a0: le Venza est surtout une familiale qui a \u00e9t\u00e9 un peu remodel\u00e9e pour avoir une silhouette moins p\u00e9p\u00e8re qu\u2019avant et justement pour attirer des gens qui cherchent un v\u00e9hicule utile mais qui sont peut-\u00eatre un peu g\u00ean\u00e9s d\u2019admettre que c\u2019est le cas.<\/p>\n<p> \u00c7a a l\u2019air d\u2019un gros clich\u00e9 dit comme \u00e7a, mais cette esp\u00e8ce de d\u00e9ni des besoins de l\u2019acheteur, o\u00f9 le constructeur n\u2019est pas g\u00ean\u00e9 de \u00ab\u00a0mentir\u00a0\u00bb sur la nature de ses produits parce qu\u2019il cible une client\u00e8le qui se raconte un peu des histoires \u00e0 elle-m\u00eame, n\u2019est pas tr\u00e8s rare dans l\u2019industrie automobile. Mazda a essay\u00e9 la m\u00eame chose avec la Mazda 5. Chrysler a fait le m\u00eame coup depuis des d\u00e9cennies avec certaines versions plus costaudes de ses diff\u00e9rentes fourgonnettes.<\/p>\n<p> Et l\u00e0, bref, on a le Venza. Un v\u00e9hicule qui \u00e9tait par le pass\u00e9 plus pr\u00e8s d\u2019une version \u00ab\u00a0station wagon\u00a0\u00bb de la Camry et qui prend cette ann\u00e9e un peu plus une forme distincte. On peut aussi dire si on veut continuer de situer ce mod\u00e8le dans le march\u00e9 que c\u2019est l\u2019\u00e9quivalent plus urbain et chic du Rav4, qui a plus l\u2019air d\u2019un \u00abcamion\u00bb pr\u00eat pour aller jouer dans le bois.<\/p>\n<p> Cela dit, \u00e0 un prix de d\u00e9tail qui d\u00e9marre \u00e0 41\u00a0000 $, le Venza n\u2019est pas pour tout<\/p>\n","protected":false},"excerpt":{"rendered":"<p>Toyota Canada qualifie le Venza de \u201cVUS sportif et hybride\u201d et je pense que dans les pages de l\u2019Annuel de l\u2019automobile 2023, on le classe aussi comme un VUS, mais on va se le dire\u00a0: le Venza est surtout une familiale qui a \u00e9t\u00e9 un peu remodel\u00e9e pour avoir une silhouette moins p\u00e9p\u00e8re qu\u2019avant et [&hellip;]<\/p>\n","protected":false},"author":8,"featured_media":42168,"comment_status":"close","ping_status":"closed","sticky":false,"template":"","format":"standard","meta":{"_monsterinsights_skip_tracking":false,"_monsterinsights_sitenote_active":false,"_monsterinsights_sitenote_note":"","_monsterinsights_sitenote_category":0,"footnotes":""},"categories":[101],"tags":[],"yoast_head":"<!-- This site is optimized with the Yoast SEO plugin v23.2 - https:\/\/yoast.com\/wordpress\/plugins\/seo\/ -->\n<title>Toyota Venza hybride - CanadaMotorJobs.com<\/title>\n<meta name=\"description\" content=\"Toyota Venza hybride - Benoit Charette - Annuel automobile - CanadaMotorJobs.com.\" \/>\n<meta name=\"robots\" content=\"index, follow, max-snippet:-1, max-image-preview:large, max-video-preview:-1\" \/>\n<meta property=\"og:locale\" content=\"fr_CA\" \/>\n<meta property=\"og:type\" content=\"article\" \/>\n<meta property=\"og:title\" content=\"Toyota Venza hybride - CanadaMotorJobs.com\" \/>\n<meta property=\"og:description\" content=\"Toyota Venza hybride - Benoit Charette - Annuel automobile - CanadaMotorJobs.com.\" \/>\n<meta property=\"og:url\" content=\"https:\/\/news.canadamotorjobs.com\/fr\/toyota-venza-hybride\/\" \/>\n<meta property=\"og:site_name\" content=\"CanadaMotorJobs.com\" \/>\n<meta property=\"article:publisher\" content=\"https:\/\/www.facebook.com\/canadamotorjobs\/\" \/>\n<meta property=\"article:published_time\" content=\"2022-07-15T11:43:21+00:00\" \/>\n<meta property=\"article:modified_time\" content=\"2022-07-15T11:44:24+00:00\" \/>\n<meta property=\"og:image\" content=\"https:\/\/news.canadamotorjobs.com\/wp-content\/uploads\/2022\/07\/2021_Toyota_Venza_LE_0161-1.jpg\" \/>\n\t<meta property=\"og:image:width\" content=\"1500\" \/>\n\t<meta property=\"og:image:height\" content=\"1000\" \/>\n\t<meta property=\"og:image:type\" content=\"image\/jpeg\" \/>\n<meta name=\"author\" content=\"Benoit Charette\" \/>\n<meta name=\"twitter:card\" content=\"summary_large_image\" \/>\n<meta name=\"twitter:creator\" content=\"@canadamotorjobs\" \/>\n<meta name=\"twitter:site\" content=\"@canadamotorjobs\" \/>\n<meta name=\"twitter:label1\" content=\"\u00c9crit par\" \/>\n\t<meta name=\"twitter:data1\" content=\"Benoit Charette\" \/>\n\t<meta name=\"twitter:label2\" content=\"Estimation du temps de lecture\" \/>\n\t<meta name=\"twitter:data2\" content=\"1 minute\" \/>\n<!-- \/ Yoast SEO plugin. -->","yoast_head_json":{"title":"Toyota Venza hybride - CanadaMotorJobs.com","description":"Toyota Venza hybride - Benoit Charette - Annuel automobile - CanadaMotorJobs.com.","robots":{"index":"index","follow":"follow","max-snippet":"max-snippet:-1","max-image-preview":"max-image-preview:large","max-video-preview":"max-video-preview:-1"},"og_locale":"fr_CA","og_type":"article","og_title":"Toyota Venza hybride - CanadaMotorJobs.com","og_description":"Toyota Venza hybride - Benoit Charette - Annuel automobile - CanadaMotorJobs.com.","og_url":"https:\/\/news.canadamotorjobs.com\/fr\/toyota-venza-hybride\/","og_site_name":"CanadaMotorJobs.com","article_publisher":"https:\/\/www.facebook.com\/canadamotorjobs\/","article_published_time":"2022-07-15T11:43:21+00:00","article_modified_time":"2022-07-15T11:44:24+00:00","og_image":[{"width":1500,"height":1000,"url":"https:\/\/news.canadamotorjobs.com\/wp-content\/uploads\/2022\/07\/2021_Toyota_Venza_LE_0161-1.jpg","type":"image\/jpeg"}],"author":"Benoit Charette","twitter_card":"summary_large_image","twitter_creator":"@canadamotorjobs","twitter_site":"@canadamotorjobs","twitter_misc":{"\u00c9crit par":"Benoit Charette","Estimation du temps de lecture":"1 minute"},"schema":{"@context":"https:\/\/schema.org","@graph":[{"@type":"Article","@id":"https:\/\/news.canadamotorjobs.com\/fr\/toyota-venza-hybride\/#article","isPartOf":{"@id":"https:\/\/news.canadamotorjobs.com\/fr\/toyota-venza-hybride\/"},"author":{"name":"Benoit Charette","@id":"https:\/\/news.canadamotorjobs.com\/#\/schema\/person\/51793d1f87d44011d7bcc2ed99269a90"},"headline":"Toyota Venza hybride","datePublished":"2022-07-15T11:43:21+00:00","dateModified":"2022-07-15T11:44:24+00:00","mainEntityOfPage":{"@id":"https:\/\/news.canadamotorjobs.com\/fr\/toyota-venza-hybride\/"},"wordCount":285,"publisher":{"@id":"https:\/\/news.canadamotorjobs.com\/#organization"},"image":{"@id":"https:\/\/news.canadamotorjobs.com\/fr\/toyota-venza-hybride\/#primaryimage"},"thumbnailUrl":"https:\/\/news.canadamotorjobs.com\/wp-content\/uploads\/2022\/07\/2021_Toyota_Venza_LE_0161-1.jpg","articleSection":["Annuel automobile"],"inLanguage":"fr-CA"},{"@type":"WebPage","@id":"https:\/\/news.canadamotorjobs.com\/fr\/toyota-venza-hybride\/","url":"https:\/\/news.canadamotorjobs.com\/fr\/toyota-venza-hybride\/","name":"Toyota Venza hybride - CanadaMotorJobs.com","isPartOf":{"@id":"https:\/\/news.canadamotorjobs.com\/#website"},"primaryImageOfPage":{"@id":"https:\/\/news.canadamotorjobs.com\/fr\/toyota-venza-hybride\/#primaryimage"},"image":{"@id":"https:\/\/news.canadamotorjobs.com\/fr\/toyota-venza-hybride\/#primaryimage"},"thumbnailUrl":"https:\/\/news.canadamotorjobs.com\/wp-content\/uploads\/2022\/07\/2021_Toyota_Venza_LE_0161-1.jpg","datePublished":"2022-07-15T11:43:21+00:00","dateModified":"2022-07-15T11:44:24+00:00","description":"Toyota Venza hybride - Benoit Charette - Annuel automobile - CanadaMotorJobs.com.","breadcrumb":{"@id":"https:\/\/news.canadamotorjobs.com\/fr\/toyota-venza-hybride\/#breadcrumb"},"inLanguage":"fr-CA","potentialAction":[{"@type":"ReadAction","target":["https:\/\/news.canadamotorjobs.com\/fr\/toyota-venza-hybride\/"]}]},{"@type":"ImageObject","inLanguage":"fr-CA","@id":"https:\/\/news.canadamotorjobs.com\/fr\/toyota-venza-hybride\/#primaryimage","url":"https:\/\/news.canadamotorjobs.com\/wp-content\/uploads\/2022\/07\/2021_Toyota_Venza_LE_0161-1.jpg","contentUrl":"https:\/\/news.canadamotorjobs.com\/wp-content\/uploads\/2022\/07\/2021_Toyota_Venza_LE_0161-1.jpg","width":1500,"height":1000},{"@type":"BreadcrumbList","@id":"https:\/\/news.canadamotorjobs.com\/fr\/toyota-venza-hybride\/#breadcrumb","itemListElement":[{"@type":"ListItem","position":1,"name":"Home","item":"https:\/\/news.canadamotorjobs.com\/fr\/blog\/"},{"@type":"ListItem","position":2,"name":"Toyota Venza hybride"}]},{"@type":"WebSite","@id":"https:\/\/news.canadamotorjobs.com\/#website","url":"https:\/\/news.canadamotorjobs.com\/","name":"CanadaMotorJobs.com","description":"Automotive Jobs","publisher":{"@id":"https:\/\/news.canadamotorjobs.com\/#organization"},"potentialAction":[{"@type":"SearchAction","target":{"@type":"EntryPoint","urlTemplate":"https:\/\/news.canadamotorjobs.com\/?s={search_term_string}"},"query-input":"required name=search_term_string"}],"inLanguage":"fr-CA"},{"@type":"Organization","@id":"https:\/\/news.canadamotorjobs.com\/#organization","name":"Canada Motor Jobs","url":"https:\/\/news.canadamotorjobs.com\/","logo":{"@type":"ImageObject","inLanguage":"fr-CA","@id":"https:\/\/news.canadamotorjobs.com\/#\/schema\/logo\/image\/","url":"https:\/\/news.canadamotorjobs.com\/wp-content\/uploads\/2022\/10\/logo-canada-motor-jobs-1.png","contentUrl":"https:\/\/news.canadamotorjobs.com\/wp-content\/uploads\/2022\/10\/logo-canada-motor-jobs-1.png","width":800,"height":400,"caption":"Canada Motor Jobs"},"image":{"@id":"https:\/\/news.canadamotorjobs.com\/#\/schema\/logo\/image\/"},"sameAs":["https:\/\/www.facebook.com\/canadamotorjobs\/","https:\/\/x.com\/canadamotorjobs","https:\/\/www.instagram.com\/canadamotorjobs\/","https:\/\/www.linkedin.com\/company\/canadamotorjobs"]},{"@type":"Person","@id":"https:\/\/news.canadamotorjobs.com\/#\/schema\/person\/51793d1f87d44011d7bcc2ed99269a90","name":"Benoit Charette","image":{"@type":"ImageObject","inLanguage":"fr-CA","@id":"https:\/\/news.canadamotorjobs.com\/#\/schema\/person\/image\/","url":"https:\/\/secure.gravatar.com\/avatar\/45f3d2eebcccd909668d7ce7ea7267b6?s=96&d=mm&r=g","contentUrl":"https:\/\/secure.gravatar.com\/avatar\/45f3d2eebcccd909668d7ce7ea7267b6?s=96&d=mm&r=g","caption":"Benoit Charette"},"description":"Benoit Charette \/ Propri\u00e9taire et r\u00e9dacteur en chef Benoit Charette pratique le journalisme automobile depuis bient\u00f4t 30 ans. Il a fait ses classes au c\u00f4t\u00e9 de Daniel H\u00e9raud et au Carnet de route de 1992 \u00e0 2001. Il est fondateur, copropri\u00e9taire et r\u00e9dacteur en chef de L\u2019Annuel de l\u2019automobile, qu\u2019il publie depuis 2001. Il a anim\u00e9 les \u00e9missions RPM et RPM+ sur V et les L\u00e9gendes de la route sur Historia. \u00c0 la radio depuis 1986, il reprend l\u2019antenne cette ann\u00e9e sur les ondes de Cogeco et participe pour la deuxi\u00e8me ann\u00e9e \u00e0 l\u2019\u00e9mission Passion Auto sur RDS en plus de mettre en ligne le site Web officiel de L\u2019Annuel de l\u2019automobile sur annuelauto.ca.","sameAs":["https:\/\/annuelauto.ca\/"],"url":"https:\/\/news.canadamotorjobs.com\/fr\/author\/benoit-charette\/"}]}},"_links":{"self":[{"href":"https:\/\/news.canadamotorjobs.com\/fr\/wp-json\/wp\/v2\/posts\/42164"}],"collection":[{"href":"https:\/\/news.canadamotorjobs.com\/fr\/wp-json\/wp\/v2\/posts"}],"about":[{"href":"https:\/\/news.canadamotorjobs.com\/fr\/wp-json\/wp\/v2\/types\/post"}],"author":[{"embeddable":true,"href":"https:\/\/news.canadamotorjobs.com\/fr\/wp-json\/wp\/v2\/users\/8"}],"replies":[{"embeddable":true,"href":"https:\/\/news.canadamotorjobs.com\/fr\/wp-json\/wp\/v2\/comments?post=42164"}],"version-history":[{"count":0,"href":"https:\/\/news.canadamotorjobs.com\/fr\/wp-json\/wp\/v2\/posts\/42164\/revisions"}],"wp:featuredmedia":[{"embeddable":true,"href":"https:\/\/news.canadamotorjobs.com\/fr\/wp-json\/wp\/v2\/media\/42168"}],"wp:attachment":[{"href":"https:\/\/news.canadamotorjobs.com\/fr\/wp-json\/wp\/v2\/media?parent=42164"}],"wp:term":[{"taxonomy":"category","embeddable":true,"href":"https:\/\/news.canadamotorjobs.com\/fr\/wp-json\/wp\/v2\/categories?post=42164"},{"taxonomy":"post_tag","embeddable":true,"href":"https:\/\/news.canadamotorjobs.com\/fr\/wp-json\/wp\/v2\/tags?post=42164"}],"curies":[{"name":"wp","href":"https:\/\/api.w.org\/{rel}","templated":true}]}}