{"id":42134,"date":"2022-07-14T13:12:26","date_gmt":"2022-07-14T17:12:26","guid":{"rendered":"https:\/\/blog.canadamotorjobs.com\/nissan-abandonne-la-leaf\/"},"modified":"2022-07-14T15:41:46","modified_gmt":"2022-07-14T19:41:46","slug":"nissan-abandonne-la-leaf","status":"publish","type":"post","link":"https:\/\/news.canadamotorjobs.com\/fr\/nissan-abandonne-la-leaf\/","title":{"rendered":"Nissan abandonne la Leaf"},"content":{"rendered":"<p>La Nissan Leaf n&#8217;aura pas droit \u00e0 une troisi\u00e8me g\u00e9n\u00e9ration, selon des sources interrog\u00e9es par le site Automotive News. L&#8217;article publi\u00e9 sur le web pr\u00e9cise que la voiture \u00e9lectrique sera finalement retir\u00e9e de la gamme pour \u00eatre remplac\u00e9e par un autre v\u00e9hicule \u00e9lectrique plus conforme aux besoins des automobilistes, sans nommer de mod\u00e8le.<\/p>\n<h3>Une premi\u00e8re g\u00e9n\u00e9ration aux ambitions modestes<\/h3>\n<p>D\u00e9voil\u00e9e en 2010, la Nissan Leaf est devenue la premi\u00e8re voiture \u00e9lectrique de masse abordable, la voiture \u00e9lectrique la plus vendue sur la plan\u00e8te \u00e0 une certaine \u00e9poque qui avait une autonomie th\u00e9orique d&#8217;environ 117\u00a0km \u00e0 ses d\u00e9buts, mais ce n&#8217;est qu&#8217;en 2015 que le constructeur a dot\u00e9 la voiture d&#8217;une batterie d&#8217;une capacit\u00e9 de 30\u00a0kWh, lui donnant 135\u00a0km de distance possible entre deux recharges.<\/p>\n<h3>Une deuxi\u00e8me g\u00e9n\u00e9ration plus autonome<\/h3>\n<p>La deuxi\u00e8me g\u00e9n\u00e9ration du mod\u00e8le a cependant chang\u00e9 la donne, Nissan, qui devait d\u00e9j\u00e0 faire face \u00e0 des rivaux comme la Chevrolet Bolt ou la Hyundai Kona \u00e9lectrique, sans parler de l&#8217;offensive de Tesla. L&#8217;autonomie de 243\u00a0km de la version de base et l&#8217;autonomie possible de 363\u00a0km de la version \u00e9quip\u00e9e d&#8217;une batterie de 62\u00a0kWh permettaient \u00e0 Nissan de s&#8217;attaquer \u00e0 une client\u00e8le r\u00e9ticente \u00e0 l&#8217;\u00e9lectrique. Heureusement, l&#8217;arriv\u00e9e prochaine du crossover Ariya devrait ramener les consommateurs dans les showrooms de la marque, mais le chemin est encore long avant qu&#8217;elle ne revienne sur le devant de la sc\u00e8ne des voitures \u00e9lectriques.<\/p>\n","protected":false},"excerpt":{"rendered":"<p>La Nissan Leaf n&#8217;aura pas droit \u00e0 une troisi\u00e8me g\u00e9n\u00e9ration, selon des sources interrog\u00e9es par le site Automotive News. L&#8217;article publi\u00e9 sur le web pr\u00e9cise que la voiture \u00e9lectrique sera finalement retir\u00e9e de la gamme pour \u00eatre remplac\u00e9e par un autre v\u00e9hicule \u00e9lectrique plus conforme aux besoins des automobilistes, sans nommer de mod\u00e8le. Une premi\u00e8re [&hellip;]<\/p>\n","protected":false},"author":8,"featured_media":42138,"comment_status":"close","ping_status":"closed","sticky":false,"template":"","format":"standard","meta":{"_monsterinsights_skip_tracking":false,"_monsterinsights_sitenote_active":false,"_monsterinsights_sitenote_note":"","_monsterinsights_sitenote_category":0,"footnotes":""},"categories":[101],"tags":[131],"yoast_head":"<!-- This site is optimized with the Yoast SEO plugin v23.2 - https:\/\/yoast.com\/wordpress\/plugins\/seo\/ -->\n<title>Nissan abandonne la Leaf - CanadaMotorJobs.com<\/title>\n<meta name=\"description\" content=\"Nissan abandonne la Leaf - Benoit Charette - Annuel automobile - CanadaMotorJobs.com.\" \/>\n<meta name=\"robots\" content=\"index, follow, max-snippet:-1, max-image-preview:large, max-video-preview:-1\" \/>\n<meta property=\"og:locale\" content=\"fr_CA\" \/>\n<meta property=\"og:type\" content=\"article\" \/>\n<meta property=\"og:title\" content=\"Nissan abandonne la Leaf - CanadaMotorJobs.com\" \/>\n<meta property=\"og:description\" content=\"Nissan abandonne la Leaf - Benoit Charette - Annuel automobile - CanadaMotorJobs.com.\" \/>\n<meta property=\"og:url\" content=\"https:\/\/news.canadamotorjobs.com\/fr\/nissan-abandonne-la-leaf\/\" \/>\n<meta property=\"og:site_name\" content=\"CanadaMotorJobs.com\" \/>\n<meta property=\"article:publisher\" content=\"https:\/\/www.facebook.com\/canadamotorjobs\/\" \/>\n<meta property=\"article:published_time\" content=\"2022-07-14T17:12:26+00:00\" \/>\n<meta property=\"article:modified_time\" content=\"2022-07-14T19:41:46+00:00\" \/>\n<meta property=\"og:image\" content=\"https:\/\/news.canadamotorjobs.com\/wp-content\/uploads\/2022\/07\/2022-Nissan-Leaf-Europe-main-1.jpg\" \/>\n\t<meta property=\"og:image:width\" content=\"1920\" \/>\n\t<meta property=\"og:image:height\" content=\"1040\" \/>\n\t<meta property=\"og:image:type\" content=\"image\/jpeg\" \/>\n<meta name=\"author\" content=\"Benoit Charette\" \/>\n<meta name=\"twitter:card\" content=\"summary_large_image\" \/>\n<meta name=\"twitter:creator\" content=\"@canadamotorjobs\" \/>\n<meta name=\"twitter:site\" content=\"@canadamotorjobs\" \/>\n<meta name=\"twitter:label1\" content=\"\u00c9crit par\" \/>\n\t<meta name=\"twitter:data1\" content=\"Benoit Charette\" \/>\n\t<meta name=\"twitter:label2\" content=\"Estimation du temps de lecture\" \/>\n\t<meta name=\"twitter:data2\" content=\"2 minutes\" \/>\n<!-- \/ Yoast SEO plugin. -->","yoast_head_json":{"title":"Nissan abandonne la Leaf - CanadaMotorJobs.com","description":"Nissan abandonne la Leaf - Benoit Charette - Annuel automobile - CanadaMotorJobs.com.","robots":{"index":"index","follow":"follow","max-snippet":"max-snippet:-1","max-image-preview":"max-image-preview:large","max-video-preview":"max-video-preview:-1"},"og_locale":"fr_CA","og_type":"article","og_title":"Nissan abandonne la Leaf - CanadaMotorJobs.com","og_description":"Nissan abandonne la Leaf - Benoit Charette - Annuel automobile - CanadaMotorJobs.com.","og_url":"https:\/\/news.canadamotorjobs.com\/fr\/nissan-abandonne-la-leaf\/","og_site_name":"CanadaMotorJobs.com","article_publisher":"https:\/\/www.facebook.com\/canadamotorjobs\/","article_published_time":"2022-07-14T17:12:26+00:00","article_modified_time":"2022-07-14T19:41:46+00:00","og_image":[{"width":1920,"height":1040,"url":"https:\/\/news.canadamotorjobs.com\/wp-content\/uploads\/2022\/07\/2022-Nissan-Leaf-Europe-main-1.jpg","type":"image\/jpeg"}],"author":"Benoit Charette","twitter_card":"summary_large_image","twitter_creator":"@canadamotorjobs","twitter_site":"@canadamotorjobs","twitter_misc":{"\u00c9crit par":"Benoit Charette","Estimation du temps de lecture":"2 minutes"},"schema":{"@context":"https:\/\/schema.org","@graph":[{"@type":"Article","@id":"https:\/\/news.canadamotorjobs.com\/fr\/nissan-abandonne-la-leaf\/#article","isPartOf":{"@id":"https:\/\/news.canadamotorjobs.com\/fr\/nissan-abandonne-la-leaf\/"},"author":{"name":"Benoit Charette","@id":"https:\/\/news.canadamotorjobs.com\/#\/schema\/person\/51793d1f87d44011d7bcc2ed99269a90"},"headline":"Nissan abandonne la Leaf","datePublished":"2022-07-14T17:12:26+00:00","dateModified":"2022-07-14T19:41:46+00:00","mainEntityOfPage":{"@id":"https:\/\/news.canadamotorjobs.com\/fr\/nissan-abandonne-la-leaf\/"},"wordCount":271,"publisher":{"@id":"https:\/\/news.canadamotorjobs.com\/#organization"},"image":{"@id":"https:\/\/news.canadamotorjobs.com\/fr\/nissan-abandonne-la-leaf\/#primaryimage"},"thumbnailUrl":"https:\/\/news.canadamotorjobs.com\/wp-content\/uploads\/2022\/07\/2022-Nissan-Leaf-Europe-main-1.jpg","keywords":["Newsletter"],"articleSection":["Annuel automobile"],"inLanguage":"fr-CA"},{"@type":"WebPage","@id":"https:\/\/news.canadamotorjobs.com\/fr\/nissan-abandonne-la-leaf\/","url":"https:\/\/news.canadamotorjobs.com\/fr\/nissan-abandonne-la-leaf\/","name":"Nissan abandonne la Leaf - CanadaMotorJobs.com","isPartOf":{"@id":"https:\/\/news.canadamotorjobs.com\/#website"},"primaryImageOfPage":{"@id":"https:\/\/news.canadamotorjobs.com\/fr\/nissan-abandonne-la-leaf\/#primaryimage"},"image":{"@id":"https:\/\/news.canadamotorjobs.com\/fr\/nissan-abandonne-la-leaf\/#primaryimage"},"thumbnailUrl":"https:\/\/news.canadamotorjobs.com\/wp-content\/uploads\/2022\/07\/2022-Nissan-Leaf-Europe-main-1.jpg","datePublished":"2022-07-14T17:12:26+00:00","dateModified":"2022-07-14T19:41:46+00:00","description":"Nissan abandonne la Leaf - Benoit Charette - Annuel automobile - CanadaMotorJobs.com.","breadcrumb":{"@id":"https:\/\/news.canadamotorjobs.com\/fr\/nissan-abandonne-la-leaf\/#breadcrumb"},"inLanguage":"fr-CA","potentialAction":[{"@type":"ReadAction","target":["https:\/\/news.canadamotorjobs.com\/fr\/nissan-abandonne-la-leaf\/"]}]},{"@type":"ImageObject","inLanguage":"fr-CA","@id":"https:\/\/news.canadamotorjobs.com\/fr\/nissan-abandonne-la-leaf\/#primaryimage","url":"https:\/\/news.canadamotorjobs.com\/wp-content\/uploads\/2022\/07\/2022-Nissan-Leaf-Europe-main-1.jpg","contentUrl":"https:\/\/news.canadamotorjobs.com\/wp-content\/uploads\/2022\/07\/2022-Nissan-Leaf-Europe-main-1.jpg","width":1920,"height":1040},{"@type":"BreadcrumbList","@id":"https:\/\/news.canadamotorjobs.com\/fr\/nissan-abandonne-la-leaf\/#breadcrumb","itemListElement":[{"@type":"ListItem","position":1,"name":"Home","item":"https:\/\/news.canadamotorjobs.com\/fr\/blog\/"},{"@type":"ListItem","position":2,"name":"Nissan abandonne la Leaf"}]},{"@type":"WebSite","@id":"https:\/\/news.canadamotorjobs.com\/#website","url":"https:\/\/news.canadamotorjobs.com\/","name":"CanadaMotorJobs.com","description":"Automotive Jobs","publisher":{"@id":"https:\/\/news.canadamotorjobs.com\/#organization"},"potentialAction":[{"@type":"SearchAction","target":{"@type":"EntryPoint","urlTemplate":"https:\/\/news.canadamotorjobs.com\/?s={search_term_string}"},"query-input":"required name=search_term_string"}],"inLanguage":"fr-CA"},{"@type":"Organization","@id":"https:\/\/news.canadamotorjobs.com\/#organization","name":"Canada Motor Jobs","url":"https:\/\/news.canadamotorjobs.com\/","logo":{"@type":"ImageObject","inLanguage":"fr-CA","@id":"https:\/\/news.canadamotorjobs.com\/#\/schema\/logo\/image\/","url":"https:\/\/news.canadamotorjobs.com\/wp-content\/uploads\/2022\/10\/logo-canada-motor-jobs-1.png","contentUrl":"https:\/\/news.canadamotorjobs.com\/wp-content\/uploads\/2022\/10\/logo-canada-motor-jobs-1.png","width":800,"height":400,"caption":"Canada Motor Jobs"},"image":{"@id":"https:\/\/news.canadamotorjobs.com\/#\/schema\/logo\/image\/"},"sameAs":["https:\/\/www.facebook.com\/canadamotorjobs\/","https:\/\/x.com\/canadamotorjobs","https:\/\/www.instagram.com\/canadamotorjobs\/","https:\/\/www.linkedin.com\/company\/canadamotorjobs"]},{"@type":"Person","@id":"https:\/\/news.canadamotorjobs.com\/#\/schema\/person\/51793d1f87d44011d7bcc2ed99269a90","name":"Benoit Charette","image":{"@type":"ImageObject","inLanguage":"fr-CA","@id":"https:\/\/news.canadamotorjobs.com\/#\/schema\/person\/image\/","url":"https:\/\/secure.gravatar.com\/avatar\/45f3d2eebcccd909668d7ce7ea7267b6?s=96&d=mm&r=g","contentUrl":"https:\/\/secure.gravatar.com\/avatar\/45f3d2eebcccd909668d7ce7ea7267b6?s=96&d=mm&r=g","caption":"Benoit Charette"},"description":"Benoit Charette \/ Propri\u00e9taire et r\u00e9dacteur en chef Benoit Charette pratique le journalisme automobile depuis bient\u00f4t 30 ans. Il a fait ses classes au c\u00f4t\u00e9 de Daniel H\u00e9raud et au Carnet de route de 1992 \u00e0 2001. Il est fondateur, copropri\u00e9taire et r\u00e9dacteur en chef de L\u2019Annuel de l\u2019automobile, qu\u2019il publie depuis 2001. Il a anim\u00e9 les \u00e9missions RPM et RPM+ sur V et les L\u00e9gendes de la route sur Historia. \u00c0 la radio depuis 1986, il reprend l\u2019antenne cette ann\u00e9e sur les ondes de Cogeco et participe pour la deuxi\u00e8me ann\u00e9e \u00e0 l\u2019\u00e9mission Passion Auto sur RDS en plus de mettre en ligne le site Web officiel de L\u2019Annuel de l\u2019automobile sur annuelauto.ca.","sameAs":["https:\/\/annuelauto.ca\/"],"url":"https:\/\/news.canadamotorjobs.com\/fr\/author\/benoit-charette\/"}]}},"_links":{"self":[{"href":"https:\/\/news.canadamotorjobs.com\/fr\/wp-json\/wp\/v2\/posts\/42134"}],"collection":[{"href":"https:\/\/news.canadamotorjobs.com\/fr\/wp-json\/wp\/v2\/posts"}],"about":[{"href":"https:\/\/news.canadamotorjobs.com\/fr\/wp-json\/wp\/v2\/types\/post"}],"author":[{"embeddable":true,"href":"https:\/\/news.canadamotorjobs.com\/fr\/wp-json\/wp\/v2\/users\/8"}],"replies":[{"embeddable":true,"href":"https:\/\/news.canadamotorjobs.com\/fr\/wp-json\/wp\/v2\/comments?post=42134"}],"version-history":[{"count":0,"href":"https:\/\/news.canadamotorjobs.com\/fr\/wp-json\/wp\/v2\/posts\/42134\/revisions"}],"wp:featuredmedia":[{"embeddable":true,"href":"https:\/\/news.canadamotorjobs.com\/fr\/wp-json\/wp\/v2\/media\/42138"}],"wp:attachment":[{"href":"https:\/\/news.canadamotorjobs.com\/fr\/wp-json\/wp\/v2\/media?parent=42134"}],"wp:term":[{"taxonomy":"category","embeddable":true,"href":"https:\/\/news.canadamotorjobs.com\/fr\/wp-json\/wp\/v2\/categories?post=42134"},{"taxonomy":"post_tag","embeddable":true,"href":"https:\/\/news.canadamotorjobs.com\/fr\/wp-json\/wp\/v2\/tags?post=42134"}],"curies":[{"name":"wp","href":"https:\/\/api.w.org\/{rel}","templated":true}]}}