{"id":42126,"date":"2022-07-14T07:52:55","date_gmt":"2022-07-14T11:52:55","guid":{"rendered":"https:\/\/blog.canadamotorjobs.com\/les-premieres-images-du-porsche-macan-ev-2024-circulent-sur-le-web\/"},"modified":"2022-07-14T07:58:47","modified_gmt":"2022-07-14T11:58:47","slug":"les-premieres-images-du-porsche-macan-ev-2024-circulent-sur-le-web","status":"publish","type":"post","link":"https:\/\/news.canadamotorjobs.com\/fr\/les-premieres-images-du-porsche-macan-ev-2024-circulent-sur-le-web\/","title":{"rendered":"Les premi\u00e8res images du Porsche Macan EV 2024 circulent sur le web"},"content":{"rendered":"<\/p>\n<p>Des prototypes de ce qui sera le premier VUS tout \u00e9lectrique du groupe Porsche circulent sur la route ces jours-ci et \u00e7a fait \u00e9videmment l\u2019affaire des espions photographes qui suivent de pr\u00e8s l\u2019industrie automobile. Des rumeurs d\u2019un Macan tout \u00e9lectrique \u00e9taient dans les airs depuis 2021 et \u00e7a a \u00e9t\u00e9 confirm\u00e9 l\u2019an dernier, mais on attendait toujours un peu plus de d\u00e9tails \u00e0 son sujet.<\/p>\n<p> L\u00e0 ce qu\u2019on sait, c\u2019est que le Macan EV sera mis en vente \u00e0 la fin 2023 comme un v\u00e9hicule mill\u00e9sim\u00e9 2024. C\u2019est un an plus tard que pr\u00e9vu. \u00c7a va laisser le temps \u00e0 Audi, une marque s\u0153ur de Porsche au sein du groupe Volkswagen, de lancer un nouveau VUS \u00e9lectrique, le Q6 e-tron, qui devrait appara\u00eetre avant la fin de l\u2019ann\u00e9e 2022.<\/p>\n<p> Dans les deux cas, c\u2019est la m\u00eame plateforme qui anime les roues et qui se cache sous la carrosserie. Il s\u2019agit d\u2019une plateforme appel\u00e9e PPE pour Premium Platform Electric, elle est modulaire, et vous aurez compris qu\u2019elle a \u00e9t\u00e9 con\u00e7ue justement pour des applications dans des segments de luxe comme ceux desservis par Audi et Porsche.<\/p>\n<p> Le Macan devrait h\u00e9riter d\u2019un syst\u00e8me \u00e9lectrique de 800 volts, ce qui lui permettra de r\u00e9cup\u00e9rer entre 400 et 500 kilom\u00e8tres d\u2019autonomie en seulement 20 minutes quand on le branchera \u00e0 une borne rapide de 350 kilowatts. C\u2019est fou! Il pourrait aussi \u00eatre possible de r\u00e9cup\u00e9rer 100 kilom\u00e8tres d\u2019autonomie en 3 minutes \u00e0 partir d\u2019une borne de 450 kilowatts.<\/p>\n<p> Le seul<\/p>\n","protected":false},"excerpt":{"rendered":"<p>Des prototypes de ce qui sera le premier VUS tout \u00e9lectrique du groupe Porsche circulent sur la route ces jours-ci et \u00e7a fait \u00e9videmment l\u2019affaire des espions photographes qui suivent de pr\u00e8s l\u2019industrie automobile. Des rumeurs d\u2019un Macan tout \u00e9lectrique \u00e9taient dans les airs depuis 2021 et \u00e7a a \u00e9t\u00e9 confirm\u00e9 l\u2019an dernier, mais on [&hellip;]<\/p>\n","protected":false},"author":8,"featured_media":42130,"comment_status":"close","ping_status":"closed","sticky":false,"template":"","format":"standard","meta":{"_monsterinsights_skip_tracking":false,"_monsterinsights_sitenote_active":false,"_monsterinsights_sitenote_note":"","_monsterinsights_sitenote_category":0,"footnotes":""},"categories":[101],"tags":[],"yoast_head":"<!-- This site is optimized with the Yoast SEO plugin v23.2 - https:\/\/yoast.com\/wordpress\/plugins\/seo\/ -->\n<title>Les premi\u00e8res images du Porsche Macan EV 2024 circulent sur le web - CanadaMotorJobs.com<\/title>\n<meta name=\"description\" content=\"Les premi\u00e8res images du Porsche Macan EV 2024 circulent sur le web - Benoit Charette - Annuel automobile - CanadaMotorJobs.com.\" \/>\n<meta name=\"robots\" content=\"index, follow, max-snippet:-1, max-image-preview:large, max-video-preview:-1\" \/>\n<meta property=\"og:locale\" content=\"fr_CA\" \/>\n<meta property=\"og:type\" content=\"article\" \/>\n<meta property=\"og:title\" content=\"Les premi\u00e8res images du Porsche Macan EV 2024 circulent sur le web - CanadaMotorJobs.com\" \/>\n<meta property=\"og:description\" content=\"Les premi\u00e8res images du Porsche Macan EV 2024 circulent sur le web - Benoit Charette - Annuel automobile - CanadaMotorJobs.com.\" \/>\n<meta property=\"og:url\" content=\"https:\/\/news.canadamotorjobs.com\/fr\/les-premieres-images-du-porsche-macan-ev-2024-circulent-sur-le-web\/\" \/>\n<meta property=\"og:site_name\" content=\"CanadaMotorJobs.com\" \/>\n<meta property=\"article:publisher\" content=\"https:\/\/www.facebook.com\/canadamotorjobs\/\" \/>\n<meta property=\"article:published_time\" content=\"2022-07-14T11:52:55+00:00\" \/>\n<meta property=\"article:modified_time\" content=\"2022-07-14T11:58:47+00:00\" \/>\n<meta property=\"og:image\" content=\"https:\/\/news.canadamotorjobs.com\/wp-content\/uploads\/2022\/07\/porsche-macan-ev-spy-photos-1.jpg\" \/>\n\t<meta property=\"og:image:width\" content=\"1280\" \/>\n\t<meta property=\"og:image:height\" content=\"720\" \/>\n\t<meta property=\"og:image:type\" content=\"image\/jpeg\" \/>\n<meta name=\"author\" content=\"Benoit Charette\" \/>\n<meta name=\"twitter:card\" content=\"summary_large_image\" \/>\n<meta name=\"twitter:creator\" content=\"@canadamotorjobs\" \/>\n<meta name=\"twitter:site\" content=\"@canadamotorjobs\" \/>\n<meta name=\"twitter:label1\" content=\"\u00c9crit par\" \/>\n\t<meta name=\"twitter:data1\" content=\"Benoit Charette\" \/>\n\t<meta name=\"twitter:label2\" content=\"Estimation du temps de lecture\" \/>\n\t<meta name=\"twitter:data2\" content=\"1 minute\" \/>\n<!-- \/ Yoast SEO plugin. -->","yoast_head_json":{"title":"Les premi\u00e8res images du Porsche Macan EV 2024 circulent sur le web - CanadaMotorJobs.com","description":"Les premi\u00e8res images du Porsche Macan EV 2024 circulent sur le web - Benoit Charette - Annuel automobile - CanadaMotorJobs.com.","robots":{"index":"index","follow":"follow","max-snippet":"max-snippet:-1","max-image-preview":"max-image-preview:large","max-video-preview":"max-video-preview:-1"},"og_locale":"fr_CA","og_type":"article","og_title":"Les premi\u00e8res images du Porsche Macan EV 2024 circulent sur le web - CanadaMotorJobs.com","og_description":"Les premi\u00e8res images du Porsche Macan EV 2024 circulent sur le web - Benoit Charette - Annuel automobile - CanadaMotorJobs.com.","og_url":"https:\/\/news.canadamotorjobs.com\/fr\/les-premieres-images-du-porsche-macan-ev-2024-circulent-sur-le-web\/","og_site_name":"CanadaMotorJobs.com","article_publisher":"https:\/\/www.facebook.com\/canadamotorjobs\/","article_published_time":"2022-07-14T11:52:55+00:00","article_modified_time":"2022-07-14T11:58:47+00:00","og_image":[{"width":1280,"height":720,"url":"https:\/\/news.canadamotorjobs.com\/wp-content\/uploads\/2022\/07\/porsche-macan-ev-spy-photos-1.jpg","type":"image\/jpeg"}],"author":"Benoit Charette","twitter_card":"summary_large_image","twitter_creator":"@canadamotorjobs","twitter_site":"@canadamotorjobs","twitter_misc":{"\u00c9crit par":"Benoit Charette","Estimation du temps de lecture":"1 minute"},"schema":{"@context":"https:\/\/schema.org","@graph":[{"@type":"Article","@id":"https:\/\/news.canadamotorjobs.com\/fr\/les-premieres-images-du-porsche-macan-ev-2024-circulent-sur-le-web\/#article","isPartOf":{"@id":"https:\/\/news.canadamotorjobs.com\/fr\/les-premieres-images-du-porsche-macan-ev-2024-circulent-sur-le-web\/"},"author":{"name":"Benoit Charette","@id":"https:\/\/news.canadamotorjobs.com\/#\/schema\/person\/51793d1f87d44011d7bcc2ed99269a90"},"headline":"Les premi\u00e8res images du Porsche Macan EV 2024 circulent sur le web","datePublished":"2022-07-14T11:52:55+00:00","dateModified":"2022-07-14T11:58:47+00:00","mainEntityOfPage":{"@id":"https:\/\/news.canadamotorjobs.com\/fr\/les-premieres-images-du-porsche-macan-ev-2024-circulent-sur-le-web\/"},"wordCount":277,"publisher":{"@id":"https:\/\/news.canadamotorjobs.com\/#organization"},"image":{"@id":"https:\/\/news.canadamotorjobs.com\/fr\/les-premieres-images-du-porsche-macan-ev-2024-circulent-sur-le-web\/#primaryimage"},"thumbnailUrl":"https:\/\/news.canadamotorjobs.com\/wp-content\/uploads\/2022\/07\/porsche-macan-ev-spy-photos-1.jpg","articleSection":["Annuel automobile"],"inLanguage":"fr-CA"},{"@type":"WebPage","@id":"https:\/\/news.canadamotorjobs.com\/fr\/les-premieres-images-du-porsche-macan-ev-2024-circulent-sur-le-web\/","url":"https:\/\/news.canadamotorjobs.com\/fr\/les-premieres-images-du-porsche-macan-ev-2024-circulent-sur-le-web\/","name":"Les premi\u00e8res images du Porsche Macan EV 2024 circulent sur le web - CanadaMotorJobs.com","isPartOf":{"@id":"https:\/\/news.canadamotorjobs.com\/#website"},"primaryImageOfPage":{"@id":"https:\/\/news.canadamotorjobs.com\/fr\/les-premieres-images-du-porsche-macan-ev-2024-circulent-sur-le-web\/#primaryimage"},"image":{"@id":"https:\/\/news.canadamotorjobs.com\/fr\/les-premieres-images-du-porsche-macan-ev-2024-circulent-sur-le-web\/#primaryimage"},"thumbnailUrl":"https:\/\/news.canadamotorjobs.com\/wp-content\/uploads\/2022\/07\/porsche-macan-ev-spy-photos-1.jpg","datePublished":"2022-07-14T11:52:55+00:00","dateModified":"2022-07-14T11:58:47+00:00","description":"Les premi\u00e8res images du Porsche Macan EV 2024 circulent sur le web - Benoit Charette - Annuel automobile - CanadaMotorJobs.com.","breadcrumb":{"@id":"https:\/\/news.canadamotorjobs.com\/fr\/les-premieres-images-du-porsche-macan-ev-2024-circulent-sur-le-web\/#breadcrumb"},"inLanguage":"fr-CA","potentialAction":[{"@type":"ReadAction","target":["https:\/\/news.canadamotorjobs.com\/fr\/les-premieres-images-du-porsche-macan-ev-2024-circulent-sur-le-web\/"]}]},{"@type":"ImageObject","inLanguage":"fr-CA","@id":"https:\/\/news.canadamotorjobs.com\/fr\/les-premieres-images-du-porsche-macan-ev-2024-circulent-sur-le-web\/#primaryimage","url":"https:\/\/news.canadamotorjobs.com\/wp-content\/uploads\/2022\/07\/porsche-macan-ev-spy-photos-1.jpg","contentUrl":"https:\/\/news.canadamotorjobs.com\/wp-content\/uploads\/2022\/07\/porsche-macan-ev-spy-photos-1.jpg","width":1280,"height":720},{"@type":"BreadcrumbList","@id":"https:\/\/news.canadamotorjobs.com\/fr\/les-premieres-images-du-porsche-macan-ev-2024-circulent-sur-le-web\/#breadcrumb","itemListElement":[{"@type":"ListItem","position":1,"name":"Home","item":"https:\/\/news.canadamotorjobs.com\/fr\/blog\/"},{"@type":"ListItem","position":2,"name":"Les premi\u00e8res images du Porsche Macan EV 2024 circulent sur le web"}]},{"@type":"WebSite","@id":"https:\/\/news.canadamotorjobs.com\/#website","url":"https:\/\/news.canadamotorjobs.com\/","name":"CanadaMotorJobs.com","description":"Automotive Jobs","publisher":{"@id":"https:\/\/news.canadamotorjobs.com\/#organization"},"potentialAction":[{"@type":"SearchAction","target":{"@type":"EntryPoint","urlTemplate":"https:\/\/news.canadamotorjobs.com\/?s={search_term_string}"},"query-input":"required name=search_term_string"}],"inLanguage":"fr-CA"},{"@type":"Organization","@id":"https:\/\/news.canadamotorjobs.com\/#organization","name":"Canada Motor Jobs","url":"https:\/\/news.canadamotorjobs.com\/","logo":{"@type":"ImageObject","inLanguage":"fr-CA","@id":"https:\/\/news.canadamotorjobs.com\/#\/schema\/logo\/image\/","url":"https:\/\/news.canadamotorjobs.com\/wp-content\/uploads\/2022\/10\/logo-canada-motor-jobs-1.png","contentUrl":"https:\/\/news.canadamotorjobs.com\/wp-content\/uploads\/2022\/10\/logo-canada-motor-jobs-1.png","width":800,"height":400,"caption":"Canada Motor Jobs"},"image":{"@id":"https:\/\/news.canadamotorjobs.com\/#\/schema\/logo\/image\/"},"sameAs":["https:\/\/www.facebook.com\/canadamotorjobs\/","https:\/\/x.com\/canadamotorjobs","https:\/\/www.instagram.com\/canadamotorjobs\/","https:\/\/www.linkedin.com\/company\/canadamotorjobs"]},{"@type":"Person","@id":"https:\/\/news.canadamotorjobs.com\/#\/schema\/person\/51793d1f87d44011d7bcc2ed99269a90","name":"Benoit Charette","image":{"@type":"ImageObject","inLanguage":"fr-CA","@id":"https:\/\/news.canadamotorjobs.com\/#\/schema\/person\/image\/","url":"https:\/\/secure.gravatar.com\/avatar\/45f3d2eebcccd909668d7ce7ea7267b6?s=96&d=mm&r=g","contentUrl":"https:\/\/secure.gravatar.com\/avatar\/45f3d2eebcccd909668d7ce7ea7267b6?s=96&d=mm&r=g","caption":"Benoit Charette"},"description":"Benoit Charette \/ Propri\u00e9taire et r\u00e9dacteur en chef Benoit Charette pratique le journalisme automobile depuis bient\u00f4t 30 ans. Il a fait ses classes au c\u00f4t\u00e9 de Daniel H\u00e9raud et au Carnet de route de 1992 \u00e0 2001. Il est fondateur, copropri\u00e9taire et r\u00e9dacteur en chef de L\u2019Annuel de l\u2019automobile, qu\u2019il publie depuis 2001. Il a anim\u00e9 les \u00e9missions RPM et RPM+ sur V et les L\u00e9gendes de la route sur Historia. \u00c0 la radio depuis 1986, il reprend l\u2019antenne cette ann\u00e9e sur les ondes de Cogeco et participe pour la deuxi\u00e8me ann\u00e9e \u00e0 l\u2019\u00e9mission Passion Auto sur RDS en plus de mettre en ligne le site Web officiel de L\u2019Annuel de l\u2019automobile sur annuelauto.ca.","sameAs":["https:\/\/annuelauto.ca\/"],"url":"https:\/\/news.canadamotorjobs.com\/fr\/author\/benoit-charette\/"}]}},"_links":{"self":[{"href":"https:\/\/news.canadamotorjobs.com\/fr\/wp-json\/wp\/v2\/posts\/42126"}],"collection":[{"href":"https:\/\/news.canadamotorjobs.com\/fr\/wp-json\/wp\/v2\/posts"}],"about":[{"href":"https:\/\/news.canadamotorjobs.com\/fr\/wp-json\/wp\/v2\/types\/post"}],"author":[{"embeddable":true,"href":"https:\/\/news.canadamotorjobs.com\/fr\/wp-json\/wp\/v2\/users\/8"}],"replies":[{"embeddable":true,"href":"https:\/\/news.canadamotorjobs.com\/fr\/wp-json\/wp\/v2\/comments?post=42126"}],"version-history":[{"count":0,"href":"https:\/\/news.canadamotorjobs.com\/fr\/wp-json\/wp\/v2\/posts\/42126\/revisions"}],"wp:featuredmedia":[{"embeddable":true,"href":"https:\/\/news.canadamotorjobs.com\/fr\/wp-json\/wp\/v2\/media\/42130"}],"wp:attachment":[{"href":"https:\/\/news.canadamotorjobs.com\/fr\/wp-json\/wp\/v2\/media?parent=42126"}],"wp:term":[{"taxonomy":"category","embeddable":true,"href":"https:\/\/news.canadamotorjobs.com\/fr\/wp-json\/wp\/v2\/categories?post=42126"},{"taxonomy":"post_tag","embeddable":true,"href":"https:\/\/news.canadamotorjobs.com\/fr\/wp-json\/wp\/v2\/tags?post=42126"}],"curies":[{"name":"wp","href":"https:\/\/api.w.org\/{rel}","templated":true}]}}