{"id":42118,"date":"2022-07-14T07:43:58","date_gmt":"2022-07-14T11:43:58","guid":{"rendered":"https:\/\/blog.canadamotorjobs.com\/lavenir-de-la-chevrolet-bolt-est-remis-en-question\/"},"modified":"2022-07-14T15:43:34","modified_gmt":"2022-07-14T19:43:34","slug":"lavenir-de-la-chevrolet-bolt-est-remis-en-question","status":"publish","type":"post","link":"https:\/\/news.canadamotorjobs.com\/fr\/lavenir-de-la-chevrolet-bolt-est-remis-en-question\/","title":{"rendered":"L\u2019avenir de la Chevrolet Bolt est remis en question"},"content":{"rendered":"<p>La Bolt a connu des moments difficiles depuis la mise en march\u00e9 de la version EUV et GM songe \u00e0 offrir autre chose sur le march\u00e9. Chevrolet d\u00e9voilera en septembre l&#8217;Equinox EV qui ne devrait pas co\u00fbter beaucoup plus cher que la Bolt selon les propos tenus par Chevrolet et il y aura aussi le Blazer EV qui arrive bient\u00f4t.<\/p>\n<h3>Les petites voitures n\u2019ont plus la cote<\/h3>\n<p>GM estime sans doute que la Bolt a \u00e9t\u00e9 populaire \u00e0 une \u00e9poque o\u00f9 l\u2019offre \u00e9tait moins \u00e9toff\u00e9e et en raison du prix abordable. Mais attention, la Bolt est encore populaire et GM le fait aussi pour des raisons financi\u00e8res, car GM met plus de profits dans ses poches en vendant un mod\u00e8le Equinox ou Blazer que la petite Bolt. \u00ab C&#8217;est un excellent produit pour le moment. Il sera avec nous pendant un certain temps. Mais au fur et \u00e0 mesure que nous augmentons les volumes, les portefeuilles changent \u00bb, a d\u00e9clar\u00e9 Steve Majoros, vice-pr\u00e9sident du marketing de Chevrolet.<\/p>\n<h3>Le m\u00eame sort que la Volt<\/h3>\n<p>GM r\u00e9serve sans doute \u00e0 la Bolt le m\u00eame sort que la Volt qui nous a quitt\u00e9s en pleine gloire alors que les mod\u00e8les se vendaient tr\u00e8s bien. Un jour, GM a d\u00e9cid\u00e9 de faire de la place pour les nouveaux mod\u00e8les \u00e9lectriques. GM a inject\u00e9 7 milliards de dollars dans ses capacit\u00e9s de production au Michigan. Cela inclut l&#8217;usine d&#8217;Orion, o\u00f9 la Bolt est actuellement construite. Le mod\u00e8le partagera \u00e9ventuellement une ligne de production avec la<\/p>\n","protected":false},"excerpt":{"rendered":"<p>La Bolt a connu des moments difficiles depuis la mise en march\u00e9 de la version EUV et GM songe \u00e0 offrir autre chose sur le march\u00e9. Chevrolet d\u00e9voilera en septembre l&#8217;Equinox EV qui ne devrait pas co\u00fbter beaucoup plus cher que la Bolt selon les propos tenus par Chevrolet et il y aura aussi le [&hellip;]<\/p>\n","protected":false},"author":8,"featured_media":42122,"comment_status":"close","ping_status":"closed","sticky":false,"template":"","format":"standard","meta":{"_monsterinsights_skip_tracking":false,"_monsterinsights_sitenote_active":false,"_monsterinsights_sitenote_note":"","_monsterinsights_sitenote_category":0,"footnotes":""},"categories":[101],"tags":[131],"yoast_head":"<!-- This site is optimized with the Yoast SEO plugin v23.2 - https:\/\/yoast.com\/wordpress\/plugins\/seo\/ -->\n<title>L\u2019avenir de la Chevrolet Bolt est remis en question - CanadaMotorJobs.com<\/title>\n<meta name=\"description\" content=\"L\u2019avenir de la Chevrolet Bolt est remis en question - Benoit Charette - Annuel automobile - CanadaMotorJobs.com.\" \/>\n<meta name=\"robots\" content=\"index, follow, max-snippet:-1, max-image-preview:large, max-video-preview:-1\" \/>\n<meta property=\"og:locale\" content=\"fr_CA\" \/>\n<meta property=\"og:type\" content=\"article\" \/>\n<meta property=\"og:title\" content=\"L\u2019avenir de la Chevrolet Bolt est remis en question - CanadaMotorJobs.com\" \/>\n<meta property=\"og:description\" content=\"L\u2019avenir de la Chevrolet Bolt est remis en question - Benoit Charette - Annuel automobile - CanadaMotorJobs.com.\" \/>\n<meta property=\"og:url\" content=\"https:\/\/news.canadamotorjobs.com\/fr\/lavenir-de-la-chevrolet-bolt-est-remis-en-question\/\" \/>\n<meta property=\"og:site_name\" content=\"CanadaMotorJobs.com\" \/>\n<meta property=\"article:publisher\" content=\"https:\/\/www.facebook.com\/canadamotorjobs\/\" \/>\n<meta property=\"article:published_time\" content=\"2022-07-14T11:43:58+00:00\" \/>\n<meta property=\"article:modified_time\" content=\"2022-07-14T19:43:34+00:00\" \/>\n<meta property=\"og:image\" content=\"https:\/\/news.canadamotorjobs.com\/wp-content\/uploads\/2022\/07\/chevrolet-bolt-ev-2022-011644872740879-1.jpg\" \/>\n\t<meta property=\"og:image:width\" content=\"1350\" \/>\n\t<meta property=\"og:image:height\" content=\"900\" \/>\n\t<meta property=\"og:image:type\" content=\"image\/jpeg\" \/>\n<meta name=\"author\" content=\"Benoit Charette\" \/>\n<meta name=\"twitter:card\" content=\"summary_large_image\" \/>\n<meta name=\"twitter:creator\" content=\"@canadamotorjobs\" \/>\n<meta name=\"twitter:site\" content=\"@canadamotorjobs\" \/>\n<meta name=\"twitter:label1\" content=\"\u00c9crit par\" \/>\n\t<meta name=\"twitter:data1\" content=\"Benoit Charette\" \/>\n\t<meta name=\"twitter:label2\" content=\"Estimation du temps de lecture\" \/>\n\t<meta name=\"twitter:data2\" content=\"2 minutes\" \/>\n<!-- \/ Yoast SEO plugin. -->","yoast_head_json":{"title":"L\u2019avenir de la Chevrolet Bolt est remis en question - CanadaMotorJobs.com","description":"L\u2019avenir de la Chevrolet Bolt est remis en question - Benoit Charette - Annuel automobile - CanadaMotorJobs.com.","robots":{"index":"index","follow":"follow","max-snippet":"max-snippet:-1","max-image-preview":"max-image-preview:large","max-video-preview":"max-video-preview:-1"},"og_locale":"fr_CA","og_type":"article","og_title":"L\u2019avenir de la Chevrolet Bolt est remis en question - CanadaMotorJobs.com","og_description":"L\u2019avenir de la Chevrolet Bolt est remis en question - Benoit Charette - Annuel automobile - CanadaMotorJobs.com.","og_url":"https:\/\/news.canadamotorjobs.com\/fr\/lavenir-de-la-chevrolet-bolt-est-remis-en-question\/","og_site_name":"CanadaMotorJobs.com","article_publisher":"https:\/\/www.facebook.com\/canadamotorjobs\/","article_published_time":"2022-07-14T11:43:58+00:00","article_modified_time":"2022-07-14T19:43:34+00:00","og_image":[{"width":1350,"height":900,"url":"https:\/\/news.canadamotorjobs.com\/wp-content\/uploads\/2022\/07\/chevrolet-bolt-ev-2022-011644872740879-1.jpg","type":"image\/jpeg"}],"author":"Benoit Charette","twitter_card":"summary_large_image","twitter_creator":"@canadamotorjobs","twitter_site":"@canadamotorjobs","twitter_misc":{"\u00c9crit par":"Benoit Charette","Estimation du temps de lecture":"2 minutes"},"schema":{"@context":"https:\/\/schema.org","@graph":[{"@type":"Article","@id":"https:\/\/news.canadamotorjobs.com\/fr\/lavenir-de-la-chevrolet-bolt-est-remis-en-question\/#article","isPartOf":{"@id":"https:\/\/news.canadamotorjobs.com\/fr\/lavenir-de-la-chevrolet-bolt-est-remis-en-question\/"},"author":{"name":"Benoit Charette","@id":"https:\/\/news.canadamotorjobs.com\/#\/schema\/person\/51793d1f87d44011d7bcc2ed99269a90"},"headline":"L\u2019avenir de la Chevrolet Bolt est remis en question","datePublished":"2022-07-14T11:43:58+00:00","dateModified":"2022-07-14T19:43:34+00:00","mainEntityOfPage":{"@id":"https:\/\/news.canadamotorjobs.com\/fr\/lavenir-de-la-chevrolet-bolt-est-remis-en-question\/"},"wordCount":277,"publisher":{"@id":"https:\/\/news.canadamotorjobs.com\/#organization"},"image":{"@id":"https:\/\/news.canadamotorjobs.com\/fr\/lavenir-de-la-chevrolet-bolt-est-remis-en-question\/#primaryimage"},"thumbnailUrl":"https:\/\/news.canadamotorjobs.com\/wp-content\/uploads\/2022\/07\/chevrolet-bolt-ev-2022-011644872740879-1.jpg","keywords":["Newsletter"],"articleSection":["Annuel automobile"],"inLanguage":"fr-CA"},{"@type":"WebPage","@id":"https:\/\/news.canadamotorjobs.com\/fr\/lavenir-de-la-chevrolet-bolt-est-remis-en-question\/","url":"https:\/\/news.canadamotorjobs.com\/fr\/lavenir-de-la-chevrolet-bolt-est-remis-en-question\/","name":"L\u2019avenir de la Chevrolet Bolt est remis en question - CanadaMotorJobs.com","isPartOf":{"@id":"https:\/\/news.canadamotorjobs.com\/#website"},"primaryImageOfPage":{"@id":"https:\/\/news.canadamotorjobs.com\/fr\/lavenir-de-la-chevrolet-bolt-est-remis-en-question\/#primaryimage"},"image":{"@id":"https:\/\/news.canadamotorjobs.com\/fr\/lavenir-de-la-chevrolet-bolt-est-remis-en-question\/#primaryimage"},"thumbnailUrl":"https:\/\/news.canadamotorjobs.com\/wp-content\/uploads\/2022\/07\/chevrolet-bolt-ev-2022-011644872740879-1.jpg","datePublished":"2022-07-14T11:43:58+00:00","dateModified":"2022-07-14T19:43:34+00:00","description":"L\u2019avenir de la Chevrolet Bolt est remis en question - Benoit Charette - Annuel automobile - CanadaMotorJobs.com.","breadcrumb":{"@id":"https:\/\/news.canadamotorjobs.com\/fr\/lavenir-de-la-chevrolet-bolt-est-remis-en-question\/#breadcrumb"},"inLanguage":"fr-CA","potentialAction":[{"@type":"ReadAction","target":["https:\/\/news.canadamotorjobs.com\/fr\/lavenir-de-la-chevrolet-bolt-est-remis-en-question\/"]}]},{"@type":"ImageObject","inLanguage":"fr-CA","@id":"https:\/\/news.canadamotorjobs.com\/fr\/lavenir-de-la-chevrolet-bolt-est-remis-en-question\/#primaryimage","url":"https:\/\/news.canadamotorjobs.com\/wp-content\/uploads\/2022\/07\/chevrolet-bolt-ev-2022-011644872740879-1.jpg","contentUrl":"https:\/\/news.canadamotorjobs.com\/wp-content\/uploads\/2022\/07\/chevrolet-bolt-ev-2022-011644872740879-1.jpg","width":1350,"height":900},{"@type":"BreadcrumbList","@id":"https:\/\/news.canadamotorjobs.com\/fr\/lavenir-de-la-chevrolet-bolt-est-remis-en-question\/#breadcrumb","itemListElement":[{"@type":"ListItem","position":1,"name":"Home","item":"https:\/\/news.canadamotorjobs.com\/fr\/blog\/"},{"@type":"ListItem","position":2,"name":"L\u2019avenir de la Chevrolet Bolt est remis en question"}]},{"@type":"WebSite","@id":"https:\/\/news.canadamotorjobs.com\/#website","url":"https:\/\/news.canadamotorjobs.com\/","name":"CanadaMotorJobs.com","description":"Automotive Jobs","publisher":{"@id":"https:\/\/news.canadamotorjobs.com\/#organization"},"potentialAction":[{"@type":"SearchAction","target":{"@type":"EntryPoint","urlTemplate":"https:\/\/news.canadamotorjobs.com\/?s={search_term_string}"},"query-input":"required name=search_term_string"}],"inLanguage":"fr-CA"},{"@type":"Organization","@id":"https:\/\/news.canadamotorjobs.com\/#organization","name":"Canada Motor Jobs","url":"https:\/\/news.canadamotorjobs.com\/","logo":{"@type":"ImageObject","inLanguage":"fr-CA","@id":"https:\/\/news.canadamotorjobs.com\/#\/schema\/logo\/image\/","url":"https:\/\/news.canadamotorjobs.com\/wp-content\/uploads\/2022\/10\/logo-canada-motor-jobs-1.png","contentUrl":"https:\/\/news.canadamotorjobs.com\/wp-content\/uploads\/2022\/10\/logo-canada-motor-jobs-1.png","width":800,"height":400,"caption":"Canada Motor Jobs"},"image":{"@id":"https:\/\/news.canadamotorjobs.com\/#\/schema\/logo\/image\/"},"sameAs":["https:\/\/www.facebook.com\/canadamotorjobs\/","https:\/\/x.com\/canadamotorjobs","https:\/\/www.instagram.com\/canadamotorjobs\/","https:\/\/www.linkedin.com\/company\/canadamotorjobs"]},{"@type":"Person","@id":"https:\/\/news.canadamotorjobs.com\/#\/schema\/person\/51793d1f87d44011d7bcc2ed99269a90","name":"Benoit Charette","image":{"@type":"ImageObject","inLanguage":"fr-CA","@id":"https:\/\/news.canadamotorjobs.com\/#\/schema\/person\/image\/","url":"https:\/\/secure.gravatar.com\/avatar\/45f3d2eebcccd909668d7ce7ea7267b6?s=96&d=mm&r=g","contentUrl":"https:\/\/secure.gravatar.com\/avatar\/45f3d2eebcccd909668d7ce7ea7267b6?s=96&d=mm&r=g","caption":"Benoit Charette"},"description":"Benoit Charette \/ Propri\u00e9taire et r\u00e9dacteur en chef Benoit Charette pratique le journalisme automobile depuis bient\u00f4t 30 ans. Il a fait ses classes au c\u00f4t\u00e9 de Daniel H\u00e9raud et au Carnet de route de 1992 \u00e0 2001. Il est fondateur, copropri\u00e9taire et r\u00e9dacteur en chef de L\u2019Annuel de l\u2019automobile, qu\u2019il publie depuis 2001. Il a anim\u00e9 les \u00e9missions RPM et RPM+ sur V et les L\u00e9gendes de la route sur Historia. \u00c0 la radio depuis 1986, il reprend l\u2019antenne cette ann\u00e9e sur les ondes de Cogeco et participe pour la deuxi\u00e8me ann\u00e9e \u00e0 l\u2019\u00e9mission Passion Auto sur RDS en plus de mettre en ligne le site Web officiel de L\u2019Annuel de l\u2019automobile sur annuelauto.ca.","sameAs":["https:\/\/annuelauto.ca\/"],"url":"https:\/\/news.canadamotorjobs.com\/fr\/author\/benoit-charette\/"}]}},"_links":{"self":[{"href":"https:\/\/news.canadamotorjobs.com\/fr\/wp-json\/wp\/v2\/posts\/42118"}],"collection":[{"href":"https:\/\/news.canadamotorjobs.com\/fr\/wp-json\/wp\/v2\/posts"}],"about":[{"href":"https:\/\/news.canadamotorjobs.com\/fr\/wp-json\/wp\/v2\/types\/post"}],"author":[{"embeddable":true,"href":"https:\/\/news.canadamotorjobs.com\/fr\/wp-json\/wp\/v2\/users\/8"}],"replies":[{"embeddable":true,"href":"https:\/\/news.canadamotorjobs.com\/fr\/wp-json\/wp\/v2\/comments?post=42118"}],"version-history":[{"count":0,"href":"https:\/\/news.canadamotorjobs.com\/fr\/wp-json\/wp\/v2\/posts\/42118\/revisions"}],"wp:featuredmedia":[{"embeddable":true,"href":"https:\/\/news.canadamotorjobs.com\/fr\/wp-json\/wp\/v2\/media\/42122"}],"wp:attachment":[{"href":"https:\/\/news.canadamotorjobs.com\/fr\/wp-json\/wp\/v2\/media?parent=42118"}],"wp:term":[{"taxonomy":"category","embeddable":true,"href":"https:\/\/news.canadamotorjobs.com\/fr\/wp-json\/wp\/v2\/categories?post=42118"},{"taxonomy":"post_tag","embeddable":true,"href":"https:\/\/news.canadamotorjobs.com\/fr\/wp-json\/wp\/v2\/tags?post=42118"}],"curies":[{"name":"wp","href":"https:\/\/api.w.org\/{rel}","templated":true}]}}