{"id":42110,"date":"2022-07-13T15:44:56","date_gmt":"2022-07-13T19:44:56","guid":{"rendered":"https:\/\/blog.canadamotorjobs.com\/hyundai-canada-et-le-groupe-gabriel-ouvrent-a-montreal-la-premiere-boutique-grand-public-dediee-aux-vehicules-electriques-en-amerique-du-nord\/"},"modified":"2022-07-13T15:59:20","modified_gmt":"2022-07-13T19:59:20","slug":"hyundai-canada-et-le-groupe-gabriel-ouvrent-a-montreal-la-premiere-boutique-grand-public-dediee-aux-vehicules-electriques-en-amerique-du-nord","status":"publish","type":"post","link":"https:\/\/news.canadamotorjobs.com\/fr\/hyundai-canada-et-le-groupe-gabriel-ouvrent-a-montreal-la-premiere-boutique-grand-public-dediee-aux-vehicules-electriques-en-amerique-du-nord\/","title":{"rendered":"Hyundai Canada et le Groupe Gabriel ouvrent \u00e0 Montr\u00e9al la premi\u00e8re boutique grand public d\u00e9di\u00e9e aux v\u00e9hicules \u00e9lectriques en Am\u00e9rique du Nord."},"content":{"rendered":"<\/p>\n<p>Le grand public est maintenant invit\u00e9 \u00e0 se rendre au 1955 rue Ste-Catherine Ouest \u00e0 Montr\u00e9al pour visiter <em>Hyundai \u00c9lectrifi\u00e9<\/em>, la premi\u00e8re boutique du constructeur d\u00e9di\u00e9e exclusivement \u00e0 sa gamme de v\u00e9hicules \u00e9lectriques et la premi\u00e8re du genre en Am\u00e9rique du Nord.<\/p>\n<p> \u00ab\u00a0Nous n\u2019avons rien \u00e0 vendre \u00e0 cette boutique\u00a0\u00bb, affirme le pr\u00e9sident de Hyundai Canada Don Romano. \u00ab\u00a0C\u2019est un centre d\u2019\u00e9ducation. Je vois tr\u00e8s bien cet endroit comme une salle de cours o\u00f9 les gens vont venir poser des questions pour mieux conna\u00eetre les v\u00e9hicules \u00e9lectriques.\u00a0\u00bb Nous voulions faire cela \u00e0 un endroit o\u00f9 il y a un v\u00e9ritable int\u00e9r\u00eat pour les v\u00e9hicules \u00e9lectriques et Montr\u00e9al est la ville en Am\u00e9rique du Nord qui a le meilleur indice d\u2019int\u00e9r\u00eat pour le transport \u00e9lectrique. C\u2019est un centre unique et un laboratoire en m\u00eame temps. Il n\u2019y aura pas d\u2019autres endroits comme celui-ci. C\u2019est donc un privil\u00e8ge pour les gens de Montr\u00e9al ajoute en terminant Don Romano.<\/p>\n<p> D\u00e8s le 12 juillet, les consommateurs pourront visiter la boutique <em>Hyundai \u00c9lectrifi\u00e9<\/em> situ\u00e9e au 1955, rue Sainte-Catherine Ouest dans le centre-ville de Montr\u00e9al pour en savoir davantage sur les V\u00c9 offerts par Hyundai et sur la fa\u00e7on d\u2019int\u00e9grer un v\u00e9hicule \u00e9lectrique dans leur quotidien. Vous retrouverez plus de d\u00e9tails sur la boutique <em>Hyundai \u00c9lectrifi\u00e9<\/em>, y compris les renseignements de contact et les heures d&#8217;ouverture, sur le site Web de la boutique \u00e0 <a href=\"\/www.hyundaielectrifiegabriel.com%22%20%5Ch\">https:\/\/www.hyundaielectrifiegabriel.com<\/a>. Pour plus d&#8217;informations sur la gamme des v\u00e9hicules \u00e9lectriques de Hyundai Canada, visitez <a href=\"\/www.hyundaicanada\">www.hyundaicanada.com\/en\/electrification<\/a>.<\/p>\n<p> &nbsp;<\/p>\n<p> &nbsp; <\/p>\n","protected":false},"excerpt":{"rendered":"<p>Le grand public est maintenant invit\u00e9 \u00e0 se rendre au 1955 rue Ste-Catherine Ouest \u00e0 Montr\u00e9al pour visiter Hyundai \u00c9lectrifi\u00e9, la premi\u00e8re boutique du constructeur d\u00e9di\u00e9e exclusivement \u00e0 sa gamme de v\u00e9hicules \u00e9lectriques et la premi\u00e8re du genre en Am\u00e9rique du Nord. \u00ab\u00a0Nous n\u2019avons rien \u00e0 vendre \u00e0 cette boutique\u00a0\u00bb, affirme le pr\u00e9sident de Hyundai [&hellip;]<\/p>\n","protected":false},"author":8,"featured_media":42114,"comment_status":"close","ping_status":"closed","sticky":false,"template":"","format":"standard","meta":{"_monsterinsights_skip_tracking":false,"_monsterinsights_sitenote_active":false,"_monsterinsights_sitenote_note":"","_monsterinsights_sitenote_category":0,"footnotes":""},"categories":[101],"tags":[],"yoast_head":"<!-- This site is optimized with the Yoast SEO plugin v23.2 - https:\/\/yoast.com\/wordpress\/plugins\/seo\/ -->\n<title>Hyundai Canada et le Groupe Gabriel ouvrent \u00e0 Montr\u00e9al la premi\u00e8re boutique grand public d\u00e9di\u00e9e aux v\u00e9hicules \u00e9lectriques en Am\u00e9rique du Nord. - CanadaMotorJobs.com<\/title>\n<meta name=\"description\" content=\"Hyundai Canada et le Groupe Gabriel ouvrent \u00e0 Montr\u00e9al la premi\u00e8re boutique grand public d\u00e9di\u00e9e aux v\u00e9hicules \u00e9lectriques en Am\u00e9rique du Nord. - Benoit Charette - Annuel automobile - CanadaMotorJobs.com.\" \/>\n<meta name=\"robots\" content=\"index, follow, max-snippet:-1, max-image-preview:large, max-video-preview:-1\" \/>\n<meta property=\"og:locale\" content=\"fr_CA\" \/>\n<meta property=\"og:type\" content=\"article\" \/>\n<meta property=\"og:title\" content=\"Hyundai Canada et le Groupe Gabriel ouvrent \u00e0 Montr\u00e9al la premi\u00e8re boutique grand public d\u00e9di\u00e9e aux v\u00e9hicules \u00e9lectriques en Am\u00e9rique du Nord. - CanadaMotorJobs.com\" \/>\n<meta property=\"og:description\" content=\"Hyundai Canada et le Groupe Gabriel ouvrent \u00e0 Montr\u00e9al la premi\u00e8re boutique grand public d\u00e9di\u00e9e aux v\u00e9hicules \u00e9lectriques en Am\u00e9rique du Nord. - Benoit Charette - Annuel automobile - CanadaMotorJobs.com.\" \/>\n<meta property=\"og:url\" content=\"https:\/\/news.canadamotorjobs.com\/fr\/hyundai-canada-et-le-groupe-gabriel-ouvrent-a-montreal-la-premiere-boutique-grand-public-dediee-aux-vehicules-electriques-en-amerique-du-nord\/\" \/>\n<meta property=\"og:site_name\" content=\"CanadaMotorJobs.com\" \/>\n<meta property=\"article:publisher\" content=\"https:\/\/www.facebook.com\/canadamotorjobs\/\" \/>\n<meta property=\"article:published_time\" content=\"2022-07-13T19:44:56+00:00\" \/>\n<meta property=\"article:modified_time\" content=\"2022-07-13T19:59:20+00:00\" \/>\n<meta property=\"og:image\" content=\"https:\/\/news.canadamotorjobs.com\/wp-content\/uploads\/2022\/07\/Boutique-2-showroom-1.jpg\" \/>\n\t<meta property=\"og:image:width\" content=\"1571\" \/>\n\t<meta property=\"og:image:height\" content=\"1000\" \/>\n\t<meta property=\"og:image:type\" content=\"image\/jpeg\" \/>\n<meta name=\"author\" content=\"Benoit Charette\" \/>\n<meta name=\"twitter:card\" content=\"summary_large_image\" \/>\n<meta name=\"twitter:creator\" content=\"@canadamotorjobs\" \/>\n<meta name=\"twitter:site\" content=\"@canadamotorjobs\" \/>\n<meta name=\"twitter:label1\" content=\"\u00c9crit par\" \/>\n\t<meta name=\"twitter:data1\" content=\"Benoit Charette\" \/>\n\t<meta name=\"twitter:label2\" content=\"Estimation du temps de lecture\" \/>\n\t<meta name=\"twitter:data2\" content=\"1 minute\" \/>\n<!-- \/ Yoast SEO plugin. -->","yoast_head_json":{"title":"Hyundai Canada et le Groupe Gabriel ouvrent \u00e0 Montr\u00e9al la premi\u00e8re boutique grand public d\u00e9di\u00e9e aux v\u00e9hicules \u00e9lectriques en Am\u00e9rique du Nord. - CanadaMotorJobs.com","description":"Hyundai Canada et le Groupe Gabriel ouvrent \u00e0 Montr\u00e9al la premi\u00e8re boutique grand public d\u00e9di\u00e9e aux v\u00e9hicules \u00e9lectriques en Am\u00e9rique du Nord. - Benoit Charette - Annuel automobile - CanadaMotorJobs.com.","robots":{"index":"index","follow":"follow","max-snippet":"max-snippet:-1","max-image-preview":"max-image-preview:large","max-video-preview":"max-video-preview:-1"},"og_locale":"fr_CA","og_type":"article","og_title":"Hyundai Canada et le Groupe Gabriel ouvrent \u00e0 Montr\u00e9al la premi\u00e8re boutique grand public d\u00e9di\u00e9e aux v\u00e9hicules \u00e9lectriques en Am\u00e9rique du Nord. - CanadaMotorJobs.com","og_description":"Hyundai Canada et le Groupe Gabriel ouvrent \u00e0 Montr\u00e9al la premi\u00e8re boutique grand public d\u00e9di\u00e9e aux v\u00e9hicules \u00e9lectriques en Am\u00e9rique du Nord. - Benoit Charette - Annuel automobile - CanadaMotorJobs.com.","og_url":"https:\/\/news.canadamotorjobs.com\/fr\/hyundai-canada-et-le-groupe-gabriel-ouvrent-a-montreal-la-premiere-boutique-grand-public-dediee-aux-vehicules-electriques-en-amerique-du-nord\/","og_site_name":"CanadaMotorJobs.com","article_publisher":"https:\/\/www.facebook.com\/canadamotorjobs\/","article_published_time":"2022-07-13T19:44:56+00:00","article_modified_time":"2022-07-13T19:59:20+00:00","og_image":[{"width":1571,"height":1000,"url":"https:\/\/news.canadamotorjobs.com\/wp-content\/uploads\/2022\/07\/Boutique-2-showroom-1.jpg","type":"image\/jpeg"}],"author":"Benoit Charette","twitter_card":"summary_large_image","twitter_creator":"@canadamotorjobs","twitter_site":"@canadamotorjobs","twitter_misc":{"\u00c9crit par":"Benoit Charette","Estimation du temps de lecture":"1 minute"},"schema":{"@context":"https:\/\/schema.org","@graph":[{"@type":"Article","@id":"https:\/\/news.canadamotorjobs.com\/fr\/hyundai-canada-et-le-groupe-gabriel-ouvrent-a-montreal-la-premiere-boutique-grand-public-dediee-aux-vehicules-electriques-en-amerique-du-nord\/#article","isPartOf":{"@id":"https:\/\/news.canadamotorjobs.com\/fr\/hyundai-canada-et-le-groupe-gabriel-ouvrent-a-montreal-la-premiere-boutique-grand-public-dediee-aux-vehicules-electriques-en-amerique-du-nord\/"},"author":{"name":"Benoit Charette","@id":"https:\/\/news.canadamotorjobs.com\/#\/schema\/person\/51793d1f87d44011d7bcc2ed99269a90"},"headline":"Hyundai Canada et le Groupe Gabriel ouvrent \u00e0 Montr\u00e9al la premi\u00e8re boutique grand public d\u00e9di\u00e9e aux v\u00e9hicules \u00e9lectriques en Am\u00e9rique du Nord.","datePublished":"2022-07-13T19:44:56+00:00","dateModified":"2022-07-13T19:59:20+00:00","mainEntityOfPage":{"@id":"https:\/\/news.canadamotorjobs.com\/fr\/hyundai-canada-et-le-groupe-gabriel-ouvrent-a-montreal-la-premiere-boutique-grand-public-dediee-aux-vehicules-electriques-en-amerique-du-nord\/"},"wordCount":310,"publisher":{"@id":"https:\/\/news.canadamotorjobs.com\/#organization"},"image":{"@id":"https:\/\/news.canadamotorjobs.com\/fr\/hyundai-canada-et-le-groupe-gabriel-ouvrent-a-montreal-la-premiere-boutique-grand-public-dediee-aux-vehicules-electriques-en-amerique-du-nord\/#primaryimage"},"thumbnailUrl":"https:\/\/news.canadamotorjobs.com\/wp-content\/uploads\/2022\/07\/Boutique-2-showroom-1.jpg","articleSection":["Annuel automobile"],"inLanguage":"fr-CA"},{"@type":"WebPage","@id":"https:\/\/news.canadamotorjobs.com\/fr\/hyundai-canada-et-le-groupe-gabriel-ouvrent-a-montreal-la-premiere-boutique-grand-public-dediee-aux-vehicules-electriques-en-amerique-du-nord\/","url":"https:\/\/news.canadamotorjobs.com\/fr\/hyundai-canada-et-le-groupe-gabriel-ouvrent-a-montreal-la-premiere-boutique-grand-public-dediee-aux-vehicules-electriques-en-amerique-du-nord\/","name":"Hyundai Canada et le Groupe Gabriel ouvrent \u00e0 Montr\u00e9al la premi\u00e8re boutique grand public d\u00e9di\u00e9e aux v\u00e9hicules \u00e9lectriques en Am\u00e9rique du Nord. - CanadaMotorJobs.com","isPartOf":{"@id":"https:\/\/news.canadamotorjobs.com\/#website"},"primaryImageOfPage":{"@id":"https:\/\/news.canadamotorjobs.com\/fr\/hyundai-canada-et-le-groupe-gabriel-ouvrent-a-montreal-la-premiere-boutique-grand-public-dediee-aux-vehicules-electriques-en-amerique-du-nord\/#primaryimage"},"image":{"@id":"https:\/\/news.canadamotorjobs.com\/fr\/hyundai-canada-et-le-groupe-gabriel-ouvrent-a-montreal-la-premiere-boutique-grand-public-dediee-aux-vehicules-electriques-en-amerique-du-nord\/#primaryimage"},"thumbnailUrl":"https:\/\/news.canadamotorjobs.com\/wp-content\/uploads\/2022\/07\/Boutique-2-showroom-1.jpg","datePublished":"2022-07-13T19:44:56+00:00","dateModified":"2022-07-13T19:59:20+00:00","description":"Hyundai Canada et le Groupe Gabriel ouvrent \u00e0 Montr\u00e9al la premi\u00e8re boutique grand public d\u00e9di\u00e9e aux v\u00e9hicules \u00e9lectriques en Am\u00e9rique du Nord. - Benoit Charette - Annuel automobile - CanadaMotorJobs.com.","breadcrumb":{"@id":"https:\/\/news.canadamotorjobs.com\/fr\/hyundai-canada-et-le-groupe-gabriel-ouvrent-a-montreal-la-premiere-boutique-grand-public-dediee-aux-vehicules-electriques-en-amerique-du-nord\/#breadcrumb"},"inLanguage":"fr-CA","potentialAction":[{"@type":"ReadAction","target":["https:\/\/news.canadamotorjobs.com\/fr\/hyundai-canada-et-le-groupe-gabriel-ouvrent-a-montreal-la-premiere-boutique-grand-public-dediee-aux-vehicules-electriques-en-amerique-du-nord\/"]}]},{"@type":"ImageObject","inLanguage":"fr-CA","@id":"https:\/\/news.canadamotorjobs.com\/fr\/hyundai-canada-et-le-groupe-gabriel-ouvrent-a-montreal-la-premiere-boutique-grand-public-dediee-aux-vehicules-electriques-en-amerique-du-nord\/#primaryimage","url":"https:\/\/news.canadamotorjobs.com\/wp-content\/uploads\/2022\/07\/Boutique-2-showroom-1.jpg","contentUrl":"https:\/\/news.canadamotorjobs.com\/wp-content\/uploads\/2022\/07\/Boutique-2-showroom-1.jpg","width":1571,"height":1000},{"@type":"BreadcrumbList","@id":"https:\/\/news.canadamotorjobs.com\/fr\/hyundai-canada-et-le-groupe-gabriel-ouvrent-a-montreal-la-premiere-boutique-grand-public-dediee-aux-vehicules-electriques-en-amerique-du-nord\/#breadcrumb","itemListElement":[{"@type":"ListItem","position":1,"name":"Home","item":"https:\/\/news.canadamotorjobs.com\/fr\/blog\/"},{"@type":"ListItem","position":2,"name":"Hyundai Canada et le Groupe Gabriel ouvrent \u00e0 Montr\u00e9al la premi\u00e8re boutique grand public d\u00e9di\u00e9e aux v\u00e9hicules \u00e9lectriques en Am\u00e9rique du Nord."}]},{"@type":"WebSite","@id":"https:\/\/news.canadamotorjobs.com\/#website","url":"https:\/\/news.canadamotorjobs.com\/","name":"CanadaMotorJobs.com","description":"Automotive Jobs","publisher":{"@id":"https:\/\/news.canadamotorjobs.com\/#organization"},"potentialAction":[{"@type":"SearchAction","target":{"@type":"EntryPoint","urlTemplate":"https:\/\/news.canadamotorjobs.com\/?s={search_term_string}"},"query-input":"required name=search_term_string"}],"inLanguage":"fr-CA"},{"@type":"Organization","@id":"https:\/\/news.canadamotorjobs.com\/#organization","name":"Canada Motor Jobs","url":"https:\/\/news.canadamotorjobs.com\/","logo":{"@type":"ImageObject","inLanguage":"fr-CA","@id":"https:\/\/news.canadamotorjobs.com\/#\/schema\/logo\/image\/","url":"https:\/\/news.canadamotorjobs.com\/wp-content\/uploads\/2022\/10\/logo-canada-motor-jobs-1.png","contentUrl":"https:\/\/news.canadamotorjobs.com\/wp-content\/uploads\/2022\/10\/logo-canada-motor-jobs-1.png","width":800,"height":400,"caption":"Canada Motor Jobs"},"image":{"@id":"https:\/\/news.canadamotorjobs.com\/#\/schema\/logo\/image\/"},"sameAs":["https:\/\/www.facebook.com\/canadamotorjobs\/","https:\/\/x.com\/canadamotorjobs","https:\/\/www.instagram.com\/canadamotorjobs\/","https:\/\/www.linkedin.com\/company\/canadamotorjobs"]},{"@type":"Person","@id":"https:\/\/news.canadamotorjobs.com\/#\/schema\/person\/51793d1f87d44011d7bcc2ed99269a90","name":"Benoit Charette","image":{"@type":"ImageObject","inLanguage":"fr-CA","@id":"https:\/\/news.canadamotorjobs.com\/#\/schema\/person\/image\/","url":"https:\/\/secure.gravatar.com\/avatar\/45f3d2eebcccd909668d7ce7ea7267b6?s=96&d=mm&r=g","contentUrl":"https:\/\/secure.gravatar.com\/avatar\/45f3d2eebcccd909668d7ce7ea7267b6?s=96&d=mm&r=g","caption":"Benoit Charette"},"description":"Benoit Charette \/ Propri\u00e9taire et r\u00e9dacteur en chef Benoit Charette pratique le journalisme automobile depuis bient\u00f4t 30 ans. Il a fait ses classes au c\u00f4t\u00e9 de Daniel H\u00e9raud et au Carnet de route de 1992 \u00e0 2001. Il est fondateur, copropri\u00e9taire et r\u00e9dacteur en chef de L\u2019Annuel de l\u2019automobile, qu\u2019il publie depuis 2001. Il a anim\u00e9 les \u00e9missions RPM et RPM+ sur V et les L\u00e9gendes de la route sur Historia. \u00c0 la radio depuis 1986, il reprend l\u2019antenne cette ann\u00e9e sur les ondes de Cogeco et participe pour la deuxi\u00e8me ann\u00e9e \u00e0 l\u2019\u00e9mission Passion Auto sur RDS en plus de mettre en ligne le site Web officiel de L\u2019Annuel de l\u2019automobile sur annuelauto.ca.","sameAs":["https:\/\/annuelauto.ca\/"],"url":"https:\/\/news.canadamotorjobs.com\/fr\/author\/benoit-charette\/"}]}},"_links":{"self":[{"href":"https:\/\/news.canadamotorjobs.com\/fr\/wp-json\/wp\/v2\/posts\/42110"}],"collection":[{"href":"https:\/\/news.canadamotorjobs.com\/fr\/wp-json\/wp\/v2\/posts"}],"about":[{"href":"https:\/\/news.canadamotorjobs.com\/fr\/wp-json\/wp\/v2\/types\/post"}],"author":[{"embeddable":true,"href":"https:\/\/news.canadamotorjobs.com\/fr\/wp-json\/wp\/v2\/users\/8"}],"replies":[{"embeddable":true,"href":"https:\/\/news.canadamotorjobs.com\/fr\/wp-json\/wp\/v2\/comments?post=42110"}],"version-history":[{"count":0,"href":"https:\/\/news.canadamotorjobs.com\/fr\/wp-json\/wp\/v2\/posts\/42110\/revisions"}],"wp:featuredmedia":[{"embeddable":true,"href":"https:\/\/news.canadamotorjobs.com\/fr\/wp-json\/wp\/v2\/media\/42114"}],"wp:attachment":[{"href":"https:\/\/news.canadamotorjobs.com\/fr\/wp-json\/wp\/v2\/media?parent=42110"}],"wp:term":[{"taxonomy":"category","embeddable":true,"href":"https:\/\/news.canadamotorjobs.com\/fr\/wp-json\/wp\/v2\/categories?post=42110"},{"taxonomy":"post_tag","embeddable":true,"href":"https:\/\/news.canadamotorjobs.com\/fr\/wp-json\/wp\/v2\/tags?post=42110"}],"curies":[{"name":"wp","href":"https:\/\/api.w.org\/{rel}","templated":true}]}}