{"id":42102,"date":"2022-07-13T08:32:38","date_gmt":"2022-07-13T12:32:38","guid":{"rendered":"https:\/\/blog.canadamotorjobs.com\/bosch-sapprete-a-depenser-3-milliards-de-dollars-pour-aider-a-resoudre-les-besoins-en-puces-electroniques\/"},"modified":"2022-07-14T15:45:21","modified_gmt":"2022-07-14T19:45:21","slug":"bosch-sapprete-a-depenser-3-milliards-de-dollars-pour-aider-a-resoudre-les-besoins-en-puces-electroniques","status":"publish","type":"post","link":"https:\/\/news.canadamotorjobs.com\/fr\/bosch-sapprete-a-depenser-3-milliards-de-dollars-pour-aider-a-resoudre-les-besoins-en-puces-electroniques\/","title":{"rendered":"Bosch s\u2019appr\u00eate \u00e0 d\u00e9penser 3 milliards de dollars pour aider \u00e0 r\u00e9soudre les besoins en puces \u00e9lectroniques"},"content":{"rendered":"<p>Personne dans l\u2019industrie automobile n\u2019avait pr\u00e9vu que la crise des puces \u00e9lectroniques allait \u00eatre aussi longue et aussi difficile. Le plus grand fournisseur mondial, Bosch pr\u00e9voit d&#8217;investir plus de 3 milliards de dollars dans son secteur des semi-conducteurs en d&#8217;ici 2026, afin de s&#8217;affranchir de la cha\u00eene d&#8217;approvisionnement mondiale en puces \u00e9lectroniques.<\/p>\n<h3>Plusieurs volets<\/h3>\n<p>L&#8217;investissement r\u00e9pondra \u00e0 une s\u00e9rie de besoins de l&#8217;industrie des semi-conducteurs, notamment l&#8217;ajout de centres d&#8217;essai, la recherche de nouveaux types de puces et, surtout, de nouvelles capacit\u00e9s de production de puces en Allemagne qui a souffert de la p\u00e9nurie. Au cours des 18 derniers mois, une p\u00e9nurie de puces a amen\u00e9 les constructeurs automobiles du monde entier \u00e0 annuler 13 millions de v\u00e9hicules des programmes de production, selon AutoForecast Solutions LLC.<\/p>\n<h3>Pas seulement des bonnes nouvelles<\/h3>\n<p>Ce plan ambitieux de Bosch ne concerne pas seulement le monde automobile. Bosch, le plus grand fournisseur de pi\u00e8ces automobiles au monde, a des centaines de bouches \u00e0 nourrir dans son portefeuille mondial de produits \u00e9lectroniques, allant des cafeti\u00e8res et grille-pain aux syst\u00e8mes de s\u00e9curit\u00e9 domestique, aux outils \u00e9lectriques, aux produits de vid\u00e9osurveillance et aux unit\u00e9s de climatisation &#8211; en plus des 49,14 milliards de dollars de ventes de pi\u00e8ces de plus en plus sophistiqu\u00e9es aux constructeurs automobiles l&#8217;ann\u00e9e derni\u00e8re. Le fournisseur veut r\u00e9soudre non seulement sa propre demande b\u00e9ante pour plus de micropuces, mais aussi celle de l&#8217;Europe. L&#8217;investissement sera r\u00e9alis\u00e9 en r\u00e9ponse \u00e0 la loi sur les puces europ\u00e9ennes, l&#8217;Union europ\u00e9enne et le gouvernement f\u00e9d\u00e9ral allemand fournissant<\/p>\n","protected":false},"excerpt":{"rendered":"<p>Personne dans l\u2019industrie automobile n\u2019avait pr\u00e9vu que la crise des puces \u00e9lectroniques allait \u00eatre aussi longue et aussi difficile. Le plus grand fournisseur mondial, Bosch pr\u00e9voit d&#8217;investir plus de 3 milliards de dollars dans son secteur des semi-conducteurs en d&#8217;ici 2026, afin de s&#8217;affranchir de la cha\u00eene d&#8217;approvisionnement mondiale en puces \u00e9lectroniques. Plusieurs volets L&#8217;investissement [&hellip;]<\/p>\n","protected":false},"author":8,"featured_media":42106,"comment_status":"close","ping_status":"closed","sticky":false,"template":"","format":"standard","meta":{"_monsterinsights_skip_tracking":false,"_monsterinsights_sitenote_active":false,"_monsterinsights_sitenote_note":"","_monsterinsights_sitenote_category":0,"footnotes":""},"categories":[101],"tags":[131],"yoast_head":"<!-- This site is optimized with the Yoast SEO plugin v23.2 - https:\/\/yoast.com\/wordpress\/plugins\/seo\/ -->\n<title>Bosch s\u2019appr\u00eate \u00e0 d\u00e9penser 3 milliards de dollars pour aider \u00e0 r\u00e9soudre les besoins en puces \u00e9lectroniques - CanadaMotorJobs.com<\/title>\n<meta name=\"description\" content=\"Bosch s\u2019appr\u00eate \u00e0 d\u00e9penser 3 milliards de dollars pour aider \u00e0 r\u00e9soudre les besoins en puces \u00e9lectroniques - Benoit Charette - Annuel automobile - CanadaMotorJobs.com.\" \/>\n<meta name=\"robots\" content=\"index, follow, max-snippet:-1, max-image-preview:large, max-video-preview:-1\" \/>\n<meta property=\"og:locale\" content=\"fr_CA\" \/>\n<meta property=\"og:type\" content=\"article\" \/>\n<meta property=\"og:title\" content=\"Bosch s\u2019appr\u00eate \u00e0 d\u00e9penser 3 milliards de dollars pour aider \u00e0 r\u00e9soudre les besoins en puces \u00e9lectroniques - CanadaMotorJobs.com\" \/>\n<meta property=\"og:description\" content=\"Bosch s\u2019appr\u00eate \u00e0 d\u00e9penser 3 milliards de dollars pour aider \u00e0 r\u00e9soudre les besoins en puces \u00e9lectroniques - Benoit Charette - Annuel automobile - CanadaMotorJobs.com.\" \/>\n<meta property=\"og:url\" content=\"https:\/\/news.canadamotorjobs.com\/fr\/bosch-sapprete-a-depenser-3-milliards-de-dollars-pour-aider-a-resoudre-les-besoins-en-puces-electroniques\/\" \/>\n<meta property=\"og:site_name\" content=\"CanadaMotorJobs.com\" \/>\n<meta property=\"article:publisher\" content=\"https:\/\/www.facebook.com\/canadamotorjobs\/\" \/>\n<meta property=\"article:published_time\" content=\"2022-07-13T12:32:38+00:00\" \/>\n<meta property=\"article:modified_time\" content=\"2022-07-14T19:45:21+00:00\" \/>\n<meta property=\"og:image\" content=\"https:\/\/news.canadamotorjobs.com\/wp-content\/uploads\/2022\/07\/bosch_airbag_ic_print_300_dpi-1.jpg\" \/>\n\t<meta property=\"og:image:width\" content=\"2023\" \/>\n\t<meta property=\"og:image:height\" content=\"1138\" \/>\n\t<meta property=\"og:image:type\" content=\"image\/jpeg\" \/>\n<meta name=\"author\" content=\"Benoit Charette\" \/>\n<meta name=\"twitter:card\" content=\"summary_large_image\" \/>\n<meta name=\"twitter:creator\" content=\"@canadamotorjobs\" \/>\n<meta name=\"twitter:site\" content=\"@canadamotorjobs\" \/>\n<meta name=\"twitter:label1\" content=\"\u00c9crit par\" \/>\n\t<meta name=\"twitter:data1\" content=\"Benoit Charette\" \/>\n\t<meta name=\"twitter:label2\" content=\"Estimation du temps de lecture\" \/>\n\t<meta name=\"twitter:data2\" content=\"2 minutes\" \/>\n<!-- \/ Yoast SEO plugin. -->","yoast_head_json":{"title":"Bosch s\u2019appr\u00eate \u00e0 d\u00e9penser 3 milliards de dollars pour aider \u00e0 r\u00e9soudre les besoins en puces \u00e9lectroniques - CanadaMotorJobs.com","description":"Bosch s\u2019appr\u00eate \u00e0 d\u00e9penser 3 milliards de dollars pour aider \u00e0 r\u00e9soudre les besoins en puces \u00e9lectroniques - Benoit Charette - Annuel automobile - CanadaMotorJobs.com.","robots":{"index":"index","follow":"follow","max-snippet":"max-snippet:-1","max-image-preview":"max-image-preview:large","max-video-preview":"max-video-preview:-1"},"og_locale":"fr_CA","og_type":"article","og_title":"Bosch s\u2019appr\u00eate \u00e0 d\u00e9penser 3 milliards de dollars pour aider \u00e0 r\u00e9soudre les besoins en puces \u00e9lectroniques - CanadaMotorJobs.com","og_description":"Bosch s\u2019appr\u00eate \u00e0 d\u00e9penser 3 milliards de dollars pour aider \u00e0 r\u00e9soudre les besoins en puces \u00e9lectroniques - Benoit Charette - Annuel automobile - CanadaMotorJobs.com.","og_url":"https:\/\/news.canadamotorjobs.com\/fr\/bosch-sapprete-a-depenser-3-milliards-de-dollars-pour-aider-a-resoudre-les-besoins-en-puces-electroniques\/","og_site_name":"CanadaMotorJobs.com","article_publisher":"https:\/\/www.facebook.com\/canadamotorjobs\/","article_published_time":"2022-07-13T12:32:38+00:00","article_modified_time":"2022-07-14T19:45:21+00:00","og_image":[{"width":2023,"height":1138,"url":"https:\/\/news.canadamotorjobs.com\/wp-content\/uploads\/2022\/07\/bosch_airbag_ic_print_300_dpi-1.jpg","type":"image\/jpeg"}],"author":"Benoit Charette","twitter_card":"summary_large_image","twitter_creator":"@canadamotorjobs","twitter_site":"@canadamotorjobs","twitter_misc":{"\u00c9crit par":"Benoit Charette","Estimation du temps de lecture":"2 minutes"},"schema":{"@context":"https:\/\/schema.org","@graph":[{"@type":"Article","@id":"https:\/\/news.canadamotorjobs.com\/fr\/bosch-sapprete-a-depenser-3-milliards-de-dollars-pour-aider-a-resoudre-les-besoins-en-puces-electroniques\/#article","isPartOf":{"@id":"https:\/\/news.canadamotorjobs.com\/fr\/bosch-sapprete-a-depenser-3-milliards-de-dollars-pour-aider-a-resoudre-les-besoins-en-puces-electroniques\/"},"author":{"name":"Benoit Charette","@id":"https:\/\/news.canadamotorjobs.com\/#\/schema\/person\/51793d1f87d44011d7bcc2ed99269a90"},"headline":"Bosch s\u2019appr\u00eate \u00e0 d\u00e9penser 3 milliards de dollars pour aider \u00e0 r\u00e9soudre les besoins en puces \u00e9lectroniques","datePublished":"2022-07-13T12:32:38+00:00","dateModified":"2022-07-14T19:45:21+00:00","mainEntityOfPage":{"@id":"https:\/\/news.canadamotorjobs.com\/fr\/bosch-sapprete-a-depenser-3-milliards-de-dollars-pour-aider-a-resoudre-les-besoins-en-puces-electroniques\/"},"wordCount":300,"publisher":{"@id":"https:\/\/news.canadamotorjobs.com\/#organization"},"image":{"@id":"https:\/\/news.canadamotorjobs.com\/fr\/bosch-sapprete-a-depenser-3-milliards-de-dollars-pour-aider-a-resoudre-les-besoins-en-puces-electroniques\/#primaryimage"},"thumbnailUrl":"https:\/\/news.canadamotorjobs.com\/wp-content\/uploads\/2022\/07\/bosch_airbag_ic_print_300_dpi-1.jpg","keywords":["Newsletter"],"articleSection":["Annuel automobile"],"inLanguage":"fr-CA"},{"@type":"WebPage","@id":"https:\/\/news.canadamotorjobs.com\/fr\/bosch-sapprete-a-depenser-3-milliards-de-dollars-pour-aider-a-resoudre-les-besoins-en-puces-electroniques\/","url":"https:\/\/news.canadamotorjobs.com\/fr\/bosch-sapprete-a-depenser-3-milliards-de-dollars-pour-aider-a-resoudre-les-besoins-en-puces-electroniques\/","name":"Bosch s\u2019appr\u00eate \u00e0 d\u00e9penser 3 milliards de dollars pour aider \u00e0 r\u00e9soudre les besoins en puces \u00e9lectroniques - CanadaMotorJobs.com","isPartOf":{"@id":"https:\/\/news.canadamotorjobs.com\/#website"},"primaryImageOfPage":{"@id":"https:\/\/news.canadamotorjobs.com\/fr\/bosch-sapprete-a-depenser-3-milliards-de-dollars-pour-aider-a-resoudre-les-besoins-en-puces-electroniques\/#primaryimage"},"image":{"@id":"https:\/\/news.canadamotorjobs.com\/fr\/bosch-sapprete-a-depenser-3-milliards-de-dollars-pour-aider-a-resoudre-les-besoins-en-puces-electroniques\/#primaryimage"},"thumbnailUrl":"https:\/\/news.canadamotorjobs.com\/wp-content\/uploads\/2022\/07\/bosch_airbag_ic_print_300_dpi-1.jpg","datePublished":"2022-07-13T12:32:38+00:00","dateModified":"2022-07-14T19:45:21+00:00","description":"Bosch s\u2019appr\u00eate \u00e0 d\u00e9penser 3 milliards de dollars pour aider \u00e0 r\u00e9soudre les besoins en puces \u00e9lectroniques - Benoit Charette - Annuel automobile - CanadaMotorJobs.com.","breadcrumb":{"@id":"https:\/\/news.canadamotorjobs.com\/fr\/bosch-sapprete-a-depenser-3-milliards-de-dollars-pour-aider-a-resoudre-les-besoins-en-puces-electroniques\/#breadcrumb"},"inLanguage":"fr-CA","potentialAction":[{"@type":"ReadAction","target":["https:\/\/news.canadamotorjobs.com\/fr\/bosch-sapprete-a-depenser-3-milliards-de-dollars-pour-aider-a-resoudre-les-besoins-en-puces-electroniques\/"]}]},{"@type":"ImageObject","inLanguage":"fr-CA","@id":"https:\/\/news.canadamotorjobs.com\/fr\/bosch-sapprete-a-depenser-3-milliards-de-dollars-pour-aider-a-resoudre-les-besoins-en-puces-electroniques\/#primaryimage","url":"https:\/\/news.canadamotorjobs.com\/wp-content\/uploads\/2022\/07\/bosch_airbag_ic_print_300_dpi-1.jpg","contentUrl":"https:\/\/news.canadamotorjobs.com\/wp-content\/uploads\/2022\/07\/bosch_airbag_ic_print_300_dpi-1.jpg","width":2023,"height":1138},{"@type":"BreadcrumbList","@id":"https:\/\/news.canadamotorjobs.com\/fr\/bosch-sapprete-a-depenser-3-milliards-de-dollars-pour-aider-a-resoudre-les-besoins-en-puces-electroniques\/#breadcrumb","itemListElement":[{"@type":"ListItem","position":1,"name":"Home","item":"https:\/\/news.canadamotorjobs.com\/fr\/blog\/"},{"@type":"ListItem","position":2,"name":"Bosch s\u2019appr\u00eate \u00e0 d\u00e9penser 3 milliards de dollars pour aider \u00e0 r\u00e9soudre les besoins en puces \u00e9lectroniques"}]},{"@type":"WebSite","@id":"https:\/\/news.canadamotorjobs.com\/#website","url":"https:\/\/news.canadamotorjobs.com\/","name":"CanadaMotorJobs.com","description":"Automotive Jobs","publisher":{"@id":"https:\/\/news.canadamotorjobs.com\/#organization"},"potentialAction":[{"@type":"SearchAction","target":{"@type":"EntryPoint","urlTemplate":"https:\/\/news.canadamotorjobs.com\/?s={search_term_string}"},"query-input":"required name=search_term_string"}],"inLanguage":"fr-CA"},{"@type":"Organization","@id":"https:\/\/news.canadamotorjobs.com\/#organization","name":"Canada Motor Jobs","url":"https:\/\/news.canadamotorjobs.com\/","logo":{"@type":"ImageObject","inLanguage":"fr-CA","@id":"https:\/\/news.canadamotorjobs.com\/#\/schema\/logo\/image\/","url":"https:\/\/news.canadamotorjobs.com\/wp-content\/uploads\/2022\/10\/logo-canada-motor-jobs-1.png","contentUrl":"https:\/\/news.canadamotorjobs.com\/wp-content\/uploads\/2022\/10\/logo-canada-motor-jobs-1.png","width":800,"height":400,"caption":"Canada Motor Jobs"},"image":{"@id":"https:\/\/news.canadamotorjobs.com\/#\/schema\/logo\/image\/"},"sameAs":["https:\/\/www.facebook.com\/canadamotorjobs\/","https:\/\/x.com\/canadamotorjobs","https:\/\/www.instagram.com\/canadamotorjobs\/","https:\/\/www.linkedin.com\/company\/canadamotorjobs"]},{"@type":"Person","@id":"https:\/\/news.canadamotorjobs.com\/#\/schema\/person\/51793d1f87d44011d7bcc2ed99269a90","name":"Benoit Charette","image":{"@type":"ImageObject","inLanguage":"fr-CA","@id":"https:\/\/news.canadamotorjobs.com\/#\/schema\/person\/image\/","url":"https:\/\/secure.gravatar.com\/avatar\/45f3d2eebcccd909668d7ce7ea7267b6?s=96&d=mm&r=g","contentUrl":"https:\/\/secure.gravatar.com\/avatar\/45f3d2eebcccd909668d7ce7ea7267b6?s=96&d=mm&r=g","caption":"Benoit Charette"},"description":"Benoit Charette \/ Propri\u00e9taire et r\u00e9dacteur en chef Benoit Charette pratique le journalisme automobile depuis bient\u00f4t 30 ans. Il a fait ses classes au c\u00f4t\u00e9 de Daniel H\u00e9raud et au Carnet de route de 1992 \u00e0 2001. Il est fondateur, copropri\u00e9taire et r\u00e9dacteur en chef de L\u2019Annuel de l\u2019automobile, qu\u2019il publie depuis 2001. Il a anim\u00e9 les \u00e9missions RPM et RPM+ sur V et les L\u00e9gendes de la route sur Historia. \u00c0 la radio depuis 1986, il reprend l\u2019antenne cette ann\u00e9e sur les ondes de Cogeco et participe pour la deuxi\u00e8me ann\u00e9e \u00e0 l\u2019\u00e9mission Passion Auto sur RDS en plus de mettre en ligne le site Web officiel de L\u2019Annuel de l\u2019automobile sur annuelauto.ca.","sameAs":["https:\/\/annuelauto.ca\/"],"url":"https:\/\/news.canadamotorjobs.com\/fr\/author\/benoit-charette\/"}]}},"_links":{"self":[{"href":"https:\/\/news.canadamotorjobs.com\/fr\/wp-json\/wp\/v2\/posts\/42102"}],"collection":[{"href":"https:\/\/news.canadamotorjobs.com\/fr\/wp-json\/wp\/v2\/posts"}],"about":[{"href":"https:\/\/news.canadamotorjobs.com\/fr\/wp-json\/wp\/v2\/types\/post"}],"author":[{"embeddable":true,"href":"https:\/\/news.canadamotorjobs.com\/fr\/wp-json\/wp\/v2\/users\/8"}],"replies":[{"embeddable":true,"href":"https:\/\/news.canadamotorjobs.com\/fr\/wp-json\/wp\/v2\/comments?post=42102"}],"version-history":[{"count":0,"href":"https:\/\/news.canadamotorjobs.com\/fr\/wp-json\/wp\/v2\/posts\/42102\/revisions"}],"wp:featuredmedia":[{"embeddable":true,"href":"https:\/\/news.canadamotorjobs.com\/fr\/wp-json\/wp\/v2\/media\/42106"}],"wp:attachment":[{"href":"https:\/\/news.canadamotorjobs.com\/fr\/wp-json\/wp\/v2\/media?parent=42102"}],"wp:term":[{"taxonomy":"category","embeddable":true,"href":"https:\/\/news.canadamotorjobs.com\/fr\/wp-json\/wp\/v2\/categories?post=42102"},{"taxonomy":"post_tag","embeddable":true,"href":"https:\/\/news.canadamotorjobs.com\/fr\/wp-json\/wp\/v2\/tags?post=42102"}],"curies":[{"name":"wp","href":"https:\/\/api.w.org\/{rel}","templated":true}]}}