{"id":42094,"date":"2022-07-13T08:09:15","date_gmt":"2022-07-13T12:09:15","guid":{"rendered":"https:\/\/blog.canadamotorjobs.com\/ford-depose-le-nom-lightning-pour-le-ranger-et-le-maverick\/"},"modified":"2022-07-13T08:14:10","modified_gmt":"2022-07-13T12:14:10","slug":"ford-depose-le-nom-lightning-pour-le-ranger-et-le-maverick","status":"publish","type":"post","link":"https:\/\/news.canadamotorjobs.com\/fr\/ford-depose-le-nom-lightning-pour-le-ranger-et-le-maverick\/","title":{"rendered":"Ford d\u00e9pose le nom Lightning pour le Ranger et le Maverick"},"content":{"rendered":"<\/p>\n<p>Voil\u00e0 qui laisse entrevoir des versions \u00e9lectrifi\u00e9es des deux camions. Il faut savoir que les noms ont \u00e9t\u00e9 enregistr\u00e9s du c\u00f4t\u00e9 de l\u2019Europe \u00e0 l&#8217;Office de la propri\u00e9t\u00e9 intellectuelle de l&#8217;Union europ\u00e9enne montrant que Ford a r\u00e9cemment d\u00e9pos\u00e9 les noms Ranger Lightning et Maverick Lightning.<br \/> Un\u00a0 march\u00e9 int\u00e9ressant pour les plus petits camions<br \/> Ce n&#8217;est pas une grande surprise, puisque Ford a d\u00e9j\u00e0 affirm\u00e9 vouloir \u00eatre le leader des camions \u00e9lectriques, ce qui n&#8217;est possible qu&#8217;avec de nombreux mod\u00e8les de tailles diff\u00e9rentes. Aucun d\u00e9tail n&#8217;est connu sur ces mod\u00e8les pour le moment, mais s&#8217;ils suivent la m\u00eame formule que le F-150 Lightning, les Ranger et Maverick \u00e9lectriques pourraient partager un design tr\u00e8s similaire \u00e0 leurs homologues \u00e0 essence, malgr\u00e9 des soubassements tr\u00e8s diff\u00e9rents.<br \/> Le Ranger d\u2019abord<br \/> Le Ranger, qui vient d&#8217;\u00eatre redessin\u00e9, devrait \u00eatre le premier des deux \u00e0 recevoir sa variante \u00e9lectrique puisqu&#8217;il ne dispose actuellement d&#8217;aucune forme d&#8217;\u00e9lectrification, contrairement au Maverick, qui peut \u00eatre \u00e9quip\u00e9 d&#8217;un groupe motopropulseur hybride traditionnel. La soci\u00e9t\u00e9 n&#8217;a pas pr\u00e9cis\u00e9 quand ces camions pourraient arriver, mais lors du lancement du F-150 Lightning, elle a r\u00e9v\u00e9l\u00e9 qu&#8217;un autre pick-up \u00e9lectrique \u00e9tait d\u00e9j\u00e0 en cours d&#8217;essai, ce qui sugg\u00e8re que son d\u00e9veloppement pourrait \u00eatre bien avanc\u00e9. Si l&#8217;on en juge par le succ\u00e8s de l&#8217;actuel Maverick et la popularit\u00e9 soutenue des pick-up \u00e9lectriques, le constructeur ne devrait pas avoir de mal \u00e0 trouver des acheteurs pour ces mod\u00e8les, d&#8217;autant plus que les autres camions \u00e9lectriques sur le march\u00e9 sont en concurrence dans le segment des<\/p>\n","protected":false},"excerpt":{"rendered":"<p>Voil\u00e0 qui laisse entrevoir des versions \u00e9lectrifi\u00e9es des deux camions. Il faut savoir que les noms ont \u00e9t\u00e9 enregistr\u00e9s du c\u00f4t\u00e9 de l\u2019Europe \u00e0 l&#8217;Office de la propri\u00e9t\u00e9 intellectuelle de l&#8217;Union europ\u00e9enne montrant que Ford a r\u00e9cemment d\u00e9pos\u00e9 les noms Ranger Lightning et Maverick Lightning. Un\u00a0 march\u00e9 int\u00e9ressant pour les plus petits camions Ce n&#8217;est [&hellip;]<\/p>\n","protected":false},"author":8,"featured_media":42098,"comment_status":"close","ping_status":"closed","sticky":false,"template":"","format":"standard","meta":{"_monsterinsights_skip_tracking":false,"_monsterinsights_sitenote_active":false,"_monsterinsights_sitenote_note":"","_monsterinsights_sitenote_category":0,"footnotes":""},"categories":[101],"tags":[],"yoast_head":"<!-- This site is optimized with the Yoast SEO plugin v23.2 - https:\/\/yoast.com\/wordpress\/plugins\/seo\/ -->\n<title>Ford d\u00e9pose le nom Lightning pour le Ranger et le Maverick - CanadaMotorJobs.com<\/title>\n<meta name=\"description\" content=\"Ford d\u00e9pose le nom Lightning pour le Ranger et le Maverick - Benoit Charette - Annuel automobile - CanadaMotorJobs.com.\" \/>\n<meta name=\"robots\" content=\"index, follow, max-snippet:-1, max-image-preview:large, max-video-preview:-1\" \/>\n<meta property=\"og:locale\" content=\"fr_CA\" \/>\n<meta property=\"og:type\" content=\"article\" \/>\n<meta property=\"og:title\" content=\"Ford d\u00e9pose le nom Lightning pour le Ranger et le Maverick - CanadaMotorJobs.com\" \/>\n<meta property=\"og:description\" content=\"Ford d\u00e9pose le nom Lightning pour le Ranger et le Maverick - Benoit Charette - Annuel automobile - CanadaMotorJobs.com.\" \/>\n<meta property=\"og:url\" content=\"https:\/\/news.canadamotorjobs.com\/fr\/ford-depose-le-nom-lightning-pour-le-ranger-et-le-maverick\/\" \/>\n<meta property=\"og:site_name\" content=\"CanadaMotorJobs.com\" \/>\n<meta property=\"article:publisher\" content=\"https:\/\/www.facebook.com\/canadamotorjobs\/\" \/>\n<meta property=\"article:published_time\" content=\"2022-07-13T12:09:15+00:00\" \/>\n<meta property=\"article:modified_time\" content=\"2022-07-13T12:14:10+00:00\" \/>\n<meta property=\"og:image\" content=\"https:\/\/news.canadamotorjobs.com\/wp-content\/uploads\/2022\/07\/f-250_f-150_lightning_f-150_ranger_ford_maverick1627672141414-1.jpg\" \/>\n\t<meta property=\"og:image:width\" content=\"1440\" \/>\n\t<meta property=\"og:image:height\" content=\"810\" \/>\n\t<meta property=\"og:image:type\" content=\"image\/jpeg\" \/>\n<meta name=\"author\" content=\"Benoit Charette\" \/>\n<meta name=\"twitter:card\" content=\"summary_large_image\" \/>\n<meta name=\"twitter:creator\" content=\"@canadamotorjobs\" \/>\n<meta name=\"twitter:site\" content=\"@canadamotorjobs\" \/>\n<meta name=\"twitter:label1\" content=\"\u00c9crit par\" \/>\n\t<meta name=\"twitter:data1\" content=\"Benoit Charette\" \/>\n\t<meta name=\"twitter:label2\" content=\"Estimation du temps de lecture\" \/>\n\t<meta name=\"twitter:data2\" content=\"1 minute\" \/>\n<!-- \/ Yoast SEO plugin. -->","yoast_head_json":{"title":"Ford d\u00e9pose le nom Lightning pour le Ranger et le Maverick - CanadaMotorJobs.com","description":"Ford d\u00e9pose le nom Lightning pour le Ranger et le Maverick - Benoit Charette - Annuel automobile - CanadaMotorJobs.com.","robots":{"index":"index","follow":"follow","max-snippet":"max-snippet:-1","max-image-preview":"max-image-preview:large","max-video-preview":"max-video-preview:-1"},"og_locale":"fr_CA","og_type":"article","og_title":"Ford d\u00e9pose le nom Lightning pour le Ranger et le Maverick - CanadaMotorJobs.com","og_description":"Ford d\u00e9pose le nom Lightning pour le Ranger et le Maverick - Benoit Charette - Annuel automobile - CanadaMotorJobs.com.","og_url":"https:\/\/news.canadamotorjobs.com\/fr\/ford-depose-le-nom-lightning-pour-le-ranger-et-le-maverick\/","og_site_name":"CanadaMotorJobs.com","article_publisher":"https:\/\/www.facebook.com\/canadamotorjobs\/","article_published_time":"2022-07-13T12:09:15+00:00","article_modified_time":"2022-07-13T12:14:10+00:00","og_image":[{"width":1440,"height":810,"url":"https:\/\/news.canadamotorjobs.com\/wp-content\/uploads\/2022\/07\/f-250_f-150_lightning_f-150_ranger_ford_maverick1627672141414-1.jpg","type":"image\/jpeg"}],"author":"Benoit Charette","twitter_card":"summary_large_image","twitter_creator":"@canadamotorjobs","twitter_site":"@canadamotorjobs","twitter_misc":{"\u00c9crit par":"Benoit Charette","Estimation du temps de lecture":"1 minute"},"schema":{"@context":"https:\/\/schema.org","@graph":[{"@type":"Article","@id":"https:\/\/news.canadamotorjobs.com\/fr\/ford-depose-le-nom-lightning-pour-le-ranger-et-le-maverick\/#article","isPartOf":{"@id":"https:\/\/news.canadamotorjobs.com\/fr\/ford-depose-le-nom-lightning-pour-le-ranger-et-le-maverick\/"},"author":{"name":"Benoit Charette","@id":"https:\/\/news.canadamotorjobs.com\/#\/schema\/person\/51793d1f87d44011d7bcc2ed99269a90"},"headline":"Ford d\u00e9pose le nom Lightning pour le Ranger et le Maverick","datePublished":"2022-07-13T12:09:15+00:00","dateModified":"2022-07-13T12:14:10+00:00","mainEntityOfPage":{"@id":"https:\/\/news.canadamotorjobs.com\/fr\/ford-depose-le-nom-lightning-pour-le-ranger-et-le-maverick\/"},"wordCount":303,"publisher":{"@id":"https:\/\/news.canadamotorjobs.com\/#organization"},"image":{"@id":"https:\/\/news.canadamotorjobs.com\/fr\/ford-depose-le-nom-lightning-pour-le-ranger-et-le-maverick\/#primaryimage"},"thumbnailUrl":"https:\/\/news.canadamotorjobs.com\/wp-content\/uploads\/2022\/07\/f-250_f-150_lightning_f-150_ranger_ford_maverick1627672141414-1.jpg","articleSection":["Annuel automobile"],"inLanguage":"fr-CA"},{"@type":"WebPage","@id":"https:\/\/news.canadamotorjobs.com\/fr\/ford-depose-le-nom-lightning-pour-le-ranger-et-le-maverick\/","url":"https:\/\/news.canadamotorjobs.com\/fr\/ford-depose-le-nom-lightning-pour-le-ranger-et-le-maverick\/","name":"Ford d\u00e9pose le nom Lightning pour le Ranger et le Maverick - CanadaMotorJobs.com","isPartOf":{"@id":"https:\/\/news.canadamotorjobs.com\/#website"},"primaryImageOfPage":{"@id":"https:\/\/news.canadamotorjobs.com\/fr\/ford-depose-le-nom-lightning-pour-le-ranger-et-le-maverick\/#primaryimage"},"image":{"@id":"https:\/\/news.canadamotorjobs.com\/fr\/ford-depose-le-nom-lightning-pour-le-ranger-et-le-maverick\/#primaryimage"},"thumbnailUrl":"https:\/\/news.canadamotorjobs.com\/wp-content\/uploads\/2022\/07\/f-250_f-150_lightning_f-150_ranger_ford_maverick1627672141414-1.jpg","datePublished":"2022-07-13T12:09:15+00:00","dateModified":"2022-07-13T12:14:10+00:00","description":"Ford d\u00e9pose le nom Lightning pour le Ranger et le Maverick - Benoit Charette - Annuel automobile - CanadaMotorJobs.com.","breadcrumb":{"@id":"https:\/\/news.canadamotorjobs.com\/fr\/ford-depose-le-nom-lightning-pour-le-ranger-et-le-maverick\/#breadcrumb"},"inLanguage":"fr-CA","potentialAction":[{"@type":"ReadAction","target":["https:\/\/news.canadamotorjobs.com\/fr\/ford-depose-le-nom-lightning-pour-le-ranger-et-le-maverick\/"]}]},{"@type":"ImageObject","inLanguage":"fr-CA","@id":"https:\/\/news.canadamotorjobs.com\/fr\/ford-depose-le-nom-lightning-pour-le-ranger-et-le-maverick\/#primaryimage","url":"https:\/\/news.canadamotorjobs.com\/wp-content\/uploads\/2022\/07\/f-250_f-150_lightning_f-150_ranger_ford_maverick1627672141414-1.jpg","contentUrl":"https:\/\/news.canadamotorjobs.com\/wp-content\/uploads\/2022\/07\/f-250_f-150_lightning_f-150_ranger_ford_maverick1627672141414-1.jpg","width":1440,"height":810},{"@type":"BreadcrumbList","@id":"https:\/\/news.canadamotorjobs.com\/fr\/ford-depose-le-nom-lightning-pour-le-ranger-et-le-maverick\/#breadcrumb","itemListElement":[{"@type":"ListItem","position":1,"name":"Home","item":"https:\/\/news.canadamotorjobs.com\/fr\/blog\/"},{"@type":"ListItem","position":2,"name":"Ford d\u00e9pose le nom Lightning pour le Ranger et le Maverick"}]},{"@type":"WebSite","@id":"https:\/\/news.canadamotorjobs.com\/#website","url":"https:\/\/news.canadamotorjobs.com\/","name":"CanadaMotorJobs.com","description":"Automotive Jobs","publisher":{"@id":"https:\/\/news.canadamotorjobs.com\/#organization"},"potentialAction":[{"@type":"SearchAction","target":{"@type":"EntryPoint","urlTemplate":"https:\/\/news.canadamotorjobs.com\/?s={search_term_string}"},"query-input":"required name=search_term_string"}],"inLanguage":"fr-CA"},{"@type":"Organization","@id":"https:\/\/news.canadamotorjobs.com\/#organization","name":"Canada Motor Jobs","url":"https:\/\/news.canadamotorjobs.com\/","logo":{"@type":"ImageObject","inLanguage":"fr-CA","@id":"https:\/\/news.canadamotorjobs.com\/#\/schema\/logo\/image\/","url":"https:\/\/news.canadamotorjobs.com\/wp-content\/uploads\/2022\/10\/logo-canada-motor-jobs-1.png","contentUrl":"https:\/\/news.canadamotorjobs.com\/wp-content\/uploads\/2022\/10\/logo-canada-motor-jobs-1.png","width":800,"height":400,"caption":"Canada Motor Jobs"},"image":{"@id":"https:\/\/news.canadamotorjobs.com\/#\/schema\/logo\/image\/"},"sameAs":["https:\/\/www.facebook.com\/canadamotorjobs\/","https:\/\/x.com\/canadamotorjobs","https:\/\/www.instagram.com\/canadamotorjobs\/","https:\/\/www.linkedin.com\/company\/canadamotorjobs"]},{"@type":"Person","@id":"https:\/\/news.canadamotorjobs.com\/#\/schema\/person\/51793d1f87d44011d7bcc2ed99269a90","name":"Benoit Charette","image":{"@type":"ImageObject","inLanguage":"fr-CA","@id":"https:\/\/news.canadamotorjobs.com\/#\/schema\/person\/image\/","url":"https:\/\/secure.gravatar.com\/avatar\/45f3d2eebcccd909668d7ce7ea7267b6?s=96&d=mm&r=g","contentUrl":"https:\/\/secure.gravatar.com\/avatar\/45f3d2eebcccd909668d7ce7ea7267b6?s=96&d=mm&r=g","caption":"Benoit Charette"},"description":"Benoit Charette \/ Propri\u00e9taire et r\u00e9dacteur en chef Benoit Charette pratique le journalisme automobile depuis bient\u00f4t 30 ans. Il a fait ses classes au c\u00f4t\u00e9 de Daniel H\u00e9raud et au Carnet de route de 1992 \u00e0 2001. Il est fondateur, copropri\u00e9taire et r\u00e9dacteur en chef de L\u2019Annuel de l\u2019automobile, qu\u2019il publie depuis 2001. Il a anim\u00e9 les \u00e9missions RPM et RPM+ sur V et les L\u00e9gendes de la route sur Historia. \u00c0 la radio depuis 1986, il reprend l\u2019antenne cette ann\u00e9e sur les ondes de Cogeco et participe pour la deuxi\u00e8me ann\u00e9e \u00e0 l\u2019\u00e9mission Passion Auto sur RDS en plus de mettre en ligne le site Web officiel de L\u2019Annuel de l\u2019automobile sur annuelauto.ca.","sameAs":["https:\/\/annuelauto.ca\/"],"url":"https:\/\/news.canadamotorjobs.com\/fr\/author\/benoit-charette\/"}]}},"_links":{"self":[{"href":"https:\/\/news.canadamotorjobs.com\/fr\/wp-json\/wp\/v2\/posts\/42094"}],"collection":[{"href":"https:\/\/news.canadamotorjobs.com\/fr\/wp-json\/wp\/v2\/posts"}],"about":[{"href":"https:\/\/news.canadamotorjobs.com\/fr\/wp-json\/wp\/v2\/types\/post"}],"author":[{"embeddable":true,"href":"https:\/\/news.canadamotorjobs.com\/fr\/wp-json\/wp\/v2\/users\/8"}],"replies":[{"embeddable":true,"href":"https:\/\/news.canadamotorjobs.com\/fr\/wp-json\/wp\/v2\/comments?post=42094"}],"version-history":[{"count":0,"href":"https:\/\/news.canadamotorjobs.com\/fr\/wp-json\/wp\/v2\/posts\/42094\/revisions"}],"wp:featuredmedia":[{"embeddable":true,"href":"https:\/\/news.canadamotorjobs.com\/fr\/wp-json\/wp\/v2\/media\/42098"}],"wp:attachment":[{"href":"https:\/\/news.canadamotorjobs.com\/fr\/wp-json\/wp\/v2\/media?parent=42094"}],"wp:term":[{"taxonomy":"category","embeddable":true,"href":"https:\/\/news.canadamotorjobs.com\/fr\/wp-json\/wp\/v2\/categories?post=42094"},{"taxonomy":"post_tag","embeddable":true,"href":"https:\/\/news.canadamotorjobs.com\/fr\/wp-json\/wp\/v2\/tags?post=42094"}],"curies":[{"name":"wp","href":"https:\/\/api.w.org\/{rel}","templated":true}]}}