{"id":42086,"date":"2022-07-13T07:46:53","date_gmt":"2022-07-13T11:46:53","guid":{"rendered":"https:\/\/blog.canadamotorjobs.com\/un-honda-cr-v-hybride-au-canada-en-2023\/"},"modified":"2022-07-13T07:59:33","modified_gmt":"2022-07-13T11:59:33","slug":"un-honda-cr-v-hybride-au-canada-en-2023","status":"publish","type":"post","link":"https:\/\/news.canadamotorjobs.com\/fr\/un-honda-cr-v-hybride-au-canada-en-2023\/","title":{"rendered":"Un Honda CR-V hybride au Canada en 2023"},"content":{"rendered":"<\/p>\n<p>Pour 2023, Honda redessine son populaire mod\u00e8le CR-V. Il est l\u00e9g\u00e8rement plus grand, va offrir un groupe motopropulseur hybride d&#8217;une puissance combin\u00e9e de 204 chevaux et un int\u00e9rieur remani\u00e9 avec \u00e9cran tactile d&#8217;infodivertissement de neuf pouces. Ce qu\u2019il faut retenir c\u2019est que le mod\u00e8le hybride qui \u00e9tait vendu aux \u00c9tats-Unis depuis quelques ann\u00e9es va enfin \u00eatre livrable chez nous.<br \/> 4 versions au catalogue<br \/> Le march\u00e9 canadien aura droit aux versions LX, EX-L, Sport et Touring, avec la transmission int\u00e9grale en option sur la LX et de s\u00e9rie sur les trois autres versions. L&#8217;empattement du v\u00e9hicule a \u00e9t\u00e9 allong\u00e9 d&#8217;environ 4 cm, tandis que la longueur totale a augment\u00e9 de 7 cm, la largeur de 1 cm et la hauteur est pratiquement inchang\u00e9e. Le CR-V recevra un nouvel int\u00e9rieur, avec un tableau de bord dont le design est clairement inspir\u00e9 de celui de la Honda Civic de la g\u00e9n\u00e9ration actuelle. Un \u00e9cran tactile d&#8217;infodivertissement de sept pouces sera propos\u00e9 de s\u00e9rie, tandis qu&#8217;un \u00e9cran de neuf pouces, une cha\u00eene st\u00e9r\u00e9o Bose \u00e0 12 haut-parleurs ainsi que les fonctions sans fil Apple CarPlay et Android Auto seront disponibles sur les versions sup\u00e9rieures du CR-V.<br \/> Le m\u00eame moteur de base<br \/> \u00c0 l&#8217;int\u00e9rieur, les occupants des si\u00e8ges arri\u00e8re b\u00e9n\u00e9ficient d&#8217;un peu plus d&#8217;espace pour les jambes et d&#8217;un dossier inclinable plus long pour un confort accru. Le mod\u00e8le de base conserve le moteur \u00e0 quatre cylindres en ligne de 1,5 litre turbo avec 190 chevaux et 179 livres-pieds de couple. Propos\u00e9 dans la version<\/p>\n","protected":false},"excerpt":{"rendered":"<p>Pour 2023, Honda redessine son populaire mod\u00e8le CR-V. Il est l\u00e9g\u00e8rement plus grand, va offrir un groupe motopropulseur hybride d&#8217;une puissance combin\u00e9e de 204 chevaux et un int\u00e9rieur remani\u00e9 avec \u00e9cran tactile d&#8217;infodivertissement de neuf pouces. Ce qu\u2019il faut retenir c\u2019est que le mod\u00e8le hybride qui \u00e9tait vendu aux \u00c9tats-Unis depuis quelques ann\u00e9es va enfin [&hellip;]<\/p>\n","protected":false},"author":8,"featured_media":42090,"comment_status":"close","ping_status":"closed","sticky":false,"template":"","format":"standard","meta":{"_monsterinsights_skip_tracking":false,"_monsterinsights_sitenote_active":false,"_monsterinsights_sitenote_note":"","_monsterinsights_sitenote_category":0,"footnotes":""},"categories":[101],"tags":[],"yoast_head":"<!-- This site is optimized with the Yoast SEO plugin v23.2 - https:\/\/yoast.com\/wordpress\/plugins\/seo\/ -->\n<title>Un Honda CR-V hybride au Canada en 2023 - CanadaMotorJobs.com<\/title>\n<meta name=\"description\" content=\"Un Honda CR-V hybride au Canada en 2023 - Benoit Charette - Annuel automobile - CanadaMotorJobs.com.\" \/>\n<meta name=\"robots\" content=\"index, follow, max-snippet:-1, max-image-preview:large, max-video-preview:-1\" \/>\n<meta property=\"og:locale\" content=\"fr_CA\" \/>\n<meta property=\"og:type\" content=\"article\" \/>\n<meta property=\"og:title\" content=\"Un Honda CR-V hybride au Canada en 2023 - CanadaMotorJobs.com\" \/>\n<meta property=\"og:description\" content=\"Un Honda CR-V hybride au Canada en 2023 - Benoit Charette - Annuel automobile - CanadaMotorJobs.com.\" \/>\n<meta property=\"og:url\" content=\"https:\/\/news.canadamotorjobs.com\/fr\/un-honda-cr-v-hybride-au-canada-en-2023\/\" \/>\n<meta property=\"og:site_name\" content=\"CanadaMotorJobs.com\" \/>\n<meta property=\"article:publisher\" content=\"https:\/\/www.facebook.com\/canadamotorjobs\/\" \/>\n<meta property=\"article:published_time\" content=\"2022-07-13T11:46:53+00:00\" \/>\n<meta property=\"article:modified_time\" content=\"2022-07-13T11:59:33+00:00\" \/>\n<meta property=\"og:image\" content=\"https:\/\/news.canadamotorjobs.com\/wp-content\/uploads\/2022\/07\/01-2023-Honda-CR-V-Sport-Touring-1.jpg\" \/>\n\t<meta property=\"og:image:width\" content=\"1200\" \/>\n\t<meta property=\"og:image:height\" content=\"646\" \/>\n\t<meta property=\"og:image:type\" content=\"image\/jpeg\" \/>\n<meta name=\"author\" content=\"Benoit Charette\" \/>\n<meta name=\"twitter:card\" content=\"summary_large_image\" \/>\n<meta name=\"twitter:creator\" content=\"@canadamotorjobs\" \/>\n<meta name=\"twitter:site\" content=\"@canadamotorjobs\" \/>\n<meta name=\"twitter:label1\" content=\"\u00c9crit par\" \/>\n\t<meta name=\"twitter:data1\" content=\"Benoit Charette\" \/>\n\t<meta name=\"twitter:label2\" content=\"Estimation du temps de lecture\" \/>\n\t<meta name=\"twitter:data2\" content=\"1 minute\" \/>\n<!-- \/ Yoast SEO plugin. -->","yoast_head_json":{"title":"Un Honda CR-V hybride au Canada en 2023 - CanadaMotorJobs.com","description":"Un Honda CR-V hybride au Canada en 2023 - Benoit Charette - Annuel automobile - CanadaMotorJobs.com.","robots":{"index":"index","follow":"follow","max-snippet":"max-snippet:-1","max-image-preview":"max-image-preview:large","max-video-preview":"max-video-preview:-1"},"og_locale":"fr_CA","og_type":"article","og_title":"Un Honda CR-V hybride au Canada en 2023 - CanadaMotorJobs.com","og_description":"Un Honda CR-V hybride au Canada en 2023 - Benoit Charette - Annuel automobile - CanadaMotorJobs.com.","og_url":"https:\/\/news.canadamotorjobs.com\/fr\/un-honda-cr-v-hybride-au-canada-en-2023\/","og_site_name":"CanadaMotorJobs.com","article_publisher":"https:\/\/www.facebook.com\/canadamotorjobs\/","article_published_time":"2022-07-13T11:46:53+00:00","article_modified_time":"2022-07-13T11:59:33+00:00","og_image":[{"width":1200,"height":646,"url":"https:\/\/news.canadamotorjobs.com\/wp-content\/uploads\/2022\/07\/01-2023-Honda-CR-V-Sport-Touring-1.jpg","type":"image\/jpeg"}],"author":"Benoit Charette","twitter_card":"summary_large_image","twitter_creator":"@canadamotorjobs","twitter_site":"@canadamotorjobs","twitter_misc":{"\u00c9crit par":"Benoit Charette","Estimation du temps de lecture":"1 minute"},"schema":{"@context":"https:\/\/schema.org","@graph":[{"@type":"Article","@id":"https:\/\/news.canadamotorjobs.com\/fr\/un-honda-cr-v-hybride-au-canada-en-2023\/#article","isPartOf":{"@id":"https:\/\/news.canadamotorjobs.com\/fr\/un-honda-cr-v-hybride-au-canada-en-2023\/"},"author":{"name":"Benoit Charette","@id":"https:\/\/news.canadamotorjobs.com\/#\/schema\/person\/51793d1f87d44011d7bcc2ed99269a90"},"headline":"Un Honda CR-V hybride au Canada en 2023","datePublished":"2022-07-13T11:46:53+00:00","dateModified":"2022-07-13T11:59:33+00:00","mainEntityOfPage":{"@id":"https:\/\/news.canadamotorjobs.com\/fr\/un-honda-cr-v-hybride-au-canada-en-2023\/"},"wordCount":282,"publisher":{"@id":"https:\/\/news.canadamotorjobs.com\/#organization"},"image":{"@id":"https:\/\/news.canadamotorjobs.com\/fr\/un-honda-cr-v-hybride-au-canada-en-2023\/#primaryimage"},"thumbnailUrl":"https:\/\/news.canadamotorjobs.com\/wp-content\/uploads\/2022\/07\/01-2023-Honda-CR-V-Sport-Touring-1.jpg","articleSection":["Annuel automobile"],"inLanguage":"fr-CA"},{"@type":"WebPage","@id":"https:\/\/news.canadamotorjobs.com\/fr\/un-honda-cr-v-hybride-au-canada-en-2023\/","url":"https:\/\/news.canadamotorjobs.com\/fr\/un-honda-cr-v-hybride-au-canada-en-2023\/","name":"Un Honda CR-V hybride au Canada en 2023 - CanadaMotorJobs.com","isPartOf":{"@id":"https:\/\/news.canadamotorjobs.com\/#website"},"primaryImageOfPage":{"@id":"https:\/\/news.canadamotorjobs.com\/fr\/un-honda-cr-v-hybride-au-canada-en-2023\/#primaryimage"},"image":{"@id":"https:\/\/news.canadamotorjobs.com\/fr\/un-honda-cr-v-hybride-au-canada-en-2023\/#primaryimage"},"thumbnailUrl":"https:\/\/news.canadamotorjobs.com\/wp-content\/uploads\/2022\/07\/01-2023-Honda-CR-V-Sport-Touring-1.jpg","datePublished":"2022-07-13T11:46:53+00:00","dateModified":"2022-07-13T11:59:33+00:00","description":"Un Honda CR-V hybride au Canada en 2023 - Benoit Charette - Annuel automobile - CanadaMotorJobs.com.","breadcrumb":{"@id":"https:\/\/news.canadamotorjobs.com\/fr\/un-honda-cr-v-hybride-au-canada-en-2023\/#breadcrumb"},"inLanguage":"fr-CA","potentialAction":[{"@type":"ReadAction","target":["https:\/\/news.canadamotorjobs.com\/fr\/un-honda-cr-v-hybride-au-canada-en-2023\/"]}]},{"@type":"ImageObject","inLanguage":"fr-CA","@id":"https:\/\/news.canadamotorjobs.com\/fr\/un-honda-cr-v-hybride-au-canada-en-2023\/#primaryimage","url":"https:\/\/news.canadamotorjobs.com\/wp-content\/uploads\/2022\/07\/01-2023-Honda-CR-V-Sport-Touring-1.jpg","contentUrl":"https:\/\/news.canadamotorjobs.com\/wp-content\/uploads\/2022\/07\/01-2023-Honda-CR-V-Sport-Touring-1.jpg","width":1200,"height":646},{"@type":"BreadcrumbList","@id":"https:\/\/news.canadamotorjobs.com\/fr\/un-honda-cr-v-hybride-au-canada-en-2023\/#breadcrumb","itemListElement":[{"@type":"ListItem","position":1,"name":"Home","item":"https:\/\/news.canadamotorjobs.com\/fr\/blog\/"},{"@type":"ListItem","position":2,"name":"Un Honda CR-V hybride au Canada en 2023"}]},{"@type":"WebSite","@id":"https:\/\/news.canadamotorjobs.com\/#website","url":"https:\/\/news.canadamotorjobs.com\/","name":"CanadaMotorJobs.com","description":"Automotive Jobs","publisher":{"@id":"https:\/\/news.canadamotorjobs.com\/#organization"},"potentialAction":[{"@type":"SearchAction","target":{"@type":"EntryPoint","urlTemplate":"https:\/\/news.canadamotorjobs.com\/?s={search_term_string}"},"query-input":"required name=search_term_string"}],"inLanguage":"fr-CA"},{"@type":"Organization","@id":"https:\/\/news.canadamotorjobs.com\/#organization","name":"Canada Motor Jobs","url":"https:\/\/news.canadamotorjobs.com\/","logo":{"@type":"ImageObject","inLanguage":"fr-CA","@id":"https:\/\/news.canadamotorjobs.com\/#\/schema\/logo\/image\/","url":"https:\/\/news.canadamotorjobs.com\/wp-content\/uploads\/2022\/10\/logo-canada-motor-jobs-1.png","contentUrl":"https:\/\/news.canadamotorjobs.com\/wp-content\/uploads\/2022\/10\/logo-canada-motor-jobs-1.png","width":800,"height":400,"caption":"Canada Motor Jobs"},"image":{"@id":"https:\/\/news.canadamotorjobs.com\/#\/schema\/logo\/image\/"},"sameAs":["https:\/\/www.facebook.com\/canadamotorjobs\/","https:\/\/x.com\/canadamotorjobs","https:\/\/www.instagram.com\/canadamotorjobs\/","https:\/\/www.linkedin.com\/company\/canadamotorjobs"]},{"@type":"Person","@id":"https:\/\/news.canadamotorjobs.com\/#\/schema\/person\/51793d1f87d44011d7bcc2ed99269a90","name":"Benoit Charette","image":{"@type":"ImageObject","inLanguage":"fr-CA","@id":"https:\/\/news.canadamotorjobs.com\/#\/schema\/person\/image\/","url":"https:\/\/secure.gravatar.com\/avatar\/45f3d2eebcccd909668d7ce7ea7267b6?s=96&d=mm&r=g","contentUrl":"https:\/\/secure.gravatar.com\/avatar\/45f3d2eebcccd909668d7ce7ea7267b6?s=96&d=mm&r=g","caption":"Benoit Charette"},"description":"Benoit Charette \/ Propri\u00e9taire et r\u00e9dacteur en chef Benoit Charette pratique le journalisme automobile depuis bient\u00f4t 30 ans. Il a fait ses classes au c\u00f4t\u00e9 de Daniel H\u00e9raud et au Carnet de route de 1992 \u00e0 2001. Il est fondateur, copropri\u00e9taire et r\u00e9dacteur en chef de L\u2019Annuel de l\u2019automobile, qu\u2019il publie depuis 2001. Il a anim\u00e9 les \u00e9missions RPM et RPM+ sur V et les L\u00e9gendes de la route sur Historia. \u00c0 la radio depuis 1986, il reprend l\u2019antenne cette ann\u00e9e sur les ondes de Cogeco et participe pour la deuxi\u00e8me ann\u00e9e \u00e0 l\u2019\u00e9mission Passion Auto sur RDS en plus de mettre en ligne le site Web officiel de L\u2019Annuel de l\u2019automobile sur annuelauto.ca.","sameAs":["https:\/\/annuelauto.ca\/"],"url":"https:\/\/news.canadamotorjobs.com\/fr\/author\/benoit-charette\/"}]}},"_links":{"self":[{"href":"https:\/\/news.canadamotorjobs.com\/fr\/wp-json\/wp\/v2\/posts\/42086"}],"collection":[{"href":"https:\/\/news.canadamotorjobs.com\/fr\/wp-json\/wp\/v2\/posts"}],"about":[{"href":"https:\/\/news.canadamotorjobs.com\/fr\/wp-json\/wp\/v2\/types\/post"}],"author":[{"embeddable":true,"href":"https:\/\/news.canadamotorjobs.com\/fr\/wp-json\/wp\/v2\/users\/8"}],"replies":[{"embeddable":true,"href":"https:\/\/news.canadamotorjobs.com\/fr\/wp-json\/wp\/v2\/comments?post=42086"}],"version-history":[{"count":0,"href":"https:\/\/news.canadamotorjobs.com\/fr\/wp-json\/wp\/v2\/posts\/42086\/revisions"}],"wp:featuredmedia":[{"embeddable":true,"href":"https:\/\/news.canadamotorjobs.com\/fr\/wp-json\/wp\/v2\/media\/42090"}],"wp:attachment":[{"href":"https:\/\/news.canadamotorjobs.com\/fr\/wp-json\/wp\/v2\/media?parent=42086"}],"wp:term":[{"taxonomy":"category","embeddable":true,"href":"https:\/\/news.canadamotorjobs.com\/fr\/wp-json\/wp\/v2\/categories?post=42086"},{"taxonomy":"post_tag","embeddable":true,"href":"https:\/\/news.canadamotorjobs.com\/fr\/wp-json\/wp\/v2\/tags?post=42086"}],"curies":[{"name":"wp","href":"https:\/\/api.w.org\/{rel}","templated":true}]}}