{"id":42078,"date":"2022-07-12T09:17:47","date_gmt":"2022-07-12T13:17:47","guid":{"rendered":"https:\/\/blog.canadamotorjobs.com\/porsche-macan-t-2023\/"},"modified":"2022-07-12T09:28:51","modified_gmt":"2022-07-12T13:28:51","slug":"porsche-macan-t-2023","status":"publish","type":"post","link":"https:\/\/news.canadamotorjobs.com\/fr\/porsche-macan-t-2023\/","title":{"rendered":"Porsche Macan T 2023"},"content":{"rendered":"<\/p>\n<p>Les mod\u00e8les avec l\u2019appellation T chez Porsche offre tout l\u2019\u00e9quipement recherch\u00e9 que l\u2019on ajoute \u00e0 un mod\u00e8le d\u2019entr\u00e9e de gamme. Cela en fait en sorte que vous n\u2019avez \u00e0 payer le prix le plus \u00e9lev\u00e9 dans le catalogue pour avoir l\u2019\u00e9quipement que vous d\u00e9sirez. Attention, cela ne veut pas dire que le mod\u00e8le est bon march\u00e9. Un Macan T commence tout de m\u00eame \u00e0 66 000\u00a0$. Par contre, vous avez beaucoup d\u2019\u00e9quipement qui se retrouve dans des mod\u00e8les plus dispendieux.<br \/> Un moteur 2 litres<br \/> Le Macan T partage sa m\u00e9canique avec le mod\u00e8le d\u2019entr\u00e9e de gamme &#8211; un quatre cylindres 2.0L turbo d\u00e9veloppant 261 chevaux et un couple de 295\u00a0lb-pi, avec une transmission automatique \u00e0 double embrayage \u00e0 sept rapports. Comme sur tous les mod\u00e8les Macan, la transmission int\u00e9grale est de s\u00e9rie. La vitesse de pointe est limit\u00e9e \u00e0 232\u00a0km\/h et le Macan T passe de z\u00e9ro \u00e0 100\u00a0km\/h en 6,2 secondes. Vous avez en \u00e9quipement de s\u00e9rie le syst\u00e8me Porsche Active Suspension Management et un ensemble Sport Chrono avec un s\u00e9lecteur de mode sur le volant, tandis que le syst\u00e8me \u00e0 quatre roues motrices a \u00e9t\u00e9 r\u00e9gl\u00e9 de mani\u00e8re \u00e0 privil\u00e9gier l&#8217;arri\u00e8re. Certaines caract\u00e9ristiques optionnelles ont \u00e9t\u00e9 modifi\u00e9es pour le Macan T, notamment des barres antiroulis plus rigides sur la suspension pneumatique adaptative et un nouveau r\u00e9glage du syst\u00e8me Porsche Torque Vectoring Plus.<br \/> Certaines caract\u00e9ristiques ext\u00e9rieures<br \/> Les \u00e9l\u00e9ments de style uniques comprennent des garnitures ext\u00e9rieures grises m\u00e9tallis\u00e9es, des jantes de 20 pouces fonc\u00e9es, ainsi que des garnitures de fen\u00eatres<\/p>\n","protected":false},"excerpt":{"rendered":"<p>Les mod\u00e8les avec l\u2019appellation T chez Porsche offre tout l\u2019\u00e9quipement recherch\u00e9 que l\u2019on ajoute \u00e0 un mod\u00e8le d\u2019entr\u00e9e de gamme. Cela en fait en sorte que vous n\u2019avez \u00e0 payer le prix le plus \u00e9lev\u00e9 dans le catalogue pour avoir l\u2019\u00e9quipement que vous d\u00e9sirez. Attention, cela ne veut pas dire que le mod\u00e8le est bon [&hellip;]<\/p>\n","protected":false},"author":8,"featured_media":42082,"comment_status":"close","ping_status":"closed","sticky":false,"template":"","format":"standard","meta":{"_monsterinsights_skip_tracking":false,"_monsterinsights_sitenote_active":false,"_monsterinsights_sitenote_note":"","_monsterinsights_sitenote_category":0,"footnotes":""},"categories":[101],"tags":[],"yoast_head":"<!-- This site is optimized with the Yoast SEO plugin v23.2 - https:\/\/yoast.com\/wordpress\/plugins\/seo\/ -->\n<title>Porsche Macan T 2023 - CanadaMotorJobs.com<\/title>\n<meta name=\"description\" content=\"Porsche Macan T 2023 - Benoit Charette - Annuel automobile - CanadaMotorJobs.com.\" \/>\n<meta name=\"robots\" content=\"index, follow, max-snippet:-1, max-image-preview:large, max-video-preview:-1\" \/>\n<meta property=\"og:locale\" content=\"fr_CA\" \/>\n<meta property=\"og:type\" content=\"article\" \/>\n<meta property=\"og:title\" content=\"Porsche Macan T 2023 - CanadaMotorJobs.com\" \/>\n<meta property=\"og:description\" content=\"Porsche Macan T 2023 - Benoit Charette - Annuel automobile - CanadaMotorJobs.com.\" \/>\n<meta property=\"og:url\" content=\"https:\/\/news.canadamotorjobs.com\/fr\/porsche-macan-t-2023\/\" \/>\n<meta property=\"og:site_name\" content=\"CanadaMotorJobs.com\" \/>\n<meta property=\"article:publisher\" content=\"https:\/\/www.facebook.com\/canadamotorjobs\/\" \/>\n<meta property=\"article:published_time\" content=\"2022-07-12T13:17:47+00:00\" \/>\n<meta property=\"article:modified_time\" content=\"2022-07-12T13:28:51+00:00\" \/>\n<meta property=\"og:image\" content=\"https:\/\/news.canadamotorjobs.com\/wp-content\/uploads\/2022\/07\/2022_Jet_Black_Metallic_Macan_T_022_DSC06759-1.jpg\" \/>\n\t<meta property=\"og:image:width\" content=\"1920\" \/>\n\t<meta property=\"og:image:height\" content=\"1280\" \/>\n\t<meta property=\"og:image:type\" content=\"image\/jpeg\" \/>\n<meta name=\"author\" content=\"Benoit Charette\" \/>\n<meta name=\"twitter:card\" content=\"summary_large_image\" \/>\n<meta name=\"twitter:creator\" content=\"@canadamotorjobs\" \/>\n<meta name=\"twitter:site\" content=\"@canadamotorjobs\" \/>\n<meta name=\"twitter:label1\" content=\"\u00c9crit par\" \/>\n\t<meta name=\"twitter:data1\" content=\"Benoit Charette\" \/>\n\t<meta name=\"twitter:label2\" content=\"Estimation du temps de lecture\" \/>\n\t<meta name=\"twitter:data2\" content=\"1 minute\" \/>\n<!-- \/ Yoast SEO plugin. -->","yoast_head_json":{"title":"Porsche Macan T 2023 - CanadaMotorJobs.com","description":"Porsche Macan T 2023 - Benoit Charette - Annuel automobile - CanadaMotorJobs.com.","robots":{"index":"index","follow":"follow","max-snippet":"max-snippet:-1","max-image-preview":"max-image-preview:large","max-video-preview":"max-video-preview:-1"},"og_locale":"fr_CA","og_type":"article","og_title":"Porsche Macan T 2023 - CanadaMotorJobs.com","og_description":"Porsche Macan T 2023 - Benoit Charette - Annuel automobile - CanadaMotorJobs.com.","og_url":"https:\/\/news.canadamotorjobs.com\/fr\/porsche-macan-t-2023\/","og_site_name":"CanadaMotorJobs.com","article_publisher":"https:\/\/www.facebook.com\/canadamotorjobs\/","article_published_time":"2022-07-12T13:17:47+00:00","article_modified_time":"2022-07-12T13:28:51+00:00","og_image":[{"width":1920,"height":1280,"url":"https:\/\/news.canadamotorjobs.com\/wp-content\/uploads\/2022\/07\/2022_Jet_Black_Metallic_Macan_T_022_DSC06759-1.jpg","type":"image\/jpeg"}],"author":"Benoit Charette","twitter_card":"summary_large_image","twitter_creator":"@canadamotorjobs","twitter_site":"@canadamotorjobs","twitter_misc":{"\u00c9crit par":"Benoit Charette","Estimation du temps de lecture":"1 minute"},"schema":{"@context":"https:\/\/schema.org","@graph":[{"@type":"Article","@id":"https:\/\/news.canadamotorjobs.com\/fr\/porsche-macan-t-2023\/#article","isPartOf":{"@id":"https:\/\/news.canadamotorjobs.com\/fr\/porsche-macan-t-2023\/"},"author":{"name":"Benoit Charette","@id":"https:\/\/news.canadamotorjobs.com\/#\/schema\/person\/51793d1f87d44011d7bcc2ed99269a90"},"headline":"Porsche Macan T 2023","datePublished":"2022-07-12T13:17:47+00:00","dateModified":"2022-07-12T13:28:51+00:00","mainEntityOfPage":{"@id":"https:\/\/news.canadamotorjobs.com\/fr\/porsche-macan-t-2023\/"},"wordCount":285,"publisher":{"@id":"https:\/\/news.canadamotorjobs.com\/#organization"},"image":{"@id":"https:\/\/news.canadamotorjobs.com\/fr\/porsche-macan-t-2023\/#primaryimage"},"thumbnailUrl":"https:\/\/news.canadamotorjobs.com\/wp-content\/uploads\/2022\/07\/2022_Jet_Black_Metallic_Macan_T_022_DSC06759-1.jpg","articleSection":["Annuel automobile"],"inLanguage":"fr-CA"},{"@type":"WebPage","@id":"https:\/\/news.canadamotorjobs.com\/fr\/porsche-macan-t-2023\/","url":"https:\/\/news.canadamotorjobs.com\/fr\/porsche-macan-t-2023\/","name":"Porsche Macan T 2023 - CanadaMotorJobs.com","isPartOf":{"@id":"https:\/\/news.canadamotorjobs.com\/#website"},"primaryImageOfPage":{"@id":"https:\/\/news.canadamotorjobs.com\/fr\/porsche-macan-t-2023\/#primaryimage"},"image":{"@id":"https:\/\/news.canadamotorjobs.com\/fr\/porsche-macan-t-2023\/#primaryimage"},"thumbnailUrl":"https:\/\/news.canadamotorjobs.com\/wp-content\/uploads\/2022\/07\/2022_Jet_Black_Metallic_Macan_T_022_DSC06759-1.jpg","datePublished":"2022-07-12T13:17:47+00:00","dateModified":"2022-07-12T13:28:51+00:00","description":"Porsche Macan T 2023 - Benoit Charette - Annuel automobile - CanadaMotorJobs.com.","breadcrumb":{"@id":"https:\/\/news.canadamotorjobs.com\/fr\/porsche-macan-t-2023\/#breadcrumb"},"inLanguage":"fr-CA","potentialAction":[{"@type":"ReadAction","target":["https:\/\/news.canadamotorjobs.com\/fr\/porsche-macan-t-2023\/"]}]},{"@type":"ImageObject","inLanguage":"fr-CA","@id":"https:\/\/news.canadamotorjobs.com\/fr\/porsche-macan-t-2023\/#primaryimage","url":"https:\/\/news.canadamotorjobs.com\/wp-content\/uploads\/2022\/07\/2022_Jet_Black_Metallic_Macan_T_022_DSC06759-1.jpg","contentUrl":"https:\/\/news.canadamotorjobs.com\/wp-content\/uploads\/2022\/07\/2022_Jet_Black_Metallic_Macan_T_022_DSC06759-1.jpg","width":1920,"height":1280},{"@type":"BreadcrumbList","@id":"https:\/\/news.canadamotorjobs.com\/fr\/porsche-macan-t-2023\/#breadcrumb","itemListElement":[{"@type":"ListItem","position":1,"name":"Home","item":"https:\/\/news.canadamotorjobs.com\/fr\/blog\/"},{"@type":"ListItem","position":2,"name":"Porsche Macan T 2023"}]},{"@type":"WebSite","@id":"https:\/\/news.canadamotorjobs.com\/#website","url":"https:\/\/news.canadamotorjobs.com\/","name":"CanadaMotorJobs.com","description":"Automotive Jobs","publisher":{"@id":"https:\/\/news.canadamotorjobs.com\/#organization"},"potentialAction":[{"@type":"SearchAction","target":{"@type":"EntryPoint","urlTemplate":"https:\/\/news.canadamotorjobs.com\/?s={search_term_string}"},"query-input":"required name=search_term_string"}],"inLanguage":"fr-CA"},{"@type":"Organization","@id":"https:\/\/news.canadamotorjobs.com\/#organization","name":"Canada Motor Jobs","url":"https:\/\/news.canadamotorjobs.com\/","logo":{"@type":"ImageObject","inLanguage":"fr-CA","@id":"https:\/\/news.canadamotorjobs.com\/#\/schema\/logo\/image\/","url":"https:\/\/news.canadamotorjobs.com\/wp-content\/uploads\/2022\/10\/logo-canada-motor-jobs-1.png","contentUrl":"https:\/\/news.canadamotorjobs.com\/wp-content\/uploads\/2022\/10\/logo-canada-motor-jobs-1.png","width":800,"height":400,"caption":"Canada Motor Jobs"},"image":{"@id":"https:\/\/news.canadamotorjobs.com\/#\/schema\/logo\/image\/"},"sameAs":["https:\/\/www.facebook.com\/canadamotorjobs\/","https:\/\/x.com\/canadamotorjobs","https:\/\/www.instagram.com\/canadamotorjobs\/","https:\/\/www.linkedin.com\/company\/canadamotorjobs"]},{"@type":"Person","@id":"https:\/\/news.canadamotorjobs.com\/#\/schema\/person\/51793d1f87d44011d7bcc2ed99269a90","name":"Benoit Charette","image":{"@type":"ImageObject","inLanguage":"fr-CA","@id":"https:\/\/news.canadamotorjobs.com\/#\/schema\/person\/image\/","url":"https:\/\/secure.gravatar.com\/avatar\/45f3d2eebcccd909668d7ce7ea7267b6?s=96&d=mm&r=g","contentUrl":"https:\/\/secure.gravatar.com\/avatar\/45f3d2eebcccd909668d7ce7ea7267b6?s=96&d=mm&r=g","caption":"Benoit Charette"},"description":"Benoit Charette \/ Propri\u00e9taire et r\u00e9dacteur en chef Benoit Charette pratique le journalisme automobile depuis bient\u00f4t 30 ans. Il a fait ses classes au c\u00f4t\u00e9 de Daniel H\u00e9raud et au Carnet de route de 1992 \u00e0 2001. Il est fondateur, copropri\u00e9taire et r\u00e9dacteur en chef de L\u2019Annuel de l\u2019automobile, qu\u2019il publie depuis 2001. Il a anim\u00e9 les \u00e9missions RPM et RPM+ sur V et les L\u00e9gendes de la route sur Historia. \u00c0 la radio depuis 1986, il reprend l\u2019antenne cette ann\u00e9e sur les ondes de Cogeco et participe pour la deuxi\u00e8me ann\u00e9e \u00e0 l\u2019\u00e9mission Passion Auto sur RDS en plus de mettre en ligne le site Web officiel de L\u2019Annuel de l\u2019automobile sur annuelauto.ca.","sameAs":["https:\/\/annuelauto.ca\/"],"url":"https:\/\/news.canadamotorjobs.com\/fr\/author\/benoit-charette\/"}]}},"_links":{"self":[{"href":"https:\/\/news.canadamotorjobs.com\/fr\/wp-json\/wp\/v2\/posts\/42078"}],"collection":[{"href":"https:\/\/news.canadamotorjobs.com\/fr\/wp-json\/wp\/v2\/posts"}],"about":[{"href":"https:\/\/news.canadamotorjobs.com\/fr\/wp-json\/wp\/v2\/types\/post"}],"author":[{"embeddable":true,"href":"https:\/\/news.canadamotorjobs.com\/fr\/wp-json\/wp\/v2\/users\/8"}],"replies":[{"embeddable":true,"href":"https:\/\/news.canadamotorjobs.com\/fr\/wp-json\/wp\/v2\/comments?post=42078"}],"version-history":[{"count":0,"href":"https:\/\/news.canadamotorjobs.com\/fr\/wp-json\/wp\/v2\/posts\/42078\/revisions"}],"wp:featuredmedia":[{"embeddable":true,"href":"https:\/\/news.canadamotorjobs.com\/fr\/wp-json\/wp\/v2\/media\/42082"}],"wp:attachment":[{"href":"https:\/\/news.canadamotorjobs.com\/fr\/wp-json\/wp\/v2\/media?parent=42078"}],"wp:term":[{"taxonomy":"category","embeddable":true,"href":"https:\/\/news.canadamotorjobs.com\/fr\/wp-json\/wp\/v2\/categories?post=42078"},{"taxonomy":"post_tag","embeddable":true,"href":"https:\/\/news.canadamotorjobs.com\/fr\/wp-json\/wp\/v2\/tags?post=42078"}],"curies":[{"name":"wp","href":"https:\/\/api.w.org\/{rel}","templated":true}]}}