{"id":42062,"date":"2022-07-11T08:21:29","date_gmt":"2022-07-11T12:21:29","guid":{"rendered":"https:\/\/blog.canadamotorjobs.com\/gm-va-electrifier-son-duo-express-savana-en-2026\/"},"modified":"2022-07-11T08:29:49","modified_gmt":"2022-07-11T12:29:49","slug":"gm-va-electrifier-son-duo-express-savana-en-2026","status":"publish","type":"post","link":"https:\/\/news.canadamotorjobs.com\/fr\/gm-va-electrifier-son-duo-express-savana-en-2026\/","title":{"rendered":"GM va \u00e9lectrifier son duo Express\/Savana en 2026"},"content":{"rendered":"<\/p>\n<p>Voici sans doute le plus vieux v\u00e9hicule qui circule encore sur nos routes. Le duo Chevrolet Express et GMC Savana sont arriv\u00e9s au si\u00e8cle dernier (1996) et a eu droit \u00e0 une seule retouche en 2003. Depuis, rien, on vend le m\u00eame v\u00e9hicule ann\u00e9e apr\u00e8s ann\u00e9e. Voil\u00e0 que GM irait du c\u00f4t\u00e9 de l\u2019\u00e9lectrification de ces deux mod\u00e8les en 2026 si on se fit aux r\u00e9v\u00e9lations d\u2019Automotive News.<br \/> Les mod\u00e8les vont prendre une autre forme<br \/> Les mod\u00e8les actuels \u00e0 moteur \u00e0 combustion interne seront abandonn\u00e9s pour \u00eatre remplac\u00e9s par une nouvelle g\u00e9n\u00e9ration de fourgons qui vont garder le m\u00eame nom. GM a donc planifi\u00e9 de garder ces deux v\u00e9hicules sur la route telle quelle jusqu\u2019\u00e0 la fin de 2025. Bien que nous n&#8217;ayons pas d&#8217;informations sur le design de la nouvelle g\u00e9n\u00e9ration, nous nous attendons \u00e0 ce qu&#8217;elle soit bas\u00e9e sur une nouvelle plateforme et qu&#8217;elle apporte des mises \u00e0 jour technologiques et stylistiques significatives en combinaison avec une quantit\u00e9 descendante d&#8217;autonomie EV.<br \/> Des ventes en baisse<br \/> L&#8217;ann\u00e9e derni\u00e8re, les ventes des fourgons GM ont chut\u00e9 \u00e0 44\u00a0355 unit\u00e9s pour le Chevrolet Express et \u00e0 17\u00a0744 unit\u00e9s pour le GMC Savana, en raison de probl\u00e8mes caus\u00e9s par la p\u00e9nurie de puces \u00e9lectroniques. Certains rivaux comme Ford ont d\u00e9j\u00e0 un fourgon \u00e9lectrique (e-Transit) qui arrive sur le march\u00e9 cette ann\u00e9e.Selon les derni\u00e8res informations, les nouveaux fourgons seront produits dans l&#8217;usine de Wentzville, dans le Missouri, o\u00f9 la g\u00e9n\u00e9ration actuelle est fabriqu\u00e9e. Il est int\u00e9ressant de noter que les nouveaux jumeaux Chevrolet<\/p>\n","protected":false},"excerpt":{"rendered":"<p>Voici sans doute le plus vieux v\u00e9hicule qui circule encore sur nos routes. Le duo Chevrolet Express et GMC Savana sont arriv\u00e9s au si\u00e8cle dernier (1996) et a eu droit \u00e0 une seule retouche en 2003. Depuis, rien, on vend le m\u00eame v\u00e9hicule ann\u00e9e apr\u00e8s ann\u00e9e. Voil\u00e0 que GM irait du c\u00f4t\u00e9 de l\u2019\u00e9lectrification de [&hellip;]<\/p>\n","protected":false},"author":8,"featured_media":42066,"comment_status":"close","ping_status":"closed","sticky":false,"template":"","format":"standard","meta":{"_monsterinsights_skip_tracking":false,"_monsterinsights_sitenote_active":false,"_monsterinsights_sitenote_note":"","_monsterinsights_sitenote_category":0,"footnotes":""},"categories":[101],"tags":[],"yoast_head":"<!-- This site is optimized with the Yoast SEO plugin v23.2 - https:\/\/yoast.com\/wordpress\/plugins\/seo\/ -->\n<title>GM va \u00e9lectrifier son duo Express\/Savana en 2026 - CanadaMotorJobs.com<\/title>\n<meta name=\"description\" content=\"GM va \u00e9lectrifier son duo Express\/Savana en 2026 - Benoit Charette - Annuel automobile - CanadaMotorJobs.com.\" \/>\n<meta name=\"robots\" content=\"index, follow, max-snippet:-1, max-image-preview:large, max-video-preview:-1\" \/>\n<meta property=\"og:locale\" content=\"fr_CA\" \/>\n<meta property=\"og:type\" content=\"article\" \/>\n<meta property=\"og:title\" content=\"GM va \u00e9lectrifier son duo Express\/Savana en 2026 - CanadaMotorJobs.com\" \/>\n<meta property=\"og:description\" content=\"GM va \u00e9lectrifier son duo Express\/Savana en 2026 - Benoit Charette - Annuel automobile - CanadaMotorJobs.com.\" \/>\n<meta property=\"og:url\" content=\"https:\/\/news.canadamotorjobs.com\/fr\/gm-va-electrifier-son-duo-express-savana-en-2026\/\" \/>\n<meta property=\"og:site_name\" content=\"CanadaMotorJobs.com\" \/>\n<meta property=\"article:publisher\" content=\"https:\/\/www.facebook.com\/canadamotorjobs\/\" \/>\n<meta property=\"article:published_time\" content=\"2022-07-11T12:21:29+00:00\" \/>\n<meta property=\"article:modified_time\" content=\"2022-07-11T12:29:49+00:00\" \/>\n<meta property=\"og:image\" content=\"https:\/\/news.canadamotorjobs.com\/wp-content\/uploads\/2022\/07\/2005_Chevrolet_Express_-_NHTSA-1.jpg\" \/>\n\t<meta property=\"og:image:width\" content=\"1292\" \/>\n\t<meta property=\"og:image:height\" content=\"756\" \/>\n\t<meta property=\"og:image:type\" content=\"image\/jpeg\" \/>\n<meta name=\"author\" content=\"Benoit Charette\" \/>\n<meta name=\"twitter:card\" content=\"summary_large_image\" \/>\n<meta name=\"twitter:creator\" content=\"@canadamotorjobs\" \/>\n<meta name=\"twitter:site\" content=\"@canadamotorjobs\" \/>\n<meta name=\"twitter:label1\" content=\"\u00c9crit par\" \/>\n\t<meta name=\"twitter:data1\" content=\"Benoit Charette\" \/>\n\t<meta name=\"twitter:label2\" content=\"Estimation du temps de lecture\" \/>\n\t<meta name=\"twitter:data2\" content=\"1 minute\" \/>\n<!-- \/ Yoast SEO plugin. -->","yoast_head_json":{"title":"GM va \u00e9lectrifier son duo Express\/Savana en 2026 - CanadaMotorJobs.com","description":"GM va \u00e9lectrifier son duo Express\/Savana en 2026 - Benoit Charette - Annuel automobile - CanadaMotorJobs.com.","robots":{"index":"index","follow":"follow","max-snippet":"max-snippet:-1","max-image-preview":"max-image-preview:large","max-video-preview":"max-video-preview:-1"},"og_locale":"fr_CA","og_type":"article","og_title":"GM va \u00e9lectrifier son duo Express\/Savana en 2026 - CanadaMotorJobs.com","og_description":"GM va \u00e9lectrifier son duo Express\/Savana en 2026 - Benoit Charette - Annuel automobile - CanadaMotorJobs.com.","og_url":"https:\/\/news.canadamotorjobs.com\/fr\/gm-va-electrifier-son-duo-express-savana-en-2026\/","og_site_name":"CanadaMotorJobs.com","article_publisher":"https:\/\/www.facebook.com\/canadamotorjobs\/","article_published_time":"2022-07-11T12:21:29+00:00","article_modified_time":"2022-07-11T12:29:49+00:00","og_image":[{"width":1292,"height":756,"url":"https:\/\/news.canadamotorjobs.com\/wp-content\/uploads\/2022\/07\/2005_Chevrolet_Express_-_NHTSA-1.jpg","type":"image\/jpeg"}],"author":"Benoit Charette","twitter_card":"summary_large_image","twitter_creator":"@canadamotorjobs","twitter_site":"@canadamotorjobs","twitter_misc":{"\u00c9crit par":"Benoit Charette","Estimation du temps de lecture":"1 minute"},"schema":{"@context":"https:\/\/schema.org","@graph":[{"@type":"Article","@id":"https:\/\/news.canadamotorjobs.com\/fr\/gm-va-electrifier-son-duo-express-savana-en-2026\/#article","isPartOf":{"@id":"https:\/\/news.canadamotorjobs.com\/fr\/gm-va-electrifier-son-duo-express-savana-en-2026\/"},"author":{"name":"Benoit Charette","@id":"https:\/\/news.canadamotorjobs.com\/#\/schema\/person\/51793d1f87d44011d7bcc2ed99269a90"},"headline":"GM va \u00e9lectrifier son duo Express\/Savana en 2026","datePublished":"2022-07-11T12:21:29+00:00","dateModified":"2022-07-11T12:29:49+00:00","mainEntityOfPage":{"@id":"https:\/\/news.canadamotorjobs.com\/fr\/gm-va-electrifier-son-duo-express-savana-en-2026\/"},"wordCount":292,"publisher":{"@id":"https:\/\/news.canadamotorjobs.com\/#organization"},"image":{"@id":"https:\/\/news.canadamotorjobs.com\/fr\/gm-va-electrifier-son-duo-express-savana-en-2026\/#primaryimage"},"thumbnailUrl":"https:\/\/news.canadamotorjobs.com\/wp-content\/uploads\/2022\/07\/2005_Chevrolet_Express_-_NHTSA-1.jpg","articleSection":["Annuel automobile"],"inLanguage":"fr-CA"},{"@type":"WebPage","@id":"https:\/\/news.canadamotorjobs.com\/fr\/gm-va-electrifier-son-duo-express-savana-en-2026\/","url":"https:\/\/news.canadamotorjobs.com\/fr\/gm-va-electrifier-son-duo-express-savana-en-2026\/","name":"GM va \u00e9lectrifier son duo Express\/Savana en 2026 - CanadaMotorJobs.com","isPartOf":{"@id":"https:\/\/news.canadamotorjobs.com\/#website"},"primaryImageOfPage":{"@id":"https:\/\/news.canadamotorjobs.com\/fr\/gm-va-electrifier-son-duo-express-savana-en-2026\/#primaryimage"},"image":{"@id":"https:\/\/news.canadamotorjobs.com\/fr\/gm-va-electrifier-son-duo-express-savana-en-2026\/#primaryimage"},"thumbnailUrl":"https:\/\/news.canadamotorjobs.com\/wp-content\/uploads\/2022\/07\/2005_Chevrolet_Express_-_NHTSA-1.jpg","datePublished":"2022-07-11T12:21:29+00:00","dateModified":"2022-07-11T12:29:49+00:00","description":"GM va \u00e9lectrifier son duo Express\/Savana en 2026 - Benoit Charette - Annuel automobile - CanadaMotorJobs.com.","breadcrumb":{"@id":"https:\/\/news.canadamotorjobs.com\/fr\/gm-va-electrifier-son-duo-express-savana-en-2026\/#breadcrumb"},"inLanguage":"fr-CA","potentialAction":[{"@type":"ReadAction","target":["https:\/\/news.canadamotorjobs.com\/fr\/gm-va-electrifier-son-duo-express-savana-en-2026\/"]}]},{"@type":"ImageObject","inLanguage":"fr-CA","@id":"https:\/\/news.canadamotorjobs.com\/fr\/gm-va-electrifier-son-duo-express-savana-en-2026\/#primaryimage","url":"https:\/\/news.canadamotorjobs.com\/wp-content\/uploads\/2022\/07\/2005_Chevrolet_Express_-_NHTSA-1.jpg","contentUrl":"https:\/\/news.canadamotorjobs.com\/wp-content\/uploads\/2022\/07\/2005_Chevrolet_Express_-_NHTSA-1.jpg","width":1292,"height":756},{"@type":"BreadcrumbList","@id":"https:\/\/news.canadamotorjobs.com\/fr\/gm-va-electrifier-son-duo-express-savana-en-2026\/#breadcrumb","itemListElement":[{"@type":"ListItem","position":1,"name":"Home","item":"https:\/\/news.canadamotorjobs.com\/fr\/blog\/"},{"@type":"ListItem","position":2,"name":"GM va \u00e9lectrifier son duo Express\/Savana en 2026"}]},{"@type":"WebSite","@id":"https:\/\/news.canadamotorjobs.com\/#website","url":"https:\/\/news.canadamotorjobs.com\/","name":"CanadaMotorJobs.com","description":"Automotive Jobs","publisher":{"@id":"https:\/\/news.canadamotorjobs.com\/#organization"},"potentialAction":[{"@type":"SearchAction","target":{"@type":"EntryPoint","urlTemplate":"https:\/\/news.canadamotorjobs.com\/?s={search_term_string}"},"query-input":"required name=search_term_string"}],"inLanguage":"fr-CA"},{"@type":"Organization","@id":"https:\/\/news.canadamotorjobs.com\/#organization","name":"Canada Motor Jobs","url":"https:\/\/news.canadamotorjobs.com\/","logo":{"@type":"ImageObject","inLanguage":"fr-CA","@id":"https:\/\/news.canadamotorjobs.com\/#\/schema\/logo\/image\/","url":"https:\/\/news.canadamotorjobs.com\/wp-content\/uploads\/2022\/10\/logo-canada-motor-jobs-1.png","contentUrl":"https:\/\/news.canadamotorjobs.com\/wp-content\/uploads\/2022\/10\/logo-canada-motor-jobs-1.png","width":800,"height":400,"caption":"Canada Motor Jobs"},"image":{"@id":"https:\/\/news.canadamotorjobs.com\/#\/schema\/logo\/image\/"},"sameAs":["https:\/\/www.facebook.com\/canadamotorjobs\/","https:\/\/x.com\/canadamotorjobs","https:\/\/www.instagram.com\/canadamotorjobs\/","https:\/\/www.linkedin.com\/company\/canadamotorjobs"]},{"@type":"Person","@id":"https:\/\/news.canadamotorjobs.com\/#\/schema\/person\/51793d1f87d44011d7bcc2ed99269a90","name":"Benoit Charette","image":{"@type":"ImageObject","inLanguage":"fr-CA","@id":"https:\/\/news.canadamotorjobs.com\/#\/schema\/person\/image\/","url":"https:\/\/secure.gravatar.com\/avatar\/45f3d2eebcccd909668d7ce7ea7267b6?s=96&d=mm&r=g","contentUrl":"https:\/\/secure.gravatar.com\/avatar\/45f3d2eebcccd909668d7ce7ea7267b6?s=96&d=mm&r=g","caption":"Benoit Charette"},"description":"Benoit Charette \/ Propri\u00e9taire et r\u00e9dacteur en chef Benoit Charette pratique le journalisme automobile depuis bient\u00f4t 30 ans. Il a fait ses classes au c\u00f4t\u00e9 de Daniel H\u00e9raud et au Carnet de route de 1992 \u00e0 2001. Il est fondateur, copropri\u00e9taire et r\u00e9dacteur en chef de L\u2019Annuel de l\u2019automobile, qu\u2019il publie depuis 2001. Il a anim\u00e9 les \u00e9missions RPM et RPM+ sur V et les L\u00e9gendes de la route sur Historia. \u00c0 la radio depuis 1986, il reprend l\u2019antenne cette ann\u00e9e sur les ondes de Cogeco et participe pour la deuxi\u00e8me ann\u00e9e \u00e0 l\u2019\u00e9mission Passion Auto sur RDS en plus de mettre en ligne le site Web officiel de L\u2019Annuel de l\u2019automobile sur annuelauto.ca.","sameAs":["https:\/\/annuelauto.ca\/"],"url":"https:\/\/news.canadamotorjobs.com\/fr\/author\/benoit-charette\/"}]}},"_links":{"self":[{"href":"https:\/\/news.canadamotorjobs.com\/fr\/wp-json\/wp\/v2\/posts\/42062"}],"collection":[{"href":"https:\/\/news.canadamotorjobs.com\/fr\/wp-json\/wp\/v2\/posts"}],"about":[{"href":"https:\/\/news.canadamotorjobs.com\/fr\/wp-json\/wp\/v2\/types\/post"}],"author":[{"embeddable":true,"href":"https:\/\/news.canadamotorjobs.com\/fr\/wp-json\/wp\/v2\/users\/8"}],"replies":[{"embeddable":true,"href":"https:\/\/news.canadamotorjobs.com\/fr\/wp-json\/wp\/v2\/comments?post=42062"}],"version-history":[{"count":0,"href":"https:\/\/news.canadamotorjobs.com\/fr\/wp-json\/wp\/v2\/posts\/42062\/revisions"}],"wp:featuredmedia":[{"embeddable":true,"href":"https:\/\/news.canadamotorjobs.com\/fr\/wp-json\/wp\/v2\/media\/42066"}],"wp:attachment":[{"href":"https:\/\/news.canadamotorjobs.com\/fr\/wp-json\/wp\/v2\/media?parent=42062"}],"wp:term":[{"taxonomy":"category","embeddable":true,"href":"https:\/\/news.canadamotorjobs.com\/fr\/wp-json\/wp\/v2\/categories?post=42062"},{"taxonomy":"post_tag","embeddable":true,"href":"https:\/\/news.canadamotorjobs.com\/fr\/wp-json\/wp\/v2\/tags?post=42062"}],"curies":[{"name":"wp","href":"https:\/\/api.w.org\/{rel}","templated":true}]}}