{"id":42054,"date":"2022-07-09T10:45:31","date_gmt":"2022-07-09T14:45:31","guid":{"rendered":"https:\/\/blog.canadamotorjobs.com\/un-2e-rappel-pour-le-meme-probleme-chez-hyundai\/"},"modified":"2022-07-09T10:59:00","modified_gmt":"2022-07-09T14:59:00","slug":"un-2e-rappel-pour-le-meme-probleme-chez-hyundai","status":"publish","type":"post","link":"https:\/\/news.canadamotorjobs.com\/fr\/un-2e-rappel-pour-le-meme-probleme-chez-hyundai\/","title":{"rendered":"Un 2e rappel pour le m\u00eame probl\u00e8me chez Hyundai"},"content":{"rendered":"<\/p>\n<p>C&#8217;est d\u00e9j\u00e0 beaucoup de trouble pour bien de gens de s\u2019occuper d\u2019un rappel automobile. Voici maintenant que les propri\u00e9taires de Hyundai Ioniq hybride devront recommencer. En effet, la marque cor\u00e9enne a publi\u00e9 un communiqu\u00e9 pour les propri\u00e9taires des Ioniq Hybrid et PHEV 2017 et 2018 de Hyundai.<br \/> Un relais d\u00e9fectueux qui peut mettre le feu<br \/> Le rappel concerne sp\u00e9cifiquement un relais d\u00e9fectueux dans l&#8217;ensemble de relais d&#8217;alimentation de la voiture, qui a \u00e9t\u00e9 initialement rappel\u00e9 parce qu&#8217;il avait de mauvaises connexions, ce qui pouvait causer une r\u00e9sistance accrue et, par cons\u00e9quent, une grande chaleur. Une telle chaleur peut provoquer un incendie, et les incendies de voiture sont graves, surtout dans les v\u00e9hicules hybrides et \u00e9lectriques.<br \/> Une solution qui n\u2019a pas fonctionn\u00e9, mais qui sera utilis\u00e9e une 2e fois<br \/> La solution pour ce premier rappel, qui a eu lieu en 2018, \u00e9tait simple et consistait \u00e0 remplacer uniquement le relais principal si rien n&#8217;\u00e9tait endommag\u00e9 ou \u00e0 remplacer l&#8217;ensemble du relais d&#8217;alimentation si quelque chose avait grill\u00e9. Cela n&#8217;a pas fait l&#8217;affaire, cependant, parce que maintenant 10\u00a0575 propri\u00e9taires de v\u00e9hicules concern\u00e9s font rappeler leurs voitures pour le m\u00eame probl\u00e8me, avec des inqui\u00e9tudes que leur si\u00e8ge arri\u00e8re pourrait prendre feu. La solution pour ce rappel est la m\u00eame que pour le dernier rappel et, comme pour tous les rappels, elle sera effectu\u00e9e gratuitement par votre concessionnaire. Les propri\u00e9taires des v\u00e9hicules concern\u00e9s peuvent s&#8217;attendre \u00e0 recevoir une notification par courrier le 26 ao\u00fbt ou autour de cette date.<\/p>\n<p>Le texte <a rel=\"nofollow\" href=\"https:\/\/annuelauto.ca\/un-2e-rappel-pour-le-meme-probleme-chez-hyundai\/\">Un 2e rappel pour<\/p>\n<p><\/a><\/p>\n","protected":false},"excerpt":{"rendered":"<p>C&#8217;est d\u00e9j\u00e0 beaucoup de trouble pour bien de gens de s\u2019occuper d\u2019un rappel automobile. Voici maintenant que les propri\u00e9taires de Hyundai Ioniq hybride devront recommencer. En effet, la marque cor\u00e9enne a publi\u00e9 un communiqu\u00e9 pour les propri\u00e9taires des Ioniq Hybrid et PHEV 2017 et 2018 de Hyundai. Un relais d\u00e9fectueux qui peut mettre le feu [&hellip;]<\/p>\n","protected":false},"author":8,"featured_media":42058,"comment_status":"close","ping_status":"closed","sticky":false,"template":"","format":"standard","meta":{"_monsterinsights_skip_tracking":false,"_monsterinsights_sitenote_active":false,"_monsterinsights_sitenote_note":"","_monsterinsights_sitenote_category":0,"footnotes":""},"categories":[101],"tags":[],"yoast_head":"<!-- This site is optimized with the Yoast SEO plugin v23.2 - https:\/\/yoast.com\/wordpress\/plugins\/seo\/ -->\n<title>Un 2e rappel pour le m\u00eame probl\u00e8me chez Hyundai - CanadaMotorJobs.com<\/title>\n<meta name=\"description\" content=\"Un 2e rappel pour le m\u00eame probl\u00e8me chez Hyundai - Benoit Charette - Annuel automobile - CanadaMotorJobs.com.\" \/>\n<meta name=\"robots\" content=\"index, follow, max-snippet:-1, max-image-preview:large, max-video-preview:-1\" \/>\n<meta property=\"og:locale\" content=\"fr_CA\" \/>\n<meta property=\"og:type\" content=\"article\" \/>\n<meta property=\"og:title\" content=\"Un 2e rappel pour le m\u00eame probl\u00e8me chez Hyundai - CanadaMotorJobs.com\" \/>\n<meta property=\"og:description\" content=\"Un 2e rappel pour le m\u00eame probl\u00e8me chez Hyundai - Benoit Charette - Annuel automobile - CanadaMotorJobs.com.\" \/>\n<meta property=\"og:url\" content=\"https:\/\/news.canadamotorjobs.com\/fr\/un-2e-rappel-pour-le-meme-probleme-chez-hyundai\/\" \/>\n<meta property=\"og:site_name\" content=\"CanadaMotorJobs.com\" \/>\n<meta property=\"article:publisher\" content=\"https:\/\/www.facebook.com\/canadamotorjobs\/\" \/>\n<meta property=\"article:published_time\" content=\"2022-07-09T14:45:31+00:00\" \/>\n<meta property=\"article:modified_time\" content=\"2022-07-09T14:59:00+00:00\" \/>\n<meta property=\"og:image\" content=\"https:\/\/news.canadamotorjobs.com\/wp-content\/uploads\/2022\/07\/2017-hyundai-ioniq-hybrid-limited-catskill-mountains-ny-may-2017_100605785-1.jpg\" \/>\n\t<meta property=\"og:image:width\" content=\"1919\" \/>\n\t<meta property=\"og:image:height\" content=\"1079\" \/>\n\t<meta property=\"og:image:type\" content=\"image\/jpeg\" \/>\n<meta name=\"author\" content=\"Benoit Charette\" \/>\n<meta name=\"twitter:card\" content=\"summary_large_image\" \/>\n<meta name=\"twitter:creator\" content=\"@canadamotorjobs\" \/>\n<meta name=\"twitter:site\" content=\"@canadamotorjobs\" \/>\n<meta name=\"twitter:label1\" content=\"\u00c9crit par\" \/>\n\t<meta name=\"twitter:data1\" content=\"Benoit Charette\" \/>\n\t<meta name=\"twitter:label2\" content=\"Estimation du temps de lecture\" \/>\n\t<meta name=\"twitter:data2\" content=\"1 minute\" \/>\n<!-- \/ Yoast SEO plugin. -->","yoast_head_json":{"title":"Un 2e rappel pour le m\u00eame probl\u00e8me chez Hyundai - CanadaMotorJobs.com","description":"Un 2e rappel pour le m\u00eame probl\u00e8me chez Hyundai - Benoit Charette - Annuel automobile - CanadaMotorJobs.com.","robots":{"index":"index","follow":"follow","max-snippet":"max-snippet:-1","max-image-preview":"max-image-preview:large","max-video-preview":"max-video-preview:-1"},"og_locale":"fr_CA","og_type":"article","og_title":"Un 2e rappel pour le m\u00eame probl\u00e8me chez Hyundai - CanadaMotorJobs.com","og_description":"Un 2e rappel pour le m\u00eame probl\u00e8me chez Hyundai - Benoit Charette - Annuel automobile - CanadaMotorJobs.com.","og_url":"https:\/\/news.canadamotorjobs.com\/fr\/un-2e-rappel-pour-le-meme-probleme-chez-hyundai\/","og_site_name":"CanadaMotorJobs.com","article_publisher":"https:\/\/www.facebook.com\/canadamotorjobs\/","article_published_time":"2022-07-09T14:45:31+00:00","article_modified_time":"2022-07-09T14:59:00+00:00","og_image":[{"width":1919,"height":1079,"url":"https:\/\/news.canadamotorjobs.com\/wp-content\/uploads\/2022\/07\/2017-hyundai-ioniq-hybrid-limited-catskill-mountains-ny-may-2017_100605785-1.jpg","type":"image\/jpeg"}],"author":"Benoit Charette","twitter_card":"summary_large_image","twitter_creator":"@canadamotorjobs","twitter_site":"@canadamotorjobs","twitter_misc":{"\u00c9crit par":"Benoit Charette","Estimation du temps de lecture":"1 minute"},"schema":{"@context":"https:\/\/schema.org","@graph":[{"@type":"Article","@id":"https:\/\/news.canadamotorjobs.com\/fr\/un-2e-rappel-pour-le-meme-probleme-chez-hyundai\/#article","isPartOf":{"@id":"https:\/\/news.canadamotorjobs.com\/fr\/un-2e-rappel-pour-le-meme-probleme-chez-hyundai\/"},"author":{"name":"Benoit Charette","@id":"https:\/\/news.canadamotorjobs.com\/#\/schema\/person\/51793d1f87d44011d7bcc2ed99269a90"},"headline":"Un 2e rappel pour le m\u00eame probl\u00e8me chez Hyundai","datePublished":"2022-07-09T14:45:31+00:00","dateModified":"2022-07-09T14:59:00+00:00","mainEntityOfPage":{"@id":"https:\/\/news.canadamotorjobs.com\/fr\/un-2e-rappel-pour-le-meme-probleme-chez-hyundai\/"},"wordCount":292,"publisher":{"@id":"https:\/\/news.canadamotorjobs.com\/#organization"},"image":{"@id":"https:\/\/news.canadamotorjobs.com\/fr\/un-2e-rappel-pour-le-meme-probleme-chez-hyundai\/#primaryimage"},"thumbnailUrl":"https:\/\/news.canadamotorjobs.com\/wp-content\/uploads\/2022\/07\/2017-hyundai-ioniq-hybrid-limited-catskill-mountains-ny-may-2017_100605785-1.jpg","articleSection":["Annuel automobile"],"inLanguage":"fr-CA"},{"@type":"WebPage","@id":"https:\/\/news.canadamotorjobs.com\/fr\/un-2e-rappel-pour-le-meme-probleme-chez-hyundai\/","url":"https:\/\/news.canadamotorjobs.com\/fr\/un-2e-rappel-pour-le-meme-probleme-chez-hyundai\/","name":"Un 2e rappel pour le m\u00eame probl\u00e8me chez Hyundai - CanadaMotorJobs.com","isPartOf":{"@id":"https:\/\/news.canadamotorjobs.com\/#website"},"primaryImageOfPage":{"@id":"https:\/\/news.canadamotorjobs.com\/fr\/un-2e-rappel-pour-le-meme-probleme-chez-hyundai\/#primaryimage"},"image":{"@id":"https:\/\/news.canadamotorjobs.com\/fr\/un-2e-rappel-pour-le-meme-probleme-chez-hyundai\/#primaryimage"},"thumbnailUrl":"https:\/\/news.canadamotorjobs.com\/wp-content\/uploads\/2022\/07\/2017-hyundai-ioniq-hybrid-limited-catskill-mountains-ny-may-2017_100605785-1.jpg","datePublished":"2022-07-09T14:45:31+00:00","dateModified":"2022-07-09T14:59:00+00:00","description":"Un 2e rappel pour le m\u00eame probl\u00e8me chez Hyundai - Benoit Charette - Annuel automobile - CanadaMotorJobs.com.","breadcrumb":{"@id":"https:\/\/news.canadamotorjobs.com\/fr\/un-2e-rappel-pour-le-meme-probleme-chez-hyundai\/#breadcrumb"},"inLanguage":"fr-CA","potentialAction":[{"@type":"ReadAction","target":["https:\/\/news.canadamotorjobs.com\/fr\/un-2e-rappel-pour-le-meme-probleme-chez-hyundai\/"]}]},{"@type":"ImageObject","inLanguage":"fr-CA","@id":"https:\/\/news.canadamotorjobs.com\/fr\/un-2e-rappel-pour-le-meme-probleme-chez-hyundai\/#primaryimage","url":"https:\/\/news.canadamotorjobs.com\/wp-content\/uploads\/2022\/07\/2017-hyundai-ioniq-hybrid-limited-catskill-mountains-ny-may-2017_100605785-1.jpg","contentUrl":"https:\/\/news.canadamotorjobs.com\/wp-content\/uploads\/2022\/07\/2017-hyundai-ioniq-hybrid-limited-catskill-mountains-ny-may-2017_100605785-1.jpg","width":1919,"height":1079},{"@type":"BreadcrumbList","@id":"https:\/\/news.canadamotorjobs.com\/fr\/un-2e-rappel-pour-le-meme-probleme-chez-hyundai\/#breadcrumb","itemListElement":[{"@type":"ListItem","position":1,"name":"Home","item":"https:\/\/news.canadamotorjobs.com\/fr\/blog\/"},{"@type":"ListItem","position":2,"name":"Un 2e rappel pour le m\u00eame probl\u00e8me chez Hyundai"}]},{"@type":"WebSite","@id":"https:\/\/news.canadamotorjobs.com\/#website","url":"https:\/\/news.canadamotorjobs.com\/","name":"CanadaMotorJobs.com","description":"Automotive Jobs","publisher":{"@id":"https:\/\/news.canadamotorjobs.com\/#organization"},"potentialAction":[{"@type":"SearchAction","target":{"@type":"EntryPoint","urlTemplate":"https:\/\/news.canadamotorjobs.com\/?s={search_term_string}"},"query-input":"required name=search_term_string"}],"inLanguage":"fr-CA"},{"@type":"Organization","@id":"https:\/\/news.canadamotorjobs.com\/#organization","name":"Canada Motor Jobs","url":"https:\/\/news.canadamotorjobs.com\/","logo":{"@type":"ImageObject","inLanguage":"fr-CA","@id":"https:\/\/news.canadamotorjobs.com\/#\/schema\/logo\/image\/","url":"https:\/\/news.canadamotorjobs.com\/wp-content\/uploads\/2022\/10\/logo-canada-motor-jobs-1.png","contentUrl":"https:\/\/news.canadamotorjobs.com\/wp-content\/uploads\/2022\/10\/logo-canada-motor-jobs-1.png","width":800,"height":400,"caption":"Canada Motor Jobs"},"image":{"@id":"https:\/\/news.canadamotorjobs.com\/#\/schema\/logo\/image\/"},"sameAs":["https:\/\/www.facebook.com\/canadamotorjobs\/","https:\/\/x.com\/canadamotorjobs","https:\/\/www.instagram.com\/canadamotorjobs\/","https:\/\/www.linkedin.com\/company\/canadamotorjobs"]},{"@type":"Person","@id":"https:\/\/news.canadamotorjobs.com\/#\/schema\/person\/51793d1f87d44011d7bcc2ed99269a90","name":"Benoit Charette","image":{"@type":"ImageObject","inLanguage":"fr-CA","@id":"https:\/\/news.canadamotorjobs.com\/#\/schema\/person\/image\/","url":"https:\/\/secure.gravatar.com\/avatar\/45f3d2eebcccd909668d7ce7ea7267b6?s=96&d=mm&r=g","contentUrl":"https:\/\/secure.gravatar.com\/avatar\/45f3d2eebcccd909668d7ce7ea7267b6?s=96&d=mm&r=g","caption":"Benoit Charette"},"description":"Benoit Charette \/ Propri\u00e9taire et r\u00e9dacteur en chef Benoit Charette pratique le journalisme automobile depuis bient\u00f4t 30 ans. Il a fait ses classes au c\u00f4t\u00e9 de Daniel H\u00e9raud et au Carnet de route de 1992 \u00e0 2001. Il est fondateur, copropri\u00e9taire et r\u00e9dacteur en chef de L\u2019Annuel de l\u2019automobile, qu\u2019il publie depuis 2001. Il a anim\u00e9 les \u00e9missions RPM et RPM+ sur V et les L\u00e9gendes de la route sur Historia. \u00c0 la radio depuis 1986, il reprend l\u2019antenne cette ann\u00e9e sur les ondes de Cogeco et participe pour la deuxi\u00e8me ann\u00e9e \u00e0 l\u2019\u00e9mission Passion Auto sur RDS en plus de mettre en ligne le site Web officiel de L\u2019Annuel de l\u2019automobile sur annuelauto.ca.","sameAs":["https:\/\/annuelauto.ca\/"],"url":"https:\/\/news.canadamotorjobs.com\/fr\/author\/benoit-charette\/"}]}},"_links":{"self":[{"href":"https:\/\/news.canadamotorjobs.com\/fr\/wp-json\/wp\/v2\/posts\/42054"}],"collection":[{"href":"https:\/\/news.canadamotorjobs.com\/fr\/wp-json\/wp\/v2\/posts"}],"about":[{"href":"https:\/\/news.canadamotorjobs.com\/fr\/wp-json\/wp\/v2\/types\/post"}],"author":[{"embeddable":true,"href":"https:\/\/news.canadamotorjobs.com\/fr\/wp-json\/wp\/v2\/users\/8"}],"replies":[{"embeddable":true,"href":"https:\/\/news.canadamotorjobs.com\/fr\/wp-json\/wp\/v2\/comments?post=42054"}],"version-history":[{"count":0,"href":"https:\/\/news.canadamotorjobs.com\/fr\/wp-json\/wp\/v2\/posts\/42054\/revisions"}],"wp:featuredmedia":[{"embeddable":true,"href":"https:\/\/news.canadamotorjobs.com\/fr\/wp-json\/wp\/v2\/media\/42058"}],"wp:attachment":[{"href":"https:\/\/news.canadamotorjobs.com\/fr\/wp-json\/wp\/v2\/media?parent=42054"}],"wp:term":[{"taxonomy":"category","embeddable":true,"href":"https:\/\/news.canadamotorjobs.com\/fr\/wp-json\/wp\/v2\/categories?post=42054"},{"taxonomy":"post_tag","embeddable":true,"href":"https:\/\/news.canadamotorjobs.com\/fr\/wp-json\/wp\/v2\/tags?post=42054"}],"curies":[{"name":"wp","href":"https:\/\/api.w.org\/{rel}","templated":true}]}}