{"id":42001,"date":"2022-07-07T08:15:06","date_gmt":"2022-07-07T12:15:06","guid":{"rendered":"https:\/\/blog.canadamotorjobs.com\/sony-honda-mobility-cest-officiel\/"},"modified":"2022-07-07T08:30:11","modified_gmt":"2022-07-07T12:30:11","slug":"sony-honda-mobility-cest-officiel","status":"publish","type":"post","link":"https:\/\/news.canadamotorjobs.com\/fr\/sony-honda-mobility-cest-officiel\/","title":{"rendered":"Sony Honda Mobility\u00a0: c\u2019est officiel!"},"content":{"rendered":"<\/p>\n<p>On en a parl\u00e9 surtout parce qu\u2019on a pu voir les deux prototypes de v\u00e9hicules \u00e9lectriques et, disons-le, lourdement charg\u00e9s d\u2019\u00e9lectronique que Sony a pr\u00e9sent\u00e9s au CES \u00e0 Las Vegas au cours des derni\u00e8res ann\u00e9es, mais voil\u00e0 qu\u2019on en sait un peu plus sur ce projet du groupe japonais de se lancer dans la construction de v\u00e9hicules \u00e9lectriques.<\/p>\n<p> En mars dernier, Sony et Honda ont confirm\u00e9 qu\u2019ils allaient cr\u00e9er ensemble une coentreprise pour commercialiser des v\u00e9hicules \u00e9lectriques inspir\u00e9s de ces deux prototypes. Ce qu\u2019on sait maintenant, c\u2019est que la coentreprise en question s\u2019appellera de fa\u00e7on tr\u00e8s laconique Sony Honda Mobility Inc. On aurait peut-\u00eatre aim\u00e9 un nom un peu plus \u00e9vocateur ou inspir\u00e9, mais en m\u00eame temps, \u00abSony Honda\u00bb dit tout ce qu\u2019il faut savoir \u00e0 propos des produits qui sortiront des usines aussi t\u00f4t qu\u2019en 2025.<\/p>\n<p> Parce que vous vous en doutez, Sony fournira toute l\u2019\u00e9lectronique, allant des capteurs pour l\u2019assistance avanc\u00e9e \u00e0 la conduite aux \u00e9crans du tableau de bord en passant par les outils de connexion aux r\u00e9seaux sans fil et incluant les accessoires de divertissement embarqu\u00e9. De son c\u00f4t\u00e9, Honda pourra s\u2019occuper de d\u00e9velopper le groupe propulseur des v\u00e9hicules, int\u00e9grer ses dispositifs de s\u00e9curit\u00e9 et ajouter toute la logistique de production et de commercialisation.<\/p>\n<p> Tout \u00e7a mis ensemble, on imagine que le duo mettra en march\u00e9 une berline et un VUS inspir\u00e9s des deux prototypes, mais \u00e7a pourrait changer d\u2019ici 2025. On va en savoir encore un peu plus probablement avant la fin<\/p>\n","protected":false},"excerpt":{"rendered":"<p>On en a parl\u00e9 surtout parce qu\u2019on a pu voir les deux prototypes de v\u00e9hicules \u00e9lectriques et, disons-le, lourdement charg\u00e9s d\u2019\u00e9lectronique que Sony a pr\u00e9sent\u00e9s au CES \u00e0 Las Vegas au cours des derni\u00e8res ann\u00e9es, mais voil\u00e0 qu\u2019on en sait un peu plus sur ce projet du groupe japonais de se lancer dans la construction [&hellip;]<\/p>\n","protected":false},"author":8,"featured_media":42005,"comment_status":"close","ping_status":"closed","sticky":false,"template":"","format":"standard","meta":{"_monsterinsights_skip_tracking":false,"_monsterinsights_sitenote_active":false,"_monsterinsights_sitenote_note":"","_monsterinsights_sitenote_category":0,"footnotes":""},"categories":[101],"tags":[],"yoast_head":"<!-- This site is optimized with the Yoast SEO plugin v23.2 - https:\/\/yoast.com\/wordpress\/plugins\/seo\/ -->\n<title>Sony Honda Mobility\u00a0: c\u2019est officiel! - CanadaMotorJobs.com<\/title>\n<meta name=\"description\" content=\"Sony Honda Mobility\u00a0: c\u2019est officiel! - Benoit Charette - Annuel automobile - CanadaMotorJobs.com.\" \/>\n<meta name=\"robots\" content=\"index, follow, max-snippet:-1, max-image-preview:large, max-video-preview:-1\" \/>\n<meta property=\"og:locale\" content=\"fr_CA\" \/>\n<meta property=\"og:type\" content=\"article\" \/>\n<meta property=\"og:title\" content=\"Sony Honda Mobility\u00a0: c\u2019est officiel! - CanadaMotorJobs.com\" \/>\n<meta property=\"og:description\" content=\"Sony Honda Mobility\u00a0: c\u2019est officiel! - Benoit Charette - Annuel automobile - CanadaMotorJobs.com.\" \/>\n<meta property=\"og:url\" content=\"https:\/\/news.canadamotorjobs.com\/fr\/sony-honda-mobility-cest-officiel\/\" \/>\n<meta property=\"og:site_name\" content=\"CanadaMotorJobs.com\" \/>\n<meta property=\"article:publisher\" content=\"https:\/\/www.facebook.com\/canadamotorjobs\/\" \/>\n<meta property=\"article:published_time\" content=\"2022-07-07T12:15:06+00:00\" \/>\n<meta property=\"article:modified_time\" content=\"2022-07-07T12:30:11+00:00\" \/>\n<meta property=\"og:image\" content=\"https:\/\/news.canadamotorjobs.com\/wp-content\/uploads\/2022\/07\/9-1578405316-1.jpg\" \/>\n\t<meta property=\"og:image:width\" content=\"1200\" \/>\n\t<meta property=\"og:image:height\" content=\"598\" \/>\n\t<meta property=\"og:image:type\" content=\"image\/jpeg\" \/>\n<meta name=\"author\" content=\"Benoit Charette\" \/>\n<meta name=\"twitter:card\" content=\"summary_large_image\" \/>\n<meta name=\"twitter:creator\" content=\"@canadamotorjobs\" \/>\n<meta name=\"twitter:site\" content=\"@canadamotorjobs\" \/>\n<meta name=\"twitter:label1\" content=\"\u00c9crit par\" \/>\n\t<meta name=\"twitter:data1\" content=\"Benoit Charette\" \/>\n\t<meta name=\"twitter:label2\" content=\"Estimation du temps de lecture\" \/>\n\t<meta name=\"twitter:data2\" content=\"1 minute\" \/>\n<!-- \/ Yoast SEO plugin. -->","yoast_head_json":{"title":"Sony Honda Mobility\u00a0: c\u2019est officiel! - CanadaMotorJobs.com","description":"Sony Honda Mobility\u00a0: c\u2019est officiel! - Benoit Charette - Annuel automobile - CanadaMotorJobs.com.","robots":{"index":"index","follow":"follow","max-snippet":"max-snippet:-1","max-image-preview":"max-image-preview:large","max-video-preview":"max-video-preview:-1"},"og_locale":"fr_CA","og_type":"article","og_title":"Sony Honda Mobility\u00a0: c\u2019est officiel! - CanadaMotorJobs.com","og_description":"Sony Honda Mobility\u00a0: c\u2019est officiel! - Benoit Charette - Annuel automobile - CanadaMotorJobs.com.","og_url":"https:\/\/news.canadamotorjobs.com\/fr\/sony-honda-mobility-cest-officiel\/","og_site_name":"CanadaMotorJobs.com","article_publisher":"https:\/\/www.facebook.com\/canadamotorjobs\/","article_published_time":"2022-07-07T12:15:06+00:00","article_modified_time":"2022-07-07T12:30:11+00:00","og_image":[{"width":1200,"height":598,"url":"https:\/\/news.canadamotorjobs.com\/wp-content\/uploads\/2022\/07\/9-1578405316-1.jpg","type":"image\/jpeg"}],"author":"Benoit Charette","twitter_card":"summary_large_image","twitter_creator":"@canadamotorjobs","twitter_site":"@canadamotorjobs","twitter_misc":{"\u00c9crit par":"Benoit Charette","Estimation du temps de lecture":"1 minute"},"schema":{"@context":"https:\/\/schema.org","@graph":[{"@type":"Article","@id":"https:\/\/news.canadamotorjobs.com\/fr\/sony-honda-mobility-cest-officiel\/#article","isPartOf":{"@id":"https:\/\/news.canadamotorjobs.com\/fr\/sony-honda-mobility-cest-officiel\/"},"author":{"name":"Benoit Charette","@id":"https:\/\/news.canadamotorjobs.com\/#\/schema\/person\/51793d1f87d44011d7bcc2ed99269a90"},"headline":"Sony Honda Mobility\u00a0: c\u2019est officiel!","datePublished":"2022-07-07T12:15:06+00:00","dateModified":"2022-07-07T12:30:11+00:00","mainEntityOfPage":{"@id":"https:\/\/news.canadamotorjobs.com\/fr\/sony-honda-mobility-cest-officiel\/"},"wordCount":284,"publisher":{"@id":"https:\/\/news.canadamotorjobs.com\/#organization"},"image":{"@id":"https:\/\/news.canadamotorjobs.com\/fr\/sony-honda-mobility-cest-officiel\/#primaryimage"},"thumbnailUrl":"https:\/\/news.canadamotorjobs.com\/wp-content\/uploads\/2022\/07\/9-1578405316-1.jpg","articleSection":["Annuel automobile"],"inLanguage":"fr-CA"},{"@type":"WebPage","@id":"https:\/\/news.canadamotorjobs.com\/fr\/sony-honda-mobility-cest-officiel\/","url":"https:\/\/news.canadamotorjobs.com\/fr\/sony-honda-mobility-cest-officiel\/","name":"Sony Honda Mobility\u00a0: c\u2019est officiel! - CanadaMotorJobs.com","isPartOf":{"@id":"https:\/\/news.canadamotorjobs.com\/#website"},"primaryImageOfPage":{"@id":"https:\/\/news.canadamotorjobs.com\/fr\/sony-honda-mobility-cest-officiel\/#primaryimage"},"image":{"@id":"https:\/\/news.canadamotorjobs.com\/fr\/sony-honda-mobility-cest-officiel\/#primaryimage"},"thumbnailUrl":"https:\/\/news.canadamotorjobs.com\/wp-content\/uploads\/2022\/07\/9-1578405316-1.jpg","datePublished":"2022-07-07T12:15:06+00:00","dateModified":"2022-07-07T12:30:11+00:00","description":"Sony Honda Mobility\u00a0: c\u2019est officiel! - Benoit Charette - Annuel automobile - CanadaMotorJobs.com.","breadcrumb":{"@id":"https:\/\/news.canadamotorjobs.com\/fr\/sony-honda-mobility-cest-officiel\/#breadcrumb"},"inLanguage":"fr-CA","potentialAction":[{"@type":"ReadAction","target":["https:\/\/news.canadamotorjobs.com\/fr\/sony-honda-mobility-cest-officiel\/"]}]},{"@type":"ImageObject","inLanguage":"fr-CA","@id":"https:\/\/news.canadamotorjobs.com\/fr\/sony-honda-mobility-cest-officiel\/#primaryimage","url":"https:\/\/news.canadamotorjobs.com\/wp-content\/uploads\/2022\/07\/9-1578405316-1.jpg","contentUrl":"https:\/\/news.canadamotorjobs.com\/wp-content\/uploads\/2022\/07\/9-1578405316-1.jpg","width":1200,"height":598},{"@type":"BreadcrumbList","@id":"https:\/\/news.canadamotorjobs.com\/fr\/sony-honda-mobility-cest-officiel\/#breadcrumb","itemListElement":[{"@type":"ListItem","position":1,"name":"Home","item":"https:\/\/news.canadamotorjobs.com\/fr\/blog\/"},{"@type":"ListItem","position":2,"name":"Sony Honda Mobility\u00a0: c\u2019est officiel!"}]},{"@type":"WebSite","@id":"https:\/\/news.canadamotorjobs.com\/#website","url":"https:\/\/news.canadamotorjobs.com\/","name":"CanadaMotorJobs.com","description":"Automotive Jobs","publisher":{"@id":"https:\/\/news.canadamotorjobs.com\/#organization"},"potentialAction":[{"@type":"SearchAction","target":{"@type":"EntryPoint","urlTemplate":"https:\/\/news.canadamotorjobs.com\/?s={search_term_string}"},"query-input":"required name=search_term_string"}],"inLanguage":"fr-CA"},{"@type":"Organization","@id":"https:\/\/news.canadamotorjobs.com\/#organization","name":"Canada Motor Jobs","url":"https:\/\/news.canadamotorjobs.com\/","logo":{"@type":"ImageObject","inLanguage":"fr-CA","@id":"https:\/\/news.canadamotorjobs.com\/#\/schema\/logo\/image\/","url":"https:\/\/news.canadamotorjobs.com\/wp-content\/uploads\/2022\/10\/logo-canada-motor-jobs-1.png","contentUrl":"https:\/\/news.canadamotorjobs.com\/wp-content\/uploads\/2022\/10\/logo-canada-motor-jobs-1.png","width":800,"height":400,"caption":"Canada Motor Jobs"},"image":{"@id":"https:\/\/news.canadamotorjobs.com\/#\/schema\/logo\/image\/"},"sameAs":["https:\/\/www.facebook.com\/canadamotorjobs\/","https:\/\/x.com\/canadamotorjobs","https:\/\/www.instagram.com\/canadamotorjobs\/","https:\/\/www.linkedin.com\/company\/canadamotorjobs"]},{"@type":"Person","@id":"https:\/\/news.canadamotorjobs.com\/#\/schema\/person\/51793d1f87d44011d7bcc2ed99269a90","name":"Benoit Charette","image":{"@type":"ImageObject","inLanguage":"fr-CA","@id":"https:\/\/news.canadamotorjobs.com\/#\/schema\/person\/image\/","url":"https:\/\/secure.gravatar.com\/avatar\/45f3d2eebcccd909668d7ce7ea7267b6?s=96&d=mm&r=g","contentUrl":"https:\/\/secure.gravatar.com\/avatar\/45f3d2eebcccd909668d7ce7ea7267b6?s=96&d=mm&r=g","caption":"Benoit Charette"},"description":"Benoit Charette \/ Propri\u00e9taire et r\u00e9dacteur en chef Benoit Charette pratique le journalisme automobile depuis bient\u00f4t 30 ans. Il a fait ses classes au c\u00f4t\u00e9 de Daniel H\u00e9raud et au Carnet de route de 1992 \u00e0 2001. Il est fondateur, copropri\u00e9taire et r\u00e9dacteur en chef de L\u2019Annuel de l\u2019automobile, qu\u2019il publie depuis 2001. Il a anim\u00e9 les \u00e9missions RPM et RPM+ sur V et les L\u00e9gendes de la route sur Historia. \u00c0 la radio depuis 1986, il reprend l\u2019antenne cette ann\u00e9e sur les ondes de Cogeco et participe pour la deuxi\u00e8me ann\u00e9e \u00e0 l\u2019\u00e9mission Passion Auto sur RDS en plus de mettre en ligne le site Web officiel de L\u2019Annuel de l\u2019automobile sur annuelauto.ca.","sameAs":["https:\/\/annuelauto.ca\/"],"url":"https:\/\/news.canadamotorjobs.com\/fr\/author\/benoit-charette\/"}]}},"_links":{"self":[{"href":"https:\/\/news.canadamotorjobs.com\/fr\/wp-json\/wp\/v2\/posts\/42001"}],"collection":[{"href":"https:\/\/news.canadamotorjobs.com\/fr\/wp-json\/wp\/v2\/posts"}],"about":[{"href":"https:\/\/news.canadamotorjobs.com\/fr\/wp-json\/wp\/v2\/types\/post"}],"author":[{"embeddable":true,"href":"https:\/\/news.canadamotorjobs.com\/fr\/wp-json\/wp\/v2\/users\/8"}],"replies":[{"embeddable":true,"href":"https:\/\/news.canadamotorjobs.com\/fr\/wp-json\/wp\/v2\/comments?post=42001"}],"version-history":[{"count":0,"href":"https:\/\/news.canadamotorjobs.com\/fr\/wp-json\/wp\/v2\/posts\/42001\/revisions"}],"wp:featuredmedia":[{"embeddable":true,"href":"https:\/\/news.canadamotorjobs.com\/fr\/wp-json\/wp\/v2\/media\/42005"}],"wp:attachment":[{"href":"https:\/\/news.canadamotorjobs.com\/fr\/wp-json\/wp\/v2\/media?parent=42001"}],"wp:term":[{"taxonomy":"category","embeddable":true,"href":"https:\/\/news.canadamotorjobs.com\/fr\/wp-json\/wp\/v2\/categories?post=42001"},{"taxonomy":"post_tag","embeddable":true,"href":"https:\/\/news.canadamotorjobs.com\/fr\/wp-json\/wp\/v2\/tags?post=42001"}],"curies":[{"name":"wp","href":"https:\/\/api.w.org\/{rel}","templated":true}]}}