{"id":41993,"date":"2022-07-07T08:07:29","date_gmt":"2022-07-07T12:07:29","guid":{"rendered":"https:\/\/blog.canadamotorjobs.com\/volkswagen-devoile-une-2e-generation-de-camionnette-amarok-basee-sur-le-ford-ranger\/"},"modified":"2022-07-07T08:14:17","modified_gmt":"2022-07-07T12:14:17","slug":"volkswagen-devoile-une-2e-generation-de-camionnette-amarok-basee-sur-le-ford-ranger","status":"publish","type":"post","link":"https:\/\/news.canadamotorjobs.com\/fr\/volkswagen-devoile-une-2e-generation-de-camionnette-amarok-basee-sur-le-ford-ranger\/","title":{"rendered":"Volkswagen d\u00e9voile une 2e g\u00e9n\u00e9ration de camionnette Amarok bas\u00e9e sur le Ford Ranger"},"content":{"rendered":"<\/p>\n<p>Si vous faites partie de ces gens qui aiment les camions interm\u00e9diaires, r\u00e9jouissez-vous. Il y aura peut-\u00eatre un joueur de plus l\u2019an prochain venant de chez Volkswagen. L\u2019Amarok est le demi-fr\u00e8re du Ford Ranger, mais en mieux selon Volks.<br \/> Viendra-t-il au Canada\u2009?<br \/> La derni\u00e8re g\u00e9n\u00e9ration qui a fait son apparition en 2010 \u00e9tait construite en Argentine, mais est rest\u00e9e en Am\u00e9rique du Sud, sans jamais venir au Canada o\u00f9 aux \u00c9tats-Unis. Cette nouvelle g\u00e9n\u00e9ration va prendre la route de l\u2019Australie, de l\u2019Europe et de l\u2019Am\u00e9rique du Sud dans quelques mois seulement. Sa base est celle du Ford Ranger, mais Volkswagen promet une finition plus chic avec un m\u00e9lange de commandes analogiques et num\u00e9riques, plus de 20 nouveaux syst\u00e8mes d&#8217;aide \u00e0 la conduite et de s\u00e9curit\u00e9 pour rendre \u00ab\u00a0la conduite encore plus facile\u00a0\u00bb, ainsi qu&#8217;une famille compl\u00e8te d&#8217;options.<br \/> Un bon choix de versions<br \/> Les propri\u00e9taires peuvent choisir entre les versions sup\u00e9rieures Life, Style et \u00e9gale PanAmericana (pour les amateurs du tout-terrain) et Aventura (ax\u00e9e sur la route). Ces deux derni\u00e8res versions comprennent des avantages tels que des garnitures en cuir ou les phares matriciels \u00e0 DEL IQ.Light, entre autres. Par rapport au Ranger, l\u2019Amarok b\u00e9n\u00e9ficie d&#8217;une longueur accrue et d&#8217;un empattement plus long pour un habitacle plus confortable et plus spacieux, et la nouvelle g\u00e9n\u00e9ration sera lanc\u00e9e dans des configurations \u00e0 cabine double \u00e0 quatre portes et cabine simple \u00e0 deux portes. Il y a aussi deux nouveaux syst\u00e8mes de transmission int\u00e9grale (avec des modes d\u00e9di\u00e9s), et une foule de cinq<\/p>\n","protected":false},"excerpt":{"rendered":"<p>Si vous faites partie de ces gens qui aiment les camions interm\u00e9diaires, r\u00e9jouissez-vous. Il y aura peut-\u00eatre un joueur de plus l\u2019an prochain venant de chez Volkswagen. L\u2019Amarok est le demi-fr\u00e8re du Ford Ranger, mais en mieux selon Volks. Viendra-t-il au Canada\u2009? La derni\u00e8re g\u00e9n\u00e9ration qui a fait son apparition en 2010 \u00e9tait construite en [&hellip;]<\/p>\n","protected":false},"author":8,"featured_media":41997,"comment_status":"close","ping_status":"closed","sticky":false,"template":"","format":"standard","meta":{"_monsterinsights_skip_tracking":false,"_monsterinsights_sitenote_active":false,"_monsterinsights_sitenote_note":"","_monsterinsights_sitenote_category":0,"footnotes":""},"categories":[101],"tags":[],"yoast_head":"<!-- This site is optimized with the Yoast SEO plugin v23.2 - https:\/\/yoast.com\/wordpress\/plugins\/seo\/ -->\n<title>Volkswagen d\u00e9voile une 2e g\u00e9n\u00e9ration de camionnette Amarok bas\u00e9e sur le Ford Ranger - CanadaMotorJobs.com<\/title>\n<meta name=\"description\" content=\"Volkswagen d\u00e9voile une 2e g\u00e9n\u00e9ration de camionnette Amarok bas\u00e9e sur le Ford Ranger - Benoit Charette - Annuel automobile - CanadaMotorJobs.com.\" \/>\n<meta name=\"robots\" content=\"index, follow, max-snippet:-1, max-image-preview:large, max-video-preview:-1\" \/>\n<meta property=\"og:locale\" content=\"fr_CA\" \/>\n<meta property=\"og:type\" content=\"article\" \/>\n<meta property=\"og:title\" content=\"Volkswagen d\u00e9voile une 2e g\u00e9n\u00e9ration de camionnette Amarok bas\u00e9e sur le Ford Ranger - CanadaMotorJobs.com\" \/>\n<meta property=\"og:description\" content=\"Volkswagen d\u00e9voile une 2e g\u00e9n\u00e9ration de camionnette Amarok bas\u00e9e sur le Ford Ranger - Benoit Charette - Annuel automobile - CanadaMotorJobs.com.\" \/>\n<meta property=\"og:url\" content=\"https:\/\/news.canadamotorjobs.com\/fr\/volkswagen-devoile-une-2e-generation-de-camionnette-amarok-basee-sur-le-ford-ranger\/\" \/>\n<meta property=\"og:site_name\" content=\"CanadaMotorJobs.com\" \/>\n<meta property=\"article:publisher\" content=\"https:\/\/www.facebook.com\/canadamotorjobs\/\" \/>\n<meta property=\"article:published_time\" content=\"2022-07-07T12:07:29+00:00\" \/>\n<meta property=\"article:modified_time\" content=\"2022-07-07T12:14:17+00:00\" \/>\n<meta property=\"og:image\" content=\"https:\/\/news.canadamotorjobs.com\/wp-content\/uploads\/2022\/07\/2023-vw-amarok-could-end-up-being-one-seriously-cool-mid-size-pickup-truck-and-heres-why-168201_1-1.jpg\" \/>\n\t<meta property=\"og:image:width\" content=\"1880\" \/>\n\t<meta property=\"og:image:height\" content=\"1080\" \/>\n\t<meta property=\"og:image:type\" content=\"image\/jpeg\" \/>\n<meta name=\"author\" content=\"Benoit Charette\" \/>\n<meta name=\"twitter:card\" content=\"summary_large_image\" \/>\n<meta name=\"twitter:creator\" content=\"@canadamotorjobs\" \/>\n<meta name=\"twitter:site\" content=\"@canadamotorjobs\" \/>\n<meta name=\"twitter:label1\" content=\"\u00c9crit par\" \/>\n\t<meta name=\"twitter:data1\" content=\"Benoit Charette\" \/>\n\t<meta name=\"twitter:label2\" content=\"Estimation du temps de lecture\" \/>\n\t<meta name=\"twitter:data2\" content=\"1 minute\" \/>\n<!-- \/ Yoast SEO plugin. -->","yoast_head_json":{"title":"Volkswagen d\u00e9voile une 2e g\u00e9n\u00e9ration de camionnette Amarok bas\u00e9e sur le Ford Ranger - CanadaMotorJobs.com","description":"Volkswagen d\u00e9voile une 2e g\u00e9n\u00e9ration de camionnette Amarok bas\u00e9e sur le Ford Ranger - Benoit Charette - Annuel automobile - CanadaMotorJobs.com.","robots":{"index":"index","follow":"follow","max-snippet":"max-snippet:-1","max-image-preview":"max-image-preview:large","max-video-preview":"max-video-preview:-1"},"og_locale":"fr_CA","og_type":"article","og_title":"Volkswagen d\u00e9voile une 2e g\u00e9n\u00e9ration de camionnette Amarok bas\u00e9e sur le Ford Ranger - CanadaMotorJobs.com","og_description":"Volkswagen d\u00e9voile une 2e g\u00e9n\u00e9ration de camionnette Amarok bas\u00e9e sur le Ford Ranger - Benoit Charette - Annuel automobile - CanadaMotorJobs.com.","og_url":"https:\/\/news.canadamotorjobs.com\/fr\/volkswagen-devoile-une-2e-generation-de-camionnette-amarok-basee-sur-le-ford-ranger\/","og_site_name":"CanadaMotorJobs.com","article_publisher":"https:\/\/www.facebook.com\/canadamotorjobs\/","article_published_time":"2022-07-07T12:07:29+00:00","article_modified_time":"2022-07-07T12:14:17+00:00","og_image":[{"width":1880,"height":1080,"url":"https:\/\/news.canadamotorjobs.com\/wp-content\/uploads\/2022\/07\/2023-vw-amarok-could-end-up-being-one-seriously-cool-mid-size-pickup-truck-and-heres-why-168201_1-1.jpg","type":"image\/jpeg"}],"author":"Benoit Charette","twitter_card":"summary_large_image","twitter_creator":"@canadamotorjobs","twitter_site":"@canadamotorjobs","twitter_misc":{"\u00c9crit par":"Benoit Charette","Estimation du temps de lecture":"1 minute"},"schema":{"@context":"https:\/\/schema.org","@graph":[{"@type":"Article","@id":"https:\/\/news.canadamotorjobs.com\/fr\/volkswagen-devoile-une-2e-generation-de-camionnette-amarok-basee-sur-le-ford-ranger\/#article","isPartOf":{"@id":"https:\/\/news.canadamotorjobs.com\/fr\/volkswagen-devoile-une-2e-generation-de-camionnette-amarok-basee-sur-le-ford-ranger\/"},"author":{"name":"Benoit Charette","@id":"https:\/\/news.canadamotorjobs.com\/#\/schema\/person\/51793d1f87d44011d7bcc2ed99269a90"},"headline":"Volkswagen d\u00e9voile une 2e g\u00e9n\u00e9ration de camionnette Amarok bas\u00e9e sur le Ford Ranger","datePublished":"2022-07-07T12:07:29+00:00","dateModified":"2022-07-07T12:14:17+00:00","mainEntityOfPage":{"@id":"https:\/\/news.canadamotorjobs.com\/fr\/volkswagen-devoile-une-2e-generation-de-camionnette-amarok-basee-sur-le-ford-ranger\/"},"wordCount":302,"publisher":{"@id":"https:\/\/news.canadamotorjobs.com\/#organization"},"image":{"@id":"https:\/\/news.canadamotorjobs.com\/fr\/volkswagen-devoile-une-2e-generation-de-camionnette-amarok-basee-sur-le-ford-ranger\/#primaryimage"},"thumbnailUrl":"https:\/\/news.canadamotorjobs.com\/wp-content\/uploads\/2022\/07\/2023-vw-amarok-could-end-up-being-one-seriously-cool-mid-size-pickup-truck-and-heres-why-168201_1-1.jpg","articleSection":["Annuel automobile"],"inLanguage":"fr-CA"},{"@type":"WebPage","@id":"https:\/\/news.canadamotorjobs.com\/fr\/volkswagen-devoile-une-2e-generation-de-camionnette-amarok-basee-sur-le-ford-ranger\/","url":"https:\/\/news.canadamotorjobs.com\/fr\/volkswagen-devoile-une-2e-generation-de-camionnette-amarok-basee-sur-le-ford-ranger\/","name":"Volkswagen d\u00e9voile une 2e g\u00e9n\u00e9ration de camionnette Amarok bas\u00e9e sur le Ford Ranger - CanadaMotorJobs.com","isPartOf":{"@id":"https:\/\/news.canadamotorjobs.com\/#website"},"primaryImageOfPage":{"@id":"https:\/\/news.canadamotorjobs.com\/fr\/volkswagen-devoile-une-2e-generation-de-camionnette-amarok-basee-sur-le-ford-ranger\/#primaryimage"},"image":{"@id":"https:\/\/news.canadamotorjobs.com\/fr\/volkswagen-devoile-une-2e-generation-de-camionnette-amarok-basee-sur-le-ford-ranger\/#primaryimage"},"thumbnailUrl":"https:\/\/news.canadamotorjobs.com\/wp-content\/uploads\/2022\/07\/2023-vw-amarok-could-end-up-being-one-seriously-cool-mid-size-pickup-truck-and-heres-why-168201_1-1.jpg","datePublished":"2022-07-07T12:07:29+00:00","dateModified":"2022-07-07T12:14:17+00:00","description":"Volkswagen d\u00e9voile une 2e g\u00e9n\u00e9ration de camionnette Amarok bas\u00e9e sur le Ford Ranger - Benoit Charette - Annuel automobile - CanadaMotorJobs.com.","breadcrumb":{"@id":"https:\/\/news.canadamotorjobs.com\/fr\/volkswagen-devoile-une-2e-generation-de-camionnette-amarok-basee-sur-le-ford-ranger\/#breadcrumb"},"inLanguage":"fr-CA","potentialAction":[{"@type":"ReadAction","target":["https:\/\/news.canadamotorjobs.com\/fr\/volkswagen-devoile-une-2e-generation-de-camionnette-amarok-basee-sur-le-ford-ranger\/"]}]},{"@type":"ImageObject","inLanguage":"fr-CA","@id":"https:\/\/news.canadamotorjobs.com\/fr\/volkswagen-devoile-une-2e-generation-de-camionnette-amarok-basee-sur-le-ford-ranger\/#primaryimage","url":"https:\/\/news.canadamotorjobs.com\/wp-content\/uploads\/2022\/07\/2023-vw-amarok-could-end-up-being-one-seriously-cool-mid-size-pickup-truck-and-heres-why-168201_1-1.jpg","contentUrl":"https:\/\/news.canadamotorjobs.com\/wp-content\/uploads\/2022\/07\/2023-vw-amarok-could-end-up-being-one-seriously-cool-mid-size-pickup-truck-and-heres-why-168201_1-1.jpg","width":1880,"height":1080},{"@type":"BreadcrumbList","@id":"https:\/\/news.canadamotorjobs.com\/fr\/volkswagen-devoile-une-2e-generation-de-camionnette-amarok-basee-sur-le-ford-ranger\/#breadcrumb","itemListElement":[{"@type":"ListItem","position":1,"name":"Home","item":"https:\/\/news.canadamotorjobs.com\/fr\/blog\/"},{"@type":"ListItem","position":2,"name":"Volkswagen d\u00e9voile une 2e g\u00e9n\u00e9ration de camionnette Amarok bas\u00e9e sur le Ford Ranger"}]},{"@type":"WebSite","@id":"https:\/\/news.canadamotorjobs.com\/#website","url":"https:\/\/news.canadamotorjobs.com\/","name":"CanadaMotorJobs.com","description":"Automotive Jobs","publisher":{"@id":"https:\/\/news.canadamotorjobs.com\/#organization"},"potentialAction":[{"@type":"SearchAction","target":{"@type":"EntryPoint","urlTemplate":"https:\/\/news.canadamotorjobs.com\/?s={search_term_string}"},"query-input":"required name=search_term_string"}],"inLanguage":"fr-CA"},{"@type":"Organization","@id":"https:\/\/news.canadamotorjobs.com\/#organization","name":"Canada Motor Jobs","url":"https:\/\/news.canadamotorjobs.com\/","logo":{"@type":"ImageObject","inLanguage":"fr-CA","@id":"https:\/\/news.canadamotorjobs.com\/#\/schema\/logo\/image\/","url":"https:\/\/news.canadamotorjobs.com\/wp-content\/uploads\/2022\/10\/logo-canada-motor-jobs-1.png","contentUrl":"https:\/\/news.canadamotorjobs.com\/wp-content\/uploads\/2022\/10\/logo-canada-motor-jobs-1.png","width":800,"height":400,"caption":"Canada Motor Jobs"},"image":{"@id":"https:\/\/news.canadamotorjobs.com\/#\/schema\/logo\/image\/"},"sameAs":["https:\/\/www.facebook.com\/canadamotorjobs\/","https:\/\/x.com\/canadamotorjobs","https:\/\/www.instagram.com\/canadamotorjobs\/","https:\/\/www.linkedin.com\/company\/canadamotorjobs"]},{"@type":"Person","@id":"https:\/\/news.canadamotorjobs.com\/#\/schema\/person\/51793d1f87d44011d7bcc2ed99269a90","name":"Benoit Charette","image":{"@type":"ImageObject","inLanguage":"fr-CA","@id":"https:\/\/news.canadamotorjobs.com\/#\/schema\/person\/image\/","url":"https:\/\/secure.gravatar.com\/avatar\/45f3d2eebcccd909668d7ce7ea7267b6?s=96&d=mm&r=g","contentUrl":"https:\/\/secure.gravatar.com\/avatar\/45f3d2eebcccd909668d7ce7ea7267b6?s=96&d=mm&r=g","caption":"Benoit Charette"},"description":"Benoit Charette \/ Propri\u00e9taire et r\u00e9dacteur en chef Benoit Charette pratique le journalisme automobile depuis bient\u00f4t 30 ans. Il a fait ses classes au c\u00f4t\u00e9 de Daniel H\u00e9raud et au Carnet de route de 1992 \u00e0 2001. Il est fondateur, copropri\u00e9taire et r\u00e9dacteur en chef de L\u2019Annuel de l\u2019automobile, qu\u2019il publie depuis 2001. Il a anim\u00e9 les \u00e9missions RPM et RPM+ sur V et les L\u00e9gendes de la route sur Historia. \u00c0 la radio depuis 1986, il reprend l\u2019antenne cette ann\u00e9e sur les ondes de Cogeco et participe pour la deuxi\u00e8me ann\u00e9e \u00e0 l\u2019\u00e9mission Passion Auto sur RDS en plus de mettre en ligne le site Web officiel de L\u2019Annuel de l\u2019automobile sur annuelauto.ca.","sameAs":["https:\/\/annuelauto.ca\/"],"url":"https:\/\/news.canadamotorjobs.com\/fr\/author\/benoit-charette\/"}]}},"_links":{"self":[{"href":"https:\/\/news.canadamotorjobs.com\/fr\/wp-json\/wp\/v2\/posts\/41993"}],"collection":[{"href":"https:\/\/news.canadamotorjobs.com\/fr\/wp-json\/wp\/v2\/posts"}],"about":[{"href":"https:\/\/news.canadamotorjobs.com\/fr\/wp-json\/wp\/v2\/types\/post"}],"author":[{"embeddable":true,"href":"https:\/\/news.canadamotorjobs.com\/fr\/wp-json\/wp\/v2\/users\/8"}],"replies":[{"embeddable":true,"href":"https:\/\/news.canadamotorjobs.com\/fr\/wp-json\/wp\/v2\/comments?post=41993"}],"version-history":[{"count":0,"href":"https:\/\/news.canadamotorjobs.com\/fr\/wp-json\/wp\/v2\/posts\/41993\/revisions"}],"wp:featuredmedia":[{"embeddable":true,"href":"https:\/\/news.canadamotorjobs.com\/fr\/wp-json\/wp\/v2\/media\/41997"}],"wp:attachment":[{"href":"https:\/\/news.canadamotorjobs.com\/fr\/wp-json\/wp\/v2\/media?parent=41993"}],"wp:term":[{"taxonomy":"category","embeddable":true,"href":"https:\/\/news.canadamotorjobs.com\/fr\/wp-json\/wp\/v2\/categories?post=41993"},{"taxonomy":"post_tag","embeddable":true,"href":"https:\/\/news.canadamotorjobs.com\/fr\/wp-json\/wp\/v2\/tags?post=41993"}],"curies":[{"name":"wp","href":"https:\/\/api.w.org\/{rel}","templated":true}]}}