{"id":41985,"date":"2022-07-07T07:14:28","date_gmt":"2022-07-07T11:14:28","guid":{"rendered":"https:\/\/blog.canadamotorjobs.com\/vinfast-signe-un-accord-pour-commencer-a-utiliser-des-batteries-a-electrolytes-solides-en-2024\/"},"modified":"2022-07-07T07:28:56","modified_gmt":"2022-07-07T11:28:56","slug":"vinfast-signe-un-accord-pour-commencer-a-utiliser-des-batteries-a-electrolytes-solides-en-2024","status":"publish","type":"post","link":"https:\/\/news.canadamotorjobs.com\/fr\/vinfast-signe-un-accord-pour-commencer-a-utiliser-des-batteries-a-electrolytes-solides-en-2024\/","title":{"rendered":"VinFast signe un accord pour commencer \u00e0 utiliser des batteries \u00e0 \u00e9lectrolytes solides en 2024"},"content":{"rendered":"<\/p>\n<p>VinFast a annonc\u00e9 un partenariat avec ProLogium Technology, une jeune pousse ta\u00efwanaise sp\u00e9cialis\u00e9e dans les batteries, qui lui permettra d&#8217;utiliser des batteries solides dans ses v\u00e9hicules \u00e9lectriques d\u00e8s 2024.<br \/> Un accord de plusieurs dizaines millions de dollars<br \/> ProLogium a \u00e9t\u00e9 fond\u00e9e en 2006 et a d\u00e9pos\u00e9 plus de 500 brevets pour ses technologies de batteries \u00e0 l&#8217;\u00e9tat solide. Elle a sign\u00e9 un accord avec Mercedes-Benz en janvier pour d\u00e9velopper \u00e9galement des batteries \u00e0 l&#8217;\u00e9tat solide et pr\u00e9voit de lancer sa premi\u00e8re grande usine de batteries \u00e0 l&#8217;\u00e9tat solide au d\u00e9but de 2023. Une partie importante de la capacit\u00e9 de production de l&#8217;usine approvisionnera VinFast et, \u00e0 l&#8217;avenir, les deux soci\u00e9t\u00e9s pourraient \u00e9tablir une usine en coentreprise au Vietnam.<br \/> Aller vers les derni\u00e8res technologies<br \/> Vinfast met de l\u2019avant les plus rapides technologies pour ses produits, tant dans son usine de fabrication au Vietnam que dans la cr\u00e9ation de partenariats strat\u00e9giques avec des entreprises technologiques de pointe afin de saisir et d&#8217;appliquer rapidement les technologies pour des solutions de mobilit\u00e9 intelligentes et durables&#8221;, a d\u00e9clar\u00e9 Le Thi Thu Thuy, vice-pr\u00e9sidente de Vingroup et directrice g\u00e9n\u00e9rale de VinFast Global, dans un communiqu\u00e9. &#8220;ProLogium est l&#8217;un de nos partenaires cl\u00e9s, qui aide VinFast \u00e0 ma\u00eetriser rapidement l&#8217;approvisionnement en batteries solides tout en continuant \u00e0 fournir des produits EV avec une technologie de batterie avanc\u00e9e pour une exp\u00e9rience de conduite plus agr\u00e9able et plus s\u00fbre.&#8221;<br \/> Les batteries de l\u2019avenir<br \/> ProLogium Technology affirme que son \u00e9lectrolyte solide est 100\u00a0% recyclable et peut \u00eatre utilis\u00e9 pour cr\u00e9er<\/p>\n","protected":false},"excerpt":{"rendered":"<p>VinFast a annonc\u00e9 un partenariat avec ProLogium Technology, une jeune pousse ta\u00efwanaise sp\u00e9cialis\u00e9e dans les batteries, qui lui permettra d&#8217;utiliser des batteries solides dans ses v\u00e9hicules \u00e9lectriques d\u00e8s 2024. Un accord de plusieurs dizaines millions de dollars ProLogium a \u00e9t\u00e9 fond\u00e9e en 2006 et a d\u00e9pos\u00e9 plus de 500 brevets pour ses technologies de batteries [&hellip;]<\/p>\n","protected":false},"author":8,"featured_media":41989,"comment_status":"close","ping_status":"closed","sticky":false,"template":"","format":"standard","meta":{"_monsterinsights_skip_tracking":false,"_monsterinsights_sitenote_active":false,"_monsterinsights_sitenote_note":"","_monsterinsights_sitenote_category":0,"footnotes":""},"categories":[101],"tags":[],"yoast_head":"<!-- This site is optimized with the Yoast SEO plugin v23.2 - https:\/\/yoast.com\/wordpress\/plugins\/seo\/ -->\n<title>VinFast signe un accord pour commencer \u00e0 utiliser des batteries \u00e0 \u00e9lectrolytes solides en 2024 - CanadaMotorJobs.com<\/title>\n<meta name=\"description\" content=\"VinFast signe un accord pour commencer \u00e0 utiliser des batteries \u00e0 \u00e9lectrolytes solides en 2024 - Benoit Charette - Annuel automobile - CanadaMotorJobs.com.\" \/>\n<meta name=\"robots\" content=\"index, follow, max-snippet:-1, max-image-preview:large, max-video-preview:-1\" \/>\n<meta property=\"og:locale\" content=\"fr_CA\" \/>\n<meta property=\"og:type\" content=\"article\" \/>\n<meta property=\"og:title\" content=\"VinFast signe un accord pour commencer \u00e0 utiliser des batteries \u00e0 \u00e9lectrolytes solides en 2024 - CanadaMotorJobs.com\" \/>\n<meta property=\"og:description\" content=\"VinFast signe un accord pour commencer \u00e0 utiliser des batteries \u00e0 \u00e9lectrolytes solides en 2024 - Benoit Charette - Annuel automobile - CanadaMotorJobs.com.\" \/>\n<meta property=\"og:url\" content=\"https:\/\/news.canadamotorjobs.com\/fr\/vinfast-signe-un-accord-pour-commencer-a-utiliser-des-batteries-a-electrolytes-solides-en-2024\/\" \/>\n<meta property=\"og:site_name\" content=\"CanadaMotorJobs.com\" \/>\n<meta property=\"article:publisher\" content=\"https:\/\/www.facebook.com\/canadamotorjobs\/\" \/>\n<meta property=\"article:published_time\" content=\"2022-07-07T11:14:28+00:00\" \/>\n<meta property=\"article:modified_time\" content=\"2022-07-07T11:28:56+00:00\" \/>\n<meta property=\"og:image\" content=\"https:\/\/news.canadamotorjobs.com\/wp-content\/uploads\/2022\/07\/IMG_5299-1.jpg\" \/>\n\t<meta property=\"og:image:width\" content=\"1333\" \/>\n\t<meta property=\"og:image:height\" content=\"1000\" \/>\n\t<meta property=\"og:image:type\" content=\"image\/jpeg\" \/>\n<meta name=\"author\" content=\"Benoit Charette\" \/>\n<meta name=\"twitter:card\" content=\"summary_large_image\" \/>\n<meta name=\"twitter:creator\" content=\"@canadamotorjobs\" \/>\n<meta name=\"twitter:site\" content=\"@canadamotorjobs\" \/>\n<meta name=\"twitter:label1\" content=\"\u00c9crit par\" \/>\n\t<meta name=\"twitter:data1\" content=\"Benoit Charette\" \/>\n\t<meta name=\"twitter:label2\" content=\"Estimation du temps de lecture\" \/>\n\t<meta name=\"twitter:data2\" content=\"1 minute\" \/>\n<!-- \/ Yoast SEO plugin. -->","yoast_head_json":{"title":"VinFast signe un accord pour commencer \u00e0 utiliser des batteries \u00e0 \u00e9lectrolytes solides en 2024 - CanadaMotorJobs.com","description":"VinFast signe un accord pour commencer \u00e0 utiliser des batteries \u00e0 \u00e9lectrolytes solides en 2024 - Benoit Charette - Annuel automobile - CanadaMotorJobs.com.","robots":{"index":"index","follow":"follow","max-snippet":"max-snippet:-1","max-image-preview":"max-image-preview:large","max-video-preview":"max-video-preview:-1"},"og_locale":"fr_CA","og_type":"article","og_title":"VinFast signe un accord pour commencer \u00e0 utiliser des batteries \u00e0 \u00e9lectrolytes solides en 2024 - CanadaMotorJobs.com","og_description":"VinFast signe un accord pour commencer \u00e0 utiliser des batteries \u00e0 \u00e9lectrolytes solides en 2024 - Benoit Charette - Annuel automobile - CanadaMotorJobs.com.","og_url":"https:\/\/news.canadamotorjobs.com\/fr\/vinfast-signe-un-accord-pour-commencer-a-utiliser-des-batteries-a-electrolytes-solides-en-2024\/","og_site_name":"CanadaMotorJobs.com","article_publisher":"https:\/\/www.facebook.com\/canadamotorjobs\/","article_published_time":"2022-07-07T11:14:28+00:00","article_modified_time":"2022-07-07T11:28:56+00:00","og_image":[{"width":1333,"height":1000,"url":"https:\/\/news.canadamotorjobs.com\/wp-content\/uploads\/2022\/07\/IMG_5299-1.jpg","type":"image\/jpeg"}],"author":"Benoit Charette","twitter_card":"summary_large_image","twitter_creator":"@canadamotorjobs","twitter_site":"@canadamotorjobs","twitter_misc":{"\u00c9crit par":"Benoit Charette","Estimation du temps de lecture":"1 minute"},"schema":{"@context":"https:\/\/schema.org","@graph":[{"@type":"Article","@id":"https:\/\/news.canadamotorjobs.com\/fr\/vinfast-signe-un-accord-pour-commencer-a-utiliser-des-batteries-a-electrolytes-solides-en-2024\/#article","isPartOf":{"@id":"https:\/\/news.canadamotorjobs.com\/fr\/vinfast-signe-un-accord-pour-commencer-a-utiliser-des-batteries-a-electrolytes-solides-en-2024\/"},"author":{"name":"Benoit Charette","@id":"https:\/\/news.canadamotorjobs.com\/#\/schema\/person\/51793d1f87d44011d7bcc2ed99269a90"},"headline":"VinFast signe un accord pour commencer \u00e0 utiliser des batteries \u00e0 \u00e9lectrolytes solides en 2024","datePublished":"2022-07-07T11:14:28+00:00","dateModified":"2022-07-07T11:28:56+00:00","mainEntityOfPage":{"@id":"https:\/\/news.canadamotorjobs.com\/fr\/vinfast-signe-un-accord-pour-commencer-a-utiliser-des-batteries-a-electrolytes-solides-en-2024\/"},"wordCount":289,"publisher":{"@id":"https:\/\/news.canadamotorjobs.com\/#organization"},"image":{"@id":"https:\/\/news.canadamotorjobs.com\/fr\/vinfast-signe-un-accord-pour-commencer-a-utiliser-des-batteries-a-electrolytes-solides-en-2024\/#primaryimage"},"thumbnailUrl":"https:\/\/news.canadamotorjobs.com\/wp-content\/uploads\/2022\/07\/IMG_5299-1.jpg","articleSection":["Annuel automobile"],"inLanguage":"fr-CA"},{"@type":"WebPage","@id":"https:\/\/news.canadamotorjobs.com\/fr\/vinfast-signe-un-accord-pour-commencer-a-utiliser-des-batteries-a-electrolytes-solides-en-2024\/","url":"https:\/\/news.canadamotorjobs.com\/fr\/vinfast-signe-un-accord-pour-commencer-a-utiliser-des-batteries-a-electrolytes-solides-en-2024\/","name":"VinFast signe un accord pour commencer \u00e0 utiliser des batteries \u00e0 \u00e9lectrolytes solides en 2024 - CanadaMotorJobs.com","isPartOf":{"@id":"https:\/\/news.canadamotorjobs.com\/#website"},"primaryImageOfPage":{"@id":"https:\/\/news.canadamotorjobs.com\/fr\/vinfast-signe-un-accord-pour-commencer-a-utiliser-des-batteries-a-electrolytes-solides-en-2024\/#primaryimage"},"image":{"@id":"https:\/\/news.canadamotorjobs.com\/fr\/vinfast-signe-un-accord-pour-commencer-a-utiliser-des-batteries-a-electrolytes-solides-en-2024\/#primaryimage"},"thumbnailUrl":"https:\/\/news.canadamotorjobs.com\/wp-content\/uploads\/2022\/07\/IMG_5299-1.jpg","datePublished":"2022-07-07T11:14:28+00:00","dateModified":"2022-07-07T11:28:56+00:00","description":"VinFast signe un accord pour commencer \u00e0 utiliser des batteries \u00e0 \u00e9lectrolytes solides en 2024 - Benoit Charette - Annuel automobile - CanadaMotorJobs.com.","breadcrumb":{"@id":"https:\/\/news.canadamotorjobs.com\/fr\/vinfast-signe-un-accord-pour-commencer-a-utiliser-des-batteries-a-electrolytes-solides-en-2024\/#breadcrumb"},"inLanguage":"fr-CA","potentialAction":[{"@type":"ReadAction","target":["https:\/\/news.canadamotorjobs.com\/fr\/vinfast-signe-un-accord-pour-commencer-a-utiliser-des-batteries-a-electrolytes-solides-en-2024\/"]}]},{"@type":"ImageObject","inLanguage":"fr-CA","@id":"https:\/\/news.canadamotorjobs.com\/fr\/vinfast-signe-un-accord-pour-commencer-a-utiliser-des-batteries-a-electrolytes-solides-en-2024\/#primaryimage","url":"https:\/\/news.canadamotorjobs.com\/wp-content\/uploads\/2022\/07\/IMG_5299-1.jpg","contentUrl":"https:\/\/news.canadamotorjobs.com\/wp-content\/uploads\/2022\/07\/IMG_5299-1.jpg","width":1333,"height":1000},{"@type":"BreadcrumbList","@id":"https:\/\/news.canadamotorjobs.com\/fr\/vinfast-signe-un-accord-pour-commencer-a-utiliser-des-batteries-a-electrolytes-solides-en-2024\/#breadcrumb","itemListElement":[{"@type":"ListItem","position":1,"name":"Home","item":"https:\/\/news.canadamotorjobs.com\/fr\/blog\/"},{"@type":"ListItem","position":2,"name":"VinFast signe un accord pour commencer \u00e0 utiliser des batteries \u00e0 \u00e9lectrolytes solides en 2024"}]},{"@type":"WebSite","@id":"https:\/\/news.canadamotorjobs.com\/#website","url":"https:\/\/news.canadamotorjobs.com\/","name":"CanadaMotorJobs.com","description":"Automotive Jobs","publisher":{"@id":"https:\/\/news.canadamotorjobs.com\/#organization"},"potentialAction":[{"@type":"SearchAction","target":{"@type":"EntryPoint","urlTemplate":"https:\/\/news.canadamotorjobs.com\/?s={search_term_string}"},"query-input":"required name=search_term_string"}],"inLanguage":"fr-CA"},{"@type":"Organization","@id":"https:\/\/news.canadamotorjobs.com\/#organization","name":"Canada Motor Jobs","url":"https:\/\/news.canadamotorjobs.com\/","logo":{"@type":"ImageObject","inLanguage":"fr-CA","@id":"https:\/\/news.canadamotorjobs.com\/#\/schema\/logo\/image\/","url":"https:\/\/news.canadamotorjobs.com\/wp-content\/uploads\/2022\/10\/logo-canada-motor-jobs-1.png","contentUrl":"https:\/\/news.canadamotorjobs.com\/wp-content\/uploads\/2022\/10\/logo-canada-motor-jobs-1.png","width":800,"height":400,"caption":"Canada Motor Jobs"},"image":{"@id":"https:\/\/news.canadamotorjobs.com\/#\/schema\/logo\/image\/"},"sameAs":["https:\/\/www.facebook.com\/canadamotorjobs\/","https:\/\/x.com\/canadamotorjobs","https:\/\/www.instagram.com\/canadamotorjobs\/","https:\/\/www.linkedin.com\/company\/canadamotorjobs"]},{"@type":"Person","@id":"https:\/\/news.canadamotorjobs.com\/#\/schema\/person\/51793d1f87d44011d7bcc2ed99269a90","name":"Benoit Charette","image":{"@type":"ImageObject","inLanguage":"fr-CA","@id":"https:\/\/news.canadamotorjobs.com\/#\/schema\/person\/image\/","url":"https:\/\/secure.gravatar.com\/avatar\/45f3d2eebcccd909668d7ce7ea7267b6?s=96&d=mm&r=g","contentUrl":"https:\/\/secure.gravatar.com\/avatar\/45f3d2eebcccd909668d7ce7ea7267b6?s=96&d=mm&r=g","caption":"Benoit Charette"},"description":"Benoit Charette \/ Propri\u00e9taire et r\u00e9dacteur en chef Benoit Charette pratique le journalisme automobile depuis bient\u00f4t 30 ans. Il a fait ses classes au c\u00f4t\u00e9 de Daniel H\u00e9raud et au Carnet de route de 1992 \u00e0 2001. Il est fondateur, copropri\u00e9taire et r\u00e9dacteur en chef de L\u2019Annuel de l\u2019automobile, qu\u2019il publie depuis 2001. Il a anim\u00e9 les \u00e9missions RPM et RPM+ sur V et les L\u00e9gendes de la route sur Historia. \u00c0 la radio depuis 1986, il reprend l\u2019antenne cette ann\u00e9e sur les ondes de Cogeco et participe pour la deuxi\u00e8me ann\u00e9e \u00e0 l\u2019\u00e9mission Passion Auto sur RDS en plus de mettre en ligne le site Web officiel de L\u2019Annuel de l\u2019automobile sur annuelauto.ca.","sameAs":["https:\/\/annuelauto.ca\/"],"url":"https:\/\/news.canadamotorjobs.com\/fr\/author\/benoit-charette\/"}]}},"_links":{"self":[{"href":"https:\/\/news.canadamotorjobs.com\/fr\/wp-json\/wp\/v2\/posts\/41985"}],"collection":[{"href":"https:\/\/news.canadamotorjobs.com\/fr\/wp-json\/wp\/v2\/posts"}],"about":[{"href":"https:\/\/news.canadamotorjobs.com\/fr\/wp-json\/wp\/v2\/types\/post"}],"author":[{"embeddable":true,"href":"https:\/\/news.canadamotorjobs.com\/fr\/wp-json\/wp\/v2\/users\/8"}],"replies":[{"embeddable":true,"href":"https:\/\/news.canadamotorjobs.com\/fr\/wp-json\/wp\/v2\/comments?post=41985"}],"version-history":[{"count":0,"href":"https:\/\/news.canadamotorjobs.com\/fr\/wp-json\/wp\/v2\/posts\/41985\/revisions"}],"wp:featuredmedia":[{"embeddable":true,"href":"https:\/\/news.canadamotorjobs.com\/fr\/wp-json\/wp\/v2\/media\/41989"}],"wp:attachment":[{"href":"https:\/\/news.canadamotorjobs.com\/fr\/wp-json\/wp\/v2\/media?parent=41985"}],"wp:term":[{"taxonomy":"category","embeddable":true,"href":"https:\/\/news.canadamotorjobs.com\/fr\/wp-json\/wp\/v2\/categories?post=41985"},{"taxonomy":"post_tag","embeddable":true,"href":"https:\/\/news.canadamotorjobs.com\/fr\/wp-json\/wp\/v2\/tags?post=41985"}],"curies":[{"name":"wp","href":"https:\/\/api.w.org\/{rel}","templated":true}]}}