{"id":41966,"date":"2022-07-06T08:12:52","date_gmt":"2022-07-06T12:12:52","guid":{"rendered":"https:\/\/blog.canadamotorjobs.com\/ford-va-lancer-un-ranger-avec-boite-allongee-en-2023\/"},"modified":"2022-07-06T08:14:49","modified_gmt":"2022-07-06T12:14:49","slug":"ford-va-lancer-un-ranger-avec-boite-allongee-en-2023","status":"publish","type":"post","link":"https:\/\/news.canadamotorjobs.com\/fr\/ford-va-lancer-un-ranger-avec-boite-allongee-en-2023\/","title":{"rendered":"Ford va lancer un Ranger avec bo\u00eete allong\u00e9e en 2023"},"content":{"rendered":"<\/p>\n<p>Ford vit et respire pour ses camions en Am\u00e9rique du Nord. Comme nous le savons tous, le F-150 est le roi et le Maverick devient rapidement une alternative de choix aux VUS, aux berlines et m\u00eame \u00e0 certains camions de taille moyenne. Dans ce dernier segment, le Ranger a \u00e9t\u00e9 le deuxi\u00e8me meilleur vendeur pendant un certain temps, mais cela pourrait changer avec l&#8217;arriv\u00e9e du nouveau mod\u00e8le.<br \/> Une demande des amateurs<br \/> Le Ranger de taille moyenne a bien fonctionn\u00e9 pour Ford depuis qu&#8217;il est sorti de sa tombe pour l&#8217;Am\u00e9rique du Nord en 2019. Les unit\u00e9s se sont d\u00e9plac\u00e9es rapidement, mais le titre de meilleur vendeur a \u00e9chapp\u00e9 au Ranger, car le l\u00e9gendaire Toyota Tacoma continue de le d\u00e9passer. Une solution pour rem\u00e9dier \u00e0 cette situation pourrait se trouver dans l\u2019offre d\u2019une bo\u00eete allong\u00e9e<br \/> D\u00e9j\u00e0 arriv\u00e9e en Australie<br \/> La nouvelle g\u00e9n\u00e9ration du Ford Ranger depuis quelques mois en Australie, mais les Canadiens et les Am\u00e9ricains attendent toujours d&#8217;en savoir plus sur leurs versions. L&#8217;un des aspects, confirm\u00e9 par Automotive News, sera l&#8217;ajout d&#8217;une nouvelle longueur de bo\u00eete qui augmentera les capacit\u00e9s de transport du Ranger. La caisse actuelle mesure 1,5 m (5 pieds) de long et, bien que la taille de la caisse plus longue ne soit pas pr\u00e9cis\u00e9e, en se basant uniquement sur l&#8217;image, nous pensons qu&#8217;elle atteindra un maximum de 1,8 m (6 pieds). Nous devrions en savoir plus dans le courant de l&#8217;ann\u00e9e, le nouveau Ranger devant faire ses d\u00e9buts en 2023.<\/p>\n<p> Avec des renseignements de<\/p>\n","protected":false},"excerpt":{"rendered":"<p>Ford vit et respire pour ses camions en Am\u00e9rique du Nord. Comme nous le savons tous, le F-150 est le roi et le Maverick devient rapidement une alternative de choix aux VUS, aux berlines et m\u00eame \u00e0 certains camions de taille moyenne. Dans ce dernier segment, le Ranger a \u00e9t\u00e9 le deuxi\u00e8me meilleur vendeur pendant [&hellip;]<\/p>\n","protected":false},"author":8,"featured_media":41970,"comment_status":"close","ping_status":"closed","sticky":false,"template":"","format":"standard","meta":{"_monsterinsights_skip_tracking":false,"_monsterinsights_sitenote_active":false,"_monsterinsights_sitenote_note":"","_monsterinsights_sitenote_category":0,"footnotes":""},"categories":[101],"tags":[],"yoast_head":"<!-- This site is optimized with the Yoast SEO plugin v23.2 - https:\/\/yoast.com\/wordpress\/plugins\/seo\/ -->\n<title>Ford va lancer un Ranger avec bo\u00eete allong\u00e9e en 2023 - CanadaMotorJobs.com<\/title>\n<meta name=\"description\" content=\"Ford va lancer un Ranger avec bo\u00eete allong\u00e9e en 2023 - Benoit Charette - Annuel automobile - CanadaMotorJobs.com.\" \/>\n<meta name=\"robots\" content=\"index, follow, max-snippet:-1, max-image-preview:large, max-video-preview:-1\" \/>\n<meta property=\"og:locale\" content=\"fr_CA\" \/>\n<meta property=\"og:type\" content=\"article\" \/>\n<meta property=\"og:title\" content=\"Ford va lancer un Ranger avec bo\u00eete allong\u00e9e en 2023 - CanadaMotorJobs.com\" \/>\n<meta property=\"og:description\" content=\"Ford va lancer un Ranger avec bo\u00eete allong\u00e9e en 2023 - Benoit Charette - Annuel automobile - CanadaMotorJobs.com.\" \/>\n<meta property=\"og:url\" content=\"https:\/\/news.canadamotorjobs.com\/fr\/ford-va-lancer-un-ranger-avec-boite-allongee-en-2023\/\" \/>\n<meta property=\"og:site_name\" content=\"CanadaMotorJobs.com\" \/>\n<meta property=\"article:publisher\" content=\"https:\/\/www.facebook.com\/canadamotorjobs\/\" \/>\n<meta property=\"article:published_time\" content=\"2022-07-06T12:12:52+00:00\" \/>\n<meta property=\"article:modified_time\" content=\"2022-07-06T12:14:49+00:00\" \/>\n<meta property=\"og:image\" content=\"https:\/\/news.canadamotorjobs.com\/wp-content\/uploads\/2022\/07\/FB_IMG_1654400273543-1.jpg\" \/>\n\t<meta property=\"og:image:width\" content=\"1080\" \/>\n\t<meta property=\"og:image:height\" content=\"720\" \/>\n\t<meta property=\"og:image:type\" content=\"image\/jpeg\" \/>\n<meta name=\"author\" content=\"Benoit Charette\" \/>\n<meta name=\"twitter:card\" content=\"summary_large_image\" \/>\n<meta name=\"twitter:creator\" content=\"@canadamotorjobs\" \/>\n<meta name=\"twitter:site\" content=\"@canadamotorjobs\" \/>\n<meta name=\"twitter:label1\" content=\"\u00c9crit par\" \/>\n\t<meta name=\"twitter:data1\" content=\"Benoit Charette\" \/>\n\t<meta name=\"twitter:label2\" content=\"Estimation du temps de lecture\" \/>\n\t<meta name=\"twitter:data2\" content=\"1 minute\" \/>\n<!-- \/ Yoast SEO plugin. -->","yoast_head_json":{"title":"Ford va lancer un Ranger avec bo\u00eete allong\u00e9e en 2023 - CanadaMotorJobs.com","description":"Ford va lancer un Ranger avec bo\u00eete allong\u00e9e en 2023 - Benoit Charette - Annuel automobile - CanadaMotorJobs.com.","robots":{"index":"index","follow":"follow","max-snippet":"max-snippet:-1","max-image-preview":"max-image-preview:large","max-video-preview":"max-video-preview:-1"},"og_locale":"fr_CA","og_type":"article","og_title":"Ford va lancer un Ranger avec bo\u00eete allong\u00e9e en 2023 - CanadaMotorJobs.com","og_description":"Ford va lancer un Ranger avec bo\u00eete allong\u00e9e en 2023 - Benoit Charette - Annuel automobile - CanadaMotorJobs.com.","og_url":"https:\/\/news.canadamotorjobs.com\/fr\/ford-va-lancer-un-ranger-avec-boite-allongee-en-2023\/","og_site_name":"CanadaMotorJobs.com","article_publisher":"https:\/\/www.facebook.com\/canadamotorjobs\/","article_published_time":"2022-07-06T12:12:52+00:00","article_modified_time":"2022-07-06T12:14:49+00:00","og_image":[{"width":1080,"height":720,"url":"https:\/\/news.canadamotorjobs.com\/wp-content\/uploads\/2022\/07\/FB_IMG_1654400273543-1.jpg","type":"image\/jpeg"}],"author":"Benoit Charette","twitter_card":"summary_large_image","twitter_creator":"@canadamotorjobs","twitter_site":"@canadamotorjobs","twitter_misc":{"\u00c9crit par":"Benoit Charette","Estimation du temps de lecture":"1 minute"},"schema":{"@context":"https:\/\/schema.org","@graph":[{"@type":"Article","@id":"https:\/\/news.canadamotorjobs.com\/fr\/ford-va-lancer-un-ranger-avec-boite-allongee-en-2023\/#article","isPartOf":{"@id":"https:\/\/news.canadamotorjobs.com\/fr\/ford-va-lancer-un-ranger-avec-boite-allongee-en-2023\/"},"author":{"name":"Benoit Charette","@id":"https:\/\/news.canadamotorjobs.com\/#\/schema\/person\/51793d1f87d44011d7bcc2ed99269a90"},"headline":"Ford va lancer un Ranger avec bo\u00eete allong\u00e9e en 2023","datePublished":"2022-07-06T12:12:52+00:00","dateModified":"2022-07-06T12:14:49+00:00","mainEntityOfPage":{"@id":"https:\/\/news.canadamotorjobs.com\/fr\/ford-va-lancer-un-ranger-avec-boite-allongee-en-2023\/"},"wordCount":289,"publisher":{"@id":"https:\/\/news.canadamotorjobs.com\/#organization"},"image":{"@id":"https:\/\/news.canadamotorjobs.com\/fr\/ford-va-lancer-un-ranger-avec-boite-allongee-en-2023\/#primaryimage"},"thumbnailUrl":"https:\/\/news.canadamotorjobs.com\/wp-content\/uploads\/2022\/07\/FB_IMG_1654400273543-1.jpg","articleSection":["Annuel automobile"],"inLanguage":"fr-CA"},{"@type":"WebPage","@id":"https:\/\/news.canadamotorjobs.com\/fr\/ford-va-lancer-un-ranger-avec-boite-allongee-en-2023\/","url":"https:\/\/news.canadamotorjobs.com\/fr\/ford-va-lancer-un-ranger-avec-boite-allongee-en-2023\/","name":"Ford va lancer un Ranger avec bo\u00eete allong\u00e9e en 2023 - CanadaMotorJobs.com","isPartOf":{"@id":"https:\/\/news.canadamotorjobs.com\/#website"},"primaryImageOfPage":{"@id":"https:\/\/news.canadamotorjobs.com\/fr\/ford-va-lancer-un-ranger-avec-boite-allongee-en-2023\/#primaryimage"},"image":{"@id":"https:\/\/news.canadamotorjobs.com\/fr\/ford-va-lancer-un-ranger-avec-boite-allongee-en-2023\/#primaryimage"},"thumbnailUrl":"https:\/\/news.canadamotorjobs.com\/wp-content\/uploads\/2022\/07\/FB_IMG_1654400273543-1.jpg","datePublished":"2022-07-06T12:12:52+00:00","dateModified":"2022-07-06T12:14:49+00:00","description":"Ford va lancer un Ranger avec bo\u00eete allong\u00e9e en 2023 - Benoit Charette - Annuel automobile - CanadaMotorJobs.com.","breadcrumb":{"@id":"https:\/\/news.canadamotorjobs.com\/fr\/ford-va-lancer-un-ranger-avec-boite-allongee-en-2023\/#breadcrumb"},"inLanguage":"fr-CA","potentialAction":[{"@type":"ReadAction","target":["https:\/\/news.canadamotorjobs.com\/fr\/ford-va-lancer-un-ranger-avec-boite-allongee-en-2023\/"]}]},{"@type":"ImageObject","inLanguage":"fr-CA","@id":"https:\/\/news.canadamotorjobs.com\/fr\/ford-va-lancer-un-ranger-avec-boite-allongee-en-2023\/#primaryimage","url":"https:\/\/news.canadamotorjobs.com\/wp-content\/uploads\/2022\/07\/FB_IMG_1654400273543-1.jpg","contentUrl":"https:\/\/news.canadamotorjobs.com\/wp-content\/uploads\/2022\/07\/FB_IMG_1654400273543-1.jpg","width":1080,"height":720},{"@type":"BreadcrumbList","@id":"https:\/\/news.canadamotorjobs.com\/fr\/ford-va-lancer-un-ranger-avec-boite-allongee-en-2023\/#breadcrumb","itemListElement":[{"@type":"ListItem","position":1,"name":"Home","item":"https:\/\/news.canadamotorjobs.com\/fr\/blog\/"},{"@type":"ListItem","position":2,"name":"Ford va lancer un Ranger avec bo\u00eete allong\u00e9e en 2023"}]},{"@type":"WebSite","@id":"https:\/\/news.canadamotorjobs.com\/#website","url":"https:\/\/news.canadamotorjobs.com\/","name":"CanadaMotorJobs.com","description":"Automotive Jobs","publisher":{"@id":"https:\/\/news.canadamotorjobs.com\/#organization"},"potentialAction":[{"@type":"SearchAction","target":{"@type":"EntryPoint","urlTemplate":"https:\/\/news.canadamotorjobs.com\/?s={search_term_string}"},"query-input":"required name=search_term_string"}],"inLanguage":"fr-CA"},{"@type":"Organization","@id":"https:\/\/news.canadamotorjobs.com\/#organization","name":"Canada Motor Jobs","url":"https:\/\/news.canadamotorjobs.com\/","logo":{"@type":"ImageObject","inLanguage":"fr-CA","@id":"https:\/\/news.canadamotorjobs.com\/#\/schema\/logo\/image\/","url":"https:\/\/news.canadamotorjobs.com\/wp-content\/uploads\/2022\/10\/logo-canada-motor-jobs-1.png","contentUrl":"https:\/\/news.canadamotorjobs.com\/wp-content\/uploads\/2022\/10\/logo-canada-motor-jobs-1.png","width":800,"height":400,"caption":"Canada Motor Jobs"},"image":{"@id":"https:\/\/news.canadamotorjobs.com\/#\/schema\/logo\/image\/"},"sameAs":["https:\/\/www.facebook.com\/canadamotorjobs\/","https:\/\/x.com\/canadamotorjobs","https:\/\/www.instagram.com\/canadamotorjobs\/","https:\/\/www.linkedin.com\/company\/canadamotorjobs"]},{"@type":"Person","@id":"https:\/\/news.canadamotorjobs.com\/#\/schema\/person\/51793d1f87d44011d7bcc2ed99269a90","name":"Benoit Charette","image":{"@type":"ImageObject","inLanguage":"fr-CA","@id":"https:\/\/news.canadamotorjobs.com\/#\/schema\/person\/image\/","url":"https:\/\/secure.gravatar.com\/avatar\/45f3d2eebcccd909668d7ce7ea7267b6?s=96&d=mm&r=g","contentUrl":"https:\/\/secure.gravatar.com\/avatar\/45f3d2eebcccd909668d7ce7ea7267b6?s=96&d=mm&r=g","caption":"Benoit Charette"},"description":"Benoit Charette \/ Propri\u00e9taire et r\u00e9dacteur en chef Benoit Charette pratique le journalisme automobile depuis bient\u00f4t 30 ans. Il a fait ses classes au c\u00f4t\u00e9 de Daniel H\u00e9raud et au Carnet de route de 1992 \u00e0 2001. Il est fondateur, copropri\u00e9taire et r\u00e9dacteur en chef de L\u2019Annuel de l\u2019automobile, qu\u2019il publie depuis 2001. Il a anim\u00e9 les \u00e9missions RPM et RPM+ sur V et les L\u00e9gendes de la route sur Historia. \u00c0 la radio depuis 1986, il reprend l\u2019antenne cette ann\u00e9e sur les ondes de Cogeco et participe pour la deuxi\u00e8me ann\u00e9e \u00e0 l\u2019\u00e9mission Passion Auto sur RDS en plus de mettre en ligne le site Web officiel de L\u2019Annuel de l\u2019automobile sur annuelauto.ca.","sameAs":["https:\/\/annuelauto.ca\/"],"url":"https:\/\/news.canadamotorjobs.com\/fr\/author\/benoit-charette\/"}]}},"_links":{"self":[{"href":"https:\/\/news.canadamotorjobs.com\/fr\/wp-json\/wp\/v2\/posts\/41966"}],"collection":[{"href":"https:\/\/news.canadamotorjobs.com\/fr\/wp-json\/wp\/v2\/posts"}],"about":[{"href":"https:\/\/news.canadamotorjobs.com\/fr\/wp-json\/wp\/v2\/types\/post"}],"author":[{"embeddable":true,"href":"https:\/\/news.canadamotorjobs.com\/fr\/wp-json\/wp\/v2\/users\/8"}],"replies":[{"embeddable":true,"href":"https:\/\/news.canadamotorjobs.com\/fr\/wp-json\/wp\/v2\/comments?post=41966"}],"version-history":[{"count":0,"href":"https:\/\/news.canadamotorjobs.com\/fr\/wp-json\/wp\/v2\/posts\/41966\/revisions"}],"wp:featuredmedia":[{"embeddable":true,"href":"https:\/\/news.canadamotorjobs.com\/fr\/wp-json\/wp\/v2\/media\/41970"}],"wp:attachment":[{"href":"https:\/\/news.canadamotorjobs.com\/fr\/wp-json\/wp\/v2\/media?parent=41966"}],"wp:term":[{"taxonomy":"category","embeddable":true,"href":"https:\/\/news.canadamotorjobs.com\/fr\/wp-json\/wp\/v2\/categories?post=41966"},{"taxonomy":"post_tag","embeddable":true,"href":"https:\/\/news.canadamotorjobs.com\/fr\/wp-json\/wp\/v2\/tags?post=41966"}],"curies":[{"name":"wp","href":"https:\/\/api.w.org\/{rel}","templated":true}]}}