{"id":41932,"date":"2022-07-04T08:34:56","date_gmt":"2022-07-04T12:34:56","guid":{"rendered":"https:\/\/blog.canadamotorjobs.com\/allons-nous-manquer-de-temps-pour-realiser-les-objectifs-des-vehicules-electriques\/"},"modified":"2022-07-04T08:44:44","modified_gmt":"2022-07-04T12:44:44","slug":"allons-nous-manquer-de-temps-pour-realiser-les-objectifs-des-vehicules-electriques","status":"publish","type":"post","link":"https:\/\/news.canadamotorjobs.com\/fr\/allons-nous-manquer-de-temps-pour-realiser-les-objectifs-des-vehicules-electriques\/","title":{"rendered":"Allons-nous manquer de temps pour r\u00e9aliser les objectifs des v\u00e9hicules \u00e9lectriques\u2009?"},"content":{"rendered":"<\/p>\n<p>Ce n\u2019est plus un secret pour personne : tous les constructeurs automobiles sont engag\u00e9s dans une course effr\u00e9n\u00e9e pour diminuer de mani\u00e8re exemplaire les GES d\u2019ici 2030. D\u2019un autre c\u00f4t\u00e9 les effets prolong\u00e9s de la pand\u00e9mie et la profonde l\u00e9thargie \u00e9conomique que traverse le globe en ce moment remettent en question tous ces objectifs.<br \/> Beaucoup de d\u00e9tours en chemin<br \/> Au moment o\u00f9 la demande en v\u00e9hicules \u00e9lectriques explose un peu partout dans le monde, les constructeurs automobiles viennent de r\u00e9aliser que beaucoup d\u2019infrastructures ne sont pas pr\u00eates. Par exemple, les op\u00e9rations d&#8217;exploitation mini\u00e8re et de raffinage des min\u00e9raux \u2014 comme les usines de fabrication de semi-conducteurs \u2013 ont des demandes qui exc\u00e8dent largement les capacit\u00e9s de production. Mettre une usine en place ou ouvrir un mine d\u2019exploitation de lithium demande des ann\u00e9es (on parle de pr\u00e8s de dix ans dans le cas d\u2019une mine). Les investisseurs h\u00e9sitent, car de nouvelles technologies comme des piles solides (qui n\u2019ont plus besoin de lithium) approchent. Est-ce encore n\u00e9cessaire sur le long terme de s\u2019investir dans une approche qui sera peut-\u00eatre \u00e9ph\u00e9m\u00e8re\u2009? Beaucoup d\u2019\u00e9tats am\u00e9ricains se questionnent sur la large part de march\u00e9 que pourrait occup\u00e9 le v\u00e9hicule \u00e9lectrique en raison du mode de de la production d\u2019\u00e9lectricit\u00e9 qui se fait au moyen de charbon, de nucl\u00e9aire ou de gaz naturel.\u00a0 Beaucoup d\u2019\u00c9tats am\u00e9ricains estiment qu\u2019elles n\u2019ont pas les ressources pour produire assez d\u2019\u00e9lectricit\u00e9 pour rencontrer les objectifs de 50 % du parc automobile tout \u00e9lectrique pour 2030 annonc\u00e9e par Joe Biden.<br \/> Marcher avant<\/p>\n","protected":false},"excerpt":{"rendered":"<p>Ce n\u2019est plus un secret pour personne : tous les constructeurs automobiles sont engag\u00e9s dans une course effr\u00e9n\u00e9e pour diminuer de mani\u00e8re exemplaire les GES d\u2019ici 2030. D\u2019un autre c\u00f4t\u00e9 les effets prolong\u00e9s de la pand\u00e9mie et la profonde l\u00e9thargie \u00e9conomique que traverse le globe en ce moment remettent en question tous ces objectifs. Beaucoup [&hellip;]<\/p>\n","protected":false},"author":8,"featured_media":41936,"comment_status":"close","ping_status":"closed","sticky":false,"template":"","format":"standard","meta":{"_monsterinsights_skip_tracking":false,"_monsterinsights_sitenote_active":false,"_monsterinsights_sitenote_note":"","_monsterinsights_sitenote_category":0,"footnotes":""},"categories":[101],"tags":[],"yoast_head":"<!-- This site is optimized with the Yoast SEO plugin v23.2 - https:\/\/yoast.com\/wordpress\/plugins\/seo\/ -->\n<title>Allons-nous manquer de temps pour r\u00e9aliser les objectifs des v\u00e9hicules \u00e9lectriques\u2009? - CanadaMotorJobs.com<\/title>\n<meta name=\"description\" content=\"Allons-nous manquer de temps pour r\u00e9aliser les objectifs des v\u00e9hicules \u00e9lectriques\u2009? - Benoit Charette - Annuel automobile - CanadaMotorJobs.com.\" \/>\n<meta name=\"robots\" content=\"index, follow, max-snippet:-1, max-image-preview:large, max-video-preview:-1\" \/>\n<meta property=\"og:locale\" content=\"fr_CA\" \/>\n<meta property=\"og:type\" content=\"article\" \/>\n<meta property=\"og:title\" content=\"Allons-nous manquer de temps pour r\u00e9aliser les objectifs des v\u00e9hicules \u00e9lectriques\u2009? - CanadaMotorJobs.com\" \/>\n<meta property=\"og:description\" content=\"Allons-nous manquer de temps pour r\u00e9aliser les objectifs des v\u00e9hicules \u00e9lectriques\u2009? - Benoit Charette - Annuel automobile - CanadaMotorJobs.com.\" \/>\n<meta property=\"og:url\" content=\"https:\/\/news.canadamotorjobs.com\/fr\/allons-nous-manquer-de-temps-pour-realiser-les-objectifs-des-vehicules-electriques\/\" \/>\n<meta property=\"og:site_name\" content=\"CanadaMotorJobs.com\" \/>\n<meta property=\"article:publisher\" content=\"https:\/\/www.facebook.com\/canadamotorjobs\/\" \/>\n<meta property=\"article:published_time\" content=\"2022-07-04T12:34:56+00:00\" \/>\n<meta property=\"article:modified_time\" content=\"2022-07-04T12:44:44+00:00\" \/>\n<meta property=\"og:image\" content=\"https:\/\/news.canadamotorjobs.com\/wp-content\/uploads\/2022\/07\/cadillac-lyriq-1.jpg\" \/>\n\t<meta property=\"og:image:width\" content=\"1280\" \/>\n\t<meta property=\"og:image:height\" content=\"720\" \/>\n\t<meta property=\"og:image:type\" content=\"image\/jpeg\" \/>\n<meta name=\"author\" content=\"Benoit Charette\" \/>\n<meta name=\"twitter:card\" content=\"summary_large_image\" \/>\n<meta name=\"twitter:creator\" content=\"@canadamotorjobs\" \/>\n<meta name=\"twitter:site\" content=\"@canadamotorjobs\" \/>\n<meta name=\"twitter:label1\" content=\"\u00c9crit par\" \/>\n\t<meta name=\"twitter:data1\" content=\"Benoit Charette\" \/>\n\t<meta name=\"twitter:label2\" content=\"Estimation du temps de lecture\" \/>\n\t<meta name=\"twitter:data2\" content=\"1 minute\" \/>\n<!-- \/ Yoast SEO plugin. -->","yoast_head_json":{"title":"Allons-nous manquer de temps pour r\u00e9aliser les objectifs des v\u00e9hicules \u00e9lectriques\u2009? - CanadaMotorJobs.com","description":"Allons-nous manquer de temps pour r\u00e9aliser les objectifs des v\u00e9hicules \u00e9lectriques\u2009? - Benoit Charette - Annuel automobile - CanadaMotorJobs.com.","robots":{"index":"index","follow":"follow","max-snippet":"max-snippet:-1","max-image-preview":"max-image-preview:large","max-video-preview":"max-video-preview:-1"},"og_locale":"fr_CA","og_type":"article","og_title":"Allons-nous manquer de temps pour r\u00e9aliser les objectifs des v\u00e9hicules \u00e9lectriques\u2009? - CanadaMotorJobs.com","og_description":"Allons-nous manquer de temps pour r\u00e9aliser les objectifs des v\u00e9hicules \u00e9lectriques\u2009? - Benoit Charette - Annuel automobile - CanadaMotorJobs.com.","og_url":"https:\/\/news.canadamotorjobs.com\/fr\/allons-nous-manquer-de-temps-pour-realiser-les-objectifs-des-vehicules-electriques\/","og_site_name":"CanadaMotorJobs.com","article_publisher":"https:\/\/www.facebook.com\/canadamotorjobs\/","article_published_time":"2022-07-04T12:34:56+00:00","article_modified_time":"2022-07-04T12:44:44+00:00","og_image":[{"width":1280,"height":720,"url":"https:\/\/news.canadamotorjobs.com\/wp-content\/uploads\/2022\/07\/cadillac-lyriq-1.jpg","type":"image\/jpeg"}],"author":"Benoit Charette","twitter_card":"summary_large_image","twitter_creator":"@canadamotorjobs","twitter_site":"@canadamotorjobs","twitter_misc":{"\u00c9crit par":"Benoit Charette","Estimation du temps de lecture":"1 minute"},"schema":{"@context":"https:\/\/schema.org","@graph":[{"@type":"Article","@id":"https:\/\/news.canadamotorjobs.com\/fr\/allons-nous-manquer-de-temps-pour-realiser-les-objectifs-des-vehicules-electriques\/#article","isPartOf":{"@id":"https:\/\/news.canadamotorjobs.com\/fr\/allons-nous-manquer-de-temps-pour-realiser-les-objectifs-des-vehicules-electriques\/"},"author":{"name":"Benoit Charette","@id":"https:\/\/news.canadamotorjobs.com\/#\/schema\/person\/51793d1f87d44011d7bcc2ed99269a90"},"headline":"Allons-nous manquer de temps pour r\u00e9aliser les objectifs des v\u00e9hicules \u00e9lectriques\u2009?","datePublished":"2022-07-04T12:34:56+00:00","dateModified":"2022-07-04T12:44:44+00:00","mainEntityOfPage":{"@id":"https:\/\/news.canadamotorjobs.com\/fr\/allons-nous-manquer-de-temps-pour-realiser-les-objectifs-des-vehicules-electriques\/"},"wordCount":300,"publisher":{"@id":"https:\/\/news.canadamotorjobs.com\/#organization"},"image":{"@id":"https:\/\/news.canadamotorjobs.com\/fr\/allons-nous-manquer-de-temps-pour-realiser-les-objectifs-des-vehicules-electriques\/#primaryimage"},"thumbnailUrl":"https:\/\/news.canadamotorjobs.com\/wp-content\/uploads\/2022\/07\/cadillac-lyriq-1.jpg","articleSection":["Annuel automobile"],"inLanguage":"fr-CA"},{"@type":"WebPage","@id":"https:\/\/news.canadamotorjobs.com\/fr\/allons-nous-manquer-de-temps-pour-realiser-les-objectifs-des-vehicules-electriques\/","url":"https:\/\/news.canadamotorjobs.com\/fr\/allons-nous-manquer-de-temps-pour-realiser-les-objectifs-des-vehicules-electriques\/","name":"Allons-nous manquer de temps pour r\u00e9aliser les objectifs des v\u00e9hicules \u00e9lectriques\u2009? - CanadaMotorJobs.com","isPartOf":{"@id":"https:\/\/news.canadamotorjobs.com\/#website"},"primaryImageOfPage":{"@id":"https:\/\/news.canadamotorjobs.com\/fr\/allons-nous-manquer-de-temps-pour-realiser-les-objectifs-des-vehicules-electriques\/#primaryimage"},"image":{"@id":"https:\/\/news.canadamotorjobs.com\/fr\/allons-nous-manquer-de-temps-pour-realiser-les-objectifs-des-vehicules-electriques\/#primaryimage"},"thumbnailUrl":"https:\/\/news.canadamotorjobs.com\/wp-content\/uploads\/2022\/07\/cadillac-lyriq-1.jpg","datePublished":"2022-07-04T12:34:56+00:00","dateModified":"2022-07-04T12:44:44+00:00","description":"Allons-nous manquer de temps pour r\u00e9aliser les objectifs des v\u00e9hicules \u00e9lectriques\u2009? - Benoit Charette - Annuel automobile - CanadaMotorJobs.com.","breadcrumb":{"@id":"https:\/\/news.canadamotorjobs.com\/fr\/allons-nous-manquer-de-temps-pour-realiser-les-objectifs-des-vehicules-electriques\/#breadcrumb"},"inLanguage":"fr-CA","potentialAction":[{"@type":"ReadAction","target":["https:\/\/news.canadamotorjobs.com\/fr\/allons-nous-manquer-de-temps-pour-realiser-les-objectifs-des-vehicules-electriques\/"]}]},{"@type":"ImageObject","inLanguage":"fr-CA","@id":"https:\/\/news.canadamotorjobs.com\/fr\/allons-nous-manquer-de-temps-pour-realiser-les-objectifs-des-vehicules-electriques\/#primaryimage","url":"https:\/\/news.canadamotorjobs.com\/wp-content\/uploads\/2022\/07\/cadillac-lyriq-1.jpg","contentUrl":"https:\/\/news.canadamotorjobs.com\/wp-content\/uploads\/2022\/07\/cadillac-lyriq-1.jpg","width":1280,"height":720},{"@type":"BreadcrumbList","@id":"https:\/\/news.canadamotorjobs.com\/fr\/allons-nous-manquer-de-temps-pour-realiser-les-objectifs-des-vehicules-electriques\/#breadcrumb","itemListElement":[{"@type":"ListItem","position":1,"name":"Home","item":"https:\/\/news.canadamotorjobs.com\/fr\/blog\/"},{"@type":"ListItem","position":2,"name":"Allons-nous manquer de temps pour r\u00e9aliser les objectifs des v\u00e9hicules \u00e9lectriques\u2009?"}]},{"@type":"WebSite","@id":"https:\/\/news.canadamotorjobs.com\/#website","url":"https:\/\/news.canadamotorjobs.com\/","name":"CanadaMotorJobs.com","description":"Automotive Jobs","publisher":{"@id":"https:\/\/news.canadamotorjobs.com\/#organization"},"potentialAction":[{"@type":"SearchAction","target":{"@type":"EntryPoint","urlTemplate":"https:\/\/news.canadamotorjobs.com\/?s={search_term_string}"},"query-input":"required name=search_term_string"}],"inLanguage":"fr-CA"},{"@type":"Organization","@id":"https:\/\/news.canadamotorjobs.com\/#organization","name":"Canada Motor Jobs","url":"https:\/\/news.canadamotorjobs.com\/","logo":{"@type":"ImageObject","inLanguage":"fr-CA","@id":"https:\/\/news.canadamotorjobs.com\/#\/schema\/logo\/image\/","url":"https:\/\/news.canadamotorjobs.com\/wp-content\/uploads\/2022\/10\/logo-canada-motor-jobs-1.png","contentUrl":"https:\/\/news.canadamotorjobs.com\/wp-content\/uploads\/2022\/10\/logo-canada-motor-jobs-1.png","width":800,"height":400,"caption":"Canada Motor Jobs"},"image":{"@id":"https:\/\/news.canadamotorjobs.com\/#\/schema\/logo\/image\/"},"sameAs":["https:\/\/www.facebook.com\/canadamotorjobs\/","https:\/\/x.com\/canadamotorjobs","https:\/\/www.instagram.com\/canadamotorjobs\/","https:\/\/www.linkedin.com\/company\/canadamotorjobs"]},{"@type":"Person","@id":"https:\/\/news.canadamotorjobs.com\/#\/schema\/person\/51793d1f87d44011d7bcc2ed99269a90","name":"Benoit Charette","image":{"@type":"ImageObject","inLanguage":"fr-CA","@id":"https:\/\/news.canadamotorjobs.com\/#\/schema\/person\/image\/","url":"https:\/\/secure.gravatar.com\/avatar\/45f3d2eebcccd909668d7ce7ea7267b6?s=96&d=mm&r=g","contentUrl":"https:\/\/secure.gravatar.com\/avatar\/45f3d2eebcccd909668d7ce7ea7267b6?s=96&d=mm&r=g","caption":"Benoit Charette"},"description":"Benoit Charette \/ Propri\u00e9taire et r\u00e9dacteur en chef Benoit Charette pratique le journalisme automobile depuis bient\u00f4t 30 ans. Il a fait ses classes au c\u00f4t\u00e9 de Daniel H\u00e9raud et au Carnet de route de 1992 \u00e0 2001. Il est fondateur, copropri\u00e9taire et r\u00e9dacteur en chef de L\u2019Annuel de l\u2019automobile, qu\u2019il publie depuis 2001. Il a anim\u00e9 les \u00e9missions RPM et RPM+ sur V et les L\u00e9gendes de la route sur Historia. \u00c0 la radio depuis 1986, il reprend l\u2019antenne cette ann\u00e9e sur les ondes de Cogeco et participe pour la deuxi\u00e8me ann\u00e9e \u00e0 l\u2019\u00e9mission Passion Auto sur RDS en plus de mettre en ligne le site Web officiel de L\u2019Annuel de l\u2019automobile sur annuelauto.ca.","sameAs":["https:\/\/annuelauto.ca\/"],"url":"https:\/\/news.canadamotorjobs.com\/fr\/author\/benoit-charette\/"}]}},"_links":{"self":[{"href":"https:\/\/news.canadamotorjobs.com\/fr\/wp-json\/wp\/v2\/posts\/41932"}],"collection":[{"href":"https:\/\/news.canadamotorjobs.com\/fr\/wp-json\/wp\/v2\/posts"}],"about":[{"href":"https:\/\/news.canadamotorjobs.com\/fr\/wp-json\/wp\/v2\/types\/post"}],"author":[{"embeddable":true,"href":"https:\/\/news.canadamotorjobs.com\/fr\/wp-json\/wp\/v2\/users\/8"}],"replies":[{"embeddable":true,"href":"https:\/\/news.canadamotorjobs.com\/fr\/wp-json\/wp\/v2\/comments?post=41932"}],"version-history":[{"count":0,"href":"https:\/\/news.canadamotorjobs.com\/fr\/wp-json\/wp\/v2\/posts\/41932\/revisions"}],"wp:featuredmedia":[{"embeddable":true,"href":"https:\/\/news.canadamotorjobs.com\/fr\/wp-json\/wp\/v2\/media\/41936"}],"wp:attachment":[{"href":"https:\/\/news.canadamotorjobs.com\/fr\/wp-json\/wp\/v2\/media?parent=41932"}],"wp:term":[{"taxonomy":"category","embeddable":true,"href":"https:\/\/news.canadamotorjobs.com\/fr\/wp-json\/wp\/v2\/categories?post=41932"},{"taxonomy":"post_tag","embeddable":true,"href":"https:\/\/news.canadamotorjobs.com\/fr\/wp-json\/wp\/v2\/tags?post=41932"}],"curies":[{"name":"wp","href":"https:\/\/api.w.org\/{rel}","templated":true}]}}