{"id":40296,"date":"2022-04-29T09:21:33","date_gmt":"2022-04-29T13:21:33","guid":{"rendered":"https:\/\/blog.canadamotorjobs.com\/volkswagen-envisage-une-seconde-usine-a-chattanooga\/"},"modified":"2022-04-29T09:28:38","modified_gmt":"2022-04-29T13:28:38","slug":"volkswagen-envisage-une-seconde-usine-a-chattanooga","status":"publish","type":"post","link":"https:\/\/news.canadamotorjobs.com\/fr\/volkswagen-envisage-une-seconde-usine-a-chattanooga\/","title":{"rendered":"Volkswagen envisage une seconde usine \u00e0 Chattanooga"},"content":{"rendered":"<\/p>\n<p>Nous savions d\u00e9j\u00e0 que la grande usine du Tennessee allait commencer \u00e0 fabriquer les ID.4 cette ann\u00e9e. Mais, voil\u00e0 que Volkswagen annonce avoir l\u2019intention de construire une seconde usine tout juste \u00e0 c\u00f4t\u00e9 de la premi\u00e8re \u00e0 Chattanooga.<br \/> Plusieurs raisons derri\u00e8re cette d\u00e9cision<br \/> Apr\u00e8s la pand\u00e9mie, Volkswagen comme bien d\u2019autres constructeurs va tenter de produire l\u00e0 o\u00f9 il vend ses produits. On veut aussi moins d\u00e9pendre de la Chine \u00e0 l\u2019avenir. Le PDG de Volkswagen, Herbert Diess a d\u00e9clar\u00e9 que le constructeur automobile va ainsi mieux desservir les \u00c9tats-Unis et le Canada. Souhaitons seulement que cela se traduise par un plus grand nombre de v\u00e9hicules \u00e9lectriques sur la route.<br \/> S\u2019affranchir de la Chine<br \/> Une autre raison de ce d\u00e9m\u00e9nagement potentiel serait de r\u00e9duire la d\u00e9pendance de VW vis-\u00e0-vis de la Chine, qui est de loin le plus grand march\u00e9 du constructeur. Cette ligne de pens\u00e9e est aussi, en partie, une r\u00e9action \u00e0 des \u00e9v\u00e9nements tels que la guerre en Ukraine et les probl\u00e8mes de la cha\u00eene d&#8217;approvisionnement mondiale.<\/p>\n<p> Bien qu&#8217;aucune d\u00e9cision ou d\u00e9claration officielle n&#8217;ait \u00e9t\u00e9 faite, News Channel 9 rapporte que la nouvelle usine serait construite juste \u00e0 c\u00f4t\u00e9 de l&#8217;usine existante. Si l&#8217;usine est assembl\u00e9e, la production am\u00e9ricaine de VW pourrait passer \u00e0 600\u00a0000 unit\u00e9s par an. Et n&#8217;oublions pas que Volkswagen envisage \u00e9galement d&#8217;implanter une usine de batteries \u00e0 Chattanooga dans un avenir proche.<\/p>\n<p> La part de march\u00e9 de Volkswagen aux \u00c9tats-Unis \u00e9tait de 2,5\u00a0% l&#8217;ann\u00e9e derni\u00e8re, ce qui signifie qu&#8217;il y a de la<\/p>\n","protected":false},"excerpt":{"rendered":"<p>Nous savions d\u00e9j\u00e0 que la grande usine du Tennessee allait commencer \u00e0 fabriquer les ID.4 cette ann\u00e9e. Mais, voil\u00e0 que Volkswagen annonce avoir l\u2019intention de construire une seconde usine tout juste \u00e0 c\u00f4t\u00e9 de la premi\u00e8re \u00e0 Chattanooga. Plusieurs raisons derri\u00e8re cette d\u00e9cision Apr\u00e8s la pand\u00e9mie, Volkswagen comme bien d\u2019autres constructeurs va tenter de produire [&hellip;]<\/p>\n","protected":false},"author":8,"featured_media":40300,"comment_status":"close","ping_status":"closed","sticky":false,"template":"","format":"standard","meta":{"_monsterinsights_skip_tracking":false,"_monsterinsights_sitenote_active":false,"_monsterinsights_sitenote_note":"","_monsterinsights_sitenote_category":0,"footnotes":""},"categories":[101],"tags":[],"yoast_head":"<!-- This site is optimized with the Yoast SEO plugin v23.2 - https:\/\/yoast.com\/wordpress\/plugins\/seo\/ -->\n<title>Volkswagen envisage une seconde usine \u00e0 Chattanooga - CanadaMotorJobs.com<\/title>\n<meta name=\"description\" content=\"Volkswagen envisage une seconde usine \u00e0 Chattanooga - Benoit Charette - Annuel automobile - CanadaMotorJobs.com.\" \/>\n<meta name=\"robots\" content=\"index, follow, max-snippet:-1, max-image-preview:large, max-video-preview:-1\" \/>\n<meta property=\"og:locale\" content=\"fr_CA\" \/>\n<meta property=\"og:type\" content=\"article\" \/>\n<meta property=\"og:title\" content=\"Volkswagen envisage une seconde usine \u00e0 Chattanooga - CanadaMotorJobs.com\" \/>\n<meta property=\"og:description\" content=\"Volkswagen envisage une seconde usine \u00e0 Chattanooga - Benoit Charette - Annuel automobile - CanadaMotorJobs.com.\" \/>\n<meta property=\"og:url\" content=\"https:\/\/news.canadamotorjobs.com\/fr\/volkswagen-envisage-une-seconde-usine-a-chattanooga\/\" \/>\n<meta property=\"og:site_name\" content=\"CanadaMotorJobs.com\" \/>\n<meta property=\"article:publisher\" content=\"https:\/\/www.facebook.com\/canadamotorjobs\/\" \/>\n<meta property=\"article:published_time\" content=\"2022-04-29T13:21:33+00:00\" \/>\n<meta property=\"article:modified_time\" content=\"2022-04-29T13:28:38+00:00\" \/>\n<meta property=\"og:image\" content=\"https:\/\/news.canadamotorjobs.com\/wp-content\/uploads\/2022\/04\/2e-usine-Chattanooga-1.jpg\" \/>\n\t<meta property=\"og:image:width\" content=\"1015\" \/>\n\t<meta property=\"og:image:height\" content=\"571\" \/>\n\t<meta property=\"og:image:type\" content=\"image\/jpeg\" \/>\n<meta name=\"author\" content=\"Benoit Charette\" \/>\n<meta name=\"twitter:card\" content=\"summary_large_image\" \/>\n<meta name=\"twitter:creator\" content=\"@canadamotorjobs\" \/>\n<meta name=\"twitter:site\" content=\"@canadamotorjobs\" \/>\n<meta name=\"twitter:label1\" content=\"\u00c9crit par\" \/>\n\t<meta name=\"twitter:data1\" content=\"Benoit Charette\" \/>\n\t<meta name=\"twitter:label2\" content=\"Estimation du temps de lecture\" \/>\n\t<meta name=\"twitter:data2\" content=\"1 minute\" \/>\n<!-- \/ Yoast SEO plugin. -->","yoast_head_json":{"title":"Volkswagen envisage une seconde usine \u00e0 Chattanooga - CanadaMotorJobs.com","description":"Volkswagen envisage une seconde usine \u00e0 Chattanooga - Benoit Charette - Annuel automobile - CanadaMotorJobs.com.","robots":{"index":"index","follow":"follow","max-snippet":"max-snippet:-1","max-image-preview":"max-image-preview:large","max-video-preview":"max-video-preview:-1"},"og_locale":"fr_CA","og_type":"article","og_title":"Volkswagen envisage une seconde usine \u00e0 Chattanooga - CanadaMotorJobs.com","og_description":"Volkswagen envisage une seconde usine \u00e0 Chattanooga - Benoit Charette - Annuel automobile - CanadaMotorJobs.com.","og_url":"https:\/\/news.canadamotorjobs.com\/fr\/volkswagen-envisage-une-seconde-usine-a-chattanooga\/","og_site_name":"CanadaMotorJobs.com","article_publisher":"https:\/\/www.facebook.com\/canadamotorjobs\/","article_published_time":"2022-04-29T13:21:33+00:00","article_modified_time":"2022-04-29T13:28:38+00:00","og_image":[{"width":1015,"height":571,"url":"https:\/\/news.canadamotorjobs.com\/wp-content\/uploads\/2022\/04\/2e-usine-Chattanooga-1.jpg","type":"image\/jpeg"}],"author":"Benoit Charette","twitter_card":"summary_large_image","twitter_creator":"@canadamotorjobs","twitter_site":"@canadamotorjobs","twitter_misc":{"\u00c9crit par":"Benoit Charette","Estimation du temps de lecture":"1 minute"},"schema":{"@context":"https:\/\/schema.org","@graph":[{"@type":"Article","@id":"https:\/\/news.canadamotorjobs.com\/fr\/volkswagen-envisage-une-seconde-usine-a-chattanooga\/#article","isPartOf":{"@id":"https:\/\/news.canadamotorjobs.com\/fr\/volkswagen-envisage-une-seconde-usine-a-chattanooga\/"},"author":{"name":"Benoit Charette","@id":"https:\/\/news.canadamotorjobs.com\/#\/schema\/person\/51793d1f87d44011d7bcc2ed99269a90"},"headline":"Volkswagen envisage une seconde usine \u00e0 Chattanooga","datePublished":"2022-04-29T13:21:33+00:00","dateModified":"2022-04-29T13:28:38+00:00","mainEntityOfPage":{"@id":"https:\/\/news.canadamotorjobs.com\/fr\/volkswagen-envisage-une-seconde-usine-a-chattanooga\/"},"wordCount":285,"publisher":{"@id":"https:\/\/news.canadamotorjobs.com\/#organization"},"image":{"@id":"https:\/\/news.canadamotorjobs.com\/fr\/volkswagen-envisage-une-seconde-usine-a-chattanooga\/#primaryimage"},"thumbnailUrl":"https:\/\/news.canadamotorjobs.com\/wp-content\/uploads\/2022\/04\/2e-usine-Chattanooga-1.jpg","articleSection":["Annuel automobile"],"inLanguage":"fr-CA"},{"@type":"WebPage","@id":"https:\/\/news.canadamotorjobs.com\/fr\/volkswagen-envisage-une-seconde-usine-a-chattanooga\/","url":"https:\/\/news.canadamotorjobs.com\/fr\/volkswagen-envisage-une-seconde-usine-a-chattanooga\/","name":"Volkswagen envisage une seconde usine \u00e0 Chattanooga - CanadaMotorJobs.com","isPartOf":{"@id":"https:\/\/news.canadamotorjobs.com\/#website"},"primaryImageOfPage":{"@id":"https:\/\/news.canadamotorjobs.com\/fr\/volkswagen-envisage-une-seconde-usine-a-chattanooga\/#primaryimage"},"image":{"@id":"https:\/\/news.canadamotorjobs.com\/fr\/volkswagen-envisage-une-seconde-usine-a-chattanooga\/#primaryimage"},"thumbnailUrl":"https:\/\/news.canadamotorjobs.com\/wp-content\/uploads\/2022\/04\/2e-usine-Chattanooga-1.jpg","datePublished":"2022-04-29T13:21:33+00:00","dateModified":"2022-04-29T13:28:38+00:00","description":"Volkswagen envisage une seconde usine \u00e0 Chattanooga - Benoit Charette - Annuel automobile - CanadaMotorJobs.com.","breadcrumb":{"@id":"https:\/\/news.canadamotorjobs.com\/fr\/volkswagen-envisage-une-seconde-usine-a-chattanooga\/#breadcrumb"},"inLanguage":"fr-CA","potentialAction":[{"@type":"ReadAction","target":["https:\/\/news.canadamotorjobs.com\/fr\/volkswagen-envisage-une-seconde-usine-a-chattanooga\/"]}]},{"@type":"ImageObject","inLanguage":"fr-CA","@id":"https:\/\/news.canadamotorjobs.com\/fr\/volkswagen-envisage-une-seconde-usine-a-chattanooga\/#primaryimage","url":"https:\/\/news.canadamotorjobs.com\/wp-content\/uploads\/2022\/04\/2e-usine-Chattanooga-1.jpg","contentUrl":"https:\/\/news.canadamotorjobs.com\/wp-content\/uploads\/2022\/04\/2e-usine-Chattanooga-1.jpg","width":1015,"height":571},{"@type":"BreadcrumbList","@id":"https:\/\/news.canadamotorjobs.com\/fr\/volkswagen-envisage-une-seconde-usine-a-chattanooga\/#breadcrumb","itemListElement":[{"@type":"ListItem","position":1,"name":"Home","item":"https:\/\/news.canadamotorjobs.com\/fr\/blog\/"},{"@type":"ListItem","position":2,"name":"Volkswagen envisage une seconde usine \u00e0 Chattanooga"}]},{"@type":"WebSite","@id":"https:\/\/news.canadamotorjobs.com\/#website","url":"https:\/\/news.canadamotorjobs.com\/","name":"CanadaMotorJobs.com","description":"Automotive Jobs","publisher":{"@id":"https:\/\/news.canadamotorjobs.com\/#organization"},"potentialAction":[{"@type":"SearchAction","target":{"@type":"EntryPoint","urlTemplate":"https:\/\/news.canadamotorjobs.com\/?s={search_term_string}"},"query-input":"required name=search_term_string"}],"inLanguage":"fr-CA"},{"@type":"Organization","@id":"https:\/\/news.canadamotorjobs.com\/#organization","name":"Canada Motor Jobs","url":"https:\/\/news.canadamotorjobs.com\/","logo":{"@type":"ImageObject","inLanguage":"fr-CA","@id":"https:\/\/news.canadamotorjobs.com\/#\/schema\/logo\/image\/","url":"https:\/\/news.canadamotorjobs.com\/wp-content\/uploads\/2022\/10\/logo-canada-motor-jobs-1.png","contentUrl":"https:\/\/news.canadamotorjobs.com\/wp-content\/uploads\/2022\/10\/logo-canada-motor-jobs-1.png","width":800,"height":400,"caption":"Canada Motor Jobs"},"image":{"@id":"https:\/\/news.canadamotorjobs.com\/#\/schema\/logo\/image\/"},"sameAs":["https:\/\/www.facebook.com\/canadamotorjobs\/","https:\/\/x.com\/canadamotorjobs","https:\/\/www.instagram.com\/canadamotorjobs\/","https:\/\/www.linkedin.com\/company\/canadamotorjobs"]},{"@type":"Person","@id":"https:\/\/news.canadamotorjobs.com\/#\/schema\/person\/51793d1f87d44011d7bcc2ed99269a90","name":"Benoit Charette","image":{"@type":"ImageObject","inLanguage":"fr-CA","@id":"https:\/\/news.canadamotorjobs.com\/#\/schema\/person\/image\/","url":"https:\/\/secure.gravatar.com\/avatar\/45f3d2eebcccd909668d7ce7ea7267b6?s=96&d=mm&r=g","contentUrl":"https:\/\/secure.gravatar.com\/avatar\/45f3d2eebcccd909668d7ce7ea7267b6?s=96&d=mm&r=g","caption":"Benoit Charette"},"description":"Benoit Charette \/ Propri\u00e9taire et r\u00e9dacteur en chef Benoit Charette pratique le journalisme automobile depuis bient\u00f4t 30 ans. Il a fait ses classes au c\u00f4t\u00e9 de Daniel H\u00e9raud et au Carnet de route de 1992 \u00e0 2001. Il est fondateur, copropri\u00e9taire et r\u00e9dacteur en chef de L\u2019Annuel de l\u2019automobile, qu\u2019il publie depuis 2001. Il a anim\u00e9 les \u00e9missions RPM et RPM+ sur V et les L\u00e9gendes de la route sur Historia. \u00c0 la radio depuis 1986, il reprend l\u2019antenne cette ann\u00e9e sur les ondes de Cogeco et participe pour la deuxi\u00e8me ann\u00e9e \u00e0 l\u2019\u00e9mission Passion Auto sur RDS en plus de mettre en ligne le site Web officiel de L\u2019Annuel de l\u2019automobile sur annuelauto.ca.","sameAs":["https:\/\/annuelauto.ca\/"],"url":"https:\/\/news.canadamotorjobs.com\/fr\/author\/benoit-charette\/"}]}},"_links":{"self":[{"href":"https:\/\/news.canadamotorjobs.com\/fr\/wp-json\/wp\/v2\/posts\/40296"}],"collection":[{"href":"https:\/\/news.canadamotorjobs.com\/fr\/wp-json\/wp\/v2\/posts"}],"about":[{"href":"https:\/\/news.canadamotorjobs.com\/fr\/wp-json\/wp\/v2\/types\/post"}],"author":[{"embeddable":true,"href":"https:\/\/news.canadamotorjobs.com\/fr\/wp-json\/wp\/v2\/users\/8"}],"replies":[{"embeddable":true,"href":"https:\/\/news.canadamotorjobs.com\/fr\/wp-json\/wp\/v2\/comments?post=40296"}],"version-history":[{"count":0,"href":"https:\/\/news.canadamotorjobs.com\/fr\/wp-json\/wp\/v2\/posts\/40296\/revisions"}],"wp:featuredmedia":[{"embeddable":true,"href":"https:\/\/news.canadamotorjobs.com\/fr\/wp-json\/wp\/v2\/media\/40300"}],"wp:attachment":[{"href":"https:\/\/news.canadamotorjobs.com\/fr\/wp-json\/wp\/v2\/media?parent=40296"}],"wp:term":[{"taxonomy":"category","embeddable":true,"href":"https:\/\/news.canadamotorjobs.com\/fr\/wp-json\/wp\/v2\/categories?post=40296"},{"taxonomy":"post_tag","embeddable":true,"href":"https:\/\/news.canadamotorjobs.com\/fr\/wp-json\/wp\/v2\/tags?post=40296"}],"curies":[{"name":"wp","href":"https:\/\/api.w.org\/{rel}","templated":true}]}}