{"id":40241,"date":"2022-04-28T07:53:34","date_gmt":"2022-04-28T11:53:34","guid":{"rendered":"https:\/\/blog.canadamotorjobs.com\/ou-sont-les-vehicules-electriques\/"},"modified":"2022-04-28T11:04:46","modified_gmt":"2022-04-28T15:04:46","slug":"ou-sont-les-vehicules-electriques","status":"publish","type":"post","link":"https:\/\/news.canadamotorjobs.com\/fr\/ou-sont-les-vehicules-electriques\/","title":{"rendered":"O\u00f9 sont les v\u00e9hicules \u00e9lectriques ?"},"content":{"rendered":"<p>J\u2019ai constat\u00e9 en fin de semaine derni\u00e8re au Salon du v\u00e9hicule \u00e9lectrique de Montr\u00e9al un int\u00e9r\u00eat sans pr\u00e9c\u00e9dent pour tout ce qui est \u00e9lectrique. De la voiture \u00e0 la moto en passant par les v\u00e9los. L\u2019industrie automobile est en plein virage vert et d\u00e9pense des sommes faramineuses pour \u00e9liminer le p\u00e9trole de l\u2019\u00e9quation. Chaque semaine, un constructeur nous fait l\u2019annonce d\u2019un nouveau mod\u00e8le \u00e9lectrique qui va bient\u00f4t prendre la route. Mais, il y a un probl\u00e8me grave. Il est impossible de prendre possession d\u2019une voiture \u00e9lectrique en ce moment si vous n\u2019avez pass\u00e9 votre commande il y a un an ou plus. L\u2019attente est au minimum de six mois si vous voulez rouler en Tesla ou deux ou trois ans pour le reste.<\/p>\n<h3>Revoir les objectifs<\/h3>\n<p>Les constructeurs automobiles et les gouvernements ont fix\u00e9 des objectifs ambitieux pour l&#8217;expansion des v\u00e9hicules \u00e9lectriques. Les constructeurs ont mis en place des plans d&#8217;investissement et de produits agressifs, tandis que les nouveaux venus dans le domaine du tout \u00e9lectrique, tels que Rivian et Lucid Motors, cherchent \u00e0 imiter la croissance rapide de Tesla. On parle d\u2019un parc automobile \u00e0 50\u00a0% \u00e9lectrique en 2030 et 100\u00a0% \u00e9lectrique en 2035. Au rythme actuel, on r\u00eave en couleur. Les concessionnaires sont \u00e0 appeler des clients pour les retirer des listes d\u2019attente, car l\u2019attente est de trois ans ou plus. Les constructeurs comme Ford ont cess\u00e9 de prendre des commandes pour son F-150 Lightning afin d&#8217;\u00e9viter de promettre plus qu&#8217;il ne peut livrer.<\/p>\n","protected":false},"excerpt":{"rendered":"<p>J\u2019ai constat\u00e9 en fin de semaine derni\u00e8re au Salon du v\u00e9hicule \u00e9lectrique de Montr\u00e9al un int\u00e9r\u00eat sans pr\u00e9c\u00e9dent pour tout ce qui est \u00e9lectrique. De la voiture \u00e0 la moto en passant par les v\u00e9los. L\u2019industrie automobile est en plein virage vert et d\u00e9pense des sommes faramineuses pour \u00e9liminer le p\u00e9trole de l\u2019\u00e9quation. Chaque semaine, [&hellip;]<\/p>\n","protected":false},"author":8,"featured_media":40245,"comment_status":"close","ping_status":"closed","sticky":false,"template":"","format":"standard","meta":{"_monsterinsights_skip_tracking":false,"_monsterinsights_sitenote_active":false,"_monsterinsights_sitenote_note":"","_monsterinsights_sitenote_category":0,"footnotes":""},"categories":[101],"tags":[],"yoast_head":"<!-- This site is optimized with the Yoast SEO plugin v23.2 - https:\/\/yoast.com\/wordpress\/plugins\/seo\/ -->\n<title>O\u00f9 sont les v\u00e9hicules \u00e9lectriques ? - CanadaMotorJobs.com<\/title>\n<meta name=\"description\" content=\"O\u00f9 sont les v\u00e9hicules \u00e9lectriques ? - Benoit Charette - Annuel automobile - CanadaMotorJobs.com.\" \/>\n<meta name=\"robots\" content=\"index, follow, max-snippet:-1, max-image-preview:large, max-video-preview:-1\" \/>\n<meta property=\"og:locale\" content=\"fr_CA\" \/>\n<meta property=\"og:type\" content=\"article\" \/>\n<meta property=\"og:title\" content=\"O\u00f9 sont les v\u00e9hicules \u00e9lectriques ? - CanadaMotorJobs.com\" \/>\n<meta property=\"og:description\" content=\"O\u00f9 sont les v\u00e9hicules \u00e9lectriques ? - Benoit Charette - Annuel automobile - CanadaMotorJobs.com.\" \/>\n<meta property=\"og:url\" content=\"https:\/\/news.canadamotorjobs.com\/fr\/ou-sont-les-vehicules-electriques\/\" \/>\n<meta property=\"og:site_name\" content=\"CanadaMotorJobs.com\" \/>\n<meta property=\"article:publisher\" content=\"https:\/\/www.facebook.com\/canadamotorjobs\/\" \/>\n<meta property=\"article:published_time\" content=\"2022-04-28T11:53:34+00:00\" \/>\n<meta property=\"article:modified_time\" content=\"2022-04-28T15:04:46+00:00\" \/>\n<meta property=\"og:image\" content=\"https:\/\/news.canadamotorjobs.com\/wp-content\/uploads\/2022\/04\/640b6c4d78844ab088b39185dca11ee3-1.jpg\" \/>\n\t<meta property=\"og:image:width\" content=\"1200\" \/>\n\t<meta property=\"og:image:height\" content=\"675\" \/>\n\t<meta property=\"og:image:type\" content=\"image\/jpeg\" \/>\n<meta name=\"author\" content=\"Benoit Charette\" \/>\n<meta name=\"twitter:card\" content=\"summary_large_image\" \/>\n<meta name=\"twitter:creator\" content=\"@canadamotorjobs\" \/>\n<meta name=\"twitter:site\" content=\"@canadamotorjobs\" \/>\n<meta name=\"twitter:label1\" content=\"\u00c9crit par\" \/>\n\t<meta name=\"twitter:data1\" content=\"Benoit Charette\" \/>\n\t<meta name=\"twitter:label2\" content=\"Estimation du temps de lecture\" \/>\n\t<meta name=\"twitter:data2\" content=\"2 minutes\" \/>\n<!-- \/ Yoast SEO plugin. -->","yoast_head_json":{"title":"O\u00f9 sont les v\u00e9hicules \u00e9lectriques ? - CanadaMotorJobs.com","description":"O\u00f9 sont les v\u00e9hicules \u00e9lectriques ? - Benoit Charette - Annuel automobile - CanadaMotorJobs.com.","robots":{"index":"index","follow":"follow","max-snippet":"max-snippet:-1","max-image-preview":"max-image-preview:large","max-video-preview":"max-video-preview:-1"},"og_locale":"fr_CA","og_type":"article","og_title":"O\u00f9 sont les v\u00e9hicules \u00e9lectriques ? - CanadaMotorJobs.com","og_description":"O\u00f9 sont les v\u00e9hicules \u00e9lectriques ? - Benoit Charette - Annuel automobile - CanadaMotorJobs.com.","og_url":"https:\/\/news.canadamotorjobs.com\/fr\/ou-sont-les-vehicules-electriques\/","og_site_name":"CanadaMotorJobs.com","article_publisher":"https:\/\/www.facebook.com\/canadamotorjobs\/","article_published_time":"2022-04-28T11:53:34+00:00","article_modified_time":"2022-04-28T15:04:46+00:00","og_image":[{"width":1200,"height":675,"url":"https:\/\/news.canadamotorjobs.com\/wp-content\/uploads\/2022\/04\/640b6c4d78844ab088b39185dca11ee3-1.jpg","type":"image\/jpeg"}],"author":"Benoit Charette","twitter_card":"summary_large_image","twitter_creator":"@canadamotorjobs","twitter_site":"@canadamotorjobs","twitter_misc":{"\u00c9crit par":"Benoit Charette","Estimation du temps de lecture":"2 minutes"},"schema":{"@context":"https:\/\/schema.org","@graph":[{"@type":"Article","@id":"https:\/\/news.canadamotorjobs.com\/fr\/ou-sont-les-vehicules-electriques\/#article","isPartOf":{"@id":"https:\/\/news.canadamotorjobs.com\/fr\/ou-sont-les-vehicules-electriques\/"},"author":{"name":"Benoit Charette","@id":"https:\/\/news.canadamotorjobs.com\/#\/schema\/person\/51793d1f87d44011d7bcc2ed99269a90"},"headline":"O\u00f9 sont les v\u00e9hicules \u00e9lectriques ?","datePublished":"2022-04-28T11:53:34+00:00","dateModified":"2022-04-28T15:04:46+00:00","mainEntityOfPage":{"@id":"https:\/\/news.canadamotorjobs.com\/fr\/ou-sont-les-vehicules-electriques\/"},"wordCount":274,"publisher":{"@id":"https:\/\/news.canadamotorjobs.com\/#organization"},"image":{"@id":"https:\/\/news.canadamotorjobs.com\/fr\/ou-sont-les-vehicules-electriques\/#primaryimage"},"thumbnailUrl":"https:\/\/news.canadamotorjobs.com\/wp-content\/uploads\/2022\/04\/640b6c4d78844ab088b39185dca11ee3-1.jpg","articleSection":["Annuel automobile"],"inLanguage":"fr-CA"},{"@type":"WebPage","@id":"https:\/\/news.canadamotorjobs.com\/fr\/ou-sont-les-vehicules-electriques\/","url":"https:\/\/news.canadamotorjobs.com\/fr\/ou-sont-les-vehicules-electriques\/","name":"O\u00f9 sont les v\u00e9hicules \u00e9lectriques ? - CanadaMotorJobs.com","isPartOf":{"@id":"https:\/\/news.canadamotorjobs.com\/#website"},"primaryImageOfPage":{"@id":"https:\/\/news.canadamotorjobs.com\/fr\/ou-sont-les-vehicules-electriques\/#primaryimage"},"image":{"@id":"https:\/\/news.canadamotorjobs.com\/fr\/ou-sont-les-vehicules-electriques\/#primaryimage"},"thumbnailUrl":"https:\/\/news.canadamotorjobs.com\/wp-content\/uploads\/2022\/04\/640b6c4d78844ab088b39185dca11ee3-1.jpg","datePublished":"2022-04-28T11:53:34+00:00","dateModified":"2022-04-28T15:04:46+00:00","description":"O\u00f9 sont les v\u00e9hicules \u00e9lectriques ? - Benoit Charette - Annuel automobile - CanadaMotorJobs.com.","breadcrumb":{"@id":"https:\/\/news.canadamotorjobs.com\/fr\/ou-sont-les-vehicules-electriques\/#breadcrumb"},"inLanguage":"fr-CA","potentialAction":[{"@type":"ReadAction","target":["https:\/\/news.canadamotorjobs.com\/fr\/ou-sont-les-vehicules-electriques\/"]}]},{"@type":"ImageObject","inLanguage":"fr-CA","@id":"https:\/\/news.canadamotorjobs.com\/fr\/ou-sont-les-vehicules-electriques\/#primaryimage","url":"https:\/\/news.canadamotorjobs.com\/wp-content\/uploads\/2022\/04\/640b6c4d78844ab088b39185dca11ee3-1.jpg","contentUrl":"https:\/\/news.canadamotorjobs.com\/wp-content\/uploads\/2022\/04\/640b6c4d78844ab088b39185dca11ee3-1.jpg","width":1200,"height":675},{"@type":"BreadcrumbList","@id":"https:\/\/news.canadamotorjobs.com\/fr\/ou-sont-les-vehicules-electriques\/#breadcrumb","itemListElement":[{"@type":"ListItem","position":1,"name":"Home","item":"https:\/\/news.canadamotorjobs.com\/fr\/blog\/"},{"@type":"ListItem","position":2,"name":"O\u00f9 sont les v\u00e9hicules \u00e9lectriques ?"}]},{"@type":"WebSite","@id":"https:\/\/news.canadamotorjobs.com\/#website","url":"https:\/\/news.canadamotorjobs.com\/","name":"CanadaMotorJobs.com","description":"Automotive Jobs","publisher":{"@id":"https:\/\/news.canadamotorjobs.com\/#organization"},"potentialAction":[{"@type":"SearchAction","target":{"@type":"EntryPoint","urlTemplate":"https:\/\/news.canadamotorjobs.com\/?s={search_term_string}"},"query-input":"required name=search_term_string"}],"inLanguage":"fr-CA"},{"@type":"Organization","@id":"https:\/\/news.canadamotorjobs.com\/#organization","name":"Canada Motor Jobs","url":"https:\/\/news.canadamotorjobs.com\/","logo":{"@type":"ImageObject","inLanguage":"fr-CA","@id":"https:\/\/news.canadamotorjobs.com\/#\/schema\/logo\/image\/","url":"https:\/\/news.canadamotorjobs.com\/wp-content\/uploads\/2022\/10\/logo-canada-motor-jobs-1.png","contentUrl":"https:\/\/news.canadamotorjobs.com\/wp-content\/uploads\/2022\/10\/logo-canada-motor-jobs-1.png","width":800,"height":400,"caption":"Canada Motor Jobs"},"image":{"@id":"https:\/\/news.canadamotorjobs.com\/#\/schema\/logo\/image\/"},"sameAs":["https:\/\/www.facebook.com\/canadamotorjobs\/","https:\/\/x.com\/canadamotorjobs","https:\/\/www.instagram.com\/canadamotorjobs\/","https:\/\/www.linkedin.com\/company\/canadamotorjobs"]},{"@type":"Person","@id":"https:\/\/news.canadamotorjobs.com\/#\/schema\/person\/51793d1f87d44011d7bcc2ed99269a90","name":"Benoit Charette","image":{"@type":"ImageObject","inLanguage":"fr-CA","@id":"https:\/\/news.canadamotorjobs.com\/#\/schema\/person\/image\/","url":"https:\/\/secure.gravatar.com\/avatar\/45f3d2eebcccd909668d7ce7ea7267b6?s=96&d=mm&r=g","contentUrl":"https:\/\/secure.gravatar.com\/avatar\/45f3d2eebcccd909668d7ce7ea7267b6?s=96&d=mm&r=g","caption":"Benoit Charette"},"description":"Benoit Charette \/ Propri\u00e9taire et r\u00e9dacteur en chef Benoit Charette pratique le journalisme automobile depuis bient\u00f4t 30 ans. Il a fait ses classes au c\u00f4t\u00e9 de Daniel H\u00e9raud et au Carnet de route de 1992 \u00e0 2001. Il est fondateur, copropri\u00e9taire et r\u00e9dacteur en chef de L\u2019Annuel de l\u2019automobile, qu\u2019il publie depuis 2001. Il a anim\u00e9 les \u00e9missions RPM et RPM+ sur V et les L\u00e9gendes de la route sur Historia. \u00c0 la radio depuis 1986, il reprend l\u2019antenne cette ann\u00e9e sur les ondes de Cogeco et participe pour la deuxi\u00e8me ann\u00e9e \u00e0 l\u2019\u00e9mission Passion Auto sur RDS en plus de mettre en ligne le site Web officiel de L\u2019Annuel de l\u2019automobile sur annuelauto.ca.","sameAs":["https:\/\/annuelauto.ca\/"],"url":"https:\/\/news.canadamotorjobs.com\/fr\/author\/benoit-charette\/"}]}},"_links":{"self":[{"href":"https:\/\/news.canadamotorjobs.com\/fr\/wp-json\/wp\/v2\/posts\/40241"}],"collection":[{"href":"https:\/\/news.canadamotorjobs.com\/fr\/wp-json\/wp\/v2\/posts"}],"about":[{"href":"https:\/\/news.canadamotorjobs.com\/fr\/wp-json\/wp\/v2\/types\/post"}],"author":[{"embeddable":true,"href":"https:\/\/news.canadamotorjobs.com\/fr\/wp-json\/wp\/v2\/users\/8"}],"replies":[{"embeddable":true,"href":"https:\/\/news.canadamotorjobs.com\/fr\/wp-json\/wp\/v2\/comments?post=40241"}],"version-history":[{"count":0,"href":"https:\/\/news.canadamotorjobs.com\/fr\/wp-json\/wp\/v2\/posts\/40241\/revisions"}],"wp:featuredmedia":[{"embeddable":true,"href":"https:\/\/news.canadamotorjobs.com\/fr\/wp-json\/wp\/v2\/media\/40245"}],"wp:attachment":[{"href":"https:\/\/news.canadamotorjobs.com\/fr\/wp-json\/wp\/v2\/media?parent=40241"}],"wp:term":[{"taxonomy":"category","embeddable":true,"href":"https:\/\/news.canadamotorjobs.com\/fr\/wp-json\/wp\/v2\/categories?post=40241"},{"taxonomy":"post_tag","embeddable":true,"href":"https:\/\/news.canadamotorjobs.com\/fr\/wp-json\/wp\/v2\/tags?post=40241"}],"curies":[{"name":"wp","href":"https:\/\/api.w.org\/{rel}","templated":true}]}}