{"id":40233,"date":"2022-04-28T07:06:07","date_gmt":"2022-04-28T11:06:07","guid":{"rendered":"https:\/\/blog.canadamotorjobs.com\/les-voitures-anciennes-pour-se-rappeler-une-autre-epoque\/"},"modified":"2022-04-28T07:13:57","modified_gmt":"2022-04-28T11:13:57","slug":"les-voitures-anciennes-pour-se-rappeler-une-autre-epoque","status":"publish","type":"post","link":"https:\/\/news.canadamotorjobs.com\/fr\/les-voitures-anciennes-pour-se-rappeler-une-autre-epoque\/","title":{"rendered":"Les voitures anciennes pour se rappeler une autre \u00e9poque"},"content":{"rendered":"<\/p>\n<p>Gerry B\u00e9liveau, 53 ans, r\u00e9sident de Saint-Basile-Le-Grand, a une collection impressionnante de voitures antiques. Pratiquement tous ses projets sont des remises \u00e0 neuf, fa\u00e7on d\u2019accommoder le pass\u00e9 au pr\u00e9sent pour se laisser envahir d\u2019une dose de nostalgie. Tour d\u2019horizon d\u2019une page d\u2019histoire automobile dont Gerry n\u2019a pas l\u2019intention de tourner de sit\u00f4t.<br \/> Chevrelot Chevelle SS 1966<br \/> \u00c9tant jeune, habitant \u00e0 Sainte-Clotilde-de-Horton, situ\u00e9 dans la r\u00e9gion administrative du Centre-du-Qu\u00e9bec, il \u00e9tait fascin\u00e9 par un pilote de Nascar, Marcel Pellerin. Celui-ci demeurait tout pr\u00e8s de chez lui. Son bolide de course (qu\u2019il amenait parfois sur la route) et sa Pontiac Beaumont 1967 ont tout de suite initi\u00e9 le jeune homme de dix ans au domaine des voitures. \u00c0 chaque fois qu\u2019il entendait le moteur gronder, il avait la figure coll\u00e9e \u00e0 la vitre du salon pour voir son h\u00e9ros passer devant chez lui.<\/p>\n<p> 30 ans plus tard, la Beaumont \u00e9tant trop rare, il s\u2019est procur\u00e9 l\u2019\u00e9quivalent am\u00e9ricain pour vivre son r\u00eave de jeunesse, la mythique Chevrolet Chevelle SS. \u00c0 ce moment, il a trouv\u00e9 le num\u00e9ro du pilote de course pour lui demander une faveur bien sp\u00e9ciale\u00a0: restaurer son v\u00e9hicule au grand complet. Marcel, se rappelant vaguement de Gerry, a tout de suite accept\u00e9 ce projet de fou.<\/p>\n<p> \u00ab\u00a0J\u2019ai tellement aim\u00e9 le processus, voir l\u2019auto se d\u00e9manteler et prendre forme tranquillement. Chaque semaine, je lui amenais des pi\u00e8ces pour avancer le tout. J\u2019ai vu l\u2019\u00e9volution compl\u00e8te durant un an.\u00a0\u00bb<br \/> Chevrolet Bel Air 1957<br \/> Ayant ador\u00e9 participer \u00e0 ce projet, Marcel<\/p>\n","protected":false},"excerpt":{"rendered":"<p>Gerry B\u00e9liveau, 53 ans, r\u00e9sident de Saint-Basile-Le-Grand, a une collection impressionnante de voitures antiques. Pratiquement tous ses projets sont des remises \u00e0 neuf, fa\u00e7on d\u2019accommoder le pass\u00e9 au pr\u00e9sent pour se laisser envahir d\u2019une dose de nostalgie. Tour d\u2019horizon d\u2019une page d\u2019histoire automobile dont Gerry n\u2019a pas l\u2019intention de tourner de sit\u00f4t. Chevrelot Chevelle SS [&hellip;]<\/p>\n","protected":false},"author":8,"featured_media":40237,"comment_status":"close","ping_status":"closed","sticky":false,"template":"","format":"standard","meta":{"_monsterinsights_skip_tracking":false,"_monsterinsights_sitenote_active":false,"_monsterinsights_sitenote_note":"","_monsterinsights_sitenote_category":0,"footnotes":""},"categories":[101],"tags":[],"yoast_head":"<!-- This site is optimized with the Yoast SEO plugin v23.2 - https:\/\/yoast.com\/wordpress\/plugins\/seo\/ -->\n<title>Les voitures anciennes pour se rappeler une autre \u00e9poque - CanadaMotorJobs.com<\/title>\n<meta name=\"description\" content=\"Les voitures anciennes pour se rappeler une autre \u00e9poque - Benoit Charette - Annuel automobile - CanadaMotorJobs.com.\" \/>\n<meta name=\"robots\" content=\"index, follow, max-snippet:-1, max-image-preview:large, max-video-preview:-1\" \/>\n<meta property=\"og:locale\" content=\"fr_CA\" \/>\n<meta property=\"og:type\" content=\"article\" \/>\n<meta property=\"og:title\" content=\"Les voitures anciennes pour se rappeler une autre \u00e9poque - CanadaMotorJobs.com\" \/>\n<meta property=\"og:description\" content=\"Les voitures anciennes pour se rappeler une autre \u00e9poque - Benoit Charette - Annuel automobile - CanadaMotorJobs.com.\" \/>\n<meta property=\"og:url\" content=\"https:\/\/news.canadamotorjobs.com\/fr\/les-voitures-anciennes-pour-se-rappeler-une-autre-epoque\/\" \/>\n<meta property=\"og:site_name\" content=\"CanadaMotorJobs.com\" \/>\n<meta property=\"article:publisher\" content=\"https:\/\/www.facebook.com\/canadamotorjobs\/\" \/>\n<meta property=\"article:published_time\" content=\"2022-04-28T11:06:07+00:00\" \/>\n<meta property=\"article:modified_time\" content=\"2022-04-28T11:13:57+00:00\" \/>\n<meta property=\"og:image\" content=\"https:\/\/news.canadamotorjobs.com\/wp-content\/uploads\/2022\/04\/IMG_2122-1.jpeg\" \/>\n\t<meta property=\"og:image:width\" content=\"2048\" \/>\n\t<meta property=\"og:image:height\" content=\"1536\" \/>\n\t<meta property=\"og:image:type\" content=\"image\/jpeg\" \/>\n<meta name=\"author\" content=\"Benoit Charette\" \/>\n<meta name=\"twitter:card\" content=\"summary_large_image\" \/>\n<meta name=\"twitter:creator\" content=\"@canadamotorjobs\" \/>\n<meta name=\"twitter:site\" content=\"@canadamotorjobs\" \/>\n<meta name=\"twitter:label1\" content=\"\u00c9crit par\" \/>\n\t<meta name=\"twitter:data1\" content=\"Benoit Charette\" \/>\n\t<meta name=\"twitter:label2\" content=\"Estimation du temps de lecture\" \/>\n\t<meta name=\"twitter:data2\" content=\"1 minute\" \/>\n<!-- \/ Yoast SEO plugin. -->","yoast_head_json":{"title":"Les voitures anciennes pour se rappeler une autre \u00e9poque - CanadaMotorJobs.com","description":"Les voitures anciennes pour se rappeler une autre \u00e9poque - Benoit Charette - Annuel automobile - CanadaMotorJobs.com.","robots":{"index":"index","follow":"follow","max-snippet":"max-snippet:-1","max-image-preview":"max-image-preview:large","max-video-preview":"max-video-preview:-1"},"og_locale":"fr_CA","og_type":"article","og_title":"Les voitures anciennes pour se rappeler une autre \u00e9poque - CanadaMotorJobs.com","og_description":"Les voitures anciennes pour se rappeler une autre \u00e9poque - Benoit Charette - Annuel automobile - CanadaMotorJobs.com.","og_url":"https:\/\/news.canadamotorjobs.com\/fr\/les-voitures-anciennes-pour-se-rappeler-une-autre-epoque\/","og_site_name":"CanadaMotorJobs.com","article_publisher":"https:\/\/www.facebook.com\/canadamotorjobs\/","article_published_time":"2022-04-28T11:06:07+00:00","article_modified_time":"2022-04-28T11:13:57+00:00","og_image":[{"width":2048,"height":1536,"url":"https:\/\/news.canadamotorjobs.com\/wp-content\/uploads\/2022\/04\/IMG_2122-1.jpeg","type":"image\/jpeg"}],"author":"Benoit Charette","twitter_card":"summary_large_image","twitter_creator":"@canadamotorjobs","twitter_site":"@canadamotorjobs","twitter_misc":{"\u00c9crit par":"Benoit Charette","Estimation du temps de lecture":"1 minute"},"schema":{"@context":"https:\/\/schema.org","@graph":[{"@type":"Article","@id":"https:\/\/news.canadamotorjobs.com\/fr\/les-voitures-anciennes-pour-se-rappeler-une-autre-epoque\/#article","isPartOf":{"@id":"https:\/\/news.canadamotorjobs.com\/fr\/les-voitures-anciennes-pour-se-rappeler-une-autre-epoque\/"},"author":{"name":"Benoit Charette","@id":"https:\/\/news.canadamotorjobs.com\/#\/schema\/person\/51793d1f87d44011d7bcc2ed99269a90"},"headline":"Les voitures anciennes pour se rappeler une autre \u00e9poque","datePublished":"2022-04-28T11:06:07+00:00","dateModified":"2022-04-28T11:13:57+00:00","mainEntityOfPage":{"@id":"https:\/\/news.canadamotorjobs.com\/fr\/les-voitures-anciennes-pour-se-rappeler-une-autre-epoque\/"},"wordCount":279,"publisher":{"@id":"https:\/\/news.canadamotorjobs.com\/#organization"},"image":{"@id":"https:\/\/news.canadamotorjobs.com\/fr\/les-voitures-anciennes-pour-se-rappeler-une-autre-epoque\/#primaryimage"},"thumbnailUrl":"https:\/\/news.canadamotorjobs.com\/wp-content\/uploads\/2022\/04\/IMG_2122-1.jpeg","articleSection":["Annuel automobile"],"inLanguage":"fr-CA"},{"@type":"WebPage","@id":"https:\/\/news.canadamotorjobs.com\/fr\/les-voitures-anciennes-pour-se-rappeler-une-autre-epoque\/","url":"https:\/\/news.canadamotorjobs.com\/fr\/les-voitures-anciennes-pour-se-rappeler-une-autre-epoque\/","name":"Les voitures anciennes pour se rappeler une autre \u00e9poque - CanadaMotorJobs.com","isPartOf":{"@id":"https:\/\/news.canadamotorjobs.com\/#website"},"primaryImageOfPage":{"@id":"https:\/\/news.canadamotorjobs.com\/fr\/les-voitures-anciennes-pour-se-rappeler-une-autre-epoque\/#primaryimage"},"image":{"@id":"https:\/\/news.canadamotorjobs.com\/fr\/les-voitures-anciennes-pour-se-rappeler-une-autre-epoque\/#primaryimage"},"thumbnailUrl":"https:\/\/news.canadamotorjobs.com\/wp-content\/uploads\/2022\/04\/IMG_2122-1.jpeg","datePublished":"2022-04-28T11:06:07+00:00","dateModified":"2022-04-28T11:13:57+00:00","description":"Les voitures anciennes pour se rappeler une autre \u00e9poque - Benoit Charette - Annuel automobile - CanadaMotorJobs.com.","breadcrumb":{"@id":"https:\/\/news.canadamotorjobs.com\/fr\/les-voitures-anciennes-pour-se-rappeler-une-autre-epoque\/#breadcrumb"},"inLanguage":"fr-CA","potentialAction":[{"@type":"ReadAction","target":["https:\/\/news.canadamotorjobs.com\/fr\/les-voitures-anciennes-pour-se-rappeler-une-autre-epoque\/"]}]},{"@type":"ImageObject","inLanguage":"fr-CA","@id":"https:\/\/news.canadamotorjobs.com\/fr\/les-voitures-anciennes-pour-se-rappeler-une-autre-epoque\/#primaryimage","url":"https:\/\/news.canadamotorjobs.com\/wp-content\/uploads\/2022\/04\/IMG_2122-1.jpeg","contentUrl":"https:\/\/news.canadamotorjobs.com\/wp-content\/uploads\/2022\/04\/IMG_2122-1.jpeg","width":2048,"height":1536},{"@type":"BreadcrumbList","@id":"https:\/\/news.canadamotorjobs.com\/fr\/les-voitures-anciennes-pour-se-rappeler-une-autre-epoque\/#breadcrumb","itemListElement":[{"@type":"ListItem","position":1,"name":"Home","item":"https:\/\/news.canadamotorjobs.com\/fr\/blog\/"},{"@type":"ListItem","position":2,"name":"Les voitures anciennes pour se rappeler une autre \u00e9poque"}]},{"@type":"WebSite","@id":"https:\/\/news.canadamotorjobs.com\/#website","url":"https:\/\/news.canadamotorjobs.com\/","name":"CanadaMotorJobs.com","description":"Automotive Jobs","publisher":{"@id":"https:\/\/news.canadamotorjobs.com\/#organization"},"potentialAction":[{"@type":"SearchAction","target":{"@type":"EntryPoint","urlTemplate":"https:\/\/news.canadamotorjobs.com\/?s={search_term_string}"},"query-input":"required name=search_term_string"}],"inLanguage":"fr-CA"},{"@type":"Organization","@id":"https:\/\/news.canadamotorjobs.com\/#organization","name":"Canada Motor Jobs","url":"https:\/\/news.canadamotorjobs.com\/","logo":{"@type":"ImageObject","inLanguage":"fr-CA","@id":"https:\/\/news.canadamotorjobs.com\/#\/schema\/logo\/image\/","url":"https:\/\/news.canadamotorjobs.com\/wp-content\/uploads\/2022\/10\/logo-canada-motor-jobs-1.png","contentUrl":"https:\/\/news.canadamotorjobs.com\/wp-content\/uploads\/2022\/10\/logo-canada-motor-jobs-1.png","width":800,"height":400,"caption":"Canada Motor Jobs"},"image":{"@id":"https:\/\/news.canadamotorjobs.com\/#\/schema\/logo\/image\/"},"sameAs":["https:\/\/www.facebook.com\/canadamotorjobs\/","https:\/\/x.com\/canadamotorjobs","https:\/\/www.instagram.com\/canadamotorjobs\/","https:\/\/www.linkedin.com\/company\/canadamotorjobs"]},{"@type":"Person","@id":"https:\/\/news.canadamotorjobs.com\/#\/schema\/person\/51793d1f87d44011d7bcc2ed99269a90","name":"Benoit Charette","image":{"@type":"ImageObject","inLanguage":"fr-CA","@id":"https:\/\/news.canadamotorjobs.com\/#\/schema\/person\/image\/","url":"https:\/\/secure.gravatar.com\/avatar\/45f3d2eebcccd909668d7ce7ea7267b6?s=96&d=mm&r=g","contentUrl":"https:\/\/secure.gravatar.com\/avatar\/45f3d2eebcccd909668d7ce7ea7267b6?s=96&d=mm&r=g","caption":"Benoit Charette"},"description":"Benoit Charette \/ Propri\u00e9taire et r\u00e9dacteur en chef Benoit Charette pratique le journalisme automobile depuis bient\u00f4t 30 ans. Il a fait ses classes au c\u00f4t\u00e9 de Daniel H\u00e9raud et au Carnet de route de 1992 \u00e0 2001. Il est fondateur, copropri\u00e9taire et r\u00e9dacteur en chef de L\u2019Annuel de l\u2019automobile, qu\u2019il publie depuis 2001. Il a anim\u00e9 les \u00e9missions RPM et RPM+ sur V et les L\u00e9gendes de la route sur Historia. \u00c0 la radio depuis 1986, il reprend l\u2019antenne cette ann\u00e9e sur les ondes de Cogeco et participe pour la deuxi\u00e8me ann\u00e9e \u00e0 l\u2019\u00e9mission Passion Auto sur RDS en plus de mettre en ligne le site Web officiel de L\u2019Annuel de l\u2019automobile sur annuelauto.ca.","sameAs":["https:\/\/annuelauto.ca\/"],"url":"https:\/\/news.canadamotorjobs.com\/fr\/author\/benoit-charette\/"}]}},"_links":{"self":[{"href":"https:\/\/news.canadamotorjobs.com\/fr\/wp-json\/wp\/v2\/posts\/40233"}],"collection":[{"href":"https:\/\/news.canadamotorjobs.com\/fr\/wp-json\/wp\/v2\/posts"}],"about":[{"href":"https:\/\/news.canadamotorjobs.com\/fr\/wp-json\/wp\/v2\/types\/post"}],"author":[{"embeddable":true,"href":"https:\/\/news.canadamotorjobs.com\/fr\/wp-json\/wp\/v2\/users\/8"}],"replies":[{"embeddable":true,"href":"https:\/\/news.canadamotorjobs.com\/fr\/wp-json\/wp\/v2\/comments?post=40233"}],"version-history":[{"count":0,"href":"https:\/\/news.canadamotorjobs.com\/fr\/wp-json\/wp\/v2\/posts\/40233\/revisions"}],"wp:featuredmedia":[{"embeddable":true,"href":"https:\/\/news.canadamotorjobs.com\/fr\/wp-json\/wp\/v2\/media\/40237"}],"wp:attachment":[{"href":"https:\/\/news.canadamotorjobs.com\/fr\/wp-json\/wp\/v2\/media?parent=40233"}],"wp:term":[{"taxonomy":"category","embeddable":true,"href":"https:\/\/news.canadamotorjobs.com\/fr\/wp-json\/wp\/v2\/categories?post=40233"},{"taxonomy":"post_tag","embeddable":true,"href":"https:\/\/news.canadamotorjobs.com\/fr\/wp-json\/wp\/v2\/tags?post=40233"}],"curies":[{"name":"wp","href":"https:\/\/api.w.org\/{rel}","templated":true}]}}