{"id":40225,"date":"2022-04-28T06:39:21","date_gmt":"2022-04-28T10:39:21","guid":{"rendered":"https:\/\/blog.canadamotorjobs.com\/les-modeles-amg-de-la-classe-c-abandonnent-les-v6-et-les-v8\/"},"modified":"2022-04-28T06:44:17","modified_gmt":"2022-04-28T10:44:17","slug":"les-modeles-amg-de-la-classe-c-abandonnent-les-v6-et-les-v8","status":"publish","type":"post","link":"https:\/\/news.canadamotorjobs.com\/fr\/les-modeles-amg-de-la-classe-c-abandonnent-les-v6-et-les-v8\/","title":{"rendered":"Les mod\u00e8les AMG de la classe C abandonnent les V6 et les V8"},"content":{"rendered":"<\/p>\n<p>La Mercedes-AMG C43 verra ses mythiques moteurs \u00eatre remplac\u00e9s par un quatre cylindres de deux litres, au grand d\u00e9plaisir de plusieurs amateurs de la marque.<br \/> <strong>Un mal pour un bien<\/strong><br \/> Toutefois, ce mod\u00e8le sera plus puissant et rapide que son pr\u00e9d\u00e9cesseur. Son moteur est coupl\u00e9 \u00e0 une transmission AMG SPEEDSHIFT et \u00e0 la version AMG de 4MATIC AWD, qui comprend un syst\u00e8me \u00e9lectrique de 48 volts. Il alimente le g\u00e9n\u00e9rateur entra\u00een\u00e9 par courroie. De plus, il propulse le moteur \u00e9lectrique pr\u00e9sent dans le turbo. Son travail consiste entre autres \u00e0 annuler le d\u00e9calage des vitesses pour une meilleure r\u00e9ponse de l&#8217;acc\u00e9l\u00e9rateur.<br \/> <strong>De quoi ravir les sceptiques<\/strong><br \/> La puissance qui en ressort est de 408 chevaux et 369 livres de couple. Dans ces chiffres se trouve une augmentation de 14 chevaux \u00e0 bas r\u00e9gime, fournie par le g\u00e9n\u00e9rateur entra\u00een\u00e9 par courroie. La C43 \u00e9tablit un 0 \u00e0 100 km\/h en 4,6 secondes. Le mod\u00e8le Wagon n&#8217;a besoin que de 0,1 seconde de plus. La vitesse de pointe est limit\u00e9e \u00e9lectroniquement \u00e0 250 km\/h ou, avec l\u2019ensemble conducteur de AMG, elle peut \u00eatre port\u00e9e \u00e0 265 km\/h.<\/p>\n<p> Le prix est encore inconnu \u00e0 ce jour et les livraisons devraient commencer plus tard en 2023. Aussi, le Wagon ne fera malheureusement pas son entr\u00e9e au Canada. De quoi d\u00e9plaire aux admirateurs de voitures \u00e0 hayon.<\/p>\n<p> Avec des renseignements de Motor Illustrated.<\/p>\n<p> &nbsp;<\/p>\n<p> &nbsp;<\/p>\n<p> &nbsp;<\/p>\n<p>Le texte <a rel=\"nofollow\" href=\"https:\/\/annuelauto.ca\/les-modeles-amg-de-la-classe-c-abandonnent-les-v6-et-les-v8\/\">Les mod\u00e8les AMG de la classe C abandonnent les V6 et les V8<\/p>\n<p><\/a><\/p>\n","protected":false},"excerpt":{"rendered":"<p>La Mercedes-AMG C43 verra ses mythiques moteurs \u00eatre remplac\u00e9s par un quatre cylindres de deux litres, au grand d\u00e9plaisir de plusieurs amateurs de la marque. Un mal pour un bien Toutefois, ce mod\u00e8le sera plus puissant et rapide que son pr\u00e9d\u00e9cesseur. Son moteur est coupl\u00e9 \u00e0 une transmission AMG SPEEDSHIFT et \u00e0 la version AMG [&hellip;]<\/p>\n","protected":false},"author":8,"featured_media":40229,"comment_status":"close","ping_status":"closed","sticky":false,"template":"","format":"standard","meta":{"_monsterinsights_skip_tracking":false,"_monsterinsights_sitenote_active":false,"_monsterinsights_sitenote_note":"","_monsterinsights_sitenote_category":0,"footnotes":""},"categories":[101],"tags":[],"yoast_head":"<!-- This site is optimized with the Yoast SEO plugin v23.2 - https:\/\/yoast.com\/wordpress\/plugins\/seo\/ -->\n<title>Les mod\u00e8les AMG de la classe C abandonnent les V6 et les V8 - CanadaMotorJobs.com<\/title>\n<meta name=\"description\" content=\"Les mod\u00e8les AMG de la classe C abandonnent les V6 et les V8 - Benoit Charette - Annuel automobile - CanadaMotorJobs.com.\" \/>\n<meta name=\"robots\" content=\"index, follow, max-snippet:-1, max-image-preview:large, max-video-preview:-1\" \/>\n<meta property=\"og:locale\" content=\"fr_CA\" \/>\n<meta property=\"og:type\" content=\"article\" \/>\n<meta property=\"og:title\" content=\"Les mod\u00e8les AMG de la classe C abandonnent les V6 et les V8 - CanadaMotorJobs.com\" \/>\n<meta property=\"og:description\" content=\"Les mod\u00e8les AMG de la classe C abandonnent les V6 et les V8 - Benoit Charette - Annuel automobile - CanadaMotorJobs.com.\" \/>\n<meta property=\"og:url\" content=\"https:\/\/news.canadamotorjobs.com\/fr\/les-modeles-amg-de-la-classe-c-abandonnent-les-v6-et-les-v8\/\" \/>\n<meta property=\"og:site_name\" content=\"CanadaMotorJobs.com\" \/>\n<meta property=\"article:publisher\" content=\"https:\/\/www.facebook.com\/canadamotorjobs\/\" \/>\n<meta property=\"article:published_time\" content=\"2022-04-28T10:39:21+00:00\" \/>\n<meta property=\"article:modified_time\" content=\"2022-04-28T10:44:17+00:00\" \/>\n<meta property=\"og:image\" content=\"https:\/\/news.canadamotorjobs.com\/wp-content\/uploads\/2022\/04\/99-mercedes-amg-c43-2022-official-reveal-tracking-front-1.jpg\" \/>\n\t<meta property=\"og:image:width\" content=\"1600\" \/>\n\t<meta property=\"og:image:height\" content=\"1066\" \/>\n\t<meta property=\"og:image:type\" content=\"image\/jpeg\" \/>\n<meta name=\"author\" content=\"Benoit Charette\" \/>\n<meta name=\"twitter:card\" content=\"summary_large_image\" \/>\n<meta name=\"twitter:creator\" content=\"@canadamotorjobs\" \/>\n<meta name=\"twitter:site\" content=\"@canadamotorjobs\" \/>\n<meta name=\"twitter:label1\" content=\"\u00c9crit par\" \/>\n\t<meta name=\"twitter:data1\" content=\"Benoit Charette\" \/>\n\t<meta name=\"twitter:label2\" content=\"Estimation du temps de lecture\" \/>\n\t<meta name=\"twitter:data2\" content=\"1 minute\" \/>\n<!-- \/ Yoast SEO plugin. -->","yoast_head_json":{"title":"Les mod\u00e8les AMG de la classe C abandonnent les V6 et les V8 - CanadaMotorJobs.com","description":"Les mod\u00e8les AMG de la classe C abandonnent les V6 et les V8 - Benoit Charette - Annuel automobile - CanadaMotorJobs.com.","robots":{"index":"index","follow":"follow","max-snippet":"max-snippet:-1","max-image-preview":"max-image-preview:large","max-video-preview":"max-video-preview:-1"},"og_locale":"fr_CA","og_type":"article","og_title":"Les mod\u00e8les AMG de la classe C abandonnent les V6 et les V8 - CanadaMotorJobs.com","og_description":"Les mod\u00e8les AMG de la classe C abandonnent les V6 et les V8 - Benoit Charette - Annuel automobile - CanadaMotorJobs.com.","og_url":"https:\/\/news.canadamotorjobs.com\/fr\/les-modeles-amg-de-la-classe-c-abandonnent-les-v6-et-les-v8\/","og_site_name":"CanadaMotorJobs.com","article_publisher":"https:\/\/www.facebook.com\/canadamotorjobs\/","article_published_time":"2022-04-28T10:39:21+00:00","article_modified_time":"2022-04-28T10:44:17+00:00","og_image":[{"width":1600,"height":1066,"url":"https:\/\/news.canadamotorjobs.com\/wp-content\/uploads\/2022\/04\/99-mercedes-amg-c43-2022-official-reveal-tracking-front-1.jpg","type":"image\/jpeg"}],"author":"Benoit Charette","twitter_card":"summary_large_image","twitter_creator":"@canadamotorjobs","twitter_site":"@canadamotorjobs","twitter_misc":{"\u00c9crit par":"Benoit Charette","Estimation du temps de lecture":"1 minute"},"schema":{"@context":"https:\/\/schema.org","@graph":[{"@type":"Article","@id":"https:\/\/news.canadamotorjobs.com\/fr\/les-modeles-amg-de-la-classe-c-abandonnent-les-v6-et-les-v8\/#article","isPartOf":{"@id":"https:\/\/news.canadamotorjobs.com\/fr\/les-modeles-amg-de-la-classe-c-abandonnent-les-v6-et-les-v8\/"},"author":{"name":"Benoit Charette","@id":"https:\/\/news.canadamotorjobs.com\/#\/schema\/person\/51793d1f87d44011d7bcc2ed99269a90"},"headline":"Les mod\u00e8les AMG de la classe C abandonnent les V6 et les V8","datePublished":"2022-04-28T10:39:21+00:00","dateModified":"2022-04-28T10:44:17+00:00","mainEntityOfPage":{"@id":"https:\/\/news.canadamotorjobs.com\/fr\/les-modeles-amg-de-la-classe-c-abandonnent-les-v6-et-les-v8\/"},"wordCount":270,"publisher":{"@id":"https:\/\/news.canadamotorjobs.com\/#organization"},"image":{"@id":"https:\/\/news.canadamotorjobs.com\/fr\/les-modeles-amg-de-la-classe-c-abandonnent-les-v6-et-les-v8\/#primaryimage"},"thumbnailUrl":"https:\/\/news.canadamotorjobs.com\/wp-content\/uploads\/2022\/04\/99-mercedes-amg-c43-2022-official-reveal-tracking-front-1.jpg","articleSection":["Annuel automobile"],"inLanguage":"fr-CA"},{"@type":"WebPage","@id":"https:\/\/news.canadamotorjobs.com\/fr\/les-modeles-amg-de-la-classe-c-abandonnent-les-v6-et-les-v8\/","url":"https:\/\/news.canadamotorjobs.com\/fr\/les-modeles-amg-de-la-classe-c-abandonnent-les-v6-et-les-v8\/","name":"Les mod\u00e8les AMG de la classe C abandonnent les V6 et les V8 - CanadaMotorJobs.com","isPartOf":{"@id":"https:\/\/news.canadamotorjobs.com\/#website"},"primaryImageOfPage":{"@id":"https:\/\/news.canadamotorjobs.com\/fr\/les-modeles-amg-de-la-classe-c-abandonnent-les-v6-et-les-v8\/#primaryimage"},"image":{"@id":"https:\/\/news.canadamotorjobs.com\/fr\/les-modeles-amg-de-la-classe-c-abandonnent-les-v6-et-les-v8\/#primaryimage"},"thumbnailUrl":"https:\/\/news.canadamotorjobs.com\/wp-content\/uploads\/2022\/04\/99-mercedes-amg-c43-2022-official-reveal-tracking-front-1.jpg","datePublished":"2022-04-28T10:39:21+00:00","dateModified":"2022-04-28T10:44:17+00:00","description":"Les mod\u00e8les AMG de la classe C abandonnent les V6 et les V8 - Benoit Charette - Annuel automobile - CanadaMotorJobs.com.","breadcrumb":{"@id":"https:\/\/news.canadamotorjobs.com\/fr\/les-modeles-amg-de-la-classe-c-abandonnent-les-v6-et-les-v8\/#breadcrumb"},"inLanguage":"fr-CA","potentialAction":[{"@type":"ReadAction","target":["https:\/\/news.canadamotorjobs.com\/fr\/les-modeles-amg-de-la-classe-c-abandonnent-les-v6-et-les-v8\/"]}]},{"@type":"ImageObject","inLanguage":"fr-CA","@id":"https:\/\/news.canadamotorjobs.com\/fr\/les-modeles-amg-de-la-classe-c-abandonnent-les-v6-et-les-v8\/#primaryimage","url":"https:\/\/news.canadamotorjobs.com\/wp-content\/uploads\/2022\/04\/99-mercedes-amg-c43-2022-official-reveal-tracking-front-1.jpg","contentUrl":"https:\/\/news.canadamotorjobs.com\/wp-content\/uploads\/2022\/04\/99-mercedes-amg-c43-2022-official-reveal-tracking-front-1.jpg","width":1600,"height":1066},{"@type":"BreadcrumbList","@id":"https:\/\/news.canadamotorjobs.com\/fr\/les-modeles-amg-de-la-classe-c-abandonnent-les-v6-et-les-v8\/#breadcrumb","itemListElement":[{"@type":"ListItem","position":1,"name":"Home","item":"https:\/\/news.canadamotorjobs.com\/fr\/blog\/"},{"@type":"ListItem","position":2,"name":"Les mod\u00e8les AMG de la classe C abandonnent les V6 et les V8"}]},{"@type":"WebSite","@id":"https:\/\/news.canadamotorjobs.com\/#website","url":"https:\/\/news.canadamotorjobs.com\/","name":"CanadaMotorJobs.com","description":"Automotive Jobs","publisher":{"@id":"https:\/\/news.canadamotorjobs.com\/#organization"},"potentialAction":[{"@type":"SearchAction","target":{"@type":"EntryPoint","urlTemplate":"https:\/\/news.canadamotorjobs.com\/?s={search_term_string}"},"query-input":"required name=search_term_string"}],"inLanguage":"fr-CA"},{"@type":"Organization","@id":"https:\/\/news.canadamotorjobs.com\/#organization","name":"Canada Motor Jobs","url":"https:\/\/news.canadamotorjobs.com\/","logo":{"@type":"ImageObject","inLanguage":"fr-CA","@id":"https:\/\/news.canadamotorjobs.com\/#\/schema\/logo\/image\/","url":"https:\/\/news.canadamotorjobs.com\/wp-content\/uploads\/2022\/10\/logo-canada-motor-jobs-1.png","contentUrl":"https:\/\/news.canadamotorjobs.com\/wp-content\/uploads\/2022\/10\/logo-canada-motor-jobs-1.png","width":800,"height":400,"caption":"Canada Motor Jobs"},"image":{"@id":"https:\/\/news.canadamotorjobs.com\/#\/schema\/logo\/image\/"},"sameAs":["https:\/\/www.facebook.com\/canadamotorjobs\/","https:\/\/x.com\/canadamotorjobs","https:\/\/www.instagram.com\/canadamotorjobs\/","https:\/\/www.linkedin.com\/company\/canadamotorjobs"]},{"@type":"Person","@id":"https:\/\/news.canadamotorjobs.com\/#\/schema\/person\/51793d1f87d44011d7bcc2ed99269a90","name":"Benoit Charette","image":{"@type":"ImageObject","inLanguage":"fr-CA","@id":"https:\/\/news.canadamotorjobs.com\/#\/schema\/person\/image\/","url":"https:\/\/secure.gravatar.com\/avatar\/45f3d2eebcccd909668d7ce7ea7267b6?s=96&d=mm&r=g","contentUrl":"https:\/\/secure.gravatar.com\/avatar\/45f3d2eebcccd909668d7ce7ea7267b6?s=96&d=mm&r=g","caption":"Benoit Charette"},"description":"Benoit Charette \/ Propri\u00e9taire et r\u00e9dacteur en chef Benoit Charette pratique le journalisme automobile depuis bient\u00f4t 30 ans. Il a fait ses classes au c\u00f4t\u00e9 de Daniel H\u00e9raud et au Carnet de route de 1992 \u00e0 2001. Il est fondateur, copropri\u00e9taire et r\u00e9dacteur en chef de L\u2019Annuel de l\u2019automobile, qu\u2019il publie depuis 2001. Il a anim\u00e9 les \u00e9missions RPM et RPM+ sur V et les L\u00e9gendes de la route sur Historia. \u00c0 la radio depuis 1986, il reprend l\u2019antenne cette ann\u00e9e sur les ondes de Cogeco et participe pour la deuxi\u00e8me ann\u00e9e \u00e0 l\u2019\u00e9mission Passion Auto sur RDS en plus de mettre en ligne le site Web officiel de L\u2019Annuel de l\u2019automobile sur annuelauto.ca.","sameAs":["https:\/\/annuelauto.ca\/"],"url":"https:\/\/news.canadamotorjobs.com\/fr\/author\/benoit-charette\/"}]}},"_links":{"self":[{"href":"https:\/\/news.canadamotorjobs.com\/fr\/wp-json\/wp\/v2\/posts\/40225"}],"collection":[{"href":"https:\/\/news.canadamotorjobs.com\/fr\/wp-json\/wp\/v2\/posts"}],"about":[{"href":"https:\/\/news.canadamotorjobs.com\/fr\/wp-json\/wp\/v2\/types\/post"}],"author":[{"embeddable":true,"href":"https:\/\/news.canadamotorjobs.com\/fr\/wp-json\/wp\/v2\/users\/8"}],"replies":[{"embeddable":true,"href":"https:\/\/news.canadamotorjobs.com\/fr\/wp-json\/wp\/v2\/comments?post=40225"}],"version-history":[{"count":0,"href":"https:\/\/news.canadamotorjobs.com\/fr\/wp-json\/wp\/v2\/posts\/40225\/revisions"}],"wp:featuredmedia":[{"embeddable":true,"href":"https:\/\/news.canadamotorjobs.com\/fr\/wp-json\/wp\/v2\/media\/40229"}],"wp:attachment":[{"href":"https:\/\/news.canadamotorjobs.com\/fr\/wp-json\/wp\/v2\/media?parent=40225"}],"wp:term":[{"taxonomy":"category","embeddable":true,"href":"https:\/\/news.canadamotorjobs.com\/fr\/wp-json\/wp\/v2\/categories?post=40225"},{"taxonomy":"post_tag","embeddable":true,"href":"https:\/\/news.canadamotorjobs.com\/fr\/wp-json\/wp\/v2\/tags?post=40225"}],"curies":[{"name":"wp","href":"https:\/\/api.w.org\/{rel}","templated":true}]}}